{"id":378234,"date":"2026-04-27T16:13:13","date_gmt":"2026-04-27T14:13:13","guid":{"rendered":"https:\/\/radiociutat.com\/programes-podcast\/la-furgo-tarragona-jove-celebra-cuatro-decadas-de-actividad\/"},"modified":"2026-04-27T16:13:13","modified_gmt":"2026-04-27T14:13:13","slug":"la-furgo-tarragona-jove-celebra-cuatro-decadas-de-actividad","status":"publish","type":"post","link":"https:\/\/radiociutat.com\/es\/carrer-major-tarragona-secciones\/carrermajor-la-furgo\/la-furgo-tarragona-jove-celebra-cuatro-decadas-de-actividad\/","title":{"rendered":"La Furgo | Tarragona Jove celebra cuatro d\u00e9cadas de actividad"},"content":{"rendered":"\n<p>Hoy en La Furgo de #CarrerMajor nos sumamos a una celebraci\u00f3n muy especial: los 40 a\u00f1os de pol\u00edticas de juventud en Tarragona. Desde este contexto festivo y reivindicativo, nos trasladamos para hablar con el concejal de Juventud del Ayuntamiento de Tarragona, Guillermo Garc\u00eda de Castro, con quien hacemos un repaso a cuatro d\u00e9cadas de iniciativas pensadas para los j\u00f3venes de la ciudad.<\/p>\n\n\n\n<p>Desde los a\u00f1os 80, con las primeras semanas de la juventud, hasta la actualidad, Tarragona ha ido consolidando un modelo de participaci\u00f3n y dinamizaci\u00f3n juvenil que no ha dejado de crecer. Lo que comenz\u00f3 con unas pocas actividades se ha convertido hoy en una programaci\u00f3n amplia y diversa, que este verano ofrece hasta 115 propuestas y m\u00e1s de 3.200 plazas. Talleres, m\u00fasica, ciencia, cultura urbana o actividades vinculadas a eventos como el eclipse o el Tour de Francia forman parte de una oferta pensada para llegar a todos los perfiles.<\/p>\n\n\n\n<p>Uno de los elementos clave de este modelo es la accesibilidad y la igualdad de oportunidades. Las actividades est\u00e1n dise\u00f1adas para que cualquier joven pueda participar, independientemente de su situaci\u00f3n econ\u00f3mica o social. Adem\u00e1s, la implicaci\u00f3n directa de los j\u00f3venes y de las entidades en la creaci\u00f3n de la programaci\u00f3n es fundamental para entender el \u00e9xito y la continuidad del proyecto.<\/p>\n\n\n\n<p>Durante la entrevista tambi\u00e9n se ponen sobre la mesa algunas de las novedades de este verano, como la Korean Vibes Week o actividades innovadoras como carreras con pedales en el agua. Todo ello, una muestra de una ciudad viva, que apuesta por el talento joven y por ofrecer espacios de crecimiento, ocio y cultura.<\/p>\n\n\n\n<p>Las inscripciones para el Verano Joven se abrir\u00e1n el 30 de abril a trav\u00e9s de la web tarragonajove.org, as\u00ed como presencialmente en los equipamientos juveniles. Una oportunidad m\u00e1s para seguir construyendo, entre todos, una Tarragona pensada tambi\u00e9n para sus j\u00f3venes.<\/p>\n","protected":false},"excerpt":{"rendered":"<p>Hoy en La Furgo de #CarrerMajor nos sumamos a una celebraci\u00f3n muy especial: los 40 a\u00f1os de pol\u00edticas de juventud en Tarragona. Desde este contexto festivo y reivindicativo, nos trasladamos para hablar con el concejal de Juventud del Ayuntamiento de Tarragona, Guillermo Garc\u00eda de Castro, con quien hacemos un repaso a cuatro d\u00e9cadas de iniciativas [&hellip;]<\/p>\n","protected":false},"author":84,"featured_media":378232,"comment_status":"closed","ping_status":"closed","sticky":false,"template":"","format":"standard","meta":{"footnotes":""},"categories":[13711],"tags":[13712,19],"class_list":["post-378234","post","type-post","status-publish","format-standard","has-post-thumbnail","hentry","category-carrermajor-la-furgo","tag-la-furgo-2","tag-tarragona"],"yoast_head":"<!-- This site is optimized with the Yoast SEO Premium plugin v27.4 (Yoast SEO v27.4) - https:\/\/yoast.com\/product\/yoast-seo-premium-wordpress\/ -->\n<title>La Furgo | Tarragona Jove celebra cuatro d\u00e9cadas de actividad - R\u00e0dio Ciutat de Tarragona<\/title>\n<meta name=\"robots\" content=\"index, follow, max-snippet:-1, max-image-preview:large, max-video-preview:-1\" \/>\n<link rel=\"canonical\" href=\"https:\/\/radiociutat.com\/es\/carrer-major-tarragona-secciones\/carrermajor-la-furgo\/la-furgo-tarragona-jove-celebra-cuatro-decadas-de-actividad\/\" \/>\n<meta property=\"og:locale\" content=\"es_ES\" \/>\n<meta property=\"og:type\" content=\"article\" \/>\n<meta property=\"og:title\" content=\"La Furgo | Tarragona Jove celebra cuatro d\u00e9cadas de actividad\" \/>\n<meta property=\"og:description\" content=\"Hoy en La Furgo de #CarrerMajor nos sumamos a una celebraci\u00f3n muy especial: los 40 a\u00f1os de pol\u00edticas de juventud en Tarragona. Desde este contexto festivo y reivindicativo, nos trasladamos para hablar con el concejal de Juventud del Ayuntamiento de Tarragona, Guillermo Garc\u00eda de Castro, con quien hacemos un repaso a cuatro d\u00e9cadas de iniciativas [&hellip;]\" \/>\n<meta property=\"og:url\" content=\"https:\/\/radiociutat.com\/es\/carrer-major-tarragona-secciones\/carrermajor-la-furgo\/la-furgo-tarragona-jove-celebra-cuatro-decadas-de-actividad\/\" \/>\n<meta property=\"og:site_name\" content=\"R\u00e0dio Ciutat de Tarragona\" \/>\n<meta property=\"article:publisher\" content=\"https:\/\/www.facebook.com\/rctgn\" \/>\n<meta property=\"article:published_time\" content=\"2026-04-27T14:13:13+00:00\" \/>\n<meta property=\"og:image\" content=\"https:\/\/files.radiociutat.com\/rctgn\/wp-content\/uploads\/2021\/03\/LOGO-RCTGN-RADIO-CIUTAT-DE-TARRAGONA-TRANSPARENTE-TARRAGONA-2020-3000X3000-Redes1-copia.png\" \/>\n\t<meta property=\"og:image:width\" content=\"3000\" \/>\n\t<meta property=\"og:image:height\" content=\"3000\" \/>\n\t<meta property=\"og:image:type\" content=\"image\/png\" \/>\n<meta name=\"author\" content=\"Adri\u00e0 Duch\" \/>\n<meta name=\"twitter:card\" content=\"summary_large_image\" \/>\n<meta name=\"twitter:creator\" content=\"@RCTgn\" \/>\n<meta name=\"twitter:site\" content=\"@RCTgn\" \/>\n<meta name=\"twitter:label1\" content=\"Escrito por\" \/>\n\t<meta name=\"twitter:data1\" content=\"Adri\u00e0 Duch\" \/>\n\t<meta name=\"twitter:label2\" content=\"Tiempo de lectura\" \/>\n\t<meta name=\"twitter:data2\" content=\"2 minutos\" \/>\n<script type=\"application\/ld+json\" class=\"yoast-schema-graph\">{\"@context\":\"https:\\\/\\\/schema.org\",\"@graph\":[{\"@type\":\"Article\",\"@id\":\"https:\\\/\\\/radiociutat.com\\\/es\\\/carrer-major-tarragona-secciones\\\/carrermajor-la-furgo\\\/la-furgo-tarragona-jove-celebra-cuatro-decadas-de-actividad\\\/#article\",\"isPartOf\":{\"@id\":\"https:\\\/\\\/radiociutat.com\\\/es\\\/carrer-major-tarragona-secciones\\\/carrermajor-la-furgo\\\/la-furgo-tarragona-jove-celebra-cuatro-decadas-de-actividad\\\/\"},\"author\":{\"name\":\"Adri\u00e0 Duch\",\"@id\":\"https:\\\/\\\/radiociutat.com\\\/es\\\/#\\\/schema\\\/person\\\/daeecbc4942e3432e8d8b8663bf7d714\"},\"headline\":\"La Furgo | Tarragona Jove celebra cuatro d\u00e9cadas de actividad\",\"datePublished\":\"2026-04-27T14:13:13+00:00\",\"mainEntityOfPage\":{\"@id\":\"https:\\\/\\\/radiociutat.com\\\/es\\\/carrer-major-tarragona-secciones\\\/carrermajor-la-furgo\\\/la-furgo-tarragona-jove-celebra-cuatro-decadas-de-actividad\\\/\"},\"wordCount\":340,\"image\":{\"@id\":\"https:\\\/\\\/radiociutat.com\\\/es\\\/carrer-major-tarragona-secciones\\\/carrermajor-la-furgo\\\/la-furgo-tarragona-jove-celebra-cuatro-decadas-de-actividad\\\/#primaryimage\"},\"thumbnailUrl\":\"https:\\\/\\\/files.radiociutat.com\\\/rctgn\\\/wp-content\\\/uploads\\\/2026\\\/04\\\/Furgo-40-anys-tgn-JOve.jpeg\",\"keywords\":[\"La Furgo\",\"Tarragona\"],\"articleSection\":[\"#CarrerMajor La Furgo\"],\"inLanguage\":\"es\"},{\"@type\":\"WebPage\",\"@id\":\"https:\\\/\\\/radiociutat.com\\\/es\\\/carrer-major-tarragona-secciones\\\/carrermajor-la-furgo\\\/la-furgo-tarragona-jove-celebra-cuatro-decadas-de-actividad\\\/\",\"url\":\"https:\\\/\\\/radiociutat.com\\\/es\\\/carrer-major-tarragona-secciones\\\/carrermajor-la-furgo\\\/la-furgo-tarragona-jove-celebra-cuatro-decadas-de-actividad\\\/\",\"name\":\"La Furgo | Tarragona Jove celebra cuatro d\u00e9cadas de actividad - R\u00e0dio Ciutat de Tarragona\",\"isPartOf\":{\"@id\":\"https:\\\/\\\/radiociutat.com\\\/es\\\/#website\"},\"primaryImageOfPage\":{\"@id\":\"https:\\\/\\\/radiociutat.com\\\/es\\\/carrer-major-tarragona-secciones\\\/carrermajor-la-furgo\\\/la-furgo-tarragona-jove-celebra-cuatro-decadas-de-actividad\\\/#primaryimage\"},\"image\":{\"@id\":\"https:\\\/\\\/radiociutat.com\\\/es\\\/carrer-major-tarragona-secciones\\\/carrermajor-la-furgo\\\/la-furgo-tarragona-jove-celebra-cuatro-decadas-de-actividad\\\/#primaryimage\"},\"thumbnailUrl\":\"https:\\\/\\\/files.radiociutat.com\\\/rctgn\\\/wp-content\\\/uploads\\\/2026\\\/04\\\/Furgo-40-anys-tgn-JOve.jpeg\",\"datePublished\":\"2026-04-27T14:13:13+00:00\",\"author\":{\"@id\":\"https:\\\/\\\/radiociutat.com\\\/es\\\/#\\\/schema\\\/person\\\/daeecbc4942e3432e8d8b8663bf7d714\"},\"breadcrumb\":{\"@id\":\"https:\\\/\\\/radiociutat.com\\\/es\\\/carrer-major-tarragona-secciones\\\/carrermajor-la-furgo\\\/la-furgo-tarragona-jove-celebra-cuatro-decadas-de-actividad\\\/#breadcrumb\"},\"inLanguage\":\"es\",\"potentialAction\":[{\"@type\":\"ReadAction\",\"target\":[\"https:\\\/\\\/radiociutat.com\\\/es\\\/carrer-major-tarragona-secciones\\\/carrermajor-la-furgo\\\/la-furgo-tarragona-jove-celebra-cuatro-decadas-de-actividad\\\/\"]}]},{\"@type\":\"ImageObject\",\"inLanguage\":\"es\",\"@id\":\"https:\\\/\\\/radiociutat.com\\\/es\\\/carrer-major-tarragona-secciones\\\/carrermajor-la-furgo\\\/la-furgo-tarragona-jove-celebra-cuatro-decadas-de-actividad\\\/#primaryimage\",\"url\":\"https:\\\/\\\/files.radiociutat.com\\\/rctgn\\\/wp-content\\\/uploads\\\/2026\\\/04\\\/Furgo-40-anys-tgn-JOve.jpeg\",\"contentUrl\":\"https:\\\/\\\/files.radiociutat.com\\\/rctgn\\\/wp-content\\\/uploads\\\/2026\\\/04\\\/Furgo-40-anys-tgn-JOve.jpeg\",\"width\":1600,\"height\":908},{\"@type\":\"BreadcrumbList\",\"@id\":\"https:\\\/\\\/radiociutat.com\\\/es\\\/carrer-major-tarragona-secciones\\\/carrermajor-la-furgo\\\/la-furgo-tarragona-jove-celebra-cuatro-decadas-de-actividad\\\/#breadcrumb\",\"itemListElement\":[{\"@type\":\"ListItem\",\"position\":1,\"name\":\"Inici\",\"item\":\"https:\\\/\\\/radiociutat.com\\\/es\\\/\"},{\"@type\":\"ListItem\",\"position\":2,\"name\":\"La Furgo | Tarragona Jove celebra cuatro d\u00e9cadas de actividad\"}]},{\"@type\":\"WebSite\",\"@id\":\"https:\\\/\\\/radiociutat.com\\\/es\\\/#website\",\"url\":\"https:\\\/\\\/radiociutat.com\\\/es\\\/\",\"name\":\"R\u00e0dio Ciutat de Tarragona\",\"description\":\"R\u00e0dio Ciutat de Tarragona - RCTgn.cat R\u00e0dio Online\",\"potentialAction\":[{\"@type\":\"SearchAction\",\"target\":{\"@type\":\"EntryPoint\",\"urlTemplate\":\"https:\\\/\\\/radiociutat.com\\\/es\\\/?s={search_term_string}\"},\"query-input\":{\"@type\":\"PropertyValueSpecification\",\"valueRequired\":true,\"valueName\":\"search_term_string\"}}],\"inLanguage\":\"es\"},{\"@type\":\"Person\",\"@id\":\"https:\\\/\\\/radiociutat.com\\\/es\\\/#\\\/schema\\\/person\\\/daeecbc4942e3432e8d8b8663bf7d714\",\"name\":\"Adri\u00e0 Duch\",\"sameAs\":[\"https:\\\/\\\/radiociutat.com\\\/wp-content\\\/uploads\\\/2024\\\/02\\\/ADRIA-DUCH.png\"],\"url\":\"https:\\\/\\\/radiociutat.com\\\/es\\\/author\\\/adria-duch\\\/\"}]}<\/script>\n<!-- \/ Yoast SEO Premium plugin. -->","yoast_head_json":{"title":"La Furgo | Tarragona Jove celebra cuatro d\u00e9cadas de actividad - R\u00e0dio Ciutat de Tarragona","robots":{"index":"index","follow":"follow","max-snippet":"max-snippet:-1","max-image-preview":"max-image-preview:large","max-video-preview":"max-video-preview:-1"},"canonical":"https:\/\/radiociutat.com\/es\/carrer-major-tarragona-secciones\/carrermajor-la-furgo\/la-furgo-tarragona-jove-celebra-cuatro-decadas-de-actividad\/","og_locale":"es_ES","og_type":"article","og_title":"La Furgo | Tarragona Jove celebra cuatro d\u00e9cadas de actividad","og_description":"Hoy en La Furgo de #CarrerMajor nos sumamos a una celebraci\u00f3n muy especial: los 40 a\u00f1os de pol\u00edticas de juventud en Tarragona. Desde este contexto festivo y reivindicativo, nos trasladamos para hablar con el concejal de Juventud del Ayuntamiento de Tarragona, Guillermo Garc\u00eda de Castro, con quien hacemos un repaso a cuatro d\u00e9cadas de iniciativas [&hellip;]","og_url":"https:\/\/radiociutat.com\/es\/carrer-major-tarragona-secciones\/carrermajor-la-furgo\/la-furgo-tarragona-jove-celebra-cuatro-decadas-de-actividad\/","og_site_name":"R\u00e0dio Ciutat de Tarragona","article_publisher":"https:\/\/www.facebook.com\/rctgn","article_published_time":"2026-04-27T14:13:13+00:00","og_image":[{"width":3000,"height":3000,"url":"https:\/\/files.radiociutat.com\/rctgn\/wp-content\/uploads\/2021\/03\/LOGO-RCTGN-RADIO-CIUTAT-DE-TARRAGONA-TRANSPARENTE-TARRAGONA-2020-3000X3000-Redes1-copia.png","type":"image\/png"}],"author":"Adri\u00e0 Duch","twitter_card":"summary_large_image","twitter_creator":"@RCTgn","twitter_site":"@RCTgn","twitter_misc":{"Escrito por":"Adri\u00e0 Duch","Tiempo de lectura":"2 minutos"},"schema":{"@context":"https:\/\/schema.org","@graph":[{"@type":"Article","@id":"https:\/\/radiociutat.com\/es\/carrer-major-tarragona-secciones\/carrermajor-la-furgo\/la-furgo-tarragona-jove-celebra-cuatro-decadas-de-actividad\/#article","isPartOf":{"@id":"https:\/\/radiociutat.com\/es\/carrer-major-tarragona-secciones\/carrermajor-la-furgo\/la-furgo-tarragona-jove-celebra-cuatro-decadas-de-actividad\/"},"author":{"name":"Adri\u00e0 Duch","@id":"https:\/\/radiociutat.com\/es\/#\/schema\/person\/daeecbc4942e3432e8d8b8663bf7d714"},"headline":"La Furgo | Tarragona Jove celebra cuatro d\u00e9cadas de actividad","datePublished":"2026-04-27T14:13:13+00:00","mainEntityOfPage":{"@id":"https:\/\/radiociutat.com\/es\/carrer-major-tarragona-secciones\/carrermajor-la-furgo\/la-furgo-tarragona-jove-celebra-cuatro-decadas-de-actividad\/"},"wordCount":340,"image":{"@id":"https:\/\/radiociutat.com\/es\/carrer-major-tarragona-secciones\/carrermajor-la-furgo\/la-furgo-tarragona-jove-celebra-cuatro-decadas-de-actividad\/#primaryimage"},"thumbnailUrl":"https:\/\/files.radiociutat.com\/rctgn\/wp-content\/uploads\/2026\/04\/Furgo-40-anys-tgn-JOve.jpeg","keywords":["La Furgo","Tarragona"],"articleSection":["#CarrerMajor La Furgo"],"inLanguage":"es"},{"@type":"WebPage","@id":"https:\/\/radiociutat.com\/es\/carrer-major-tarragona-secciones\/carrermajor-la-furgo\/la-furgo-tarragona-jove-celebra-cuatro-decadas-de-actividad\/","url":"https:\/\/radiociutat.com\/es\/carrer-major-tarragona-secciones\/carrermajor-la-furgo\/la-furgo-tarragona-jove-celebra-cuatro-decadas-de-actividad\/","name":"La Furgo | Tarragona Jove celebra cuatro d\u00e9cadas de actividad - R\u00e0dio Ciutat de Tarragona","isPartOf":{"@id":"https:\/\/radiociutat.com\/es\/#website"},"primaryImageOfPage":{"@id":"https:\/\/radiociutat.com\/es\/carrer-major-tarragona-secciones\/carrermajor-la-furgo\/la-furgo-tarragona-jove-celebra-cuatro-decadas-de-actividad\/#primaryimage"},"image":{"@id":"https:\/\/radiociutat.com\/es\/carrer-major-tarragona-secciones\/carrermajor-la-furgo\/la-furgo-tarragona-jove-celebra-cuatro-decadas-de-actividad\/#primaryimage"},"thumbnailUrl":"https:\/\/files.radiociutat.com\/rctgn\/wp-content\/uploads\/2026\/04\/Furgo-40-anys-tgn-JOve.jpeg","datePublished":"2026-04-27T14:13:13+00:00","author":{"@id":"https:\/\/radiociutat.com\/es\/#\/schema\/person\/daeecbc4942e3432e8d8b8663bf7d714"},"breadcrumb":{"@id":"https:\/\/radiociutat.com\/es\/carrer-major-tarragona-secciones\/carrermajor-la-furgo\/la-furgo-tarragona-jove-celebra-cuatro-decadas-de-actividad\/#breadcrumb"},"inLanguage":"es","potentialAction":[{"@type":"ReadAction","target":["https:\/\/radiociutat.com\/es\/carrer-major-tarragona-secciones\/carrermajor-la-furgo\/la-furgo-tarragona-jove-celebra-cuatro-decadas-de-actividad\/"]}]},{"@type":"ImageObject","inLanguage":"es","@id":"https:\/\/radiociutat.com\/es\/carrer-major-tarragona-secciones\/carrermajor-la-furgo\/la-furgo-tarragona-jove-celebra-cuatro-decadas-de-actividad\/#primaryimage","url":"https:\/\/files.radiociutat.com\/rctgn\/wp-content\/uploads\/2026\/04\/Furgo-40-anys-tgn-JOve.jpeg","contentUrl":"https:\/\/files.radiociutat.com\/rctgn\/wp-content\/uploads\/2026\/04\/Furgo-40-anys-tgn-JOve.jpeg","width":1600,"height":908},{"@type":"BreadcrumbList","@id":"https:\/\/radiociutat.com\/es\/carrer-major-tarragona-secciones\/carrermajor-la-furgo\/la-furgo-tarragona-jove-celebra-cuatro-decadas-de-actividad\/#breadcrumb","itemListElement":[{"@type":"ListItem","position":1,"name":"Inici","item":"https:\/\/radiociutat.com\/es\/"},{"@type":"ListItem","position":2,"name":"La Furgo | Tarragona Jove celebra cuatro d\u00e9cadas de actividad"}]},{"@type":"WebSite","@id":"https:\/\/radiociutat.com\/es\/#website","url":"https:\/\/radiociutat.com\/es\/","name":"R\u00e0dio Ciutat de Tarragona","description":"R\u00e0dio Ciutat de Tarragona - RCTgn.cat R\u00e0dio Online","potentialAction":[{"@type":"SearchAction","target":{"@type":"EntryPoint","urlTemplate":"https:\/\/radiociutat.com\/es\/?s={search_term_string}"},"query-input":{"@type":"PropertyValueSpecification","valueRequired":true,"valueName":"search_term_string"}}],"inLanguage":"es"},{"@type":"Person","@id":"https:\/\/radiociutat.com\/es\/#\/schema\/person\/daeecbc4942e3432e8d8b8663bf7d714","name":"Adri\u00e0 Duch","sameAs":["https:\/\/radiociutat.com\/wp-content\/uploads\/2024\/02\/ADRIA-DUCH.png"],"url":"https:\/\/radiociutat.com\/es\/author\/adria-duch\/"}]}},"_links":{"self":[{"href":"https:\/\/radiociutat.com\/es\/wp-json\/wp\/v2\/posts\/378234","targetHints":{"allow":["GET"]}}],"collection":[{"href":"https:\/\/radiociutat.com\/es\/wp-json\/wp\/v2\/posts"}],"about":[{"href":"https:\/\/radiociutat.com\/es\/wp-json\/wp\/v2\/types\/post"}],"author":[{"embeddable":true,"href":"https:\/\/radiociutat.com\/es\/wp-json\/wp\/v2\/users\/84"}],"replies":[{"embeddable":true,"href":"https:\/\/radiociutat.com\/es\/wp-json\/wp\/v2\/comments?post=378234"}],"version-history":[{"count":0,"href":"https:\/\/radiociutat.com\/es\/wp-json\/wp\/v2\/posts\/378234\/revisions"}],"wp:featuredmedia":[{"embeddable":true,"href":"https:\/\/radiociutat.com\/es\/wp-json\/wp\/v2\/media\/378232"}],"wp:attachment":[{"href":"https:\/\/radiociutat.com\/es\/wp-json\/wp\/v2\/media?parent=378234"}],"wp:term":[{"taxonomy":"category","embeddable":true,"href":"https:\/\/radiociutat.com\/es\/wp-json\/wp\/v2\/categories?post=378234"},{"taxonomy":"post_tag","embeddable":true,"href":"https:\/\/radiociutat.com\/es\/wp-json\/wp\/v2\/tags?post=378234"}],"curies":[{"name":"wp","href":"https:\/\/api.w.org\/{rel}","templated":true}]}}