{"id":378221,"date":"2026-04-27T14:18:26","date_gmt":"2026-04-27T12:18:26","guid":{"rendered":"https:\/\/radiociutat.com\/programes-podcast\/la-diputacion-coloca-barreras-de-proteccion-en-diversas-carreteras-del-territorio\/"},"modified":"2026-04-27T14:18:26","modified_gmt":"2026-04-27T12:18:26","slug":"la-diputacion-coloca-barreras-de-proteccion-en-diversas-carreteras-del-territorio","status":"publish","type":"post","link":"https:\/\/radiociutat.com\/es\/provincia-de-tarragona\/la-diputacion-coloca-barreras-de-proteccion-en-diversas-carreteras-del-territorio\/","title":{"rendered":"La Diputaci\u00f3n coloca barreras de protecci\u00f3n en diversas carreteras del territorio"},"content":{"rendered":"<p>La Diputaci\u00f3n de Tarragona ha puesto en marcha un proyecto para reforzar la seguridad en diversas carreteras de la demarcaci\u00f3n, con una inversi\u00f3n total de 1,3 millones de euros. La actuaci\u00f3n se centra principalmente en la instalaci\u00f3n de nuevas barreras de protecci\u00f3n met\u00e1licas y la renovaci\u00f3n de los sistemas de contenci\u00f3n que hab\u00edan quedado obsoletos, con el objetivo de minimizar los riesgos para los conductores y garantizar una red vial m\u00e1s protegida.<\/p>\n<p>Esta semana ya han finalizado los trabajos en la carretera TV-3541, en el tramo que conecta los municipios de Pa\u00fcls y Xerta. Paralelamente, durante este mes de abril se est\u00e1 actuando en la TP-7401, entre Porrera y la N-420, donde se est\u00e1n suprimiendo obst\u00e1culos e instalando nuevos sistemas de seguridad. Se prev\u00e9 que estas obras concretas est\u00e9n terminadas a principios del mes de mayo.<\/p>\n<p>El plan de actuaci\u00f3n es de alcance provincial e incluye intervenciones en trece tramos de carreteras, como la T-202 entre Altafulla y la Riera de Gai\u00e0, la T-740 de Falset a Porrera o la TV-7331 de la Fatarella a les Camposines, entre otras. Adem\u00e1s de las barreras, el proyecto prev\u00e9 la eliminaci\u00f3n de elementos peligrosos en el entorno de la calzada, como el tratamiento de pasos salvacunetas y arquetas de drenaje, para evitar que se conviertan en obst\u00e1culos en caso de salida de v\u00eda.<\/p>\n","protected":false},"excerpt":{"rendered":"<p>La Diputaci\u00f3n de Tarragona ha puesto en marcha un proyecto para reforzar la seguridad en diversas carreteras de la demarcaci\u00f3n, con una inversi\u00f3n total de 1,3 millones de euros. La actuaci\u00f3n se centra principalmente en la instalaci\u00f3n de nuevas barreras de protecci\u00f3n met\u00e1licas y la renovaci\u00f3n de los sistemas de contenci\u00f3n que hab\u00edan quedado obsoletos, [&hellip;]<\/p>\n","protected":false},"author":106,"featured_media":378210,"comment_status":"closed","ping_status":"closed","sticky":false,"template":"","format":"standard","meta":{"footnotes":""},"categories":[14046,14549,14047,14954,14026,12404,14028],"tags":[],"class_list":["post-378221","post","type-post","status-publish","format-standard","has-post-thumbnail","hentry","category-campo-de-tarragona","category-demarcacion-de-las-tierras-del-ebro","category-demarcacion-de-tarragona","category-el-priorat","category-nota-automatica","category-provincia-de-tarragona","category-sociedad"],"yoast_head":"<!-- This site is optimized with the Yoast SEO Premium plugin v27.4 (Yoast SEO v27.4) - https:\/\/yoast.com\/product\/yoast-seo-premium-wordpress\/ -->\n<title>La Diputaci\u00f3n coloca barreras de protecci\u00f3n en diversas carreteras del territorio - R\u00e0dio Ciutat de Tarragona<\/title>\n<meta name=\"robots\" content=\"index, follow, max-snippet:-1, max-image-preview:large, max-video-preview:-1\" \/>\n<link rel=\"canonical\" href=\"https:\/\/radiociutat.com\/es\/provincia-de-tarragona\/la-diputacion-coloca-barreras-de-proteccion-en-diversas-carreteras-del-territorio\/\" \/>\n<meta property=\"og:locale\" content=\"es_ES\" \/>\n<meta property=\"og:type\" content=\"article\" \/>\n<meta property=\"og:title\" content=\"La Diputaci\u00f3n coloca barreras de protecci\u00f3n en diversas carreteras del territorio\" \/>\n<meta property=\"og:description\" content=\"La Diputaci\u00f3n de Tarragona ha puesto en marcha un proyecto para reforzar la seguridad en diversas carreteras de la demarcaci\u00f3n, con una inversi\u00f3n total de 1,3 millones de euros. La actuaci\u00f3n se centra principalmente en la instalaci\u00f3n de nuevas barreras de protecci\u00f3n met\u00e1licas y la renovaci\u00f3n de los sistemas de contenci\u00f3n que hab\u00edan quedado obsoletos, [&hellip;]\" \/>\n<meta property=\"og:url\" content=\"https:\/\/radiociutat.com\/es\/provincia-de-tarragona\/la-diputacion-coloca-barreras-de-proteccion-en-diversas-carreteras-del-territorio\/\" \/>\n<meta property=\"og:site_name\" content=\"R\u00e0dio Ciutat de Tarragona\" \/>\n<meta property=\"article:publisher\" content=\"https:\/\/www.facebook.com\/rctgn\" \/>\n<meta property=\"article:published_time\" content=\"2026-04-27T12:18:26+00:00\" \/>\n<meta property=\"og:image\" content=\"https:\/\/files.radiociutat.com\/rctgn\/wp-content\/uploads\/2021\/03\/LOGO-RCTGN-RADIO-CIUTAT-DE-TARRAGONA-TRANSPARENTE-TARRAGONA-2020-3000X3000-Redes1-copia.png\" \/>\n\t<meta property=\"og:image:width\" content=\"3000\" \/>\n\t<meta property=\"og:image:height\" content=\"3000\" \/>\n\t<meta property=\"og:image:type\" content=\"image\/png\" \/>\n<meta name=\"author\" content=\"AutoNota\" \/>\n<meta name=\"twitter:card\" content=\"summary_large_image\" \/>\n<meta name=\"twitter:creator\" content=\"@RCTgn\" \/>\n<meta name=\"twitter:site\" content=\"@RCTgn\" \/>\n<meta name=\"twitter:label1\" content=\"Escrito por\" \/>\n\t<meta name=\"twitter:data1\" content=\"AutoNota\" \/>\n\t<meta name=\"twitter:label2\" content=\"Tiempo de lectura\" \/>\n\t<meta name=\"twitter:data2\" content=\"1 minuto\" \/>\n<script type=\"application\/ld+json\" class=\"yoast-schema-graph\">{\"@context\":\"https:\\\/\\\/schema.org\",\"@graph\":[{\"@type\":\"Article\",\"@id\":\"https:\\\/\\\/radiociutat.com\\\/es\\\/provincia-de-tarragona\\\/la-diputacion-coloca-barreras-de-proteccion-en-diversas-carreteras-del-territorio\\\/#article\",\"isPartOf\":{\"@id\":\"https:\\\/\\\/radiociutat.com\\\/es\\\/provincia-de-tarragona\\\/la-diputacion-coloca-barreras-de-proteccion-en-diversas-carreteras-del-territorio\\\/\"},\"author\":{\"name\":\"AutoNota\",\"@id\":\"https:\\\/\\\/radiociutat.com\\\/es\\\/#\\\/schema\\\/person\\\/fd401dfbfd2adfe3f166b553b083e78d\"},\"headline\":\"La Diputaci\u00f3n coloca barreras de protecci\u00f3n en diversas carreteras del territorio\",\"datePublished\":\"2026-04-27T12:18:26+00:00\",\"mainEntityOfPage\":{\"@id\":\"https:\\\/\\\/radiociutat.com\\\/es\\\/provincia-de-tarragona\\\/la-diputacion-coloca-barreras-de-proteccion-en-diversas-carreteras-del-territorio\\\/\"},\"wordCount\":252,\"image\":{\"@id\":\"https:\\\/\\\/radiociutat.com\\\/es\\\/provincia-de-tarragona\\\/la-diputacion-coloca-barreras-de-proteccion-en-diversas-carreteras-del-territorio\\\/#primaryimage\"},\"thumbnailUrl\":\"https:\\\/\\\/files.radiociutat.com\\\/rctgn\\\/wp-content\\\/uploads\\\/2026\\\/04\\\/20260422_125423-scaled-e1777292110742.jpg\",\"articleSection\":[\"Campo de Tarragona\",\"Demarcaci\u00f3n de las Tierras del Ebro\",\"Demarcaci\u00f3n de Tarragona\",\"El Priorat\",\"Nota autom\u00e1tica\",\"Prov\u00edncia de Tarragona\",\"Sociedad\"],\"inLanguage\":\"es\"},{\"@type\":\"WebPage\",\"@id\":\"https:\\\/\\\/radiociutat.com\\\/es\\\/provincia-de-tarragona\\\/la-diputacion-coloca-barreras-de-proteccion-en-diversas-carreteras-del-territorio\\\/\",\"url\":\"https:\\\/\\\/radiociutat.com\\\/es\\\/provincia-de-tarragona\\\/la-diputacion-coloca-barreras-de-proteccion-en-diversas-carreteras-del-territorio\\\/\",\"name\":\"La Diputaci\u00f3n coloca barreras de protecci\u00f3n en diversas carreteras del territorio - R\u00e0dio Ciutat de Tarragona\",\"isPartOf\":{\"@id\":\"https:\\\/\\\/radiociutat.com\\\/es\\\/#website\"},\"primaryImageOfPage\":{\"@id\":\"https:\\\/\\\/radiociutat.com\\\/es\\\/provincia-de-tarragona\\\/la-diputacion-coloca-barreras-de-proteccion-en-diversas-carreteras-del-territorio\\\/#primaryimage\"},\"image\":{\"@id\":\"https:\\\/\\\/radiociutat.com\\\/es\\\/provincia-de-tarragona\\\/la-diputacion-coloca-barreras-de-proteccion-en-diversas-carreteras-del-territorio\\\/#primaryimage\"},\"thumbnailUrl\":\"https:\\\/\\\/files.radiociutat.com\\\/rctgn\\\/wp-content\\\/uploads\\\/2026\\\/04\\\/20260422_125423-scaled-e1777292110742.jpg\",\"datePublished\":\"2026-04-27T12:18:26+00:00\",\"author\":{\"@id\":\"https:\\\/\\\/radiociutat.com\\\/es\\\/#\\\/schema\\\/person\\\/fd401dfbfd2adfe3f166b553b083e78d\"},\"breadcrumb\":{\"@id\":\"https:\\\/\\\/radiociutat.com\\\/es\\\/provincia-de-tarragona\\\/la-diputacion-coloca-barreras-de-proteccion-en-diversas-carreteras-del-territorio\\\/#breadcrumb\"},\"inLanguage\":\"es\",\"potentialAction\":[{\"@type\":\"ReadAction\",\"target\":[\"https:\\\/\\\/radiociutat.com\\\/es\\\/provincia-de-tarragona\\\/la-diputacion-coloca-barreras-de-proteccion-en-diversas-carreteras-del-territorio\\\/\"]}]},{\"@type\":\"ImageObject\",\"inLanguage\":\"es\",\"@id\":\"https:\\\/\\\/radiociutat.com\\\/es\\\/provincia-de-tarragona\\\/la-diputacion-coloca-barreras-de-proteccion-en-diversas-carreteras-del-territorio\\\/#primaryimage\",\"url\":\"https:\\\/\\\/files.radiociutat.com\\\/rctgn\\\/wp-content\\\/uploads\\\/2026\\\/04\\\/20260422_125423-scaled-e1777292110742.jpg\",\"contentUrl\":\"https:\\\/\\\/files.radiociutat.com\\\/rctgn\\\/wp-content\\\/uploads\\\/2026\\\/04\\\/20260422_125423-scaled-e1777292110742.jpg\",\"width\":2560,\"height\":1920},{\"@type\":\"BreadcrumbList\",\"@id\":\"https:\\\/\\\/radiociutat.com\\\/es\\\/provincia-de-tarragona\\\/la-diputacion-coloca-barreras-de-proteccion-en-diversas-carreteras-del-territorio\\\/#breadcrumb\",\"itemListElement\":[{\"@type\":\"ListItem\",\"position\":1,\"name\":\"Inici\",\"item\":\"https:\\\/\\\/radiociutat.com\\\/es\\\/\"},{\"@type\":\"ListItem\",\"position\":2,\"name\":\"La Diputaci\u00f3n coloca barreras de protecci\u00f3n en diversas carreteras del territorio\"}]},{\"@type\":\"WebSite\",\"@id\":\"https:\\\/\\\/radiociutat.com\\\/es\\\/#website\",\"url\":\"https:\\\/\\\/radiociutat.com\\\/es\\\/\",\"name\":\"R\u00e0dio Ciutat de Tarragona\",\"description\":\"R\u00e0dio Ciutat de Tarragona - RCTgn.cat R\u00e0dio Online\",\"potentialAction\":[{\"@type\":\"SearchAction\",\"target\":{\"@type\":\"EntryPoint\",\"urlTemplate\":\"https:\\\/\\\/radiociutat.com\\\/es\\\/?s={search_term_string}\"},\"query-input\":{\"@type\":\"PropertyValueSpecification\",\"valueRequired\":true,\"valueName\":\"search_term_string\"}}],\"inLanguage\":\"es\"},{\"@type\":\"Person\",\"@id\":\"https:\\\/\\\/radiociutat.com\\\/es\\\/#\\\/schema\\\/person\\\/fd401dfbfd2adfe3f166b553b083e78d\",\"name\":\"AutoNota\",\"description\":\"AutoNota, el suport intel\u00b7ligent per a la redacci\u00f3 AutoNota \u00e9s un servei propi de R\u00e0dio Ciutat que utilitza la intel\u00b7lig\u00e8ncia artificial per donar suport al treball period\u00edstic. La seva funci\u00f3 principal \u00e9s etiquetar, categoritzar i contextualitzar les informacions que arriben a la redacci\u00f3, sobretot procedents d\u2019empreses i institucions. Tot i que la IA ajuda a ordenar i donar forma als continguts, \u00e9s sempre l\u2019equip de redacci\u00f3 qui els revisa, edita i publica. D\u2019aquesta manera, garantim que totes les publicacions d\u2019AutoNota comptin amb la curaci\u00f3 i l\u2019aval professional d\u2019una persona periodista de R\u00e0dio Ciutat.\",\"url\":\"https:\\\/\\\/radiociutat.com\\\/es\\\/author\\\/autonota\\\/\"}]}<\/script>\n<!-- \/ Yoast SEO Premium plugin. -->","yoast_head_json":{"title":"La Diputaci\u00f3n coloca barreras de protecci\u00f3n en diversas carreteras del territorio - R\u00e0dio Ciutat de Tarragona","robots":{"index":"index","follow":"follow","max-snippet":"max-snippet:-1","max-image-preview":"max-image-preview:large","max-video-preview":"max-video-preview:-1"},"canonical":"https:\/\/radiociutat.com\/es\/provincia-de-tarragona\/la-diputacion-coloca-barreras-de-proteccion-en-diversas-carreteras-del-territorio\/","og_locale":"es_ES","og_type":"article","og_title":"La Diputaci\u00f3n coloca barreras de protecci\u00f3n en diversas carreteras del territorio","og_description":"La Diputaci\u00f3n de Tarragona ha puesto en marcha un proyecto para reforzar la seguridad en diversas carreteras de la demarcaci\u00f3n, con una inversi\u00f3n total de 1,3 millones de euros. La actuaci\u00f3n se centra principalmente en la instalaci\u00f3n de nuevas barreras de protecci\u00f3n met\u00e1licas y la renovaci\u00f3n de los sistemas de contenci\u00f3n que hab\u00edan quedado obsoletos, [&hellip;]","og_url":"https:\/\/radiociutat.com\/es\/provincia-de-tarragona\/la-diputacion-coloca-barreras-de-proteccion-en-diversas-carreteras-del-territorio\/","og_site_name":"R\u00e0dio Ciutat de Tarragona","article_publisher":"https:\/\/www.facebook.com\/rctgn","article_published_time":"2026-04-27T12:18:26+00:00","og_image":[{"width":3000,"height":3000,"url":"https:\/\/files.radiociutat.com\/rctgn\/wp-content\/uploads\/2021\/03\/LOGO-RCTGN-RADIO-CIUTAT-DE-TARRAGONA-TRANSPARENTE-TARRAGONA-2020-3000X3000-Redes1-copia.png","type":"image\/png"}],"author":"AutoNota","twitter_card":"summary_large_image","twitter_creator":"@RCTgn","twitter_site":"@RCTgn","twitter_misc":{"Escrito por":"AutoNota","Tiempo de lectura":"1 minuto"},"schema":{"@context":"https:\/\/schema.org","@graph":[{"@type":"Article","@id":"https:\/\/radiociutat.com\/es\/provincia-de-tarragona\/la-diputacion-coloca-barreras-de-proteccion-en-diversas-carreteras-del-territorio\/#article","isPartOf":{"@id":"https:\/\/radiociutat.com\/es\/provincia-de-tarragona\/la-diputacion-coloca-barreras-de-proteccion-en-diversas-carreteras-del-territorio\/"},"author":{"name":"AutoNota","@id":"https:\/\/radiociutat.com\/es\/#\/schema\/person\/fd401dfbfd2adfe3f166b553b083e78d"},"headline":"La Diputaci\u00f3n coloca barreras de protecci\u00f3n en diversas carreteras del territorio","datePublished":"2026-04-27T12:18:26+00:00","mainEntityOfPage":{"@id":"https:\/\/radiociutat.com\/es\/provincia-de-tarragona\/la-diputacion-coloca-barreras-de-proteccion-en-diversas-carreteras-del-territorio\/"},"wordCount":252,"image":{"@id":"https:\/\/radiociutat.com\/es\/provincia-de-tarragona\/la-diputacion-coloca-barreras-de-proteccion-en-diversas-carreteras-del-territorio\/#primaryimage"},"thumbnailUrl":"https:\/\/files.radiociutat.com\/rctgn\/wp-content\/uploads\/2026\/04\/20260422_125423-scaled-e1777292110742.jpg","articleSection":["Campo de Tarragona","Demarcaci\u00f3n de las Tierras del Ebro","Demarcaci\u00f3n de Tarragona","El Priorat","Nota autom\u00e1tica","Prov\u00edncia de Tarragona","Sociedad"],"inLanguage":"es"},{"@type":"WebPage","@id":"https:\/\/radiociutat.com\/es\/provincia-de-tarragona\/la-diputacion-coloca-barreras-de-proteccion-en-diversas-carreteras-del-territorio\/","url":"https:\/\/radiociutat.com\/es\/provincia-de-tarragona\/la-diputacion-coloca-barreras-de-proteccion-en-diversas-carreteras-del-territorio\/","name":"La Diputaci\u00f3n coloca barreras de protecci\u00f3n en diversas carreteras del territorio - R\u00e0dio Ciutat de Tarragona","isPartOf":{"@id":"https:\/\/radiociutat.com\/es\/#website"},"primaryImageOfPage":{"@id":"https:\/\/radiociutat.com\/es\/provincia-de-tarragona\/la-diputacion-coloca-barreras-de-proteccion-en-diversas-carreteras-del-territorio\/#primaryimage"},"image":{"@id":"https:\/\/radiociutat.com\/es\/provincia-de-tarragona\/la-diputacion-coloca-barreras-de-proteccion-en-diversas-carreteras-del-territorio\/#primaryimage"},"thumbnailUrl":"https:\/\/files.radiociutat.com\/rctgn\/wp-content\/uploads\/2026\/04\/20260422_125423-scaled-e1777292110742.jpg","datePublished":"2026-04-27T12:18:26+00:00","author":{"@id":"https:\/\/radiociutat.com\/es\/#\/schema\/person\/fd401dfbfd2adfe3f166b553b083e78d"},"breadcrumb":{"@id":"https:\/\/radiociutat.com\/es\/provincia-de-tarragona\/la-diputacion-coloca-barreras-de-proteccion-en-diversas-carreteras-del-territorio\/#breadcrumb"},"inLanguage":"es","potentialAction":[{"@type":"ReadAction","target":["https:\/\/radiociutat.com\/es\/provincia-de-tarragona\/la-diputacion-coloca-barreras-de-proteccion-en-diversas-carreteras-del-territorio\/"]}]},{"@type":"ImageObject","inLanguage":"es","@id":"https:\/\/radiociutat.com\/es\/provincia-de-tarragona\/la-diputacion-coloca-barreras-de-proteccion-en-diversas-carreteras-del-territorio\/#primaryimage","url":"https:\/\/files.radiociutat.com\/rctgn\/wp-content\/uploads\/2026\/04\/20260422_125423-scaled-e1777292110742.jpg","contentUrl":"https:\/\/files.radiociutat.com\/rctgn\/wp-content\/uploads\/2026\/04\/20260422_125423-scaled-e1777292110742.jpg","width":2560,"height":1920},{"@type":"BreadcrumbList","@id":"https:\/\/radiociutat.com\/es\/provincia-de-tarragona\/la-diputacion-coloca-barreras-de-proteccion-en-diversas-carreteras-del-territorio\/#breadcrumb","itemListElement":[{"@type":"ListItem","position":1,"name":"Inici","item":"https:\/\/radiociutat.com\/es\/"},{"@type":"ListItem","position":2,"name":"La Diputaci\u00f3n coloca barreras de protecci\u00f3n en diversas carreteras del territorio"}]},{"@type":"WebSite","@id":"https:\/\/radiociutat.com\/es\/#website","url":"https:\/\/radiociutat.com\/es\/","name":"R\u00e0dio Ciutat de Tarragona","description":"R\u00e0dio Ciutat de Tarragona - RCTgn.cat R\u00e0dio Online","potentialAction":[{"@type":"SearchAction","target":{"@type":"EntryPoint","urlTemplate":"https:\/\/radiociutat.com\/es\/?s={search_term_string}"},"query-input":{"@type":"PropertyValueSpecification","valueRequired":true,"valueName":"search_term_string"}}],"inLanguage":"es"},{"@type":"Person","@id":"https:\/\/radiociutat.com\/es\/#\/schema\/person\/fd401dfbfd2adfe3f166b553b083e78d","name":"AutoNota","description":"AutoNota, el suport intel\u00b7ligent per a la redacci\u00f3 AutoNota \u00e9s un servei propi de R\u00e0dio Ciutat que utilitza la intel\u00b7lig\u00e8ncia artificial per donar suport al treball period\u00edstic. La seva funci\u00f3 principal \u00e9s etiquetar, categoritzar i contextualitzar les informacions que arriben a la redacci\u00f3, sobretot procedents d\u2019empreses i institucions. Tot i que la IA ajuda a ordenar i donar forma als continguts, \u00e9s sempre l\u2019equip de redacci\u00f3 qui els revisa, edita i publica. D\u2019aquesta manera, garantim que totes les publicacions d\u2019AutoNota comptin amb la curaci\u00f3 i l\u2019aval professional d\u2019una persona periodista de R\u00e0dio Ciutat.","url":"https:\/\/radiociutat.com\/es\/author\/autonota\/"}]}},"_links":{"self":[{"href":"https:\/\/radiociutat.com\/es\/wp-json\/wp\/v2\/posts\/378221","targetHints":{"allow":["GET"]}}],"collection":[{"href":"https:\/\/radiociutat.com\/es\/wp-json\/wp\/v2\/posts"}],"about":[{"href":"https:\/\/radiociutat.com\/es\/wp-json\/wp\/v2\/types\/post"}],"author":[{"embeddable":true,"href":"https:\/\/radiociutat.com\/es\/wp-json\/wp\/v2\/users\/106"}],"replies":[{"embeddable":true,"href":"https:\/\/radiociutat.com\/es\/wp-json\/wp\/v2\/comments?post=378221"}],"version-history":[{"count":0,"href":"https:\/\/radiociutat.com\/es\/wp-json\/wp\/v2\/posts\/378221\/revisions"}],"wp:featuredmedia":[{"embeddable":true,"href":"https:\/\/radiociutat.com\/es\/wp-json\/wp\/v2\/media\/378210"}],"wp:attachment":[{"href":"https:\/\/radiociutat.com\/es\/wp-json\/wp\/v2\/media?parent=378221"}],"wp:term":[{"taxonomy":"category","embeddable":true,"href":"https:\/\/radiociutat.com\/es\/wp-json\/wp\/v2\/categories?post=378221"},{"taxonomy":"post_tag","embeddable":true,"href":"https:\/\/radiociutat.com\/es\/wp-json\/wp\/v2\/tags?post=378221"}],"curies":[{"name":"wp","href":"https:\/\/api.w.org\/{rel}","templated":true}]}}