{"id":378206,"date":"2026-04-27T13:53:09","date_gmt":"2026-04-27T11:53:09","guid":{"rendered":"https:\/\/radiociutat.com\/programes-podcast\/tarragona-daily-arranca-la-renaturalizacion-del-camino-de-ronda-de-la-savinosa-con-consenso-institucional\/"},"modified":"2026-04-27T13:53:09","modified_gmt":"2026-04-27T11:53:09","slug":"tarragona-daily-arranca-la-renaturalizacion-del-camino-de-ronda-de-la-savinosa-con-consenso-institucional","status":"publish","type":"post","link":"https:\/\/radiociutat.com\/es\/tarragona-daily-radio-ciutat-de-tarragona\/tarragona-daily-arranca-la-renaturalizacion-del-camino-de-ronda-de-la-savinosa-con-consenso-institucional\/","title":{"rendered":"Tarragona Daily | Arranca la renaturalizaci\u00f3n del camino de ronda de la Savinosa con consenso institucional"},"content":{"rendered":"\n<p><a href=\"https:\/\/radiociutat.com\/ultimes-noticies-tarragona\/sinicien-les-obres-de-renaturalitzacio-del-cami-de-ronda-de-la-savinosa\/\">Se inician las obras de renaturalizaci\u00f3n del camino de ronda de la Savinosa<\/a><\/p>\n\n\n\n<p><strong>Este lunes han comenzado las obras de renaturalizaci\u00f3n del camino de ronda de la Savinosa, en Tarragona, con la previsi\u00f3n de que queden terminadas a finales de a\u00f1o. El proyecto, impulsado con la participaci\u00f3n de la Diputaci\u00f3n, la Subdelegaci\u00f3n del Gobierno y el Ayuntamiento, se ha reorientado para incorporar las demandas de las entidades ecologistas y preservar el entorno natural.<\/strong><\/p>\n\n\n\n<p>Tras meses de controversia, se ha acordado modificar el trazado original en diversos puntos, especialmente en la zona de la Vall de l\u2019Arrabassada, donde se utilizar\u00e1 el camino existente, y en el tramo del Roquissar, que tambi\u00e9n se mantiene pr\u00e1cticamente intacto seg\u00fan las entidades ambientales. Las administraciones implicadas defienden que el nuevo proyecto mejora la propuesta inicial.<\/p>\n\n\n\n<p>La subdelegada del Gobierno en Tarragona, Elisabet Romero, ha destacado el consenso alcanzado y la calidad del proyecto final. Las obras, con una inversi\u00f3n de cerca de un mill\u00f3n de euros, ser\u00e1n ejecutadas por la empresa Seranco S.A.U.<\/p>\n\n\n\n<p><a href=\"https:\/\/radiociutat.com\/ultimes-noticies-tarragona\/croniques-actualitat\/el-sindicat-metges-de-catalunya-xifra-en-un-25-el-seguiment-de-la-vaga-de-metges-a-tarragona\/\">El sindicato Metges de Catalunya cifra en un 25% el seguimiento de la huelga de m\u00e9dicos en Tarragona<\/a><\/p>\n\n\n\n<p><strong>El sindicato Metges de Catalunya cifra en un 25% el seguimiento de la huelga de m\u00e9dicos en Tarragona en los centros p\u00fablicos. A escala catalana, el paro llegar\u00eda al 31%, con un 34% en Barcelona, un 27% en Girona y un 16% en Lleida. Por \u00e1mbitos, el seguimiento ser\u00eda del 33% en la atenci\u00f3n primaria y del 25% en los hospitales.<\/strong><\/p>\n\n\n\n<p>En cambio, el Departamento de Salud reduce este dato hasta el 5,2% durante la ma\u00f1ana, seg\u00fan cifras provisionales del sistema p\u00fablico (Siscat).<\/p>\n\n\n\n<p>Esta es la d\u00e9cima jornada de huelga desde el oto\u00f1o y coincide con una convocatoria de \u00e1mbito estatal impulsada por la Confederaci\u00f3n Espa\u00f1ola de Sindicatos M\u00e9dicos. Los profesionales se han movilizado esta ma\u00f1ana en Barcelona para reclamar mejoras laborales.<\/p>\n\n\n\n<p><a href=\"https:\/\/radiociutat.com\/ultimes-noticies-tarragona\/croniques-actualitat\/el-pp-portara-al-ple-de-tarragona-el-rebuig-a-la-regularitzacio-dimmigrants\/\">El PP llevar\u00e1 al pleno de Tarragona el rechazo a la regularizaci\u00f3n de inmigrantes<\/a><\/p>\n\n\n\n<p><strong>El Partido Popular presentar\u00e1 en el pleno de Tarragona una moci\u00f3n para rechazar el proceso de regularizaci\u00f3n de inmigrantes impulsado por el gobierno espa\u00f1ol, en el marco del pleno del 15 de mayo.<\/strong><\/p>\n\n\n\n<p>La portavoz municipal, Maria Merc\u00e8 Martorell, ha defendido una pol\u00edtica de inmigraci\u00f3n \u201clegal, ordenada y humana\u201d, y ha reclamado m\u00e1s control de fronteras y un retorno ordenado para las personas que no cumplan los requisitos. El grupo popular asegura que no se opone a la inmigraci\u00f3n, pero s\u00ed a la regularizaci\u00f3n masiva.<\/p>\n\n\n\n<p>El PP considera que la medida act\u00faa como una \u201ccortina de humo\u201d y critica que incrementa la presi\u00f3n sobre ayuntamientos y entidades sociales. Tambi\u00e9n sostiene que el decreto no se ajusta al marco europeo en materia migratoria.<\/p>\n\n\n\n<p><a href=\"https:\/\/radiociutat.com\/ultimes-noticies-tarragona\/croniques-actualitat\/tarragona-celebra-40-anys-de-politiques-de-joventut-amb-un-estiu-jove-de-record\/\">Tarragona celebra 40 a\u00f1os de pol\u00edticas de juventud con un Estiu Jove de r\u00e9cord<\/a><\/p>\n\n\n\n<p><strong>Tarragona ha presentado el Estiu Jove 2026, una edici\u00f3n especial que conmemora los 40 a\u00f1os de pol\u00edticas municipales de juventud. El programa quiere poner en valor la evoluci\u00f3n de un modelo nacido en los a\u00f1os ochenta y consolidado como referente de participaci\u00f3n juvenil.<\/strong><\/p>\n\n\n\n<p>La programaci\u00f3n incluye 115 actividades y 3.200 plazas, una cifra r\u00e9cord que refleja el crecimiento del servicio. El consistorio destaca su car\u00e1cter accesible y mayoritariamente gratuito, con el objetivo de garantizar la participaci\u00f3n de todos los j\u00f3venes. Tambi\u00e9n se pone de relieve el papel del Espai Jove Kesse, que celebra su 15\u00ba aniversario.<\/p>\n\n\n\n<p>Entre las novedades hay actividades por el D\u00eda Mundial de la Juventud, la Korean Vibes Week y propuestas vinculadas al eclipse solar del 12 de agosto. Tambi\u00e9n se a\u00f1ade una carrera de hidropedales relacionada con el Tour de Francia. Las inscripciones se abren el 30 de abril.<\/p>\n","protected":false},"excerpt":{"rendered":"<p>Se inician las obras de renaturalizaci\u00f3n del camino de ronda de la Savinosa Este lunes han comenzado las obras de renaturalizaci\u00f3n del camino de ronda de la Savinosa, en Tarragona, con la previsi\u00f3n de que queden terminadas a finales de a\u00f1o. El proyecto, impulsado con la participaci\u00f3n de la Diputaci\u00f3n, la Subdelegaci\u00f3n del Gobierno y [&hellip;]<\/p>\n","protected":false},"author":84,"featured_media":321780,"comment_status":"closed","ping_status":"closed","sticky":false,"template":"","format":"standard","meta":{"footnotes":""},"categories":[13686],"tags":[19,13673],"class_list":["post-378206","post","type-post","status-publish","format-standard","has-post-thumbnail","hentry","category-tarragona-daily-radio-ciutat-de-tarragona","tag-tarragona","tag-tarragona-daily-2"],"yoast_head":"<!-- This site is optimized with the Yoast SEO Premium plugin v27.4 (Yoast SEO v27.4) - https:\/\/yoast.com\/product\/yoast-seo-premium-wordpress\/ -->\n<title>Tarragona Daily | Arranca la renaturalizaci\u00f3n del camino de ronda de la Savinosa con consenso institucional - R\u00e0dio Ciutat de Tarragona<\/title>\n<meta name=\"robots\" content=\"index, follow, max-snippet:-1, max-image-preview:large, max-video-preview:-1\" \/>\n<link rel=\"canonical\" href=\"https:\/\/radiociutat.com\/es\/tarragona-daily-radio-ciutat-de-tarragona\/tarragona-daily-arranca-la-renaturalizacion-del-camino-de-ronda-de-la-savinosa-con-consenso-institucional\/\" \/>\n<meta property=\"og:locale\" content=\"es_ES\" \/>\n<meta property=\"og:type\" content=\"article\" \/>\n<meta property=\"og:title\" content=\"Tarragona Daily | Arranca la renaturalizaci\u00f3n del camino de ronda de la Savinosa con consenso institucional\" \/>\n<meta property=\"og:description\" content=\"Se inician las obras de renaturalizaci\u00f3n del camino de ronda de la Savinosa Este lunes han comenzado las obras de renaturalizaci\u00f3n del camino de ronda de la Savinosa, en Tarragona, con la previsi\u00f3n de que queden terminadas a finales de a\u00f1o. El proyecto, impulsado con la participaci\u00f3n de la Diputaci\u00f3n, la Subdelegaci\u00f3n del Gobierno y [&hellip;]\" \/>\n<meta property=\"og:url\" content=\"https:\/\/radiociutat.com\/es\/tarragona-daily-radio-ciutat-de-tarragona\/tarragona-daily-arranca-la-renaturalizacion-del-camino-de-ronda-de-la-savinosa-con-consenso-institucional\/\" \/>\n<meta property=\"og:site_name\" content=\"R\u00e0dio Ciutat de Tarragona\" \/>\n<meta property=\"article:publisher\" content=\"https:\/\/www.facebook.com\/rctgn\" \/>\n<meta property=\"article:published_time\" content=\"2026-04-27T11:53:09+00:00\" \/>\n<meta property=\"og:image\" content=\"https:\/\/files.radiociutat.com\/rctgn\/wp-content\/uploads\/2022\/12\/Savinosa-Hub-e1717422121476.jpeg\" \/>\n\t<meta property=\"og:image:width\" content=\"620\" \/>\n\t<meta property=\"og:image:height\" content=\"414\" \/>\n\t<meta property=\"og:image:type\" content=\"image\/jpeg\" \/>\n<meta name=\"author\" content=\"Adri\u00e0 Duch\" \/>\n<meta name=\"twitter:card\" content=\"summary_large_image\" \/>\n<meta name=\"twitter:creator\" content=\"@RCTgn\" \/>\n<meta name=\"twitter:site\" content=\"@RCTgn\" \/>\n<meta name=\"twitter:label1\" content=\"Escrito por\" \/>\n\t<meta name=\"twitter:data1\" content=\"Adri\u00e0 Duch\" \/>\n\t<meta name=\"twitter:label2\" content=\"Tiempo de lectura\" \/>\n\t<meta name=\"twitter:data2\" content=\"3 minutos\" \/>\n<script type=\"application\/ld+json\" class=\"yoast-schema-graph\">{\"@context\":\"https:\\\/\\\/schema.org\",\"@graph\":[{\"@type\":\"Article\",\"@id\":\"https:\\\/\\\/radiociutat.com\\\/es\\\/tarragona-daily-radio-ciutat-de-tarragona\\\/tarragona-daily-arranca-la-renaturalizacion-del-camino-de-ronda-de-la-savinosa-con-consenso-institucional\\\/#article\",\"isPartOf\":{\"@id\":\"https:\\\/\\\/radiociutat.com\\\/es\\\/tarragona-daily-radio-ciutat-de-tarragona\\\/tarragona-daily-arranca-la-renaturalizacion-del-camino-de-ronda-de-la-savinosa-con-consenso-institucional\\\/\"},\"author\":{\"name\":\"Adri\u00e0 Duch\",\"@id\":\"https:\\\/\\\/radiociutat.com\\\/es\\\/#\\\/schema\\\/person\\\/daeecbc4942e3432e8d8b8663bf7d714\"},\"headline\":\"Tarragona Daily | Arranca la renaturalizaci\u00f3n del camino de ronda de la Savinosa con consenso institucional\",\"datePublished\":\"2026-04-27T11:53:09+00:00\",\"mainEntityOfPage\":{\"@id\":\"https:\\\/\\\/radiociutat.com\\\/es\\\/tarragona-daily-radio-ciutat-de-tarragona\\\/tarragona-daily-arranca-la-renaturalizacion-del-camino-de-ronda-de-la-savinosa-con-consenso-institucional\\\/\"},\"wordCount\":660,\"image\":{\"@id\":\"https:\\\/\\\/radiociutat.com\\\/es\\\/tarragona-daily-radio-ciutat-de-tarragona\\\/tarragona-daily-arranca-la-renaturalizacion-del-camino-de-ronda-de-la-savinosa-con-consenso-institucional\\\/#primaryimage\"},\"thumbnailUrl\":\"https:\\\/\\\/files.radiociutat.com\\\/rctgn\\\/wp-content\\\/uploads\\\/2022\\\/12\\\/Savinosa-Hub-e1717422121476.jpeg\",\"keywords\":[\"Tarragona\",\"Tarragona Daily\"],\"articleSection\":[\"Tarragona Daily - R\u00e0dio Ciutat de Tarragona\"],\"inLanguage\":\"es\"},{\"@type\":\"WebPage\",\"@id\":\"https:\\\/\\\/radiociutat.com\\\/es\\\/tarragona-daily-radio-ciutat-de-tarragona\\\/tarragona-daily-arranca-la-renaturalizacion-del-camino-de-ronda-de-la-savinosa-con-consenso-institucional\\\/\",\"url\":\"https:\\\/\\\/radiociutat.com\\\/es\\\/tarragona-daily-radio-ciutat-de-tarragona\\\/tarragona-daily-arranca-la-renaturalizacion-del-camino-de-ronda-de-la-savinosa-con-consenso-institucional\\\/\",\"name\":\"Tarragona Daily | Arranca la renaturalizaci\u00f3n del camino de ronda de la Savinosa con consenso institucional - R\u00e0dio Ciutat de Tarragona\",\"isPartOf\":{\"@id\":\"https:\\\/\\\/radiociutat.com\\\/es\\\/#website\"},\"primaryImageOfPage\":{\"@id\":\"https:\\\/\\\/radiociutat.com\\\/es\\\/tarragona-daily-radio-ciutat-de-tarragona\\\/tarragona-daily-arranca-la-renaturalizacion-del-camino-de-ronda-de-la-savinosa-con-consenso-institucional\\\/#primaryimage\"},\"image\":{\"@id\":\"https:\\\/\\\/radiociutat.com\\\/es\\\/tarragona-daily-radio-ciutat-de-tarragona\\\/tarragona-daily-arranca-la-renaturalizacion-del-camino-de-ronda-de-la-savinosa-con-consenso-institucional\\\/#primaryimage\"},\"thumbnailUrl\":\"https:\\\/\\\/files.radiociutat.com\\\/rctgn\\\/wp-content\\\/uploads\\\/2022\\\/12\\\/Savinosa-Hub-e1717422121476.jpeg\",\"datePublished\":\"2026-04-27T11:53:09+00:00\",\"author\":{\"@id\":\"https:\\\/\\\/radiociutat.com\\\/es\\\/#\\\/schema\\\/person\\\/daeecbc4942e3432e8d8b8663bf7d714\"},\"breadcrumb\":{\"@id\":\"https:\\\/\\\/radiociutat.com\\\/es\\\/tarragona-daily-radio-ciutat-de-tarragona\\\/tarragona-daily-arranca-la-renaturalizacion-del-camino-de-ronda-de-la-savinosa-con-consenso-institucional\\\/#breadcrumb\"},\"inLanguage\":\"es\",\"potentialAction\":[{\"@type\":\"ReadAction\",\"target\":[\"https:\\\/\\\/radiociutat.com\\\/es\\\/tarragona-daily-radio-ciutat-de-tarragona\\\/tarragona-daily-arranca-la-renaturalizacion-del-camino-de-ronda-de-la-savinosa-con-consenso-institucional\\\/\"]}]},{\"@type\":\"ImageObject\",\"inLanguage\":\"es\",\"@id\":\"https:\\\/\\\/radiociutat.com\\\/es\\\/tarragona-daily-radio-ciutat-de-tarragona\\\/tarragona-daily-arranca-la-renaturalizacion-del-camino-de-ronda-de-la-savinosa-con-consenso-institucional\\\/#primaryimage\",\"url\":\"https:\\\/\\\/files.radiociutat.com\\\/rctgn\\\/wp-content\\\/uploads\\\/2022\\\/12\\\/Savinosa-Hub-e1717422121476.jpeg\",\"contentUrl\":\"https:\\\/\\\/files.radiociutat.com\\\/rctgn\\\/wp-content\\\/uploads\\\/2022\\\/12\\\/Savinosa-Hub-e1717422121476.jpeg\",\"width\":620,\"height\":414,\"caption\":\"Savinosa Hub\"},{\"@type\":\"BreadcrumbList\",\"@id\":\"https:\\\/\\\/radiociutat.com\\\/es\\\/tarragona-daily-radio-ciutat-de-tarragona\\\/tarragona-daily-arranca-la-renaturalizacion-del-camino-de-ronda-de-la-savinosa-con-consenso-institucional\\\/#breadcrumb\",\"itemListElement\":[{\"@type\":\"ListItem\",\"position\":1,\"name\":\"Inici\",\"item\":\"https:\\\/\\\/radiociutat.com\\\/es\\\/\"},{\"@type\":\"ListItem\",\"position\":2,\"name\":\"Tarragona Daily | Arranca la renaturalizaci\u00f3n del camino de ronda de la Savinosa con consenso institucional\"}]},{\"@type\":\"WebSite\",\"@id\":\"https:\\\/\\\/radiociutat.com\\\/es\\\/#website\",\"url\":\"https:\\\/\\\/radiociutat.com\\\/es\\\/\",\"name\":\"R\u00e0dio Ciutat de Tarragona\",\"description\":\"R\u00e0dio Ciutat de Tarragona - RCTgn.cat R\u00e0dio Online\",\"potentialAction\":[{\"@type\":\"SearchAction\",\"target\":{\"@type\":\"EntryPoint\",\"urlTemplate\":\"https:\\\/\\\/radiociutat.com\\\/es\\\/?s={search_term_string}\"},\"query-input\":{\"@type\":\"PropertyValueSpecification\",\"valueRequired\":true,\"valueName\":\"search_term_string\"}}],\"inLanguage\":\"es\"},{\"@type\":\"Person\",\"@id\":\"https:\\\/\\\/radiociutat.com\\\/es\\\/#\\\/schema\\\/person\\\/daeecbc4942e3432e8d8b8663bf7d714\",\"name\":\"Adri\u00e0 Duch\",\"sameAs\":[\"https:\\\/\\\/radiociutat.com\\\/wp-content\\\/uploads\\\/2024\\\/02\\\/ADRIA-DUCH.png\"],\"url\":\"https:\\\/\\\/radiociutat.com\\\/es\\\/author\\\/adria-duch\\\/\"}]}<\/script>\n<!-- \/ Yoast SEO Premium plugin. -->","yoast_head_json":{"title":"Tarragona Daily | Arranca la renaturalizaci\u00f3n del camino de ronda de la Savinosa con consenso institucional - R\u00e0dio Ciutat de Tarragona","robots":{"index":"index","follow":"follow","max-snippet":"max-snippet:-1","max-image-preview":"max-image-preview:large","max-video-preview":"max-video-preview:-1"},"canonical":"https:\/\/radiociutat.com\/es\/tarragona-daily-radio-ciutat-de-tarragona\/tarragona-daily-arranca-la-renaturalizacion-del-camino-de-ronda-de-la-savinosa-con-consenso-institucional\/","og_locale":"es_ES","og_type":"article","og_title":"Tarragona Daily | Arranca la renaturalizaci\u00f3n del camino de ronda de la Savinosa con consenso institucional","og_description":"Se inician las obras de renaturalizaci\u00f3n del camino de ronda de la Savinosa Este lunes han comenzado las obras de renaturalizaci\u00f3n del camino de ronda de la Savinosa, en Tarragona, con la previsi\u00f3n de que queden terminadas a finales de a\u00f1o. El proyecto, impulsado con la participaci\u00f3n de la Diputaci\u00f3n, la Subdelegaci\u00f3n del Gobierno y [&hellip;]","og_url":"https:\/\/radiociutat.com\/es\/tarragona-daily-radio-ciutat-de-tarragona\/tarragona-daily-arranca-la-renaturalizacion-del-camino-de-ronda-de-la-savinosa-con-consenso-institucional\/","og_site_name":"R\u00e0dio Ciutat de Tarragona","article_publisher":"https:\/\/www.facebook.com\/rctgn","article_published_time":"2026-04-27T11:53:09+00:00","og_image":[{"width":620,"height":414,"url":"https:\/\/files.radiociutat.com\/rctgn\/wp-content\/uploads\/2022\/12\/Savinosa-Hub-e1717422121476.jpeg","type":"image\/jpeg"}],"author":"Adri\u00e0 Duch","twitter_card":"summary_large_image","twitter_creator":"@RCTgn","twitter_site":"@RCTgn","twitter_misc":{"Escrito por":"Adri\u00e0 Duch","Tiempo de lectura":"3 minutos"},"schema":{"@context":"https:\/\/schema.org","@graph":[{"@type":"Article","@id":"https:\/\/radiociutat.com\/es\/tarragona-daily-radio-ciutat-de-tarragona\/tarragona-daily-arranca-la-renaturalizacion-del-camino-de-ronda-de-la-savinosa-con-consenso-institucional\/#article","isPartOf":{"@id":"https:\/\/radiociutat.com\/es\/tarragona-daily-radio-ciutat-de-tarragona\/tarragona-daily-arranca-la-renaturalizacion-del-camino-de-ronda-de-la-savinosa-con-consenso-institucional\/"},"author":{"name":"Adri\u00e0 Duch","@id":"https:\/\/radiociutat.com\/es\/#\/schema\/person\/daeecbc4942e3432e8d8b8663bf7d714"},"headline":"Tarragona Daily | Arranca la renaturalizaci\u00f3n del camino de ronda de la Savinosa con consenso institucional","datePublished":"2026-04-27T11:53:09+00:00","mainEntityOfPage":{"@id":"https:\/\/radiociutat.com\/es\/tarragona-daily-radio-ciutat-de-tarragona\/tarragona-daily-arranca-la-renaturalizacion-del-camino-de-ronda-de-la-savinosa-con-consenso-institucional\/"},"wordCount":660,"image":{"@id":"https:\/\/radiociutat.com\/es\/tarragona-daily-radio-ciutat-de-tarragona\/tarragona-daily-arranca-la-renaturalizacion-del-camino-de-ronda-de-la-savinosa-con-consenso-institucional\/#primaryimage"},"thumbnailUrl":"https:\/\/files.radiociutat.com\/rctgn\/wp-content\/uploads\/2022\/12\/Savinosa-Hub-e1717422121476.jpeg","keywords":["Tarragona","Tarragona Daily"],"articleSection":["Tarragona Daily - R\u00e0dio Ciutat de Tarragona"],"inLanguage":"es"},{"@type":"WebPage","@id":"https:\/\/radiociutat.com\/es\/tarragona-daily-radio-ciutat-de-tarragona\/tarragona-daily-arranca-la-renaturalizacion-del-camino-de-ronda-de-la-savinosa-con-consenso-institucional\/","url":"https:\/\/radiociutat.com\/es\/tarragona-daily-radio-ciutat-de-tarragona\/tarragona-daily-arranca-la-renaturalizacion-del-camino-de-ronda-de-la-savinosa-con-consenso-institucional\/","name":"Tarragona Daily | Arranca la renaturalizaci\u00f3n del camino de ronda de la Savinosa con consenso institucional - R\u00e0dio Ciutat de Tarragona","isPartOf":{"@id":"https:\/\/radiociutat.com\/es\/#website"},"primaryImageOfPage":{"@id":"https:\/\/radiociutat.com\/es\/tarragona-daily-radio-ciutat-de-tarragona\/tarragona-daily-arranca-la-renaturalizacion-del-camino-de-ronda-de-la-savinosa-con-consenso-institucional\/#primaryimage"},"image":{"@id":"https:\/\/radiociutat.com\/es\/tarragona-daily-radio-ciutat-de-tarragona\/tarragona-daily-arranca-la-renaturalizacion-del-camino-de-ronda-de-la-savinosa-con-consenso-institucional\/#primaryimage"},"thumbnailUrl":"https:\/\/files.radiociutat.com\/rctgn\/wp-content\/uploads\/2022\/12\/Savinosa-Hub-e1717422121476.jpeg","datePublished":"2026-04-27T11:53:09+00:00","author":{"@id":"https:\/\/radiociutat.com\/es\/#\/schema\/person\/daeecbc4942e3432e8d8b8663bf7d714"},"breadcrumb":{"@id":"https:\/\/radiociutat.com\/es\/tarragona-daily-radio-ciutat-de-tarragona\/tarragona-daily-arranca-la-renaturalizacion-del-camino-de-ronda-de-la-savinosa-con-consenso-institucional\/#breadcrumb"},"inLanguage":"es","potentialAction":[{"@type":"ReadAction","target":["https:\/\/radiociutat.com\/es\/tarragona-daily-radio-ciutat-de-tarragona\/tarragona-daily-arranca-la-renaturalizacion-del-camino-de-ronda-de-la-savinosa-con-consenso-institucional\/"]}]},{"@type":"ImageObject","inLanguage":"es","@id":"https:\/\/radiociutat.com\/es\/tarragona-daily-radio-ciutat-de-tarragona\/tarragona-daily-arranca-la-renaturalizacion-del-camino-de-ronda-de-la-savinosa-con-consenso-institucional\/#primaryimage","url":"https:\/\/files.radiociutat.com\/rctgn\/wp-content\/uploads\/2022\/12\/Savinosa-Hub-e1717422121476.jpeg","contentUrl":"https:\/\/files.radiociutat.com\/rctgn\/wp-content\/uploads\/2022\/12\/Savinosa-Hub-e1717422121476.jpeg","width":620,"height":414,"caption":"Savinosa Hub"},{"@type":"BreadcrumbList","@id":"https:\/\/radiociutat.com\/es\/tarragona-daily-radio-ciutat-de-tarragona\/tarragona-daily-arranca-la-renaturalizacion-del-camino-de-ronda-de-la-savinosa-con-consenso-institucional\/#breadcrumb","itemListElement":[{"@type":"ListItem","position":1,"name":"Inici","item":"https:\/\/radiociutat.com\/es\/"},{"@type":"ListItem","position":2,"name":"Tarragona Daily | Arranca la renaturalizaci\u00f3n del camino de ronda de la Savinosa con consenso institucional"}]},{"@type":"WebSite","@id":"https:\/\/radiociutat.com\/es\/#website","url":"https:\/\/radiociutat.com\/es\/","name":"R\u00e0dio Ciutat de Tarragona","description":"R\u00e0dio Ciutat de Tarragona - RCTgn.cat R\u00e0dio Online","potentialAction":[{"@type":"SearchAction","target":{"@type":"EntryPoint","urlTemplate":"https:\/\/radiociutat.com\/es\/?s={search_term_string}"},"query-input":{"@type":"PropertyValueSpecification","valueRequired":true,"valueName":"search_term_string"}}],"inLanguage":"es"},{"@type":"Person","@id":"https:\/\/radiociutat.com\/es\/#\/schema\/person\/daeecbc4942e3432e8d8b8663bf7d714","name":"Adri\u00e0 Duch","sameAs":["https:\/\/radiociutat.com\/wp-content\/uploads\/2024\/02\/ADRIA-DUCH.png"],"url":"https:\/\/radiociutat.com\/es\/author\/adria-duch\/"}]}},"_links":{"self":[{"href":"https:\/\/radiociutat.com\/es\/wp-json\/wp\/v2\/posts\/378206","targetHints":{"allow":["GET"]}}],"collection":[{"href":"https:\/\/radiociutat.com\/es\/wp-json\/wp\/v2\/posts"}],"about":[{"href":"https:\/\/radiociutat.com\/es\/wp-json\/wp\/v2\/types\/post"}],"author":[{"embeddable":true,"href":"https:\/\/radiociutat.com\/es\/wp-json\/wp\/v2\/users\/84"}],"replies":[{"embeddable":true,"href":"https:\/\/radiociutat.com\/es\/wp-json\/wp\/v2\/comments?post=378206"}],"version-history":[{"count":0,"href":"https:\/\/radiociutat.com\/es\/wp-json\/wp\/v2\/posts\/378206\/revisions"}],"wp:featuredmedia":[{"embeddable":true,"href":"https:\/\/radiociutat.com\/es\/wp-json\/wp\/v2\/media\/321780"}],"wp:attachment":[{"href":"https:\/\/radiociutat.com\/es\/wp-json\/wp\/v2\/media?parent=378206"}],"wp:term":[{"taxonomy":"category","embeddable":true,"href":"https:\/\/radiociutat.com\/es\/wp-json\/wp\/v2\/categories?post=378206"},{"taxonomy":"post_tag","embeddable":true,"href":"https:\/\/radiociutat.com\/es\/wp-json\/wp\/v2\/tags?post=378206"}],"curies":[{"name":"wp","href":"https:\/\/api.w.org\/{rel}","templated":true}]}}