{"id":378193,"date":"2026-04-27T13:26:23","date_gmt":"2026-04-27T11:26:23","guid":{"rendered":"https:\/\/radiociutat.com\/programes-podcast\/se-inician-las-obras-de-renaturalizacion-del-camino-de-ronda-de-la-savinosa\/"},"modified":"2026-04-27T13:26:23","modified_gmt":"2026-04-27T11:26:23","slug":"se-inician-las-obras-de-renaturalizacion-del-camino-de-ronda-de-la-savinosa","status":"publish","type":"post","link":"https:\/\/radiociutat.com\/es\/ultimas-noticias\/se-inician-las-obras-de-renaturalizacion-del-camino-de-ronda-de-la-savinosa\/","title":{"rendered":"Se inician las obras de renaturalizaci\u00f3n del camino de ronda de la Savinosa"},"content":{"rendered":"\n<p>Este lunes han comenzado las obras del <strong>camino de ronda de la Savinosa<\/strong>. La previsi\u00f3n es que est\u00e9n terminadas a finales de a\u00f1o. Diputaci\u00f3n, Subdelegaci\u00f3n del Gobierno en Tarragona y Ayuntamiento decidieron ajustar el trazado del proyecto a las demandas de las entidades ecologistas para preservar el espacio.<\/p>\n\n\n\n<p>El proyecto encara ahora su recta final tras la pol\u00e9mica que lo hab\u00eda rodeado en los \u00faltimos meses. Se ha acordado modificar el trazado del camino de ronda en su tramo inicial que linda con la Vall de l\u2019Arrabassada para seguir la pista existente y la parte central del Roquissar, tambi\u00e9n se ha respetado, seg\u00fan explican las asociaciones ecologistas. La subdelegada del Gobierno en Tarragona, <strong>Elisabet Romero<\/strong>, ha destacado que el proyecto modificado es mejor que el inicial.<\/p>\n\n\n\n<figure class=\"wp-block-audio\"><audio controls src=\"https:\/\/files.radiociutat.com\/rctgn\/wp-content\/uploads\/2026\/04\/TALL-ROMERO-SAVINOSA.mp3\"><\/audio><\/figure>\n\n\n\n<p>La ejecuci\u00f3n de la obra la llevar\u00e1 a cabo la empresa Seranco S.A.U, con una inversi\u00f3n cercana al mill\u00f3n de euros.<\/p>\n","protected":false},"excerpt":{"rendered":"<p>Este lunes han comenzado las obras del camino de ronda de la Savinosa. La previsi\u00f3n es que est\u00e9n terminadas a finales de a\u00f1o. Diputaci\u00f3n, Subdelegaci\u00f3n del Gobierno en Tarragona y Ayuntamiento decidieron ajustar el trazado del proyecto a las demandas de las entidades ecologistas para preservar el espacio. El proyecto encara ahora su recta final [&hellip;]<\/p>\n","protected":false},"author":1,"featured_media":378182,"comment_status":"closed","ping_status":"closed","sticky":false,"template":"","format":"standard","meta":{"footnotes":""},"categories":[13688,13716],"tags":[773,13770,19],"class_list":["post-378193","post","type-post","status-publish","format-standard","has-post-thumbnail","hentry","category-cronicas","category-ultimas-noticias","tag-obres","tag-savinosa-2","tag-tarragona"],"yoast_head":"<!-- This site is optimized with the Yoast SEO Premium plugin v27.4 (Yoast SEO v27.4) - https:\/\/yoast.com\/product\/yoast-seo-premium-wordpress\/ -->\n<title>Se inician las obras de renaturalizaci\u00f3n del camino de ronda de la Savinosa - R\u00e0dio Ciutat de Tarragona<\/title>\n<meta name=\"robots\" content=\"index, follow, max-snippet:-1, max-image-preview:large, max-video-preview:-1\" \/>\n<link rel=\"canonical\" href=\"https:\/\/radiociutat.com\/es\/ultimas-noticias\/se-inician-las-obras-de-renaturalizacion-del-camino-de-ronda-de-la-savinosa\/\" \/>\n<meta property=\"og:locale\" content=\"es_ES\" \/>\n<meta property=\"og:type\" content=\"article\" \/>\n<meta property=\"og:title\" content=\"Se inician las obras de renaturalizaci\u00f3n del camino de ronda de la Savinosa\" \/>\n<meta property=\"og:description\" content=\"Este lunes han comenzado las obras del camino de ronda de la Savinosa. La previsi\u00f3n es que est\u00e9n terminadas a finales de a\u00f1o. Diputaci\u00f3n, Subdelegaci\u00f3n del Gobierno en Tarragona y Ayuntamiento decidieron ajustar el trazado del proyecto a las demandas de las entidades ecologistas para preservar el espacio. El proyecto encara ahora su recta final [&hellip;]\" \/>\n<meta property=\"og:url\" content=\"https:\/\/radiociutat.com\/es\/ultimas-noticias\/se-inician-las-obras-de-renaturalizacion-del-camino-de-ronda-de-la-savinosa\/\" \/>\n<meta property=\"og:site_name\" content=\"R\u00e0dio Ciutat de Tarragona\" \/>\n<meta property=\"article:publisher\" content=\"https:\/\/www.facebook.com\/rctgn\" \/>\n<meta property=\"article:published_time\" content=\"2026-04-27T11:26:23+00:00\" \/>\n<meta property=\"og:image\" content=\"https:\/\/files.radiociutat.com\/rctgn\/wp-content\/uploads\/2026\/04\/Cami-Ronda-Savinosa-e1777289120545.jpg\" \/>\n\t<meta property=\"og:image:width\" content=\"1200\" \/>\n\t<meta property=\"og:image:height\" content=\"664\" \/>\n\t<meta property=\"og:image:type\" content=\"image\/jpeg\" \/>\n<meta name=\"author\" content=\"Redacci\u00f3\" \/>\n<meta name=\"twitter:card\" content=\"summary_large_image\" \/>\n<meta name=\"twitter:creator\" content=\"@RCTgn\" \/>\n<meta name=\"twitter:site\" content=\"@RCTgn\" \/>\n<meta name=\"twitter:label1\" content=\"Escrito por\" \/>\n\t<meta name=\"twitter:data1\" content=\"Redacci\u00f3\" \/>\n\t<meta name=\"twitter:label2\" content=\"Tiempo de lectura\" \/>\n\t<meta name=\"twitter:data2\" content=\"1 minuto\" \/>\n<script type=\"application\/ld+json\" class=\"yoast-schema-graph\">{\"@context\":\"https:\\\/\\\/schema.org\",\"@graph\":[{\"@type\":\"Article\",\"@id\":\"https:\\\/\\\/radiociutat.com\\\/es\\\/ultimas-noticias\\\/se-inician-las-obras-de-renaturalizacion-del-camino-de-ronda-de-la-savinosa\\\/#article\",\"isPartOf\":{\"@id\":\"https:\\\/\\\/radiociutat.com\\\/es\\\/ultimas-noticias\\\/se-inician-las-obras-de-renaturalizacion-del-camino-de-ronda-de-la-savinosa\\\/\"},\"author\":{\"name\":\"Redacci\u00f3\",\"@id\":\"https:\\\/\\\/radiociutat.com\\\/es\\\/#\\\/schema\\\/person\\\/04b6638f9d2a9ea77408db76c5d8f0b5\"},\"headline\":\"Se inician las obras de renaturalizaci\u00f3n del camino de ronda de la Savinosa\",\"datePublished\":\"2026-04-27T11:26:23+00:00\",\"mainEntityOfPage\":{\"@id\":\"https:\\\/\\\/radiociutat.com\\\/es\\\/ultimas-noticias\\\/se-inician-las-obras-de-renaturalizacion-del-camino-de-ronda-de-la-savinosa\\\/\"},\"wordCount\":176,\"image\":{\"@id\":\"https:\\\/\\\/radiociutat.com\\\/es\\\/ultimas-noticias\\\/se-inician-las-obras-de-renaturalizacion-del-camino-de-ronda-de-la-savinosa\\\/#primaryimage\"},\"thumbnailUrl\":\"https:\\\/\\\/files.radiociutat.com\\\/rctgn\\\/wp-content\\\/uploads\\\/2026\\\/04\\\/Cami-Ronda-Savinosa-e1777289120545.jpg\",\"keywords\":[\"Obres\",\"Savinosa\",\"Tarragona\"],\"articleSection\":[\"Cr\u00f3nicas\",\"\u00daltimas noticias\"],\"inLanguage\":\"es\"},{\"@type\":\"WebPage\",\"@id\":\"https:\\\/\\\/radiociutat.com\\\/es\\\/ultimas-noticias\\\/se-inician-las-obras-de-renaturalizacion-del-camino-de-ronda-de-la-savinosa\\\/\",\"url\":\"https:\\\/\\\/radiociutat.com\\\/es\\\/ultimas-noticias\\\/se-inician-las-obras-de-renaturalizacion-del-camino-de-ronda-de-la-savinosa\\\/\",\"name\":\"Se inician las obras de renaturalizaci\u00f3n del camino de ronda de la Savinosa - R\u00e0dio Ciutat de Tarragona\",\"isPartOf\":{\"@id\":\"https:\\\/\\\/radiociutat.com\\\/es\\\/#website\"},\"primaryImageOfPage\":{\"@id\":\"https:\\\/\\\/radiociutat.com\\\/es\\\/ultimas-noticias\\\/se-inician-las-obras-de-renaturalizacion-del-camino-de-ronda-de-la-savinosa\\\/#primaryimage\"},\"image\":{\"@id\":\"https:\\\/\\\/radiociutat.com\\\/es\\\/ultimas-noticias\\\/se-inician-las-obras-de-renaturalizacion-del-camino-de-ronda-de-la-savinosa\\\/#primaryimage\"},\"thumbnailUrl\":\"https:\\\/\\\/files.radiociutat.com\\\/rctgn\\\/wp-content\\\/uploads\\\/2026\\\/04\\\/Cami-Ronda-Savinosa-e1777289120545.jpg\",\"datePublished\":\"2026-04-27T11:26:23+00:00\",\"author\":{\"@id\":\"https:\\\/\\\/radiociutat.com\\\/es\\\/#\\\/schema\\\/person\\\/04b6638f9d2a9ea77408db76c5d8f0b5\"},\"breadcrumb\":{\"@id\":\"https:\\\/\\\/radiociutat.com\\\/es\\\/ultimas-noticias\\\/se-inician-las-obras-de-renaturalizacion-del-camino-de-ronda-de-la-savinosa\\\/#breadcrumb\"},\"inLanguage\":\"es\",\"potentialAction\":[{\"@type\":\"ReadAction\",\"target\":[\"https:\\\/\\\/radiociutat.com\\\/es\\\/ultimas-noticias\\\/se-inician-las-obras-de-renaturalizacion-del-camino-de-ronda-de-la-savinosa\\\/\"]}]},{\"@type\":\"ImageObject\",\"inLanguage\":\"es\",\"@id\":\"https:\\\/\\\/radiociutat.com\\\/es\\\/ultimas-noticias\\\/se-inician-las-obras-de-renaturalizacion-del-camino-de-ronda-de-la-savinosa\\\/#primaryimage\",\"url\":\"https:\\\/\\\/files.radiociutat.com\\\/rctgn\\\/wp-content\\\/uploads\\\/2026\\\/04\\\/Cami-Ronda-Savinosa-e1777289120545.jpg\",\"contentUrl\":\"https:\\\/\\\/files.radiociutat.com\\\/rctgn\\\/wp-content\\\/uploads\\\/2026\\\/04\\\/Cami-Ronda-Savinosa-e1777289120545.jpg\",\"width\":1200,\"height\":664},{\"@type\":\"BreadcrumbList\",\"@id\":\"https:\\\/\\\/radiociutat.com\\\/es\\\/ultimas-noticias\\\/se-inician-las-obras-de-renaturalizacion-del-camino-de-ronda-de-la-savinosa\\\/#breadcrumb\",\"itemListElement\":[{\"@type\":\"ListItem\",\"position\":1,\"name\":\"Inici\",\"item\":\"https:\\\/\\\/radiociutat.com\\\/es\\\/\"},{\"@type\":\"ListItem\",\"position\":2,\"name\":\"Se inician las obras de renaturalizaci\u00f3n del camino de ronda de la Savinosa\"}]},{\"@type\":\"WebSite\",\"@id\":\"https:\\\/\\\/radiociutat.com\\\/es\\\/#website\",\"url\":\"https:\\\/\\\/radiociutat.com\\\/es\\\/\",\"name\":\"R\u00e0dio Ciutat de Tarragona\",\"description\":\"R\u00e0dio Ciutat de Tarragona - RCTgn.cat R\u00e0dio Online\",\"potentialAction\":[{\"@type\":\"SearchAction\",\"target\":{\"@type\":\"EntryPoint\",\"urlTemplate\":\"https:\\\/\\\/radiociutat.com\\\/es\\\/?s={search_term_string}\"},\"query-input\":{\"@type\":\"PropertyValueSpecification\",\"valueRequired\":true,\"valueName\":\"search_term_string\"}}],\"inLanguage\":\"es\"},{\"@type\":\"Person\",\"@id\":\"https:\\\/\\\/radiociutat.com\\\/es\\\/#\\\/schema\\\/person\\\/04b6638f9d2a9ea77408db76c5d8f0b5\",\"name\":\"Redacci\u00f3\",\"sameAs\":[\"https:\\\/\\\/radiociutat.com\\\/wp-content\\\/uploads\\\/2023\\\/09\\\/LOGO-RCTGN-CUADRAT.png\"],\"url\":\"https:\\\/\\\/radiociutat.com\\\/es\\\/author\\\/jespinosa\\\/\"}]}<\/script>\n<!-- \/ Yoast SEO Premium plugin. -->","yoast_head_json":{"title":"Se inician las obras de renaturalizaci\u00f3n del camino de ronda de la Savinosa - R\u00e0dio Ciutat de Tarragona","robots":{"index":"index","follow":"follow","max-snippet":"max-snippet:-1","max-image-preview":"max-image-preview:large","max-video-preview":"max-video-preview:-1"},"canonical":"https:\/\/radiociutat.com\/es\/ultimas-noticias\/se-inician-las-obras-de-renaturalizacion-del-camino-de-ronda-de-la-savinosa\/","og_locale":"es_ES","og_type":"article","og_title":"Se inician las obras de renaturalizaci\u00f3n del camino de ronda de la Savinosa","og_description":"Este lunes han comenzado las obras del camino de ronda de la Savinosa. La previsi\u00f3n es que est\u00e9n terminadas a finales de a\u00f1o. Diputaci\u00f3n, Subdelegaci\u00f3n del Gobierno en Tarragona y Ayuntamiento decidieron ajustar el trazado del proyecto a las demandas de las entidades ecologistas para preservar el espacio. El proyecto encara ahora su recta final [&hellip;]","og_url":"https:\/\/radiociutat.com\/es\/ultimas-noticias\/se-inician-las-obras-de-renaturalizacion-del-camino-de-ronda-de-la-savinosa\/","og_site_name":"R\u00e0dio Ciutat de Tarragona","article_publisher":"https:\/\/www.facebook.com\/rctgn","article_published_time":"2026-04-27T11:26:23+00:00","og_image":[{"width":1200,"height":664,"url":"https:\/\/files.radiociutat.com\/rctgn\/wp-content\/uploads\/2026\/04\/Cami-Ronda-Savinosa-e1777289120545.jpg","type":"image\/jpeg"}],"author":"Redacci\u00f3","twitter_card":"summary_large_image","twitter_creator":"@RCTgn","twitter_site":"@RCTgn","twitter_misc":{"Escrito por":"Redacci\u00f3","Tiempo de lectura":"1 minuto"},"schema":{"@context":"https:\/\/schema.org","@graph":[{"@type":"Article","@id":"https:\/\/radiociutat.com\/es\/ultimas-noticias\/se-inician-las-obras-de-renaturalizacion-del-camino-de-ronda-de-la-savinosa\/#article","isPartOf":{"@id":"https:\/\/radiociutat.com\/es\/ultimas-noticias\/se-inician-las-obras-de-renaturalizacion-del-camino-de-ronda-de-la-savinosa\/"},"author":{"name":"Redacci\u00f3","@id":"https:\/\/radiociutat.com\/es\/#\/schema\/person\/04b6638f9d2a9ea77408db76c5d8f0b5"},"headline":"Se inician las obras de renaturalizaci\u00f3n del camino de ronda de la Savinosa","datePublished":"2026-04-27T11:26:23+00:00","mainEntityOfPage":{"@id":"https:\/\/radiociutat.com\/es\/ultimas-noticias\/se-inician-las-obras-de-renaturalizacion-del-camino-de-ronda-de-la-savinosa\/"},"wordCount":176,"image":{"@id":"https:\/\/radiociutat.com\/es\/ultimas-noticias\/se-inician-las-obras-de-renaturalizacion-del-camino-de-ronda-de-la-savinosa\/#primaryimage"},"thumbnailUrl":"https:\/\/files.radiociutat.com\/rctgn\/wp-content\/uploads\/2026\/04\/Cami-Ronda-Savinosa-e1777289120545.jpg","keywords":["Obres","Savinosa","Tarragona"],"articleSection":["Cr\u00f3nicas","\u00daltimas noticias"],"inLanguage":"es"},{"@type":"WebPage","@id":"https:\/\/radiociutat.com\/es\/ultimas-noticias\/se-inician-las-obras-de-renaturalizacion-del-camino-de-ronda-de-la-savinosa\/","url":"https:\/\/radiociutat.com\/es\/ultimas-noticias\/se-inician-las-obras-de-renaturalizacion-del-camino-de-ronda-de-la-savinosa\/","name":"Se inician las obras de renaturalizaci\u00f3n del camino de ronda de la Savinosa - R\u00e0dio Ciutat de Tarragona","isPartOf":{"@id":"https:\/\/radiociutat.com\/es\/#website"},"primaryImageOfPage":{"@id":"https:\/\/radiociutat.com\/es\/ultimas-noticias\/se-inician-las-obras-de-renaturalizacion-del-camino-de-ronda-de-la-savinosa\/#primaryimage"},"image":{"@id":"https:\/\/radiociutat.com\/es\/ultimas-noticias\/se-inician-las-obras-de-renaturalizacion-del-camino-de-ronda-de-la-savinosa\/#primaryimage"},"thumbnailUrl":"https:\/\/files.radiociutat.com\/rctgn\/wp-content\/uploads\/2026\/04\/Cami-Ronda-Savinosa-e1777289120545.jpg","datePublished":"2026-04-27T11:26:23+00:00","author":{"@id":"https:\/\/radiociutat.com\/es\/#\/schema\/person\/04b6638f9d2a9ea77408db76c5d8f0b5"},"breadcrumb":{"@id":"https:\/\/radiociutat.com\/es\/ultimas-noticias\/se-inician-las-obras-de-renaturalizacion-del-camino-de-ronda-de-la-savinosa\/#breadcrumb"},"inLanguage":"es","potentialAction":[{"@type":"ReadAction","target":["https:\/\/radiociutat.com\/es\/ultimas-noticias\/se-inician-las-obras-de-renaturalizacion-del-camino-de-ronda-de-la-savinosa\/"]}]},{"@type":"ImageObject","inLanguage":"es","@id":"https:\/\/radiociutat.com\/es\/ultimas-noticias\/se-inician-las-obras-de-renaturalizacion-del-camino-de-ronda-de-la-savinosa\/#primaryimage","url":"https:\/\/files.radiociutat.com\/rctgn\/wp-content\/uploads\/2026\/04\/Cami-Ronda-Savinosa-e1777289120545.jpg","contentUrl":"https:\/\/files.radiociutat.com\/rctgn\/wp-content\/uploads\/2026\/04\/Cami-Ronda-Savinosa-e1777289120545.jpg","width":1200,"height":664},{"@type":"BreadcrumbList","@id":"https:\/\/radiociutat.com\/es\/ultimas-noticias\/se-inician-las-obras-de-renaturalizacion-del-camino-de-ronda-de-la-savinosa\/#breadcrumb","itemListElement":[{"@type":"ListItem","position":1,"name":"Inici","item":"https:\/\/radiociutat.com\/es\/"},{"@type":"ListItem","position":2,"name":"Se inician las obras de renaturalizaci\u00f3n del camino de ronda de la Savinosa"}]},{"@type":"WebSite","@id":"https:\/\/radiociutat.com\/es\/#website","url":"https:\/\/radiociutat.com\/es\/","name":"R\u00e0dio Ciutat de Tarragona","description":"R\u00e0dio Ciutat de Tarragona - RCTgn.cat R\u00e0dio Online","potentialAction":[{"@type":"SearchAction","target":{"@type":"EntryPoint","urlTemplate":"https:\/\/radiociutat.com\/es\/?s={search_term_string}"},"query-input":{"@type":"PropertyValueSpecification","valueRequired":true,"valueName":"search_term_string"}}],"inLanguage":"es"},{"@type":"Person","@id":"https:\/\/radiociutat.com\/es\/#\/schema\/person\/04b6638f9d2a9ea77408db76c5d8f0b5","name":"Redacci\u00f3","sameAs":["https:\/\/radiociutat.com\/wp-content\/uploads\/2023\/09\/LOGO-RCTGN-CUADRAT.png"],"url":"https:\/\/radiociutat.com\/es\/author\/jespinosa\/"}]}},"_links":{"self":[{"href":"https:\/\/radiociutat.com\/es\/wp-json\/wp\/v2\/posts\/378193","targetHints":{"allow":["GET"]}}],"collection":[{"href":"https:\/\/radiociutat.com\/es\/wp-json\/wp\/v2\/posts"}],"about":[{"href":"https:\/\/radiociutat.com\/es\/wp-json\/wp\/v2\/types\/post"}],"author":[{"embeddable":true,"href":"https:\/\/radiociutat.com\/es\/wp-json\/wp\/v2\/users\/1"}],"replies":[{"embeddable":true,"href":"https:\/\/radiociutat.com\/es\/wp-json\/wp\/v2\/comments?post=378193"}],"version-history":[{"count":0,"href":"https:\/\/radiociutat.com\/es\/wp-json\/wp\/v2\/posts\/378193\/revisions"}],"wp:featuredmedia":[{"embeddable":true,"href":"https:\/\/radiociutat.com\/es\/wp-json\/wp\/v2\/media\/378182"}],"wp:attachment":[{"href":"https:\/\/radiociutat.com\/es\/wp-json\/wp\/v2\/media?parent=378193"}],"wp:term":[{"taxonomy":"category","embeddable":true,"href":"https:\/\/radiociutat.com\/es\/wp-json\/wp\/v2\/categories?post=378193"},{"taxonomy":"post_tag","embeddable":true,"href":"https:\/\/radiociutat.com\/es\/wp-json\/wp\/v2\/tags?post=378193"}],"curies":[{"name":"wp","href":"https:\/\/api.w.org\/{rel}","templated":true}]}}