{"id":378155,"date":"2026-04-27T12:32:42","date_gmt":"2026-04-27T10:32:42","guid":{"rendered":"https:\/\/radiociutat.com\/programes-podcast\/mas-de-2-100-alumnos-de-secundaria-descubren-la-urv-en-las-jornadas-de-puertas-abiertas\/"},"modified":"2026-04-27T12:32:42","modified_gmt":"2026-04-27T10:32:42","slug":"mas-de-2-100-alumnos-de-secundaria-descubren-la-urv-en-las-jornadas-de-puertas-abiertas","status":"publish","type":"post","link":"https:\/\/radiociutat.com\/es\/provincia-de-tarragona\/mas-de-2-100-alumnos-de-secundaria-descubren-la-urv-en-las-jornadas-de-puertas-abiertas\/","title":{"rendered":"M\u00e1s de 2.100 alumnos de secundaria descubren la URV en las jornadas de puertas abiertas"},"content":{"rendered":"<section class=\"text-token-text-primary w-full focus:outline-none [--shadow-height:45px] has-data-writing-block:pointer-events-none has-data-writing-block:-mt-(--shadow-height) has-data-writing-block:pt-(--shadow-height) [&amp;:has([data-writing-block])&gt;*]:pointer-events-auto [content-visibility:auto] supports-[content-visibility:auto]:[contain-intrinsic-size:auto_100lvh] R6Vx5W_threadScrollVars scroll-mb-[calc(var(--scroll-root-safe-area-inset-bottom,0px)+var(--thread-response-height))] scroll-mt-[calc(var(--header-height)+min(200px,max(70px,20svh)))]\" dir=\"auto\" data-turn-id=\"request-WEB:e7679dc0-312d-4889-94f7-7d4ce7563dad-0\" data-testid=\"conversation-turn-2\" data-scroll-anchor=\"false\" data-turn=\"assistant\">\n<div class=\"text-base my-auto mx-auto pb-10 [--thread-content-margin:var(--thread-content-margin-xs,calc(var(--spacing)*4))] @w-sm\/main:[--thread-content-margin:var(--thread-content-margin-sm,calc(var(--spacing)*6))] @w-lg\/main:[--thread-content-margin:var(--thread-content-margin-lg,calc(var(--spacing)*16))] px-(--thread-content-margin)\">\n<div class=\"[--thread-content-max-width:40rem] @w-lg\/main:[--thread-content-max-width:48rem] mx-auto max-w-(--thread-content-max-width) flex-1 group\/turn-messages focus-visible:outline-hidden relative flex w-full min-w-0 flex-col agent-turn\">\n<div class=\"flex max-w-full flex-col gap-4 grow\">\n<div class=\"min-h-8 text-message relative flex w-full flex-col items-end gap-2 text-start break-words whitespace-normal outline-none keyboard-focused:focus-ring [.text-message+&amp;]:mt-1\" dir=\"auto\" data-message-author-role=\"assistant\" data-message-id=\"0c574b18-d5cf-46e5-aca4-61c696913073\" data-message-model-slug=\"gpt-5-3\" data-turn-start-message=\"true\">\n<div class=\"flex w-full flex-col gap-1 empty:hidden\">\n<div class=\"markdown prose dark:prose-invert w-full wrap-break-word light markdown-new-styling\">\n<p data-start=\"94\" data-end=\"510\">La <span class=\"hover:entity-accent entity-underline inline cursor-pointer align-baseline\"><span class=\"whitespace-normal\">Universitat Rovira i Virgili<\/span><\/span> ha acogido este a\u00f1o a m\u00e1s de 2.100 alumnos de secundaria en las Jornadas de Puertas Abiertas, celebradas en dos ediciones: una en febrero y otra el pasado viernes. Las doce facultades y escuelas de la universidad han abierto sus puertas para dar a conocer de primera mano la oferta de grados, as\u00ed como las instalaciones, equipamientos y servicios disponibles.<\/p>\n<p data-start=\"512\" data-end=\"944\">Los futuros estudiantes, mayoritariamente acompa\u00f1ados de familiares, han mostrado un especial inter\u00e9s por aspectos pr\u00e1cticos como las pr\u00e1cticas externas, las salidas profesionales y las oportunidades de movilidad internacional. Durante las visitas, han podido recorrer diversos espacios del campus, con especial atenci\u00f3n a los CRAI y a los laboratorios, m\u00e1s all\u00e1 de las aulas habituales.<\/p>\n<p data-start=\"946\" data-end=\"1251\">Las jornadas han contado con la participaci\u00f3n activa de profesorado y estudiantes universitarios, que han compartido sus experiencias y han resuelto las dudas de los asistentes. Adem\u00e1s, tambi\u00e9n se ha despertado inter\u00e9s por las actividades complementarias, como las deportivas y las iniciativas de voluntariado.<\/p>\n<p data-start=\"1253\" data-end=\"1527\" data-is-last-node=\"\" data-is-only-node=\"\">Paralelamente a las visitas presenciales, la universidad ha ofrecido durante los \u00faltimos meses sesiones informativas en formato telem\u00e1tico para garantizar el acceso a la informaci\u00f3n a todas las personas interesadas.<\/p>\n<\/div>\n<\/div>\n<\/div>\n<\/div>\n<\/div>\n<\/div>\n<\/section>\n<div class=\"pointer-events-none -mt-px h-px translate-y-[calc(var(--scroll-root-safe-area-inset-bottom)-14*var(--spacing))]\" aria-hidden=\"true\"><\/div>\n","protected":false},"excerpt":{"rendered":"<p>La Universitat Rovira i Virgili ha acogido este a\u00f1o a m\u00e1s de 2.100 alumnos de secundaria en las Jornadas de Puertas Abiertas, celebradas en dos ediciones: una en febrero y otra el pasado viernes. Las doce facultades y escuelas de la universidad han abierto sus puertas para dar a conocer de primera mano la oferta [&hellip;]<\/p>\n","protected":false},"author":106,"featured_media":378152,"comment_status":"closed","ping_status":"closed","sticky":false,"template":"","format":"standard","meta":{"footnotes":""},"categories":[14528,14026,12404,14028,14029],"tags":[],"class_list":["post-378155","post","type-post","status-publish","format-standard","has-post-thumbnail","hentry","category-educacion","category-nota-automatica","category-provincia-de-tarragona","category-sociedad","category-tarragona"],"yoast_head":"<!-- This site is optimized with the Yoast SEO Premium plugin v27.4 (Yoast SEO v27.4) - https:\/\/yoast.com\/product\/yoast-seo-premium-wordpress\/ -->\n<title>M\u00e1s de 2.100 alumnos de secundaria descubren la URV en las jornadas de puertas abiertas - R\u00e0dio Ciutat de Tarragona<\/title>\n<meta name=\"robots\" content=\"index, follow, max-snippet:-1, max-image-preview:large, max-video-preview:-1\" \/>\n<link rel=\"canonical\" href=\"https:\/\/radiociutat.com\/es\/provincia-de-tarragona\/mas-de-2-100-alumnos-de-secundaria-descubren-la-urv-en-las-jornadas-de-puertas-abiertas\/\" \/>\n<meta property=\"og:locale\" content=\"es_ES\" \/>\n<meta property=\"og:type\" content=\"article\" \/>\n<meta property=\"og:title\" content=\"M\u00e1s de 2.100 alumnos de secundaria descubren la URV en las jornadas de puertas abiertas\" \/>\n<meta property=\"og:description\" content=\"La Universitat Rovira i Virgili ha acogido este a\u00f1o a m\u00e1s de 2.100 alumnos de secundaria en las Jornadas de Puertas Abiertas, celebradas en dos ediciones: una en febrero y otra el pasado viernes. Las doce facultades y escuelas de la universidad han abierto sus puertas para dar a conocer de primera mano la oferta [&hellip;]\" \/>\n<meta property=\"og:url\" content=\"https:\/\/radiociutat.com\/es\/provincia-de-tarragona\/mas-de-2-100-alumnos-de-secundaria-descubren-la-urv-en-las-jornadas-de-puertas-abiertas\/\" \/>\n<meta property=\"og:site_name\" content=\"R\u00e0dio Ciutat de Tarragona\" \/>\n<meta property=\"article:publisher\" content=\"https:\/\/www.facebook.com\/rctgn\" \/>\n<meta property=\"article:published_time\" content=\"2026-04-27T10:32:42+00:00\" \/>\n<meta property=\"og:image\" content=\"https:\/\/files.radiociutat.com\/rctgn\/wp-content\/uploads\/2021\/03\/LOGO-RCTGN-RADIO-CIUTAT-DE-TARRAGONA-TRANSPARENTE-TARRAGONA-2020-3000X3000-Redes1-copia.png\" \/>\n\t<meta property=\"og:image:width\" content=\"3000\" \/>\n\t<meta property=\"og:image:height\" content=\"3000\" \/>\n\t<meta property=\"og:image:type\" content=\"image\/png\" \/>\n<meta name=\"author\" content=\"AutoNota\" \/>\n<meta name=\"twitter:card\" content=\"summary_large_image\" \/>\n<meta name=\"twitter:creator\" content=\"@RCTgn\" \/>\n<meta name=\"twitter:site\" content=\"@RCTgn\" \/>\n<meta name=\"twitter:label1\" content=\"Escrito por\" \/>\n\t<meta name=\"twitter:data1\" content=\"AutoNota\" \/>\n\t<meta name=\"twitter:label2\" content=\"Tiempo de lectura\" \/>\n\t<meta name=\"twitter:data2\" content=\"1 minuto\" \/>\n<script type=\"application\/ld+json\" class=\"yoast-schema-graph\">{\"@context\":\"https:\\\/\\\/schema.org\",\"@graph\":[{\"@type\":\"Article\",\"@id\":\"https:\\\/\\\/radiociutat.com\\\/es\\\/provincia-de-tarragona\\\/mas-de-2-100-alumnos-de-secundaria-descubren-la-urv-en-las-jornadas-de-puertas-abiertas\\\/#article\",\"isPartOf\":{\"@id\":\"https:\\\/\\\/radiociutat.com\\\/es\\\/provincia-de-tarragona\\\/mas-de-2-100-alumnos-de-secundaria-descubren-la-urv-en-las-jornadas-de-puertas-abiertas\\\/\"},\"author\":{\"name\":\"AutoNota\",\"@id\":\"https:\\\/\\\/radiociutat.com\\\/es\\\/#\\\/schema\\\/person\\\/fd401dfbfd2adfe3f166b553b083e78d\"},\"headline\":\"M\u00e1s de 2.100 alumnos de secundaria descubren la URV en las jornadas de puertas abiertas\",\"datePublished\":\"2026-04-27T10:32:42+00:00\",\"mainEntityOfPage\":{\"@id\":\"https:\\\/\\\/radiociutat.com\\\/es\\\/provincia-de-tarragona\\\/mas-de-2-100-alumnos-de-secundaria-descubren-la-urv-en-las-jornadas-de-puertas-abiertas\\\/\"},\"wordCount\":221,\"image\":{\"@id\":\"https:\\\/\\\/radiociutat.com\\\/es\\\/provincia-de-tarragona\\\/mas-de-2-100-alumnos-de-secundaria-descubren-la-urv-en-las-jornadas-de-puertas-abiertas\\\/#primaryimage\"},\"thumbnailUrl\":\"https:\\\/\\\/files.radiociutat.com\\\/rctgn\\\/wp-content\\\/uploads\\\/2026\\\/04\\\/campus-catalunya-crai-urv-e1777285926891.jpg\",\"articleSection\":[\"Educaci\u00f3n\",\"Nota autom\u00e1tica\",\"Prov\u00edncia de Tarragona\",\"Sociedad\",\"Tarragona\"],\"inLanguage\":\"es\"},{\"@type\":\"WebPage\",\"@id\":\"https:\\\/\\\/radiociutat.com\\\/es\\\/provincia-de-tarragona\\\/mas-de-2-100-alumnos-de-secundaria-descubren-la-urv-en-las-jornadas-de-puertas-abiertas\\\/\",\"url\":\"https:\\\/\\\/radiociutat.com\\\/es\\\/provincia-de-tarragona\\\/mas-de-2-100-alumnos-de-secundaria-descubren-la-urv-en-las-jornadas-de-puertas-abiertas\\\/\",\"name\":\"M\u00e1s de 2.100 alumnos de secundaria descubren la URV en las jornadas de puertas abiertas - R\u00e0dio Ciutat de Tarragona\",\"isPartOf\":{\"@id\":\"https:\\\/\\\/radiociutat.com\\\/es\\\/#website\"},\"primaryImageOfPage\":{\"@id\":\"https:\\\/\\\/radiociutat.com\\\/es\\\/provincia-de-tarragona\\\/mas-de-2-100-alumnos-de-secundaria-descubren-la-urv-en-las-jornadas-de-puertas-abiertas\\\/#primaryimage\"},\"image\":{\"@id\":\"https:\\\/\\\/radiociutat.com\\\/es\\\/provincia-de-tarragona\\\/mas-de-2-100-alumnos-de-secundaria-descubren-la-urv-en-las-jornadas-de-puertas-abiertas\\\/#primaryimage\"},\"thumbnailUrl\":\"https:\\\/\\\/files.radiociutat.com\\\/rctgn\\\/wp-content\\\/uploads\\\/2026\\\/04\\\/campus-catalunya-crai-urv-e1777285926891.jpg\",\"datePublished\":\"2026-04-27T10:32:42+00:00\",\"author\":{\"@id\":\"https:\\\/\\\/radiociutat.com\\\/es\\\/#\\\/schema\\\/person\\\/fd401dfbfd2adfe3f166b553b083e78d\"},\"breadcrumb\":{\"@id\":\"https:\\\/\\\/radiociutat.com\\\/es\\\/provincia-de-tarragona\\\/mas-de-2-100-alumnos-de-secundaria-descubren-la-urv-en-las-jornadas-de-puertas-abiertas\\\/#breadcrumb\"},\"inLanguage\":\"es\",\"potentialAction\":[{\"@type\":\"ReadAction\",\"target\":[\"https:\\\/\\\/radiociutat.com\\\/es\\\/provincia-de-tarragona\\\/mas-de-2-100-alumnos-de-secundaria-descubren-la-urv-en-las-jornadas-de-puertas-abiertas\\\/\"]}]},{\"@type\":\"ImageObject\",\"inLanguage\":\"es\",\"@id\":\"https:\\\/\\\/radiociutat.com\\\/es\\\/provincia-de-tarragona\\\/mas-de-2-100-alumnos-de-secundaria-descubren-la-urv-en-las-jornadas-de-puertas-abiertas\\\/#primaryimage\",\"url\":\"https:\\\/\\\/files.radiociutat.com\\\/rctgn\\\/wp-content\\\/uploads\\\/2026\\\/04\\\/campus-catalunya-crai-urv-e1777285926891.jpg\",\"contentUrl\":\"https:\\\/\\\/files.radiociutat.com\\\/rctgn\\\/wp-content\\\/uploads\\\/2026\\\/04\\\/campus-catalunya-crai-urv-e1777285926891.jpg\",\"width\":1776,\"height\":1184},{\"@type\":\"BreadcrumbList\",\"@id\":\"https:\\\/\\\/radiociutat.com\\\/es\\\/provincia-de-tarragona\\\/mas-de-2-100-alumnos-de-secundaria-descubren-la-urv-en-las-jornadas-de-puertas-abiertas\\\/#breadcrumb\",\"itemListElement\":[{\"@type\":\"ListItem\",\"position\":1,\"name\":\"Inici\",\"item\":\"https:\\\/\\\/radiociutat.com\\\/es\\\/\"},{\"@type\":\"ListItem\",\"position\":2,\"name\":\"M\u00e1s de 2.100 alumnos de secundaria descubren la URV en las jornadas de puertas abiertas\"}]},{\"@type\":\"WebSite\",\"@id\":\"https:\\\/\\\/radiociutat.com\\\/es\\\/#website\",\"url\":\"https:\\\/\\\/radiociutat.com\\\/es\\\/\",\"name\":\"R\u00e0dio Ciutat de Tarragona\",\"description\":\"R\u00e0dio Ciutat de Tarragona - RCTgn.cat R\u00e0dio Online\",\"potentialAction\":[{\"@type\":\"SearchAction\",\"target\":{\"@type\":\"EntryPoint\",\"urlTemplate\":\"https:\\\/\\\/radiociutat.com\\\/es\\\/?s={search_term_string}\"},\"query-input\":{\"@type\":\"PropertyValueSpecification\",\"valueRequired\":true,\"valueName\":\"search_term_string\"}}],\"inLanguage\":\"es\"},{\"@type\":\"Person\",\"@id\":\"https:\\\/\\\/radiociutat.com\\\/es\\\/#\\\/schema\\\/person\\\/fd401dfbfd2adfe3f166b553b083e78d\",\"name\":\"AutoNota\",\"description\":\"AutoNota, el suport intel\u00b7ligent per a la redacci\u00f3 AutoNota \u00e9s un servei propi de R\u00e0dio Ciutat que utilitza la intel\u00b7lig\u00e8ncia artificial per donar suport al treball period\u00edstic. La seva funci\u00f3 principal \u00e9s etiquetar, categoritzar i contextualitzar les informacions que arriben a la redacci\u00f3, sobretot procedents d\u2019empreses i institucions. Tot i que la IA ajuda a ordenar i donar forma als continguts, \u00e9s sempre l\u2019equip de redacci\u00f3 qui els revisa, edita i publica. D\u2019aquesta manera, garantim que totes les publicacions d\u2019AutoNota comptin amb la curaci\u00f3 i l\u2019aval professional d\u2019una persona periodista de R\u00e0dio Ciutat.\",\"url\":\"https:\\\/\\\/radiociutat.com\\\/es\\\/author\\\/autonota\\\/\"}]}<\/script>\n<!-- \/ Yoast SEO Premium plugin. -->","yoast_head_json":{"title":"M\u00e1s de 2.100 alumnos de secundaria descubren la URV en las jornadas de puertas abiertas - R\u00e0dio Ciutat de Tarragona","robots":{"index":"index","follow":"follow","max-snippet":"max-snippet:-1","max-image-preview":"max-image-preview:large","max-video-preview":"max-video-preview:-1"},"canonical":"https:\/\/radiociutat.com\/es\/provincia-de-tarragona\/mas-de-2-100-alumnos-de-secundaria-descubren-la-urv-en-las-jornadas-de-puertas-abiertas\/","og_locale":"es_ES","og_type":"article","og_title":"M\u00e1s de 2.100 alumnos de secundaria descubren la URV en las jornadas de puertas abiertas","og_description":"La Universitat Rovira i Virgili ha acogido este a\u00f1o a m\u00e1s de 2.100 alumnos de secundaria en las Jornadas de Puertas Abiertas, celebradas en dos ediciones: una en febrero y otra el pasado viernes. Las doce facultades y escuelas de la universidad han abierto sus puertas para dar a conocer de primera mano la oferta [&hellip;]","og_url":"https:\/\/radiociutat.com\/es\/provincia-de-tarragona\/mas-de-2-100-alumnos-de-secundaria-descubren-la-urv-en-las-jornadas-de-puertas-abiertas\/","og_site_name":"R\u00e0dio Ciutat de Tarragona","article_publisher":"https:\/\/www.facebook.com\/rctgn","article_published_time":"2026-04-27T10:32:42+00:00","og_image":[{"width":3000,"height":3000,"url":"https:\/\/files.radiociutat.com\/rctgn\/wp-content\/uploads\/2021\/03\/LOGO-RCTGN-RADIO-CIUTAT-DE-TARRAGONA-TRANSPARENTE-TARRAGONA-2020-3000X3000-Redes1-copia.png","type":"image\/png"}],"author":"AutoNota","twitter_card":"summary_large_image","twitter_creator":"@RCTgn","twitter_site":"@RCTgn","twitter_misc":{"Escrito por":"AutoNota","Tiempo de lectura":"1 minuto"},"schema":{"@context":"https:\/\/schema.org","@graph":[{"@type":"Article","@id":"https:\/\/radiociutat.com\/es\/provincia-de-tarragona\/mas-de-2-100-alumnos-de-secundaria-descubren-la-urv-en-las-jornadas-de-puertas-abiertas\/#article","isPartOf":{"@id":"https:\/\/radiociutat.com\/es\/provincia-de-tarragona\/mas-de-2-100-alumnos-de-secundaria-descubren-la-urv-en-las-jornadas-de-puertas-abiertas\/"},"author":{"name":"AutoNota","@id":"https:\/\/radiociutat.com\/es\/#\/schema\/person\/fd401dfbfd2adfe3f166b553b083e78d"},"headline":"M\u00e1s de 2.100 alumnos de secundaria descubren la URV en las jornadas de puertas abiertas","datePublished":"2026-04-27T10:32:42+00:00","mainEntityOfPage":{"@id":"https:\/\/radiociutat.com\/es\/provincia-de-tarragona\/mas-de-2-100-alumnos-de-secundaria-descubren-la-urv-en-las-jornadas-de-puertas-abiertas\/"},"wordCount":221,"image":{"@id":"https:\/\/radiociutat.com\/es\/provincia-de-tarragona\/mas-de-2-100-alumnos-de-secundaria-descubren-la-urv-en-las-jornadas-de-puertas-abiertas\/#primaryimage"},"thumbnailUrl":"https:\/\/files.radiociutat.com\/rctgn\/wp-content\/uploads\/2026\/04\/campus-catalunya-crai-urv-e1777285926891.jpg","articleSection":["Educaci\u00f3n","Nota autom\u00e1tica","Prov\u00edncia de Tarragona","Sociedad","Tarragona"],"inLanguage":"es"},{"@type":"WebPage","@id":"https:\/\/radiociutat.com\/es\/provincia-de-tarragona\/mas-de-2-100-alumnos-de-secundaria-descubren-la-urv-en-las-jornadas-de-puertas-abiertas\/","url":"https:\/\/radiociutat.com\/es\/provincia-de-tarragona\/mas-de-2-100-alumnos-de-secundaria-descubren-la-urv-en-las-jornadas-de-puertas-abiertas\/","name":"M\u00e1s de 2.100 alumnos de secundaria descubren la URV en las jornadas de puertas abiertas - R\u00e0dio Ciutat de Tarragona","isPartOf":{"@id":"https:\/\/radiociutat.com\/es\/#website"},"primaryImageOfPage":{"@id":"https:\/\/radiociutat.com\/es\/provincia-de-tarragona\/mas-de-2-100-alumnos-de-secundaria-descubren-la-urv-en-las-jornadas-de-puertas-abiertas\/#primaryimage"},"image":{"@id":"https:\/\/radiociutat.com\/es\/provincia-de-tarragona\/mas-de-2-100-alumnos-de-secundaria-descubren-la-urv-en-las-jornadas-de-puertas-abiertas\/#primaryimage"},"thumbnailUrl":"https:\/\/files.radiociutat.com\/rctgn\/wp-content\/uploads\/2026\/04\/campus-catalunya-crai-urv-e1777285926891.jpg","datePublished":"2026-04-27T10:32:42+00:00","author":{"@id":"https:\/\/radiociutat.com\/es\/#\/schema\/person\/fd401dfbfd2adfe3f166b553b083e78d"},"breadcrumb":{"@id":"https:\/\/radiociutat.com\/es\/provincia-de-tarragona\/mas-de-2-100-alumnos-de-secundaria-descubren-la-urv-en-las-jornadas-de-puertas-abiertas\/#breadcrumb"},"inLanguage":"es","potentialAction":[{"@type":"ReadAction","target":["https:\/\/radiociutat.com\/es\/provincia-de-tarragona\/mas-de-2-100-alumnos-de-secundaria-descubren-la-urv-en-las-jornadas-de-puertas-abiertas\/"]}]},{"@type":"ImageObject","inLanguage":"es","@id":"https:\/\/radiociutat.com\/es\/provincia-de-tarragona\/mas-de-2-100-alumnos-de-secundaria-descubren-la-urv-en-las-jornadas-de-puertas-abiertas\/#primaryimage","url":"https:\/\/files.radiociutat.com\/rctgn\/wp-content\/uploads\/2026\/04\/campus-catalunya-crai-urv-e1777285926891.jpg","contentUrl":"https:\/\/files.radiociutat.com\/rctgn\/wp-content\/uploads\/2026\/04\/campus-catalunya-crai-urv-e1777285926891.jpg","width":1776,"height":1184},{"@type":"BreadcrumbList","@id":"https:\/\/radiociutat.com\/es\/provincia-de-tarragona\/mas-de-2-100-alumnos-de-secundaria-descubren-la-urv-en-las-jornadas-de-puertas-abiertas\/#breadcrumb","itemListElement":[{"@type":"ListItem","position":1,"name":"Inici","item":"https:\/\/radiociutat.com\/es\/"},{"@type":"ListItem","position":2,"name":"M\u00e1s de 2.100 alumnos de secundaria descubren la URV en las jornadas de puertas abiertas"}]},{"@type":"WebSite","@id":"https:\/\/radiociutat.com\/es\/#website","url":"https:\/\/radiociutat.com\/es\/","name":"R\u00e0dio Ciutat de Tarragona","description":"R\u00e0dio Ciutat de Tarragona - RCTgn.cat R\u00e0dio Online","potentialAction":[{"@type":"SearchAction","target":{"@type":"EntryPoint","urlTemplate":"https:\/\/radiociutat.com\/es\/?s={search_term_string}"},"query-input":{"@type":"PropertyValueSpecification","valueRequired":true,"valueName":"search_term_string"}}],"inLanguage":"es"},{"@type":"Person","@id":"https:\/\/radiociutat.com\/es\/#\/schema\/person\/fd401dfbfd2adfe3f166b553b083e78d","name":"AutoNota","description":"AutoNota, el suport intel\u00b7ligent per a la redacci\u00f3 AutoNota \u00e9s un servei propi de R\u00e0dio Ciutat que utilitza la intel\u00b7lig\u00e8ncia artificial per donar suport al treball period\u00edstic. La seva funci\u00f3 principal \u00e9s etiquetar, categoritzar i contextualitzar les informacions que arriben a la redacci\u00f3, sobretot procedents d\u2019empreses i institucions. Tot i que la IA ajuda a ordenar i donar forma als continguts, \u00e9s sempre l\u2019equip de redacci\u00f3 qui els revisa, edita i publica. D\u2019aquesta manera, garantim que totes les publicacions d\u2019AutoNota comptin amb la curaci\u00f3 i l\u2019aval professional d\u2019una persona periodista de R\u00e0dio Ciutat.","url":"https:\/\/radiociutat.com\/es\/author\/autonota\/"}]}},"_links":{"self":[{"href":"https:\/\/radiociutat.com\/es\/wp-json\/wp\/v2\/posts\/378155","targetHints":{"allow":["GET"]}}],"collection":[{"href":"https:\/\/radiociutat.com\/es\/wp-json\/wp\/v2\/posts"}],"about":[{"href":"https:\/\/radiociutat.com\/es\/wp-json\/wp\/v2\/types\/post"}],"author":[{"embeddable":true,"href":"https:\/\/radiociutat.com\/es\/wp-json\/wp\/v2\/users\/106"}],"replies":[{"embeddable":true,"href":"https:\/\/radiociutat.com\/es\/wp-json\/wp\/v2\/comments?post=378155"}],"version-history":[{"count":0,"href":"https:\/\/radiociutat.com\/es\/wp-json\/wp\/v2\/posts\/378155\/revisions"}],"wp:featuredmedia":[{"embeddable":true,"href":"https:\/\/radiociutat.com\/es\/wp-json\/wp\/v2\/media\/378152"}],"wp:attachment":[{"href":"https:\/\/radiociutat.com\/es\/wp-json\/wp\/v2\/media?parent=378155"}],"wp:term":[{"taxonomy":"category","embeddable":true,"href":"https:\/\/radiociutat.com\/es\/wp-json\/wp\/v2\/categories?post=378155"},{"taxonomy":"post_tag","embeddable":true,"href":"https:\/\/radiociutat.com\/es\/wp-json\/wp\/v2\/tags?post=378155"}],"curies":[{"name":"wp","href":"https:\/\/api.w.org\/{rel}","templated":true}]}}