{"id":378126,"date":"2026-04-27T12:19:10","date_gmt":"2026-04-27T10:19:10","guid":{"rendered":"https:\/\/radiociutat.com\/programes-podcast\/tarragona-celebra-40-anos-de-politicas-de-juventud-con-un-estiu-jove-de-record\/"},"modified":"2026-04-27T12:19:10","modified_gmt":"2026-04-27T10:19:10","slug":"tarragona-celebra-40-anos-de-politicas-de-juventud-con-un-estiu-jove-de-record","status":"publish","type":"post","link":"https:\/\/radiociutat.com\/es\/ultimas-noticias\/cronicas\/tarragona-celebra-40-anos-de-politicas-de-juventud-con-un-estiu-jove-de-record\/","title":{"rendered":"Tarragona celebra 40 a\u00f1os de pol\u00edticas de juventud con un Estiu Jove de r\u00e9cord"},"content":{"rendered":"\n<p>El Ayuntamiento de Tarragona ha presentado la programaci\u00f3n del <strong>Estiu Jove 2026<\/strong>, una edici\u00f3n marcada por la conmemoraci\u00f3n de los <strong>40 a\u00f1os de pol\u00edticas de juventud<\/strong> en la ciudad. La iniciativa combina la actividad veraniega con una clara voluntad institucional de poner en valor la evoluci\u00f3n de un modelo nacido en los a\u00f1os ochenta para dar respuesta a las demandas del movimiento juvenil.<\/p>\n\n\n\n<p>Este a\u00f1o, el programa llega a las <strong>115 actividades y 3.200 plazas<\/strong>, una cifra r\u00e9cord que confirma el crecimiento sostenido del servicio municipal. Desde el consistorio se ha remarcado especialmente el car\u00e1cter <strong>accesible y mayoritariamente gratuito<\/strong> de las propuestas, con el objetivo de garantizar la participaci\u00f3n de todos los j\u00f3venes, independientemente de su situaci\u00f3n econ\u00f3mica o barrio de residencia. En paralelo, tambi\u00e9n se pone en valor el papel de equipamientos como el Espai Jove Kesse, que este a\u00f1o celebra su <strong>15\u00ba aniversario<\/strong>.<\/p>\n\n\n\n<p>Entre las principales novedades, sobresalen las actividades vinculadas al <strong>D\u00eda Mundial de la Juventud<\/strong>, que se desplegar\u00e1n en diversos barrios, as\u00ed como la consolidaci\u00f3n de la <strong>Korean Vibes Week<\/strong>, centrada en el K-pop y la cultura coreana. Tambi\u00e9n tendr\u00e1n un papel destacado las propuestas de <strong>observaci\u00f3n astron\u00f3mica<\/strong> coincidiendo con el eclipse solar del 12 de agosto.<\/p>\n\n\n\n<p>El programa incorpora, adem\u00e1s, iniciativas singulares como una carrera de hidropedales vinculada al paso del Tour de Francia. Las inscripciones se abrir\u00e1n el <strong>30 de abril<\/strong>.<\/p>\n","protected":false},"excerpt":{"rendered":"<p>El Ayuntamiento de Tarragona ha presentado la programaci\u00f3n del Estiu Jove 2026, una edici\u00f3n marcada por la conmemoraci\u00f3n de los 40 a\u00f1os de pol\u00edticas de juventud en la ciudad. La iniciativa combina la actividad veraniega con una clara voluntad institucional de poner en valor la evoluci\u00f3n de un modelo nacido en los a\u00f1os ochenta para [&hellip;]<\/p>\n","protected":false},"author":84,"featured_media":378124,"comment_status":"closed","ping_status":"closed","sticky":false,"template":"","format":"standard","meta":{"footnotes":""},"categories":[13688],"tags":[19,14946],"class_list":["post-378126","post","type-post","status-publish","format-standard","has-post-thumbnail","hentry","category-cronicas","tag-tarragona","tag-tgn-jove"],"yoast_head":"<!-- This site is optimized with the Yoast SEO Premium plugin v27.4 (Yoast SEO v27.4) - https:\/\/yoast.com\/product\/yoast-seo-premium-wordpress\/ -->\n<title>Tarragona celebra 40 a\u00f1os de pol\u00edticas de juventud con un Estiu Jove de r\u00e9cord - R\u00e0dio Ciutat de Tarragona<\/title>\n<meta name=\"robots\" content=\"index, follow, max-snippet:-1, max-image-preview:large, max-video-preview:-1\" \/>\n<link rel=\"canonical\" href=\"https:\/\/radiociutat.com\/es\/ultimas-noticias\/cronicas\/tarragona-celebra-40-anos-de-politicas-de-juventud-con-un-estiu-jove-de-record\/\" \/>\n<meta property=\"og:locale\" content=\"es_ES\" \/>\n<meta property=\"og:type\" content=\"article\" \/>\n<meta property=\"og:title\" content=\"Tarragona celebra 40 a\u00f1os de pol\u00edticas de juventud con un Estiu Jove de r\u00e9cord\" \/>\n<meta property=\"og:description\" content=\"El Ayuntamiento de Tarragona ha presentado la programaci\u00f3n del Estiu Jove 2026, una edici\u00f3n marcada por la conmemoraci\u00f3n de los 40 a\u00f1os de pol\u00edticas de juventud en la ciudad. La iniciativa combina la actividad veraniega con una clara voluntad institucional de poner en valor la evoluci\u00f3n de un modelo nacido en los a\u00f1os ochenta para [&hellip;]\" \/>\n<meta property=\"og:url\" content=\"https:\/\/radiociutat.com\/es\/ultimas-noticias\/cronicas\/tarragona-celebra-40-anos-de-politicas-de-juventud-con-un-estiu-jove-de-record\/\" \/>\n<meta property=\"og:site_name\" content=\"R\u00e0dio Ciutat de Tarragona\" \/>\n<meta property=\"article:publisher\" content=\"https:\/\/www.facebook.com\/rctgn\" \/>\n<meta property=\"article:published_time\" content=\"2026-04-27T10:19:10+00:00\" \/>\n<meta property=\"og:image\" content=\"https:\/\/files.radiociutat.com\/rctgn\/wp-content\/uploads\/2026\/04\/40-aniversari-TGN-Jove-scaled.jpeg\" \/>\n\t<meta property=\"og:image:width\" content=\"2560\" \/>\n\t<meta property=\"og:image:height\" content=\"2186\" \/>\n\t<meta property=\"og:image:type\" content=\"image\/jpeg\" \/>\n<meta name=\"author\" content=\"Adri\u00e0 Duch\" \/>\n<meta name=\"twitter:card\" content=\"summary_large_image\" \/>\n<meta name=\"twitter:creator\" content=\"@RCTgn\" \/>\n<meta name=\"twitter:site\" content=\"@RCTgn\" \/>\n<meta name=\"twitter:label1\" content=\"Escrito por\" \/>\n\t<meta name=\"twitter:data1\" content=\"Adri\u00e0 Duch\" \/>\n\t<meta name=\"twitter:label2\" content=\"Tiempo de lectura\" \/>\n\t<meta name=\"twitter:data2\" content=\"1 minuto\" \/>\n<script type=\"application\/ld+json\" class=\"yoast-schema-graph\">{\"@context\":\"https:\\\/\\\/schema.org\",\"@graph\":[{\"@type\":\"Article\",\"@id\":\"https:\\\/\\\/radiociutat.com\\\/es\\\/ultimas-noticias\\\/cronicas\\\/tarragona-celebra-40-anos-de-politicas-de-juventud-con-un-estiu-jove-de-record\\\/#article\",\"isPartOf\":{\"@id\":\"https:\\\/\\\/radiociutat.com\\\/es\\\/ultimas-noticias\\\/cronicas\\\/tarragona-celebra-40-anos-de-politicas-de-juventud-con-un-estiu-jove-de-record\\\/\"},\"author\":{\"name\":\"Adri\u00e0 Duch\",\"@id\":\"https:\\\/\\\/radiociutat.com\\\/es\\\/#\\\/schema\\\/person\\\/daeecbc4942e3432e8d8b8663bf7d714\"},\"headline\":\"Tarragona celebra 40 a\u00f1os de pol\u00edticas de juventud con un Estiu Jove de r\u00e9cord\",\"datePublished\":\"2026-04-27T10:19:10+00:00\",\"mainEntityOfPage\":{\"@id\":\"https:\\\/\\\/radiociutat.com\\\/es\\\/ultimas-noticias\\\/cronicas\\\/tarragona-celebra-40-anos-de-politicas-de-juventud-con-un-estiu-jove-de-record\\\/\"},\"wordCount\":261,\"image\":{\"@id\":\"https:\\\/\\\/radiociutat.com\\\/es\\\/ultimas-noticias\\\/cronicas\\\/tarragona-celebra-40-anos-de-politicas-de-juventud-con-un-estiu-jove-de-record\\\/#primaryimage\"},\"thumbnailUrl\":\"https:\\\/\\\/files.radiociutat.com\\\/rctgn\\\/wp-content\\\/uploads\\\/2026\\\/04\\\/40-aniversari-TGN-Jove-scaled.jpeg\",\"keywords\":[\"Tarragona\",\"TGN Jove\"],\"articleSection\":[\"Cr\u00f3nicas\"],\"inLanguage\":\"es\"},{\"@type\":\"WebPage\",\"@id\":\"https:\\\/\\\/radiociutat.com\\\/es\\\/ultimas-noticias\\\/cronicas\\\/tarragona-celebra-40-anos-de-politicas-de-juventud-con-un-estiu-jove-de-record\\\/\",\"url\":\"https:\\\/\\\/radiociutat.com\\\/es\\\/ultimas-noticias\\\/cronicas\\\/tarragona-celebra-40-anos-de-politicas-de-juventud-con-un-estiu-jove-de-record\\\/\",\"name\":\"Tarragona celebra 40 a\u00f1os de pol\u00edticas de juventud con un Estiu Jove de r\u00e9cord - R\u00e0dio Ciutat de Tarragona\",\"isPartOf\":{\"@id\":\"https:\\\/\\\/radiociutat.com\\\/es\\\/#website\"},\"primaryImageOfPage\":{\"@id\":\"https:\\\/\\\/radiociutat.com\\\/es\\\/ultimas-noticias\\\/cronicas\\\/tarragona-celebra-40-anos-de-politicas-de-juventud-con-un-estiu-jove-de-record\\\/#primaryimage\"},\"image\":{\"@id\":\"https:\\\/\\\/radiociutat.com\\\/es\\\/ultimas-noticias\\\/cronicas\\\/tarragona-celebra-40-anos-de-politicas-de-juventud-con-un-estiu-jove-de-record\\\/#primaryimage\"},\"thumbnailUrl\":\"https:\\\/\\\/files.radiociutat.com\\\/rctgn\\\/wp-content\\\/uploads\\\/2026\\\/04\\\/40-aniversari-TGN-Jove-scaled.jpeg\",\"datePublished\":\"2026-04-27T10:19:10+00:00\",\"author\":{\"@id\":\"https:\\\/\\\/radiociutat.com\\\/es\\\/#\\\/schema\\\/person\\\/daeecbc4942e3432e8d8b8663bf7d714\"},\"breadcrumb\":{\"@id\":\"https:\\\/\\\/radiociutat.com\\\/es\\\/ultimas-noticias\\\/cronicas\\\/tarragona-celebra-40-anos-de-politicas-de-juventud-con-un-estiu-jove-de-record\\\/#breadcrumb\"},\"inLanguage\":\"es\",\"potentialAction\":[{\"@type\":\"ReadAction\",\"target\":[\"https:\\\/\\\/radiociutat.com\\\/es\\\/ultimas-noticias\\\/cronicas\\\/tarragona-celebra-40-anos-de-politicas-de-juventud-con-un-estiu-jove-de-record\\\/\"]}]},{\"@type\":\"ImageObject\",\"inLanguage\":\"es\",\"@id\":\"https:\\\/\\\/radiociutat.com\\\/es\\\/ultimas-noticias\\\/cronicas\\\/tarragona-celebra-40-anos-de-politicas-de-juventud-con-un-estiu-jove-de-record\\\/#primaryimage\",\"url\":\"https:\\\/\\\/files.radiociutat.com\\\/rctgn\\\/wp-content\\\/uploads\\\/2026\\\/04\\\/40-aniversari-TGN-Jove-scaled.jpeg\",\"contentUrl\":\"https:\\\/\\\/files.radiociutat.com\\\/rctgn\\\/wp-content\\\/uploads\\\/2026\\\/04\\\/40-aniversari-TGN-Jove-scaled.jpeg\",\"width\":2560,\"height\":2186},{\"@type\":\"BreadcrumbList\",\"@id\":\"https:\\\/\\\/radiociutat.com\\\/es\\\/ultimas-noticias\\\/cronicas\\\/tarragona-celebra-40-anos-de-politicas-de-juventud-con-un-estiu-jove-de-record\\\/#breadcrumb\",\"itemListElement\":[{\"@type\":\"ListItem\",\"position\":1,\"name\":\"Inici\",\"item\":\"https:\\\/\\\/radiociutat.com\\\/es\\\/\"},{\"@type\":\"ListItem\",\"position\":2,\"name\":\"Tarragona celebra 40 a\u00f1os de pol\u00edticas de juventud con un Estiu Jove de r\u00e9cord\"}]},{\"@type\":\"WebSite\",\"@id\":\"https:\\\/\\\/radiociutat.com\\\/es\\\/#website\",\"url\":\"https:\\\/\\\/radiociutat.com\\\/es\\\/\",\"name\":\"R\u00e0dio Ciutat de Tarragona\",\"description\":\"R\u00e0dio Ciutat de Tarragona - RCTgn.cat R\u00e0dio Online\",\"potentialAction\":[{\"@type\":\"SearchAction\",\"target\":{\"@type\":\"EntryPoint\",\"urlTemplate\":\"https:\\\/\\\/radiociutat.com\\\/es\\\/?s={search_term_string}\"},\"query-input\":{\"@type\":\"PropertyValueSpecification\",\"valueRequired\":true,\"valueName\":\"search_term_string\"}}],\"inLanguage\":\"es\"},{\"@type\":\"Person\",\"@id\":\"https:\\\/\\\/radiociutat.com\\\/es\\\/#\\\/schema\\\/person\\\/daeecbc4942e3432e8d8b8663bf7d714\",\"name\":\"Adri\u00e0 Duch\",\"sameAs\":[\"https:\\\/\\\/radiociutat.com\\\/wp-content\\\/uploads\\\/2024\\\/02\\\/ADRIA-DUCH.png\"],\"url\":\"https:\\\/\\\/radiociutat.com\\\/es\\\/author\\\/adria-duch\\\/\"}]}<\/script>\n<!-- \/ Yoast SEO Premium plugin. -->","yoast_head_json":{"title":"Tarragona celebra 40 a\u00f1os de pol\u00edticas de juventud con un Estiu Jove de r\u00e9cord - R\u00e0dio Ciutat de Tarragona","robots":{"index":"index","follow":"follow","max-snippet":"max-snippet:-1","max-image-preview":"max-image-preview:large","max-video-preview":"max-video-preview:-1"},"canonical":"https:\/\/radiociutat.com\/es\/ultimas-noticias\/cronicas\/tarragona-celebra-40-anos-de-politicas-de-juventud-con-un-estiu-jove-de-record\/","og_locale":"es_ES","og_type":"article","og_title":"Tarragona celebra 40 a\u00f1os de pol\u00edticas de juventud con un Estiu Jove de r\u00e9cord","og_description":"El Ayuntamiento de Tarragona ha presentado la programaci\u00f3n del Estiu Jove 2026, una edici\u00f3n marcada por la conmemoraci\u00f3n de los 40 a\u00f1os de pol\u00edticas de juventud en la ciudad. La iniciativa combina la actividad veraniega con una clara voluntad institucional de poner en valor la evoluci\u00f3n de un modelo nacido en los a\u00f1os ochenta para [&hellip;]","og_url":"https:\/\/radiociutat.com\/es\/ultimas-noticias\/cronicas\/tarragona-celebra-40-anos-de-politicas-de-juventud-con-un-estiu-jove-de-record\/","og_site_name":"R\u00e0dio Ciutat de Tarragona","article_publisher":"https:\/\/www.facebook.com\/rctgn","article_published_time":"2026-04-27T10:19:10+00:00","og_image":[{"width":2560,"height":2186,"url":"https:\/\/files.radiociutat.com\/rctgn\/wp-content\/uploads\/2026\/04\/40-aniversari-TGN-Jove-scaled.jpeg","type":"image\/jpeg"}],"author":"Adri\u00e0 Duch","twitter_card":"summary_large_image","twitter_creator":"@RCTgn","twitter_site":"@RCTgn","twitter_misc":{"Escrito por":"Adri\u00e0 Duch","Tiempo de lectura":"1 minuto"},"schema":{"@context":"https:\/\/schema.org","@graph":[{"@type":"Article","@id":"https:\/\/radiociutat.com\/es\/ultimas-noticias\/cronicas\/tarragona-celebra-40-anos-de-politicas-de-juventud-con-un-estiu-jove-de-record\/#article","isPartOf":{"@id":"https:\/\/radiociutat.com\/es\/ultimas-noticias\/cronicas\/tarragona-celebra-40-anos-de-politicas-de-juventud-con-un-estiu-jove-de-record\/"},"author":{"name":"Adri\u00e0 Duch","@id":"https:\/\/radiociutat.com\/es\/#\/schema\/person\/daeecbc4942e3432e8d8b8663bf7d714"},"headline":"Tarragona celebra 40 a\u00f1os de pol\u00edticas de juventud con un Estiu Jove de r\u00e9cord","datePublished":"2026-04-27T10:19:10+00:00","mainEntityOfPage":{"@id":"https:\/\/radiociutat.com\/es\/ultimas-noticias\/cronicas\/tarragona-celebra-40-anos-de-politicas-de-juventud-con-un-estiu-jove-de-record\/"},"wordCount":261,"image":{"@id":"https:\/\/radiociutat.com\/es\/ultimas-noticias\/cronicas\/tarragona-celebra-40-anos-de-politicas-de-juventud-con-un-estiu-jove-de-record\/#primaryimage"},"thumbnailUrl":"https:\/\/files.radiociutat.com\/rctgn\/wp-content\/uploads\/2026\/04\/40-aniversari-TGN-Jove-scaled.jpeg","keywords":["Tarragona","TGN Jove"],"articleSection":["Cr\u00f3nicas"],"inLanguage":"es"},{"@type":"WebPage","@id":"https:\/\/radiociutat.com\/es\/ultimas-noticias\/cronicas\/tarragona-celebra-40-anos-de-politicas-de-juventud-con-un-estiu-jove-de-record\/","url":"https:\/\/radiociutat.com\/es\/ultimas-noticias\/cronicas\/tarragona-celebra-40-anos-de-politicas-de-juventud-con-un-estiu-jove-de-record\/","name":"Tarragona celebra 40 a\u00f1os de pol\u00edticas de juventud con un Estiu Jove de r\u00e9cord - R\u00e0dio Ciutat de Tarragona","isPartOf":{"@id":"https:\/\/radiociutat.com\/es\/#website"},"primaryImageOfPage":{"@id":"https:\/\/radiociutat.com\/es\/ultimas-noticias\/cronicas\/tarragona-celebra-40-anos-de-politicas-de-juventud-con-un-estiu-jove-de-record\/#primaryimage"},"image":{"@id":"https:\/\/radiociutat.com\/es\/ultimas-noticias\/cronicas\/tarragona-celebra-40-anos-de-politicas-de-juventud-con-un-estiu-jove-de-record\/#primaryimage"},"thumbnailUrl":"https:\/\/files.radiociutat.com\/rctgn\/wp-content\/uploads\/2026\/04\/40-aniversari-TGN-Jove-scaled.jpeg","datePublished":"2026-04-27T10:19:10+00:00","author":{"@id":"https:\/\/radiociutat.com\/es\/#\/schema\/person\/daeecbc4942e3432e8d8b8663bf7d714"},"breadcrumb":{"@id":"https:\/\/radiociutat.com\/es\/ultimas-noticias\/cronicas\/tarragona-celebra-40-anos-de-politicas-de-juventud-con-un-estiu-jove-de-record\/#breadcrumb"},"inLanguage":"es","potentialAction":[{"@type":"ReadAction","target":["https:\/\/radiociutat.com\/es\/ultimas-noticias\/cronicas\/tarragona-celebra-40-anos-de-politicas-de-juventud-con-un-estiu-jove-de-record\/"]}]},{"@type":"ImageObject","inLanguage":"es","@id":"https:\/\/radiociutat.com\/es\/ultimas-noticias\/cronicas\/tarragona-celebra-40-anos-de-politicas-de-juventud-con-un-estiu-jove-de-record\/#primaryimage","url":"https:\/\/files.radiociutat.com\/rctgn\/wp-content\/uploads\/2026\/04\/40-aniversari-TGN-Jove-scaled.jpeg","contentUrl":"https:\/\/files.radiociutat.com\/rctgn\/wp-content\/uploads\/2026\/04\/40-aniversari-TGN-Jove-scaled.jpeg","width":2560,"height":2186},{"@type":"BreadcrumbList","@id":"https:\/\/radiociutat.com\/es\/ultimas-noticias\/cronicas\/tarragona-celebra-40-anos-de-politicas-de-juventud-con-un-estiu-jove-de-record\/#breadcrumb","itemListElement":[{"@type":"ListItem","position":1,"name":"Inici","item":"https:\/\/radiociutat.com\/es\/"},{"@type":"ListItem","position":2,"name":"Tarragona celebra 40 a\u00f1os de pol\u00edticas de juventud con un Estiu Jove de r\u00e9cord"}]},{"@type":"WebSite","@id":"https:\/\/radiociutat.com\/es\/#website","url":"https:\/\/radiociutat.com\/es\/","name":"R\u00e0dio Ciutat de Tarragona","description":"R\u00e0dio Ciutat de Tarragona - RCTgn.cat R\u00e0dio Online","potentialAction":[{"@type":"SearchAction","target":{"@type":"EntryPoint","urlTemplate":"https:\/\/radiociutat.com\/es\/?s={search_term_string}"},"query-input":{"@type":"PropertyValueSpecification","valueRequired":true,"valueName":"search_term_string"}}],"inLanguage":"es"},{"@type":"Person","@id":"https:\/\/radiociutat.com\/es\/#\/schema\/person\/daeecbc4942e3432e8d8b8663bf7d714","name":"Adri\u00e0 Duch","sameAs":["https:\/\/radiociutat.com\/wp-content\/uploads\/2024\/02\/ADRIA-DUCH.png"],"url":"https:\/\/radiociutat.com\/es\/author\/adria-duch\/"}]}},"_links":{"self":[{"href":"https:\/\/radiociutat.com\/es\/wp-json\/wp\/v2\/posts\/378126","targetHints":{"allow":["GET"]}}],"collection":[{"href":"https:\/\/radiociutat.com\/es\/wp-json\/wp\/v2\/posts"}],"about":[{"href":"https:\/\/radiociutat.com\/es\/wp-json\/wp\/v2\/types\/post"}],"author":[{"embeddable":true,"href":"https:\/\/radiociutat.com\/es\/wp-json\/wp\/v2\/users\/84"}],"replies":[{"embeddable":true,"href":"https:\/\/radiociutat.com\/es\/wp-json\/wp\/v2\/comments?post=378126"}],"version-history":[{"count":0,"href":"https:\/\/radiociutat.com\/es\/wp-json\/wp\/v2\/posts\/378126\/revisions"}],"wp:featuredmedia":[{"embeddable":true,"href":"https:\/\/radiociutat.com\/es\/wp-json\/wp\/v2\/media\/378124"}],"wp:attachment":[{"href":"https:\/\/radiociutat.com\/es\/wp-json\/wp\/v2\/media?parent=378126"}],"wp:term":[{"taxonomy":"category","embeddable":true,"href":"https:\/\/radiociutat.com\/es\/wp-json\/wp\/v2\/categories?post=378126"},{"taxonomy":"post_tag","embeddable":true,"href":"https:\/\/radiociutat.com\/es\/wp-json\/wp\/v2\/tags?post=378126"}],"curies":[{"name":"wp","href":"https:\/\/api.w.org\/{rel}","templated":true}]}}