{"id":378120,"date":"2026-04-27T12:12:55","date_gmt":"2026-04-27T10:12:55","guid":{"rendered":"https:\/\/radiociutat.com\/programes-podcast\/el-pp-llevara-al-pleno-de-tarragona-el-rechazo-a-la-regularizacion-de-inmigrantes\/"},"modified":"2026-04-27T12:12:55","modified_gmt":"2026-04-27T10:12:55","slug":"el-pp-llevara-al-pleno-de-tarragona-el-rechazo-a-la-regularizacion-de-inmigrantes","status":"publish","type":"post","link":"https:\/\/radiociutat.com\/es\/ultimas-noticias\/cronicas\/el-pp-llevara-al-pleno-de-tarragona-el-rechazo-a-la-regularizacion-de-inmigrantes\/","title":{"rendered":"El PP llevar\u00e1 al pleno de Tarragona el rechazo a la regularizaci\u00f3n de inmigrantes"},"content":{"rendered":"\n<p>El Partido Popular quiere impulsar una pol\u00edtica de Estado para poner fin a la inmigraci\u00f3n irregular, con el objetivo, aseguran, de \u00abcombinar la humanidad y la justicia\u00bb. El grupo municipal del PP en Tarragona ha anunciado que defender\u00e1 una moci\u00f3n en el pr\u00f3ximo pleno del 15 de mayo para rechazar el actual proceso de regularizaci\u00f3n de inmigrantes impulsado por el gobierno del Estado.<\/p>\n\n\n\n<p>La portavoz de los populares en Tarragona, Maria Merc\u00e8 Martorell, ha remarcado que su partido est\u00e1 a favor de la inmigraci\u00f3n, pero siempre que sea \u201clegal, ordenada y humana\u201d. Seg\u00fan ha explicado, el PP apuesta por establecer reglas claras y verificables, reforzar el control de fronteras y garantizar un retorno ordenado de las personas que no cumplan los requisitos.<\/p>\n\n\n\n<p>La portavoz popular tambi\u00e9n ha criticado duramente la pol\u00edtica del gobierno espa\u00f1ol, asegurando que la regularizaci\u00f3n masiva act\u00faa como una \u201ccortina de humo\u201d ante otros problemas, y ha acusado a otras formaciones de mantener discursos extremos. En este sentido, ha defendido que el PP apuesta por la integraci\u00f3n basada en criterios objetivos.<\/p>\n\n\n\n<p>Desde el grupo municipal tambi\u00e9n alertan de que esta medida est\u00e1 trasladando la presi\u00f3n asistencial a los ayuntamientos y a las entidades sociales, a pesar de que \u00abse trata de una competencia estatal\u00bb. Adem\u00e1s, consideran que el decreto actual no cumple con los principios europeos en materia migratoria ni con el Pacto Europeo de Migraci\u00f3n y Asilo.<\/p>\n","protected":false},"excerpt":{"rendered":"<p>El Partido Popular quiere impulsar una pol\u00edtica de Estado para poner fin a la inmigraci\u00f3n irregular, con el objetivo, aseguran, de \u00abcombinar la humanidad y la justicia\u00bb. El grupo municipal del PP en Tarragona ha anunciado que defender\u00e1 una moci\u00f3n en el pr\u00f3ximo pleno del 15 de mayo para rechazar el actual proceso de regularizaci\u00f3n [&hellip;]<\/p>\n","protected":false},"author":33,"featured_media":376012,"comment_status":"closed","ping_status":"closed","sticky":false,"template":"","format":"standard","meta":{"footnotes":""},"categories":[13688],"tags":[128,6192,88,260,145,14943,129,19,218],"class_list":["post-378120","post","type-post","status-publish","format-standard","has-post-thumbnail","hentry","category-cronicas","tag-actualitat","tag-immigracio","tag-info","tag-noticies","tag-politica","tag-regularitzacio","tag-societat","tag-tarragona","tag-tgn"],"yoast_head":"<!-- This site is optimized with the Yoast SEO Premium plugin v27.4 (Yoast SEO v27.4) - https:\/\/yoast.com\/product\/yoast-seo-premium-wordpress\/ -->\n<title>El PP llevar\u00e1 al pleno de Tarragona el rechazo a la regularizaci\u00f3n de inmigrantes - R\u00e0dio Ciutat de Tarragona<\/title>\n<meta name=\"robots\" content=\"index, follow, max-snippet:-1, max-image-preview:large, max-video-preview:-1\" \/>\n<link rel=\"canonical\" href=\"https:\/\/radiociutat.com\/es\/ultimas-noticias\/cronicas\/el-pp-llevara-al-pleno-de-tarragona-el-rechazo-a-la-regularizacion-de-inmigrantes\/\" \/>\n<meta property=\"og:locale\" content=\"es_ES\" \/>\n<meta property=\"og:type\" content=\"article\" \/>\n<meta property=\"og:title\" content=\"El PP llevar\u00e1 al pleno de Tarragona el rechazo a la regularizaci\u00f3n de inmigrantes\" \/>\n<meta property=\"og:description\" content=\"El Partido Popular quiere impulsar una pol\u00edtica de Estado para poner fin a la inmigraci\u00f3n irregular, con el objetivo, aseguran, de \u00abcombinar la humanidad y la justicia\u00bb. El grupo municipal del PP en Tarragona ha anunciado que defender\u00e1 una moci\u00f3n en el pr\u00f3ximo pleno del 15 de mayo para rechazar el actual proceso de regularizaci\u00f3n [&hellip;]\" \/>\n<meta property=\"og:url\" content=\"https:\/\/radiociutat.com\/es\/ultimas-noticias\/cronicas\/el-pp-llevara-al-pleno-de-tarragona-el-rechazo-a-la-regularizacion-de-inmigrantes\/\" \/>\n<meta property=\"og:site_name\" content=\"R\u00e0dio Ciutat de Tarragona\" \/>\n<meta property=\"article:publisher\" content=\"https:\/\/www.facebook.com\/rctgn\" \/>\n<meta property=\"article:published_time\" content=\"2026-04-27T10:12:55+00:00\" \/>\n<meta property=\"og:image\" content=\"https:\/\/files.radiociutat.com\/rctgn\/wp-content\/uploads\/2026\/04\/WhatsApp-Image-2026-04-16-at-11.34.18-e1776333761788.jpeg\" \/>\n\t<meta property=\"og:image:width\" content=\"1600\" \/>\n\t<meta property=\"og:image:height\" content=\"1200\" \/>\n\t<meta property=\"og:image:type\" content=\"image\/jpeg\" \/>\n<meta name=\"author\" content=\"Adri\u00e0 Tella\" \/>\n<meta name=\"twitter:card\" content=\"summary_large_image\" \/>\n<meta name=\"twitter:creator\" content=\"@RCTgn\" \/>\n<meta name=\"twitter:site\" content=\"@RCTgn\" \/>\n<meta name=\"twitter:label1\" content=\"Escrito por\" \/>\n\t<meta name=\"twitter:data1\" content=\"Adri\u00e0 Tella\" \/>\n\t<meta name=\"twitter:label2\" content=\"Tiempo de lectura\" \/>\n\t<meta name=\"twitter:data2\" content=\"1 minuto\" \/>\n<script type=\"application\/ld+json\" class=\"yoast-schema-graph\">{\"@context\":\"https:\\\/\\\/schema.org\",\"@graph\":[{\"@type\":\"Article\",\"@id\":\"https:\\\/\\\/radiociutat.com\\\/es\\\/ultimas-noticias\\\/cronicas\\\/el-pp-llevara-al-pleno-de-tarragona-el-rechazo-a-la-regularizacion-de-inmigrantes\\\/#article\",\"isPartOf\":{\"@id\":\"https:\\\/\\\/radiociutat.com\\\/es\\\/ultimas-noticias\\\/cronicas\\\/el-pp-llevara-al-pleno-de-tarragona-el-rechazo-a-la-regularizacion-de-inmigrantes\\\/\"},\"author\":{\"name\":\"Adri\u00e0 Tella\",\"@id\":\"https:\\\/\\\/radiociutat.com\\\/es\\\/#\\\/schema\\\/person\\\/3086c6cfd718c2c9cb3329ff2a2ed197\"},\"headline\":\"El PP llevar\u00e1 al pleno de Tarragona el rechazo a la regularizaci\u00f3n de inmigrantes\",\"datePublished\":\"2026-04-27T10:12:55+00:00\",\"mainEntityOfPage\":{\"@id\":\"https:\\\/\\\/radiociutat.com\\\/es\\\/ultimas-noticias\\\/cronicas\\\/el-pp-llevara-al-pleno-de-tarragona-el-rechazo-a-la-regularizacion-de-inmigrantes\\\/\"},\"wordCount\":262,\"image\":{\"@id\":\"https:\\\/\\\/radiociutat.com\\\/es\\\/ultimas-noticias\\\/cronicas\\\/el-pp-llevara-al-pleno-de-tarragona-el-rechazo-a-la-regularizacion-de-inmigrantes\\\/#primaryimage\"},\"thumbnailUrl\":\"https:\\\/\\\/files.radiociutat.com\\\/rctgn\\\/wp-content\\\/uploads\\\/2026\\\/04\\\/WhatsApp-Image-2026-04-16-at-11.34.18-e1776333761788.jpeg\",\"keywords\":[\"Actualitat\",\"immigraci\u00f3\",\"Info\",\"not\u00edcies\",\"Pol\u00edtica\",\"Regularitzaci\u00f3\",\"Societat\",\"Tarragona\",\"TGN\"],\"articleSection\":[\"Cr\u00f3nicas\"],\"inLanguage\":\"es\"},{\"@type\":\"WebPage\",\"@id\":\"https:\\\/\\\/radiociutat.com\\\/es\\\/ultimas-noticias\\\/cronicas\\\/el-pp-llevara-al-pleno-de-tarragona-el-rechazo-a-la-regularizacion-de-inmigrantes\\\/\",\"url\":\"https:\\\/\\\/radiociutat.com\\\/es\\\/ultimas-noticias\\\/cronicas\\\/el-pp-llevara-al-pleno-de-tarragona-el-rechazo-a-la-regularizacion-de-inmigrantes\\\/\",\"name\":\"El PP llevar\u00e1 al pleno de Tarragona el rechazo a la regularizaci\u00f3n de inmigrantes - R\u00e0dio Ciutat de Tarragona\",\"isPartOf\":{\"@id\":\"https:\\\/\\\/radiociutat.com\\\/es\\\/#website\"},\"primaryImageOfPage\":{\"@id\":\"https:\\\/\\\/radiociutat.com\\\/es\\\/ultimas-noticias\\\/cronicas\\\/el-pp-llevara-al-pleno-de-tarragona-el-rechazo-a-la-regularizacion-de-inmigrantes\\\/#primaryimage\"},\"image\":{\"@id\":\"https:\\\/\\\/radiociutat.com\\\/es\\\/ultimas-noticias\\\/cronicas\\\/el-pp-llevara-al-pleno-de-tarragona-el-rechazo-a-la-regularizacion-de-inmigrantes\\\/#primaryimage\"},\"thumbnailUrl\":\"https:\\\/\\\/files.radiociutat.com\\\/rctgn\\\/wp-content\\\/uploads\\\/2026\\\/04\\\/WhatsApp-Image-2026-04-16-at-11.34.18-e1776333761788.jpeg\",\"datePublished\":\"2026-04-27T10:12:55+00:00\",\"author\":{\"@id\":\"https:\\\/\\\/radiociutat.com\\\/es\\\/#\\\/schema\\\/person\\\/3086c6cfd718c2c9cb3329ff2a2ed197\"},\"breadcrumb\":{\"@id\":\"https:\\\/\\\/radiociutat.com\\\/es\\\/ultimas-noticias\\\/cronicas\\\/el-pp-llevara-al-pleno-de-tarragona-el-rechazo-a-la-regularizacion-de-inmigrantes\\\/#breadcrumb\"},\"inLanguage\":\"es\",\"potentialAction\":[{\"@type\":\"ReadAction\",\"target\":[\"https:\\\/\\\/radiociutat.com\\\/es\\\/ultimas-noticias\\\/cronicas\\\/el-pp-llevara-al-pleno-de-tarragona-el-rechazo-a-la-regularizacion-de-inmigrantes\\\/\"]}]},{\"@type\":\"ImageObject\",\"inLanguage\":\"es\",\"@id\":\"https:\\\/\\\/radiociutat.com\\\/es\\\/ultimas-noticias\\\/cronicas\\\/el-pp-llevara-al-pleno-de-tarragona-el-rechazo-a-la-regularizacion-de-inmigrantes\\\/#primaryimage\",\"url\":\"https:\\\/\\\/files.radiociutat.com\\\/rctgn\\\/wp-content\\\/uploads\\\/2026\\\/04\\\/WhatsApp-Image-2026-04-16-at-11.34.18-e1776333761788.jpeg\",\"contentUrl\":\"https:\\\/\\\/files.radiociutat.com\\\/rctgn\\\/wp-content\\\/uploads\\\/2026\\\/04\\\/WhatsApp-Image-2026-04-16-at-11.34.18-e1776333761788.jpeg\",\"width\":1600,\"height\":1200},{\"@type\":\"BreadcrumbList\",\"@id\":\"https:\\\/\\\/radiociutat.com\\\/es\\\/ultimas-noticias\\\/cronicas\\\/el-pp-llevara-al-pleno-de-tarragona-el-rechazo-a-la-regularizacion-de-inmigrantes\\\/#breadcrumb\",\"itemListElement\":[{\"@type\":\"ListItem\",\"position\":1,\"name\":\"Inici\",\"item\":\"https:\\\/\\\/radiociutat.com\\\/es\\\/\"},{\"@type\":\"ListItem\",\"position\":2,\"name\":\"El PP llevar\u00e1 al pleno de Tarragona el rechazo a la regularizaci\u00f3n de inmigrantes\"}]},{\"@type\":\"WebSite\",\"@id\":\"https:\\\/\\\/radiociutat.com\\\/es\\\/#website\",\"url\":\"https:\\\/\\\/radiociutat.com\\\/es\\\/\",\"name\":\"R\u00e0dio Ciutat de Tarragona\",\"description\":\"R\u00e0dio Ciutat de Tarragona - RCTgn.cat R\u00e0dio Online\",\"potentialAction\":[{\"@type\":\"SearchAction\",\"target\":{\"@type\":\"EntryPoint\",\"urlTemplate\":\"https:\\\/\\\/radiociutat.com\\\/es\\\/?s={search_term_string}\"},\"query-input\":{\"@type\":\"PropertyValueSpecification\",\"valueRequired\":true,\"valueName\":\"search_term_string\"}}],\"inLanguage\":\"es\"},{\"@type\":\"Person\",\"@id\":\"https:\\\/\\\/radiociutat.com\\\/es\\\/#\\\/schema\\\/person\\\/3086c6cfd718c2c9cb3329ff2a2ed197\",\"name\":\"Adri\u00e0 Tella\",\"sameAs\":[\"https:\\\/\\\/radiociutat.com\\\/wp-content\\\/uploads\\\/2023\\\/09\\\/adri-tella-1-1-e1694013359760.png\"],\"url\":\"https:\\\/\\\/radiociutat.com\\\/es\\\/author\\\/atella\\\/\"}]}<\/script>\n<!-- \/ Yoast SEO Premium plugin. -->","yoast_head_json":{"title":"El PP llevar\u00e1 al pleno de Tarragona el rechazo a la regularizaci\u00f3n de inmigrantes - R\u00e0dio Ciutat de Tarragona","robots":{"index":"index","follow":"follow","max-snippet":"max-snippet:-1","max-image-preview":"max-image-preview:large","max-video-preview":"max-video-preview:-1"},"canonical":"https:\/\/radiociutat.com\/es\/ultimas-noticias\/cronicas\/el-pp-llevara-al-pleno-de-tarragona-el-rechazo-a-la-regularizacion-de-inmigrantes\/","og_locale":"es_ES","og_type":"article","og_title":"El PP llevar\u00e1 al pleno de Tarragona el rechazo a la regularizaci\u00f3n de inmigrantes","og_description":"El Partido Popular quiere impulsar una pol\u00edtica de Estado para poner fin a la inmigraci\u00f3n irregular, con el objetivo, aseguran, de \u00abcombinar la humanidad y la justicia\u00bb. El grupo municipal del PP en Tarragona ha anunciado que defender\u00e1 una moci\u00f3n en el pr\u00f3ximo pleno del 15 de mayo para rechazar el actual proceso de regularizaci\u00f3n [&hellip;]","og_url":"https:\/\/radiociutat.com\/es\/ultimas-noticias\/cronicas\/el-pp-llevara-al-pleno-de-tarragona-el-rechazo-a-la-regularizacion-de-inmigrantes\/","og_site_name":"R\u00e0dio Ciutat de Tarragona","article_publisher":"https:\/\/www.facebook.com\/rctgn","article_published_time":"2026-04-27T10:12:55+00:00","og_image":[{"width":1600,"height":1200,"url":"https:\/\/files.radiociutat.com\/rctgn\/wp-content\/uploads\/2026\/04\/WhatsApp-Image-2026-04-16-at-11.34.18-e1776333761788.jpeg","type":"image\/jpeg"}],"author":"Adri\u00e0 Tella","twitter_card":"summary_large_image","twitter_creator":"@RCTgn","twitter_site":"@RCTgn","twitter_misc":{"Escrito por":"Adri\u00e0 Tella","Tiempo de lectura":"1 minuto"},"schema":{"@context":"https:\/\/schema.org","@graph":[{"@type":"Article","@id":"https:\/\/radiociutat.com\/es\/ultimas-noticias\/cronicas\/el-pp-llevara-al-pleno-de-tarragona-el-rechazo-a-la-regularizacion-de-inmigrantes\/#article","isPartOf":{"@id":"https:\/\/radiociutat.com\/es\/ultimas-noticias\/cronicas\/el-pp-llevara-al-pleno-de-tarragona-el-rechazo-a-la-regularizacion-de-inmigrantes\/"},"author":{"name":"Adri\u00e0 Tella","@id":"https:\/\/radiociutat.com\/es\/#\/schema\/person\/3086c6cfd718c2c9cb3329ff2a2ed197"},"headline":"El PP llevar\u00e1 al pleno de Tarragona el rechazo a la regularizaci\u00f3n de inmigrantes","datePublished":"2026-04-27T10:12:55+00:00","mainEntityOfPage":{"@id":"https:\/\/radiociutat.com\/es\/ultimas-noticias\/cronicas\/el-pp-llevara-al-pleno-de-tarragona-el-rechazo-a-la-regularizacion-de-inmigrantes\/"},"wordCount":262,"image":{"@id":"https:\/\/radiociutat.com\/es\/ultimas-noticias\/cronicas\/el-pp-llevara-al-pleno-de-tarragona-el-rechazo-a-la-regularizacion-de-inmigrantes\/#primaryimage"},"thumbnailUrl":"https:\/\/files.radiociutat.com\/rctgn\/wp-content\/uploads\/2026\/04\/WhatsApp-Image-2026-04-16-at-11.34.18-e1776333761788.jpeg","keywords":["Actualitat","immigraci\u00f3","Info","not\u00edcies","Pol\u00edtica","Regularitzaci\u00f3","Societat","Tarragona","TGN"],"articleSection":["Cr\u00f3nicas"],"inLanguage":"es"},{"@type":"WebPage","@id":"https:\/\/radiociutat.com\/es\/ultimas-noticias\/cronicas\/el-pp-llevara-al-pleno-de-tarragona-el-rechazo-a-la-regularizacion-de-inmigrantes\/","url":"https:\/\/radiociutat.com\/es\/ultimas-noticias\/cronicas\/el-pp-llevara-al-pleno-de-tarragona-el-rechazo-a-la-regularizacion-de-inmigrantes\/","name":"El PP llevar\u00e1 al pleno de Tarragona el rechazo a la regularizaci\u00f3n de inmigrantes - R\u00e0dio Ciutat de Tarragona","isPartOf":{"@id":"https:\/\/radiociutat.com\/es\/#website"},"primaryImageOfPage":{"@id":"https:\/\/radiociutat.com\/es\/ultimas-noticias\/cronicas\/el-pp-llevara-al-pleno-de-tarragona-el-rechazo-a-la-regularizacion-de-inmigrantes\/#primaryimage"},"image":{"@id":"https:\/\/radiociutat.com\/es\/ultimas-noticias\/cronicas\/el-pp-llevara-al-pleno-de-tarragona-el-rechazo-a-la-regularizacion-de-inmigrantes\/#primaryimage"},"thumbnailUrl":"https:\/\/files.radiociutat.com\/rctgn\/wp-content\/uploads\/2026\/04\/WhatsApp-Image-2026-04-16-at-11.34.18-e1776333761788.jpeg","datePublished":"2026-04-27T10:12:55+00:00","author":{"@id":"https:\/\/radiociutat.com\/es\/#\/schema\/person\/3086c6cfd718c2c9cb3329ff2a2ed197"},"breadcrumb":{"@id":"https:\/\/radiociutat.com\/es\/ultimas-noticias\/cronicas\/el-pp-llevara-al-pleno-de-tarragona-el-rechazo-a-la-regularizacion-de-inmigrantes\/#breadcrumb"},"inLanguage":"es","potentialAction":[{"@type":"ReadAction","target":["https:\/\/radiociutat.com\/es\/ultimas-noticias\/cronicas\/el-pp-llevara-al-pleno-de-tarragona-el-rechazo-a-la-regularizacion-de-inmigrantes\/"]}]},{"@type":"ImageObject","inLanguage":"es","@id":"https:\/\/radiociutat.com\/es\/ultimas-noticias\/cronicas\/el-pp-llevara-al-pleno-de-tarragona-el-rechazo-a-la-regularizacion-de-inmigrantes\/#primaryimage","url":"https:\/\/files.radiociutat.com\/rctgn\/wp-content\/uploads\/2026\/04\/WhatsApp-Image-2026-04-16-at-11.34.18-e1776333761788.jpeg","contentUrl":"https:\/\/files.radiociutat.com\/rctgn\/wp-content\/uploads\/2026\/04\/WhatsApp-Image-2026-04-16-at-11.34.18-e1776333761788.jpeg","width":1600,"height":1200},{"@type":"BreadcrumbList","@id":"https:\/\/radiociutat.com\/es\/ultimas-noticias\/cronicas\/el-pp-llevara-al-pleno-de-tarragona-el-rechazo-a-la-regularizacion-de-inmigrantes\/#breadcrumb","itemListElement":[{"@type":"ListItem","position":1,"name":"Inici","item":"https:\/\/radiociutat.com\/es\/"},{"@type":"ListItem","position":2,"name":"El PP llevar\u00e1 al pleno de Tarragona el rechazo a la regularizaci\u00f3n de inmigrantes"}]},{"@type":"WebSite","@id":"https:\/\/radiociutat.com\/es\/#website","url":"https:\/\/radiociutat.com\/es\/","name":"R\u00e0dio Ciutat de Tarragona","description":"R\u00e0dio Ciutat de Tarragona - RCTgn.cat R\u00e0dio Online","potentialAction":[{"@type":"SearchAction","target":{"@type":"EntryPoint","urlTemplate":"https:\/\/radiociutat.com\/es\/?s={search_term_string}"},"query-input":{"@type":"PropertyValueSpecification","valueRequired":true,"valueName":"search_term_string"}}],"inLanguage":"es"},{"@type":"Person","@id":"https:\/\/radiociutat.com\/es\/#\/schema\/person\/3086c6cfd718c2c9cb3329ff2a2ed197","name":"Adri\u00e0 Tella","sameAs":["https:\/\/radiociutat.com\/wp-content\/uploads\/2023\/09\/adri-tella-1-1-e1694013359760.png"],"url":"https:\/\/radiociutat.com\/es\/author\/atella\/"}]}},"_links":{"self":[{"href":"https:\/\/radiociutat.com\/es\/wp-json\/wp\/v2\/posts\/378120","targetHints":{"allow":["GET"]}}],"collection":[{"href":"https:\/\/radiociutat.com\/es\/wp-json\/wp\/v2\/posts"}],"about":[{"href":"https:\/\/radiociutat.com\/es\/wp-json\/wp\/v2\/types\/post"}],"author":[{"embeddable":true,"href":"https:\/\/radiociutat.com\/es\/wp-json\/wp\/v2\/users\/33"}],"replies":[{"embeddable":true,"href":"https:\/\/radiociutat.com\/es\/wp-json\/wp\/v2\/comments?post=378120"}],"version-history":[{"count":0,"href":"https:\/\/radiociutat.com\/es\/wp-json\/wp\/v2\/posts\/378120\/revisions"}],"wp:featuredmedia":[{"embeddable":true,"href":"https:\/\/radiociutat.com\/es\/wp-json\/wp\/v2\/media\/376012"}],"wp:attachment":[{"href":"https:\/\/radiociutat.com\/es\/wp-json\/wp\/v2\/media?parent=378120"}],"wp:term":[{"taxonomy":"category","embeddable":true,"href":"https:\/\/radiociutat.com\/es\/wp-json\/wp\/v2\/categories?post=378120"},{"taxonomy":"post_tag","embeddable":true,"href":"https:\/\/radiociutat.com\/es\/wp-json\/wp\/v2\/tags?post=378120"}],"curies":[{"name":"wp","href":"https:\/\/api.w.org\/{rel}","templated":true}]}}