{"id":378104,"date":"2026-04-27T11:59:09","date_gmt":"2026-04-27T09:59:09","guid":{"rendered":"https:\/\/radiociutat.com\/programes-podcast\/el-sindicato-metges-de-catalunya-cifra-en-un-25-el-seguimiento-de-la-huelga-de-medicos-en-tarragona\/"},"modified":"2026-04-27T11:59:09","modified_gmt":"2026-04-27T09:59:09","slug":"el-sindicato-metges-de-catalunya-cifra-en-un-25-el-seguimiento-de-la-huelga-de-medicos-en-tarragona","status":"publish","type":"post","link":"https:\/\/radiociutat.com\/es\/ultimas-noticias\/cronicas\/el-sindicato-metges-de-catalunya-cifra-en-un-25-el-seguimiento-de-la-huelga-de-medicos-en-tarragona\/","title":{"rendered":"El sindicato Metges de Catalunya cifra en un 25% el seguimiento de la huelga de m\u00e9dicos en Tarragona"},"content":{"rendered":"\n<p>El sindicato Metges de Catalunya cifra en un 25% el seguimiento de la huelga de m\u00e9dicos en Tarragona en los centros sanitarios p\u00fablicos. En el conjunto de Catalu\u00f1a ser\u00eda de un 31%, con un 34% en Barcelona; un 27%, en Girona y un 16%, en Lleida. Por \u00e1mbito asistencial, el sindicato calcula que es del 33% en la atenci\u00f3n primaria y del 25%, en los hospitales.<\/p>\n\n\n\n<p>Sin embargo, el Departamento de Salud cifra en un 5,2% el seguimiento durante la ma\u00f1ana de la huelga de m\u00e9dicos en los centros del sistema sanitario p\u00fablico (Siscat), seg\u00fan datos provisionales.<\/p>\n\n\n\n<p>Es la d\u00e9cima jornada de huelga de los m\u00e9dicos catalanes desde el oto\u00f1o y, como ha ocurrido en los \u00faltimos meses, vuelve a coincidir con un paro m\u00e1s amplio, a nivel estatal, convocado por la Confederaci\u00f3n Espa\u00f1ola de Sindicatos M\u00e9dicos (CESM) y al cual Metges de Catalunya apoya. Para hacer o\u00edr su voz, los m\u00e9dicos se manifiestan esta ma\u00f1ana en Barcelona.<\/p>\n","protected":false},"excerpt":{"rendered":"<p>El sindicato Metges de Catalunya cifra en un 25% el seguimiento de la huelga de m\u00e9dicos en Tarragona en los centros sanitarios p\u00fablicos. En el conjunto de Catalu\u00f1a ser\u00eda de un 31%, con un 34% en Barcelona; un 27%, en Girona y un 16%, en Lleida. Por \u00e1mbito asistencial, el sindicato calcula que es del [&hellip;]<\/p>\n","protected":false},"author":57,"featured_media":378102,"comment_status":"closed","ping_status":"closed","sticky":false,"template":"","format":"standard","meta":{"footnotes":""},"categories":[13688],"tags":[128,499,260,129,19,218,917],"class_list":["post-378104","post","type-post","status-publish","format-standard","has-post-thumbnail","hentry","category-cronicas","tag-actualitat","tag-metges","tag-noticies","tag-societat","tag-tarragona","tag-tgn","tag-vaga"],"yoast_head":"<!-- This site is optimized with the Yoast SEO Premium plugin v27.4 (Yoast SEO v27.4) - https:\/\/yoast.com\/product\/yoast-seo-premium-wordpress\/ -->\n<title>El sindicato Metges de Catalunya cifra en un 25% el seguimiento de la huelga de m\u00e9dicos en Tarragona - R\u00e0dio Ciutat de Tarragona<\/title>\n<meta name=\"robots\" content=\"index, follow, max-snippet:-1, max-image-preview:large, max-video-preview:-1\" \/>\n<link rel=\"canonical\" href=\"https:\/\/radiociutat.com\/es\/ultimas-noticias\/cronicas\/el-sindicato-metges-de-catalunya-cifra-en-un-25-el-seguimiento-de-la-huelga-de-medicos-en-tarragona\/\" \/>\n<meta property=\"og:locale\" content=\"es_ES\" \/>\n<meta property=\"og:type\" content=\"article\" \/>\n<meta property=\"og:title\" content=\"El sindicato Metges de Catalunya cifra en un 25% el seguimiento de la huelga de m\u00e9dicos en Tarragona\" \/>\n<meta property=\"og:description\" content=\"El sindicato Metges de Catalunya cifra en un 25% el seguimiento de la huelga de m\u00e9dicos en Tarragona en los centros sanitarios p\u00fablicos. En el conjunto de Catalu\u00f1a ser\u00eda de un 31%, con un 34% en Barcelona; un 27%, en Girona y un 16%, en Lleida. Por \u00e1mbito asistencial, el sindicato calcula que es del [&hellip;]\" \/>\n<meta property=\"og:url\" content=\"https:\/\/radiociutat.com\/es\/ultimas-noticias\/cronicas\/el-sindicato-metges-de-catalunya-cifra-en-un-25-el-seguimiento-de-la-huelga-de-medicos-en-tarragona\/\" \/>\n<meta property=\"og:site_name\" content=\"R\u00e0dio Ciutat de Tarragona\" \/>\n<meta property=\"article:publisher\" content=\"https:\/\/www.facebook.com\/rctgn\" \/>\n<meta property=\"article:published_time\" content=\"2026-04-27T09:59:09+00:00\" \/>\n<meta property=\"og:image\" content=\"https:\/\/files.radiociutat.com\/rctgn\/wp-content\/uploads\/2021\/03\/LOGO-RCTGN-RADIO-CIUTAT-DE-TARRAGONA-TRANSPARENTE-TARRAGONA-2020-3000X3000-Redes1-copia.png\" \/>\n\t<meta property=\"og:image:width\" content=\"3000\" \/>\n\t<meta property=\"og:image:height\" content=\"3000\" \/>\n\t<meta property=\"og:image:type\" content=\"image\/png\" \/>\n<meta name=\"author\" content=\"ACN\" \/>\n<meta name=\"twitter:card\" content=\"summary_large_image\" \/>\n<meta name=\"twitter:creator\" content=\"@RCTgn\" \/>\n<meta name=\"twitter:site\" content=\"@RCTgn\" \/>\n<meta name=\"twitter:label1\" content=\"Escrito por\" \/>\n\t<meta name=\"twitter:data1\" content=\"ACN\" \/>\n\t<meta name=\"twitter:label2\" content=\"Tiempo de lectura\" \/>\n\t<meta name=\"twitter:data2\" content=\"1 minuto\" \/>\n<script type=\"application\/ld+json\" class=\"yoast-schema-graph\">{\"@context\":\"https:\\\/\\\/schema.org\",\"@graph\":[{\"@type\":\"Article\",\"@id\":\"https:\\\/\\\/radiociutat.com\\\/es\\\/ultimas-noticias\\\/cronicas\\\/el-sindicato-metges-de-catalunya-cifra-en-un-25-el-seguimiento-de-la-huelga-de-medicos-en-tarragona\\\/#article\",\"isPartOf\":{\"@id\":\"https:\\\/\\\/radiociutat.com\\\/es\\\/ultimas-noticias\\\/cronicas\\\/el-sindicato-metges-de-catalunya-cifra-en-un-25-el-seguimiento-de-la-huelga-de-medicos-en-tarragona\\\/\"},\"author\":{\"name\":\"ACN\",\"@id\":\"https:\\\/\\\/radiociutat.com\\\/es\\\/#\\\/schema\\\/person\\\/ea8722499f2255e1477bd2975629dc71\"},\"headline\":\"El sindicato Metges de Catalunya cifra en un 25% el seguimiento de la huelga de m\u00e9dicos en Tarragona\",\"datePublished\":\"2026-04-27T09:59:09+00:00\",\"mainEntityOfPage\":{\"@id\":\"https:\\\/\\\/radiociutat.com\\\/es\\\/ultimas-noticias\\\/cronicas\\\/el-sindicato-metges-de-catalunya-cifra-en-un-25-el-seguimiento-de-la-huelga-de-medicos-en-tarragona\\\/\"},\"wordCount\":187,\"image\":{\"@id\":\"https:\\\/\\\/radiociutat.com\\\/es\\\/ultimas-noticias\\\/cronicas\\\/el-sindicato-metges-de-catalunya-cifra-en-un-25-el-seguimiento-de-la-huelga-de-medicos-en-tarragona\\\/#primaryimage\"},\"thumbnailUrl\":\"https:\\\/\\\/files.radiociutat.com\\\/rctgn\\\/wp-content\\\/uploads\\\/2026\\\/04\\\/vaga-metges-tarragona-scaled-e1777283854354.jpg\",\"keywords\":[\"Actualitat\",\"Metges\",\"not\u00edcies\",\"Societat\",\"Tarragona\",\"TGN\",\"vaga\"],\"articleSection\":[\"Cr\u00f3nicas\"],\"inLanguage\":\"es\"},{\"@type\":\"WebPage\",\"@id\":\"https:\\\/\\\/radiociutat.com\\\/es\\\/ultimas-noticias\\\/cronicas\\\/el-sindicato-metges-de-catalunya-cifra-en-un-25-el-seguimiento-de-la-huelga-de-medicos-en-tarragona\\\/\",\"url\":\"https:\\\/\\\/radiociutat.com\\\/es\\\/ultimas-noticias\\\/cronicas\\\/el-sindicato-metges-de-catalunya-cifra-en-un-25-el-seguimiento-de-la-huelga-de-medicos-en-tarragona\\\/\",\"name\":\"El sindicato Metges de Catalunya cifra en un 25% el seguimiento de la huelga de m\u00e9dicos en Tarragona - R\u00e0dio Ciutat de Tarragona\",\"isPartOf\":{\"@id\":\"https:\\\/\\\/radiociutat.com\\\/es\\\/#website\"},\"primaryImageOfPage\":{\"@id\":\"https:\\\/\\\/radiociutat.com\\\/es\\\/ultimas-noticias\\\/cronicas\\\/el-sindicato-metges-de-catalunya-cifra-en-un-25-el-seguimiento-de-la-huelga-de-medicos-en-tarragona\\\/#primaryimage\"},\"image\":{\"@id\":\"https:\\\/\\\/radiociutat.com\\\/es\\\/ultimas-noticias\\\/cronicas\\\/el-sindicato-metges-de-catalunya-cifra-en-un-25-el-seguimiento-de-la-huelga-de-medicos-en-tarragona\\\/#primaryimage\"},\"thumbnailUrl\":\"https:\\\/\\\/files.radiociutat.com\\\/rctgn\\\/wp-content\\\/uploads\\\/2026\\\/04\\\/vaga-metges-tarragona-scaled-e1777283854354.jpg\",\"datePublished\":\"2026-04-27T09:59:09+00:00\",\"author\":{\"@id\":\"https:\\\/\\\/radiociutat.com\\\/es\\\/#\\\/schema\\\/person\\\/ea8722499f2255e1477bd2975629dc71\"},\"breadcrumb\":{\"@id\":\"https:\\\/\\\/radiociutat.com\\\/es\\\/ultimas-noticias\\\/cronicas\\\/el-sindicato-metges-de-catalunya-cifra-en-un-25-el-seguimiento-de-la-huelga-de-medicos-en-tarragona\\\/#breadcrumb\"},\"inLanguage\":\"es\",\"potentialAction\":[{\"@type\":\"ReadAction\",\"target\":[\"https:\\\/\\\/radiociutat.com\\\/es\\\/ultimas-noticias\\\/cronicas\\\/el-sindicato-metges-de-catalunya-cifra-en-un-25-el-seguimiento-de-la-huelga-de-medicos-en-tarragona\\\/\"]}]},{\"@type\":\"ImageObject\",\"inLanguage\":\"es\",\"@id\":\"https:\\\/\\\/radiociutat.com\\\/es\\\/ultimas-noticias\\\/cronicas\\\/el-sindicato-metges-de-catalunya-cifra-en-un-25-el-seguimiento-de-la-huelga-de-medicos-en-tarragona\\\/#primaryimage\",\"url\":\"https:\\\/\\\/files.radiociutat.com\\\/rctgn\\\/wp-content\\\/uploads\\\/2026\\\/04\\\/vaga-metges-tarragona-scaled-e1777283854354.jpg\",\"contentUrl\":\"https:\\\/\\\/files.radiociutat.com\\\/rctgn\\\/wp-content\\\/uploads\\\/2026\\\/04\\\/vaga-metges-tarragona-scaled-e1777283854354.jpg\",\"width\":2560,\"height\":1707,\"caption\":\"Foto: ACN\"},{\"@type\":\"BreadcrumbList\",\"@id\":\"https:\\\/\\\/radiociutat.com\\\/es\\\/ultimas-noticias\\\/cronicas\\\/el-sindicato-metges-de-catalunya-cifra-en-un-25-el-seguimiento-de-la-huelga-de-medicos-en-tarragona\\\/#breadcrumb\",\"itemListElement\":[{\"@type\":\"ListItem\",\"position\":1,\"name\":\"Inici\",\"item\":\"https:\\\/\\\/radiociutat.com\\\/es\\\/\"},{\"@type\":\"ListItem\",\"position\":2,\"name\":\"El sindicato Metges de Catalunya cifra en un 25% el seguimiento de la huelga de m\u00e9dicos en Tarragona\"}]},{\"@type\":\"WebSite\",\"@id\":\"https:\\\/\\\/radiociutat.com\\\/es\\\/#website\",\"url\":\"https:\\\/\\\/radiociutat.com\\\/es\\\/\",\"name\":\"R\u00e0dio Ciutat de Tarragona\",\"description\":\"R\u00e0dio Ciutat de Tarragona - RCTgn.cat R\u00e0dio Online\",\"potentialAction\":[{\"@type\":\"SearchAction\",\"target\":{\"@type\":\"EntryPoint\",\"urlTemplate\":\"https:\\\/\\\/radiociutat.com\\\/es\\\/?s={search_term_string}\"},\"query-input\":{\"@type\":\"PropertyValueSpecification\",\"valueRequired\":true,\"valueName\":\"search_term_string\"}}],\"inLanguage\":\"es\"},{\"@type\":\"Person\",\"@id\":\"https:\\\/\\\/radiociutat.com\\\/es\\\/#\\\/schema\\\/person\\\/ea8722499f2255e1477bd2975629dc71\",\"name\":\"ACN\",\"sameAs\":[\"https:\\\/\\\/radiociutat.com\\\/wp-content\\\/uploads\\\/2023\\\/09\\\/acn-e1694789176650.png\"],\"url\":\"https:\\\/\\\/radiociutat.com\\\/es\\\/author\\\/acn\\\/\"}]}<\/script>\n<!-- \/ Yoast SEO Premium plugin. -->","yoast_head_json":{"title":"El sindicato Metges de Catalunya cifra en un 25% el seguimiento de la huelga de m\u00e9dicos en Tarragona - R\u00e0dio Ciutat de Tarragona","robots":{"index":"index","follow":"follow","max-snippet":"max-snippet:-1","max-image-preview":"max-image-preview:large","max-video-preview":"max-video-preview:-1"},"canonical":"https:\/\/radiociutat.com\/es\/ultimas-noticias\/cronicas\/el-sindicato-metges-de-catalunya-cifra-en-un-25-el-seguimiento-de-la-huelga-de-medicos-en-tarragona\/","og_locale":"es_ES","og_type":"article","og_title":"El sindicato Metges de Catalunya cifra en un 25% el seguimiento de la huelga de m\u00e9dicos en Tarragona","og_description":"El sindicato Metges de Catalunya cifra en un 25% el seguimiento de la huelga de m\u00e9dicos en Tarragona en los centros sanitarios p\u00fablicos. En el conjunto de Catalu\u00f1a ser\u00eda de un 31%, con un 34% en Barcelona; un 27%, en Girona y un 16%, en Lleida. Por \u00e1mbito asistencial, el sindicato calcula que es del [&hellip;]","og_url":"https:\/\/radiociutat.com\/es\/ultimas-noticias\/cronicas\/el-sindicato-metges-de-catalunya-cifra-en-un-25-el-seguimiento-de-la-huelga-de-medicos-en-tarragona\/","og_site_name":"R\u00e0dio Ciutat de Tarragona","article_publisher":"https:\/\/www.facebook.com\/rctgn","article_published_time":"2026-04-27T09:59:09+00:00","og_image":[{"width":3000,"height":3000,"url":"https:\/\/files.radiociutat.com\/rctgn\/wp-content\/uploads\/2021\/03\/LOGO-RCTGN-RADIO-CIUTAT-DE-TARRAGONA-TRANSPARENTE-TARRAGONA-2020-3000X3000-Redes1-copia.png","type":"image\/png"}],"author":"ACN","twitter_card":"summary_large_image","twitter_creator":"@RCTgn","twitter_site":"@RCTgn","twitter_misc":{"Escrito por":"ACN","Tiempo de lectura":"1 minuto"},"schema":{"@context":"https:\/\/schema.org","@graph":[{"@type":"Article","@id":"https:\/\/radiociutat.com\/es\/ultimas-noticias\/cronicas\/el-sindicato-metges-de-catalunya-cifra-en-un-25-el-seguimiento-de-la-huelga-de-medicos-en-tarragona\/#article","isPartOf":{"@id":"https:\/\/radiociutat.com\/es\/ultimas-noticias\/cronicas\/el-sindicato-metges-de-catalunya-cifra-en-un-25-el-seguimiento-de-la-huelga-de-medicos-en-tarragona\/"},"author":{"name":"ACN","@id":"https:\/\/radiociutat.com\/es\/#\/schema\/person\/ea8722499f2255e1477bd2975629dc71"},"headline":"El sindicato Metges de Catalunya cifra en un 25% el seguimiento de la huelga de m\u00e9dicos en Tarragona","datePublished":"2026-04-27T09:59:09+00:00","mainEntityOfPage":{"@id":"https:\/\/radiociutat.com\/es\/ultimas-noticias\/cronicas\/el-sindicato-metges-de-catalunya-cifra-en-un-25-el-seguimiento-de-la-huelga-de-medicos-en-tarragona\/"},"wordCount":187,"image":{"@id":"https:\/\/radiociutat.com\/es\/ultimas-noticias\/cronicas\/el-sindicato-metges-de-catalunya-cifra-en-un-25-el-seguimiento-de-la-huelga-de-medicos-en-tarragona\/#primaryimage"},"thumbnailUrl":"https:\/\/files.radiociutat.com\/rctgn\/wp-content\/uploads\/2026\/04\/vaga-metges-tarragona-scaled-e1777283854354.jpg","keywords":["Actualitat","Metges","not\u00edcies","Societat","Tarragona","TGN","vaga"],"articleSection":["Cr\u00f3nicas"],"inLanguage":"es"},{"@type":"WebPage","@id":"https:\/\/radiociutat.com\/es\/ultimas-noticias\/cronicas\/el-sindicato-metges-de-catalunya-cifra-en-un-25-el-seguimiento-de-la-huelga-de-medicos-en-tarragona\/","url":"https:\/\/radiociutat.com\/es\/ultimas-noticias\/cronicas\/el-sindicato-metges-de-catalunya-cifra-en-un-25-el-seguimiento-de-la-huelga-de-medicos-en-tarragona\/","name":"El sindicato Metges de Catalunya cifra en un 25% el seguimiento de la huelga de m\u00e9dicos en Tarragona - R\u00e0dio Ciutat de Tarragona","isPartOf":{"@id":"https:\/\/radiociutat.com\/es\/#website"},"primaryImageOfPage":{"@id":"https:\/\/radiociutat.com\/es\/ultimas-noticias\/cronicas\/el-sindicato-metges-de-catalunya-cifra-en-un-25-el-seguimiento-de-la-huelga-de-medicos-en-tarragona\/#primaryimage"},"image":{"@id":"https:\/\/radiociutat.com\/es\/ultimas-noticias\/cronicas\/el-sindicato-metges-de-catalunya-cifra-en-un-25-el-seguimiento-de-la-huelga-de-medicos-en-tarragona\/#primaryimage"},"thumbnailUrl":"https:\/\/files.radiociutat.com\/rctgn\/wp-content\/uploads\/2026\/04\/vaga-metges-tarragona-scaled-e1777283854354.jpg","datePublished":"2026-04-27T09:59:09+00:00","author":{"@id":"https:\/\/radiociutat.com\/es\/#\/schema\/person\/ea8722499f2255e1477bd2975629dc71"},"breadcrumb":{"@id":"https:\/\/radiociutat.com\/es\/ultimas-noticias\/cronicas\/el-sindicato-metges-de-catalunya-cifra-en-un-25-el-seguimiento-de-la-huelga-de-medicos-en-tarragona\/#breadcrumb"},"inLanguage":"es","potentialAction":[{"@type":"ReadAction","target":["https:\/\/radiociutat.com\/es\/ultimas-noticias\/cronicas\/el-sindicato-metges-de-catalunya-cifra-en-un-25-el-seguimiento-de-la-huelga-de-medicos-en-tarragona\/"]}]},{"@type":"ImageObject","inLanguage":"es","@id":"https:\/\/radiociutat.com\/es\/ultimas-noticias\/cronicas\/el-sindicato-metges-de-catalunya-cifra-en-un-25-el-seguimiento-de-la-huelga-de-medicos-en-tarragona\/#primaryimage","url":"https:\/\/files.radiociutat.com\/rctgn\/wp-content\/uploads\/2026\/04\/vaga-metges-tarragona-scaled-e1777283854354.jpg","contentUrl":"https:\/\/files.radiociutat.com\/rctgn\/wp-content\/uploads\/2026\/04\/vaga-metges-tarragona-scaled-e1777283854354.jpg","width":2560,"height":1707,"caption":"Foto: ACN"},{"@type":"BreadcrumbList","@id":"https:\/\/radiociutat.com\/es\/ultimas-noticias\/cronicas\/el-sindicato-metges-de-catalunya-cifra-en-un-25-el-seguimiento-de-la-huelga-de-medicos-en-tarragona\/#breadcrumb","itemListElement":[{"@type":"ListItem","position":1,"name":"Inici","item":"https:\/\/radiociutat.com\/es\/"},{"@type":"ListItem","position":2,"name":"El sindicato Metges de Catalunya cifra en un 25% el seguimiento de la huelga de m\u00e9dicos en Tarragona"}]},{"@type":"WebSite","@id":"https:\/\/radiociutat.com\/es\/#website","url":"https:\/\/radiociutat.com\/es\/","name":"R\u00e0dio Ciutat de Tarragona","description":"R\u00e0dio Ciutat de Tarragona - RCTgn.cat R\u00e0dio Online","potentialAction":[{"@type":"SearchAction","target":{"@type":"EntryPoint","urlTemplate":"https:\/\/radiociutat.com\/es\/?s={search_term_string}"},"query-input":{"@type":"PropertyValueSpecification","valueRequired":true,"valueName":"search_term_string"}}],"inLanguage":"es"},{"@type":"Person","@id":"https:\/\/radiociutat.com\/es\/#\/schema\/person\/ea8722499f2255e1477bd2975629dc71","name":"ACN","sameAs":["https:\/\/radiociutat.com\/wp-content\/uploads\/2023\/09\/acn-e1694789176650.png"],"url":"https:\/\/radiociutat.com\/es\/author\/acn\/"}]}},"_links":{"self":[{"href":"https:\/\/radiociutat.com\/es\/wp-json\/wp\/v2\/posts\/378104","targetHints":{"allow":["GET"]}}],"collection":[{"href":"https:\/\/radiociutat.com\/es\/wp-json\/wp\/v2\/posts"}],"about":[{"href":"https:\/\/radiociutat.com\/es\/wp-json\/wp\/v2\/types\/post"}],"author":[{"embeddable":true,"href":"https:\/\/radiociutat.com\/es\/wp-json\/wp\/v2\/users\/57"}],"replies":[{"embeddable":true,"href":"https:\/\/radiociutat.com\/es\/wp-json\/wp\/v2\/comments?post=378104"}],"version-history":[{"count":0,"href":"https:\/\/radiociutat.com\/es\/wp-json\/wp\/v2\/posts\/378104\/revisions"}],"wp:featuredmedia":[{"embeddable":true,"href":"https:\/\/radiociutat.com\/es\/wp-json\/wp\/v2\/media\/378102"}],"wp:attachment":[{"href":"https:\/\/radiociutat.com\/es\/wp-json\/wp\/v2\/media?parent=378104"}],"wp:term":[{"taxonomy":"category","embeddable":true,"href":"https:\/\/radiociutat.com\/es\/wp-json\/wp\/v2\/categories?post=378104"},{"taxonomy":"post_tag","embeddable":true,"href":"https:\/\/radiociutat.com\/es\/wp-json\/wp\/v2\/tags?post=378104"}],"curies":[{"name":"wp","href":"https:\/\/api.w.org\/{rel}","templated":true}]}}