{"id":378096,"date":"2026-04-27T11:48:49","date_gmt":"2026-04-27T09:48:49","guid":{"rendered":"https:\/\/radiociutat.com\/programes-podcast\/detienen-al-conductor-de-un-autobus-en-la-pineda-por-ir-ebrio-sin-cinturon-y-con-seis-pasajeros\/"},"modified":"2026-04-27T11:48:49","modified_gmt":"2026-04-27T09:48:49","slug":"detienen-al-conductor-de-un-autobus-en-la-pineda-por-ir-ebrio-sin-cinturon-y-con-seis-pasajeros","status":"publish","type":"post","link":"https:\/\/radiociutat.com\/es\/ultimas-noticias\/cronicas\/detienen-al-conductor-de-un-autobus-en-la-pineda-por-ir-ebrio-sin-cinturon-y-con-seis-pasajeros\/","title":{"rendered":"Detienen al conductor de un autob\u00fas en la Pineda por ir ebrio, sin cintur\u00f3n y con seis pasajeros"},"content":{"rendered":"\n<p>Los Mossos d\u2019Esquadra interceptaron el pasado viernes a un conductor de autob\u00fas que iba sin cintur\u00f3n de seguridad, con una tasa de alcoholemia de 0,81 mg\/l y seis pasajeros a bordo. Los hechos ocurrieron el 24 de abril a las ocho menos cuarto de la tarde en el marco de un control policial habilitado en la Pineda (Tarragona). Por todos estos hechos, el conductor del transporte colectivo qued\u00f3 detenido por los agentes.<\/p>\n","protected":false},"excerpt":{"rendered":"<p>Los Mossos d\u2019Esquadra interceptaron el pasado viernes a un conductor de autob\u00fas que iba sin cintur\u00f3n de seguridad, con una tasa de alcoholemia de 0,81 mg\/l y seis pasajeros a bordo. Los hechos ocurrieron el 24 de abril a las ocho menos cuarto de la tarde en el marco de un control policial habilitado en [&hellip;]<\/p>\n","protected":false},"author":57,"featured_media":378093,"comment_status":"closed","ping_status":"closed","sticky":false,"template":"","format":"standard","meta":{"footnotes":""},"categories":[13688],"tags":[128,2354,14937,260,19,218,14938],"class_list":["post-378096","post","type-post","status-publish","format-standard","has-post-thumbnail","hentry","category-cronicas","tag-actualitat","tag-bus","tag-la-pineda","tag-noticies","tag-tarragona","tag-tgn","tag-vila-seca"],"yoast_head":"<!-- This site is optimized with the Yoast SEO Premium plugin v27.4 (Yoast SEO v27.4) - https:\/\/yoast.com\/product\/yoast-seo-premium-wordpress\/ -->\n<title>Detienen al conductor de un autob\u00fas en la Pineda por ir ebrio, sin cintur\u00f3n y con seis pasajeros - R\u00e0dio Ciutat de Tarragona<\/title>\n<meta name=\"robots\" content=\"index, follow, max-snippet:-1, max-image-preview:large, max-video-preview:-1\" \/>\n<link rel=\"canonical\" href=\"https:\/\/radiociutat.com\/es\/ultimas-noticias\/cronicas\/detienen-al-conductor-de-un-autobus-en-la-pineda-por-ir-ebrio-sin-cinturon-y-con-seis-pasajeros\/\" \/>\n<meta property=\"og:locale\" content=\"es_ES\" \/>\n<meta property=\"og:type\" content=\"article\" \/>\n<meta property=\"og:title\" content=\"Detienen al conductor de un autob\u00fas en la Pineda por ir ebrio, sin cintur\u00f3n y con seis pasajeros\" \/>\n<meta property=\"og:description\" content=\"Los Mossos d\u2019Esquadra interceptaron el pasado viernes a un conductor de autob\u00fas que iba sin cintur\u00f3n de seguridad, con una tasa de alcoholemia de 0,81 mg\/l y seis pasajeros a bordo. Los hechos ocurrieron el 24 de abril a las ocho menos cuarto de la tarde en el marco de un control policial habilitado en [&hellip;]\" \/>\n<meta property=\"og:url\" content=\"https:\/\/radiociutat.com\/es\/ultimas-noticias\/cronicas\/detienen-al-conductor-de-un-autobus-en-la-pineda-por-ir-ebrio-sin-cinturon-y-con-seis-pasajeros\/\" \/>\n<meta property=\"og:site_name\" content=\"R\u00e0dio Ciutat de Tarragona\" \/>\n<meta property=\"article:publisher\" content=\"https:\/\/www.facebook.com\/rctgn\" \/>\n<meta property=\"article:published_time\" content=\"2026-04-27T09:48:49+00:00\" \/>\n<meta property=\"og:image\" content=\"https:\/\/files.radiociutat.com\/rctgn\/wp-content\/uploads\/2026\/04\/Conductor-bus-detingut-mossos-e1777282696656.jpg\" \/>\n\t<meta property=\"og:image:width\" content=\"1280\" \/>\n\t<meta property=\"og:image:height\" content=\"960\" \/>\n\t<meta property=\"og:image:type\" content=\"image\/jpeg\" \/>\n<meta name=\"author\" content=\"ACN\" \/>\n<meta name=\"twitter:card\" content=\"summary_large_image\" \/>\n<meta name=\"twitter:creator\" content=\"@RCTgn\" \/>\n<meta name=\"twitter:site\" content=\"@RCTgn\" \/>\n<meta name=\"twitter:label1\" content=\"Escrito por\" \/>\n\t<meta name=\"twitter:data1\" content=\"ACN\" \/>\n<script type=\"application\/ld+json\" class=\"yoast-schema-graph\">{\"@context\":\"https:\\\/\\\/schema.org\",\"@graph\":[{\"@type\":\"Article\",\"@id\":\"https:\\\/\\\/radiociutat.com\\\/es\\\/ultimas-noticias\\\/cronicas\\\/detienen-al-conductor-de-un-autobus-en-la-pineda-por-ir-ebrio-sin-cinturon-y-con-seis-pasajeros\\\/#article\",\"isPartOf\":{\"@id\":\"https:\\\/\\\/radiociutat.com\\\/es\\\/ultimas-noticias\\\/cronicas\\\/detienen-al-conductor-de-un-autobus-en-la-pineda-por-ir-ebrio-sin-cinturon-y-con-seis-pasajeros\\\/\"},\"author\":{\"name\":\"ACN\",\"@id\":\"https:\\\/\\\/radiociutat.com\\\/es\\\/#\\\/schema\\\/person\\\/ea8722499f2255e1477bd2975629dc71\"},\"headline\":\"Detienen al conductor de un autob\u00fas en la Pineda por ir ebrio, sin cintur\u00f3n y con seis pasajeros\",\"datePublished\":\"2026-04-27T09:48:49+00:00\",\"mainEntityOfPage\":{\"@id\":\"https:\\\/\\\/radiociutat.com\\\/es\\\/ultimas-noticias\\\/cronicas\\\/detienen-al-conductor-de-un-autobus-en-la-pineda-por-ir-ebrio-sin-cinturon-y-con-seis-pasajeros\\\/\"},\"wordCount\":94,\"image\":{\"@id\":\"https:\\\/\\\/radiociutat.com\\\/es\\\/ultimas-noticias\\\/cronicas\\\/detienen-al-conductor-de-un-autobus-en-la-pineda-por-ir-ebrio-sin-cinturon-y-con-seis-pasajeros\\\/#primaryimage\"},\"thumbnailUrl\":\"https:\\\/\\\/files.radiociutat.com\\\/rctgn\\\/wp-content\\\/uploads\\\/2026\\\/04\\\/Conductor-bus-detingut-mossos-e1777282696656.jpg\",\"keywords\":[\"Actualitat\",\"bus\",\"La Pineda\",\"not\u00edcies\",\"Tarragona\",\"TGN\",\"Vila-seca\"],\"articleSection\":[\"Cr\u00f3nicas\"],\"inLanguage\":\"es\"},{\"@type\":\"WebPage\",\"@id\":\"https:\\\/\\\/radiociutat.com\\\/es\\\/ultimas-noticias\\\/cronicas\\\/detienen-al-conductor-de-un-autobus-en-la-pineda-por-ir-ebrio-sin-cinturon-y-con-seis-pasajeros\\\/\",\"url\":\"https:\\\/\\\/radiociutat.com\\\/es\\\/ultimas-noticias\\\/cronicas\\\/detienen-al-conductor-de-un-autobus-en-la-pineda-por-ir-ebrio-sin-cinturon-y-con-seis-pasajeros\\\/\",\"name\":\"Detienen al conductor de un autob\u00fas en la Pineda por ir ebrio, sin cintur\u00f3n y con seis pasajeros - R\u00e0dio Ciutat de Tarragona\",\"isPartOf\":{\"@id\":\"https:\\\/\\\/radiociutat.com\\\/es\\\/#website\"},\"primaryImageOfPage\":{\"@id\":\"https:\\\/\\\/radiociutat.com\\\/es\\\/ultimas-noticias\\\/cronicas\\\/detienen-al-conductor-de-un-autobus-en-la-pineda-por-ir-ebrio-sin-cinturon-y-con-seis-pasajeros\\\/#primaryimage\"},\"image\":{\"@id\":\"https:\\\/\\\/radiociutat.com\\\/es\\\/ultimas-noticias\\\/cronicas\\\/detienen-al-conductor-de-un-autobus-en-la-pineda-por-ir-ebrio-sin-cinturon-y-con-seis-pasajeros\\\/#primaryimage\"},\"thumbnailUrl\":\"https:\\\/\\\/files.radiociutat.com\\\/rctgn\\\/wp-content\\\/uploads\\\/2026\\\/04\\\/Conductor-bus-detingut-mossos-e1777282696656.jpg\",\"datePublished\":\"2026-04-27T09:48:49+00:00\",\"author\":{\"@id\":\"https:\\\/\\\/radiociutat.com\\\/es\\\/#\\\/schema\\\/person\\\/ea8722499f2255e1477bd2975629dc71\"},\"breadcrumb\":{\"@id\":\"https:\\\/\\\/radiociutat.com\\\/es\\\/ultimas-noticias\\\/cronicas\\\/detienen-al-conductor-de-un-autobus-en-la-pineda-por-ir-ebrio-sin-cinturon-y-con-seis-pasajeros\\\/#breadcrumb\"},\"inLanguage\":\"es\",\"potentialAction\":[{\"@type\":\"ReadAction\",\"target\":[\"https:\\\/\\\/radiociutat.com\\\/es\\\/ultimas-noticias\\\/cronicas\\\/detienen-al-conductor-de-un-autobus-en-la-pineda-por-ir-ebrio-sin-cinturon-y-con-seis-pasajeros\\\/\"]}]},{\"@type\":\"ImageObject\",\"inLanguage\":\"es\",\"@id\":\"https:\\\/\\\/radiociutat.com\\\/es\\\/ultimas-noticias\\\/cronicas\\\/detienen-al-conductor-de-un-autobus-en-la-pineda-por-ir-ebrio-sin-cinturon-y-con-seis-pasajeros\\\/#primaryimage\",\"url\":\"https:\\\/\\\/files.radiociutat.com\\\/rctgn\\\/wp-content\\\/uploads\\\/2026\\\/04\\\/Conductor-bus-detingut-mossos-e1777282696656.jpg\",\"contentUrl\":\"https:\\\/\\\/files.radiociutat.com\\\/rctgn\\\/wp-content\\\/uploads\\\/2026\\\/04\\\/Conductor-bus-detingut-mossos-e1777282696656.jpg\",\"width\":1280,\"height\":960,\"caption\":\"Foto: Mossos\"},{\"@type\":\"BreadcrumbList\",\"@id\":\"https:\\\/\\\/radiociutat.com\\\/es\\\/ultimas-noticias\\\/cronicas\\\/detienen-al-conductor-de-un-autobus-en-la-pineda-por-ir-ebrio-sin-cinturon-y-con-seis-pasajeros\\\/#breadcrumb\",\"itemListElement\":[{\"@type\":\"ListItem\",\"position\":1,\"name\":\"Inici\",\"item\":\"https:\\\/\\\/radiociutat.com\\\/es\\\/\"},{\"@type\":\"ListItem\",\"position\":2,\"name\":\"Detienen al conductor de un autob\u00fas en la Pineda por ir ebrio, sin cintur\u00f3n y con seis pasajeros\"}]},{\"@type\":\"WebSite\",\"@id\":\"https:\\\/\\\/radiociutat.com\\\/es\\\/#website\",\"url\":\"https:\\\/\\\/radiociutat.com\\\/es\\\/\",\"name\":\"R\u00e0dio Ciutat de Tarragona\",\"description\":\"R\u00e0dio Ciutat de Tarragona - RCTgn.cat R\u00e0dio Online\",\"potentialAction\":[{\"@type\":\"SearchAction\",\"target\":{\"@type\":\"EntryPoint\",\"urlTemplate\":\"https:\\\/\\\/radiociutat.com\\\/es\\\/?s={search_term_string}\"},\"query-input\":{\"@type\":\"PropertyValueSpecification\",\"valueRequired\":true,\"valueName\":\"search_term_string\"}}],\"inLanguage\":\"es\"},{\"@type\":\"Person\",\"@id\":\"https:\\\/\\\/radiociutat.com\\\/es\\\/#\\\/schema\\\/person\\\/ea8722499f2255e1477bd2975629dc71\",\"name\":\"ACN\",\"sameAs\":[\"https:\\\/\\\/radiociutat.com\\\/wp-content\\\/uploads\\\/2023\\\/09\\\/acn-e1694789176650.png\"],\"url\":\"https:\\\/\\\/radiociutat.com\\\/es\\\/author\\\/acn\\\/\"}]}<\/script>\n<!-- \/ Yoast SEO Premium plugin. -->","yoast_head_json":{"title":"Detienen al conductor de un autob\u00fas en la Pineda por ir ebrio, sin cintur\u00f3n y con seis pasajeros - R\u00e0dio Ciutat de Tarragona","robots":{"index":"index","follow":"follow","max-snippet":"max-snippet:-1","max-image-preview":"max-image-preview:large","max-video-preview":"max-video-preview:-1"},"canonical":"https:\/\/radiociutat.com\/es\/ultimas-noticias\/cronicas\/detienen-al-conductor-de-un-autobus-en-la-pineda-por-ir-ebrio-sin-cinturon-y-con-seis-pasajeros\/","og_locale":"es_ES","og_type":"article","og_title":"Detienen al conductor de un autob\u00fas en la Pineda por ir ebrio, sin cintur\u00f3n y con seis pasajeros","og_description":"Los Mossos d\u2019Esquadra interceptaron el pasado viernes a un conductor de autob\u00fas que iba sin cintur\u00f3n de seguridad, con una tasa de alcoholemia de 0,81 mg\/l y seis pasajeros a bordo. Los hechos ocurrieron el 24 de abril a las ocho menos cuarto de la tarde en el marco de un control policial habilitado en [&hellip;]","og_url":"https:\/\/radiociutat.com\/es\/ultimas-noticias\/cronicas\/detienen-al-conductor-de-un-autobus-en-la-pineda-por-ir-ebrio-sin-cinturon-y-con-seis-pasajeros\/","og_site_name":"R\u00e0dio Ciutat de Tarragona","article_publisher":"https:\/\/www.facebook.com\/rctgn","article_published_time":"2026-04-27T09:48:49+00:00","og_image":[{"width":1280,"height":960,"url":"https:\/\/files.radiociutat.com\/rctgn\/wp-content\/uploads\/2026\/04\/Conductor-bus-detingut-mossos-e1777282696656.jpg","type":"image\/jpeg"}],"author":"ACN","twitter_card":"summary_large_image","twitter_creator":"@RCTgn","twitter_site":"@RCTgn","twitter_misc":{"Escrito por":"ACN"},"schema":{"@context":"https:\/\/schema.org","@graph":[{"@type":"Article","@id":"https:\/\/radiociutat.com\/es\/ultimas-noticias\/cronicas\/detienen-al-conductor-de-un-autobus-en-la-pineda-por-ir-ebrio-sin-cinturon-y-con-seis-pasajeros\/#article","isPartOf":{"@id":"https:\/\/radiociutat.com\/es\/ultimas-noticias\/cronicas\/detienen-al-conductor-de-un-autobus-en-la-pineda-por-ir-ebrio-sin-cinturon-y-con-seis-pasajeros\/"},"author":{"name":"ACN","@id":"https:\/\/radiociutat.com\/es\/#\/schema\/person\/ea8722499f2255e1477bd2975629dc71"},"headline":"Detienen al conductor de un autob\u00fas en la Pineda por ir ebrio, sin cintur\u00f3n y con seis pasajeros","datePublished":"2026-04-27T09:48:49+00:00","mainEntityOfPage":{"@id":"https:\/\/radiociutat.com\/es\/ultimas-noticias\/cronicas\/detienen-al-conductor-de-un-autobus-en-la-pineda-por-ir-ebrio-sin-cinturon-y-con-seis-pasajeros\/"},"wordCount":94,"image":{"@id":"https:\/\/radiociutat.com\/es\/ultimas-noticias\/cronicas\/detienen-al-conductor-de-un-autobus-en-la-pineda-por-ir-ebrio-sin-cinturon-y-con-seis-pasajeros\/#primaryimage"},"thumbnailUrl":"https:\/\/files.radiociutat.com\/rctgn\/wp-content\/uploads\/2026\/04\/Conductor-bus-detingut-mossos-e1777282696656.jpg","keywords":["Actualitat","bus","La Pineda","not\u00edcies","Tarragona","TGN","Vila-seca"],"articleSection":["Cr\u00f3nicas"],"inLanguage":"es"},{"@type":"WebPage","@id":"https:\/\/radiociutat.com\/es\/ultimas-noticias\/cronicas\/detienen-al-conductor-de-un-autobus-en-la-pineda-por-ir-ebrio-sin-cinturon-y-con-seis-pasajeros\/","url":"https:\/\/radiociutat.com\/es\/ultimas-noticias\/cronicas\/detienen-al-conductor-de-un-autobus-en-la-pineda-por-ir-ebrio-sin-cinturon-y-con-seis-pasajeros\/","name":"Detienen al conductor de un autob\u00fas en la Pineda por ir ebrio, sin cintur\u00f3n y con seis pasajeros - R\u00e0dio Ciutat de Tarragona","isPartOf":{"@id":"https:\/\/radiociutat.com\/es\/#website"},"primaryImageOfPage":{"@id":"https:\/\/radiociutat.com\/es\/ultimas-noticias\/cronicas\/detienen-al-conductor-de-un-autobus-en-la-pineda-por-ir-ebrio-sin-cinturon-y-con-seis-pasajeros\/#primaryimage"},"image":{"@id":"https:\/\/radiociutat.com\/es\/ultimas-noticias\/cronicas\/detienen-al-conductor-de-un-autobus-en-la-pineda-por-ir-ebrio-sin-cinturon-y-con-seis-pasajeros\/#primaryimage"},"thumbnailUrl":"https:\/\/files.radiociutat.com\/rctgn\/wp-content\/uploads\/2026\/04\/Conductor-bus-detingut-mossos-e1777282696656.jpg","datePublished":"2026-04-27T09:48:49+00:00","author":{"@id":"https:\/\/radiociutat.com\/es\/#\/schema\/person\/ea8722499f2255e1477bd2975629dc71"},"breadcrumb":{"@id":"https:\/\/radiociutat.com\/es\/ultimas-noticias\/cronicas\/detienen-al-conductor-de-un-autobus-en-la-pineda-por-ir-ebrio-sin-cinturon-y-con-seis-pasajeros\/#breadcrumb"},"inLanguage":"es","potentialAction":[{"@type":"ReadAction","target":["https:\/\/radiociutat.com\/es\/ultimas-noticias\/cronicas\/detienen-al-conductor-de-un-autobus-en-la-pineda-por-ir-ebrio-sin-cinturon-y-con-seis-pasajeros\/"]}]},{"@type":"ImageObject","inLanguage":"es","@id":"https:\/\/radiociutat.com\/es\/ultimas-noticias\/cronicas\/detienen-al-conductor-de-un-autobus-en-la-pineda-por-ir-ebrio-sin-cinturon-y-con-seis-pasajeros\/#primaryimage","url":"https:\/\/files.radiociutat.com\/rctgn\/wp-content\/uploads\/2026\/04\/Conductor-bus-detingut-mossos-e1777282696656.jpg","contentUrl":"https:\/\/files.radiociutat.com\/rctgn\/wp-content\/uploads\/2026\/04\/Conductor-bus-detingut-mossos-e1777282696656.jpg","width":1280,"height":960,"caption":"Foto: Mossos"},{"@type":"BreadcrumbList","@id":"https:\/\/radiociutat.com\/es\/ultimas-noticias\/cronicas\/detienen-al-conductor-de-un-autobus-en-la-pineda-por-ir-ebrio-sin-cinturon-y-con-seis-pasajeros\/#breadcrumb","itemListElement":[{"@type":"ListItem","position":1,"name":"Inici","item":"https:\/\/radiociutat.com\/es\/"},{"@type":"ListItem","position":2,"name":"Detienen al conductor de un autob\u00fas en la Pineda por ir ebrio, sin cintur\u00f3n y con seis pasajeros"}]},{"@type":"WebSite","@id":"https:\/\/radiociutat.com\/es\/#website","url":"https:\/\/radiociutat.com\/es\/","name":"R\u00e0dio Ciutat de Tarragona","description":"R\u00e0dio Ciutat de Tarragona - RCTgn.cat R\u00e0dio Online","potentialAction":[{"@type":"SearchAction","target":{"@type":"EntryPoint","urlTemplate":"https:\/\/radiociutat.com\/es\/?s={search_term_string}"},"query-input":{"@type":"PropertyValueSpecification","valueRequired":true,"valueName":"search_term_string"}}],"inLanguage":"es"},{"@type":"Person","@id":"https:\/\/radiociutat.com\/es\/#\/schema\/person\/ea8722499f2255e1477bd2975629dc71","name":"ACN","sameAs":["https:\/\/radiociutat.com\/wp-content\/uploads\/2023\/09\/acn-e1694789176650.png"],"url":"https:\/\/radiociutat.com\/es\/author\/acn\/"}]}},"_links":{"self":[{"href":"https:\/\/radiociutat.com\/es\/wp-json\/wp\/v2\/posts\/378096","targetHints":{"allow":["GET"]}}],"collection":[{"href":"https:\/\/radiociutat.com\/es\/wp-json\/wp\/v2\/posts"}],"about":[{"href":"https:\/\/radiociutat.com\/es\/wp-json\/wp\/v2\/types\/post"}],"author":[{"embeddable":true,"href":"https:\/\/radiociutat.com\/es\/wp-json\/wp\/v2\/users\/57"}],"replies":[{"embeddable":true,"href":"https:\/\/radiociutat.com\/es\/wp-json\/wp\/v2\/comments?post=378096"}],"version-history":[{"count":0,"href":"https:\/\/radiociutat.com\/es\/wp-json\/wp\/v2\/posts\/378096\/revisions"}],"wp:featuredmedia":[{"embeddable":true,"href":"https:\/\/radiociutat.com\/es\/wp-json\/wp\/v2\/media\/378093"}],"wp:attachment":[{"href":"https:\/\/radiociutat.com\/es\/wp-json\/wp\/v2\/media?parent=378096"}],"wp:term":[{"taxonomy":"category","embeddable":true,"href":"https:\/\/radiociutat.com\/es\/wp-json\/wp\/v2\/categories?post=378096"},{"taxonomy":"post_tag","embeddable":true,"href":"https:\/\/radiociutat.com\/es\/wp-json\/wp\/v2\/tags?post=378096"}],"curies":[{"name":"wp","href":"https:\/\/api.w.org\/{rel}","templated":true}]}}