{"id":378084,"date":"2026-04-27T10:55:04","date_gmt":"2026-04-27T08:55:04","guid":{"rendered":"https:\/\/radiociutat.com\/programes-podcast\/la-feht-fortalece-su-estructura-con-el-nombramiento-de-monica-mila-como-nueva-gerente\/"},"modified":"2026-04-27T10:55:04","modified_gmt":"2026-04-27T08:55:04","slug":"la-feht-fortalece-su-estructura-con-el-nombramiento-de-monica-mila-como-nueva-gerente","status":"publish","type":"post","link":"https:\/\/radiociutat.com\/es\/ultimas-noticias\/la-feht-fortalece-su-estructura-con-el-nombramiento-de-monica-mila-como-nueva-gerente\/","title":{"rendered":"La FEHT fortalece su estructura con el nombramiento de M\u00f3nica Mil\u00e1 como nueva gerente"},"content":{"rendered":"\n<p>La Federaci\u00f3n Empresarial de Hosteler\u00eda y Turismo de la provincia de Tarragona (<strong>FEHT<\/strong>), la entidad que representa el 90% de las plazas tur\u00edsticas de la demarcaci\u00f3n, ha anunciado la incorporaci\u00f3n de <strong>M\u00f3nica Mil\u00e1<\/strong> como nueva gerente de la entidad, en el marco de un nuevo modelo de gesti\u00f3n unificada que integra tambi\u00e9n la gerencia simult\u00e1nea de la Asociaci\u00f3n Hotelera Costa Daurada y Terres de l\u2019Ebre y la Asociaci\u00f3n de Campings de la Costa Daurada y Terres de l\u2019Ebre.<\/p>\n\n\n\n<p>Este paso responde a la estrategia de la FEHT de fortalecer su estructura organizativa y avanzar hacia una gesti\u00f3n m\u00e1s transversal y coordinada entre los principales sectores del alojamiento tur\u00edstico del territorio. En este contexto, el <strong>nuevo modelo de gerencia unificada<\/strong> se plantea como una apuesta por modernizar la estructura de la FEHT y reforzar la capacidad de respuesta ante un entorno tur\u00edstico cada vez m\u00e1s exigente y competitivo.<\/p>\n\n\n\n<p>M\u00f3nica Mil\u00e1 aporta una amplia trayectoria en desarrollo de negocio, gesti\u00f3n de equipos en empresas de primer nivel y un amplio conocimiento del ecosistema tur\u00edstico. Ha desarrollado su carrera en \u00e1mbitos como la gesti\u00f3n de grandes cuentas, la estrategia comercial y la coordinaci\u00f3n de equipos de ventas. Adem\u00e1s, tiene experiencia en organizaciones l\u00edderes como PortAventura World, Vueling, Austrian Airlines y otras compa\u00f1\u00edas del sector.<\/p>\n","protected":false},"excerpt":{"rendered":"<p>La Federaci\u00f3n Empresarial de Hosteler\u00eda y Turismo de la provincia de Tarragona (FEHT), la entidad que representa el 90% de las plazas tur\u00edsticas de la demarcaci\u00f3n, ha anunciado la incorporaci\u00f3n de M\u00f3nica Mil\u00e1 como nueva gerente de la entidad, en el marco de un nuevo modelo de gesti\u00f3n unificada que integra tambi\u00e9n la gerencia simult\u00e1nea [&hellip;]<\/p>\n","protected":false},"author":1,"featured_media":378081,"comment_status":"closed","ping_status":"closed","sticky":false,"template":"","format":"standard","meta":{"footnotes":""},"categories":[13688,13716],"tags":[14933,14934],"class_list":["post-378084","post","type-post","status-publish","format-standard","has-post-thumbnail","hentry","category-cronicas","category-ultimas-noticias","tag-feht","tag-monica-mila"],"yoast_head":"<!-- This site is optimized with the Yoast SEO Premium plugin v27.4 (Yoast SEO v27.4) - https:\/\/yoast.com\/product\/yoast-seo-premium-wordpress\/ -->\n<title>La FEHT fortalece su estructura con el nombramiento de M\u00f3nica Mil\u00e1 como nueva gerente - R\u00e0dio Ciutat de Tarragona<\/title>\n<meta name=\"robots\" content=\"index, follow, max-snippet:-1, max-image-preview:large, max-video-preview:-1\" \/>\n<link rel=\"canonical\" href=\"https:\/\/radiociutat.com\/es\/ultimas-noticias\/la-feht-fortalece-su-estructura-con-el-nombramiento-de-monica-mila-como-nueva-gerente\/\" \/>\n<meta property=\"og:locale\" content=\"es_ES\" \/>\n<meta property=\"og:type\" content=\"article\" \/>\n<meta property=\"og:title\" content=\"La FEHT fortalece su estructura con el nombramiento de M\u00f3nica Mil\u00e1 como nueva gerente\" \/>\n<meta property=\"og:description\" content=\"La Federaci\u00f3n Empresarial de Hosteler\u00eda y Turismo de la provincia de Tarragona (FEHT), la entidad que representa el 90% de las plazas tur\u00edsticas de la demarcaci\u00f3n, ha anunciado la incorporaci\u00f3n de M\u00f3nica Mil\u00e1 como nueva gerente de la entidad, en el marco de un nuevo modelo de gesti\u00f3n unificada que integra tambi\u00e9n la gerencia simult\u00e1nea [&hellip;]\" \/>\n<meta property=\"og:url\" content=\"https:\/\/radiociutat.com\/es\/ultimas-noticias\/la-feht-fortalece-su-estructura-con-el-nombramiento-de-monica-mila-como-nueva-gerente\/\" \/>\n<meta property=\"og:site_name\" content=\"R\u00e0dio Ciutat de Tarragona\" \/>\n<meta property=\"article:publisher\" content=\"https:\/\/www.facebook.com\/rctgn\" \/>\n<meta property=\"article:published_time\" content=\"2026-04-27T08:55:04+00:00\" \/>\n<meta property=\"og:image\" content=\"https:\/\/files.radiociutat.com\/rctgn\/wp-content\/uploads\/2026\/04\/FEHT-Monica-Mila-e1777279756423.jpg\" \/>\n\t<meta property=\"og:image:width\" content=\"1024\" \/>\n\t<meta property=\"og:image:height\" content=\"819\" \/>\n\t<meta property=\"og:image:type\" content=\"image\/jpeg\" \/>\n<meta name=\"author\" content=\"Redacci\u00f3\" \/>\n<meta name=\"twitter:card\" content=\"summary_large_image\" \/>\n<meta name=\"twitter:creator\" content=\"@RCTgn\" \/>\n<meta name=\"twitter:site\" content=\"@RCTgn\" \/>\n<meta name=\"twitter:label1\" content=\"Escrito por\" \/>\n\t<meta name=\"twitter:data1\" content=\"Redacci\u00f3\" \/>\n\t<meta name=\"twitter:label2\" content=\"Tiempo de lectura\" \/>\n\t<meta name=\"twitter:data2\" content=\"1 minuto\" \/>\n<script type=\"application\/ld+json\" class=\"yoast-schema-graph\">{\"@context\":\"https:\\\/\\\/schema.org\",\"@graph\":[{\"@type\":\"Article\",\"@id\":\"https:\\\/\\\/radiociutat.com\\\/es\\\/ultimas-noticias\\\/la-feht-fortalece-su-estructura-con-el-nombramiento-de-monica-mila-como-nueva-gerente\\\/#article\",\"isPartOf\":{\"@id\":\"https:\\\/\\\/radiociutat.com\\\/es\\\/ultimas-noticias\\\/la-feht-fortalece-su-estructura-con-el-nombramiento-de-monica-mila-como-nueva-gerente\\\/\"},\"author\":{\"name\":\"Redacci\u00f3\",\"@id\":\"https:\\\/\\\/radiociutat.com\\\/es\\\/#\\\/schema\\\/person\\\/04b6638f9d2a9ea77408db76c5d8f0b5\"},\"headline\":\"La FEHT fortalece su estructura con el nombramiento de M\u00f3nica Mil\u00e1 como nueva gerente\",\"datePublished\":\"2026-04-27T08:55:04+00:00\",\"mainEntityOfPage\":{\"@id\":\"https:\\\/\\\/radiociutat.com\\\/es\\\/ultimas-noticias\\\/la-feht-fortalece-su-estructura-con-el-nombramiento-de-monica-mila-como-nueva-gerente\\\/\"},\"wordCount\":251,\"image\":{\"@id\":\"https:\\\/\\\/radiociutat.com\\\/es\\\/ultimas-noticias\\\/la-feht-fortalece-su-estructura-con-el-nombramiento-de-monica-mila-como-nueva-gerente\\\/#primaryimage\"},\"thumbnailUrl\":\"https:\\\/\\\/files.radiociutat.com\\\/rctgn\\\/wp-content\\\/uploads\\\/2026\\\/04\\\/FEHT-Monica-Mila-e1777279756423.jpg\",\"keywords\":[\"FEHT\",\"M\u00f3nica Mil\u00e1\"],\"articleSection\":[\"Cr\u00f3nicas\",\"\u00daltimas noticias\"],\"inLanguage\":\"es\"},{\"@type\":\"WebPage\",\"@id\":\"https:\\\/\\\/radiociutat.com\\\/es\\\/ultimas-noticias\\\/la-feht-fortalece-su-estructura-con-el-nombramiento-de-monica-mila-como-nueva-gerente\\\/\",\"url\":\"https:\\\/\\\/radiociutat.com\\\/es\\\/ultimas-noticias\\\/la-feht-fortalece-su-estructura-con-el-nombramiento-de-monica-mila-como-nueva-gerente\\\/\",\"name\":\"La FEHT fortalece su estructura con el nombramiento de M\u00f3nica Mil\u00e1 como nueva gerente - R\u00e0dio Ciutat de Tarragona\",\"isPartOf\":{\"@id\":\"https:\\\/\\\/radiociutat.com\\\/es\\\/#website\"},\"primaryImageOfPage\":{\"@id\":\"https:\\\/\\\/radiociutat.com\\\/es\\\/ultimas-noticias\\\/la-feht-fortalece-su-estructura-con-el-nombramiento-de-monica-mila-como-nueva-gerente\\\/#primaryimage\"},\"image\":{\"@id\":\"https:\\\/\\\/radiociutat.com\\\/es\\\/ultimas-noticias\\\/la-feht-fortalece-su-estructura-con-el-nombramiento-de-monica-mila-como-nueva-gerente\\\/#primaryimage\"},\"thumbnailUrl\":\"https:\\\/\\\/files.radiociutat.com\\\/rctgn\\\/wp-content\\\/uploads\\\/2026\\\/04\\\/FEHT-Monica-Mila-e1777279756423.jpg\",\"datePublished\":\"2026-04-27T08:55:04+00:00\",\"author\":{\"@id\":\"https:\\\/\\\/radiociutat.com\\\/es\\\/#\\\/schema\\\/person\\\/04b6638f9d2a9ea77408db76c5d8f0b5\"},\"breadcrumb\":{\"@id\":\"https:\\\/\\\/radiociutat.com\\\/es\\\/ultimas-noticias\\\/la-feht-fortalece-su-estructura-con-el-nombramiento-de-monica-mila-como-nueva-gerente\\\/#breadcrumb\"},\"inLanguage\":\"es\",\"potentialAction\":[{\"@type\":\"ReadAction\",\"target\":[\"https:\\\/\\\/radiociutat.com\\\/es\\\/ultimas-noticias\\\/la-feht-fortalece-su-estructura-con-el-nombramiento-de-monica-mila-como-nueva-gerente\\\/\"]}]},{\"@type\":\"ImageObject\",\"inLanguage\":\"es\",\"@id\":\"https:\\\/\\\/radiociutat.com\\\/es\\\/ultimas-noticias\\\/la-feht-fortalece-su-estructura-con-el-nombramiento-de-monica-mila-como-nueva-gerente\\\/#primaryimage\",\"url\":\"https:\\\/\\\/files.radiociutat.com\\\/rctgn\\\/wp-content\\\/uploads\\\/2026\\\/04\\\/FEHT-Monica-Mila-e1777279756423.jpg\",\"contentUrl\":\"https:\\\/\\\/files.radiociutat.com\\\/rctgn\\\/wp-content\\\/uploads\\\/2026\\\/04\\\/FEHT-Monica-Mila-e1777279756423.jpg\",\"width\":1024,\"height\":819},{\"@type\":\"BreadcrumbList\",\"@id\":\"https:\\\/\\\/radiociutat.com\\\/es\\\/ultimas-noticias\\\/la-feht-fortalece-su-estructura-con-el-nombramiento-de-monica-mila-como-nueva-gerente\\\/#breadcrumb\",\"itemListElement\":[{\"@type\":\"ListItem\",\"position\":1,\"name\":\"Inici\",\"item\":\"https:\\\/\\\/radiociutat.com\\\/es\\\/\"},{\"@type\":\"ListItem\",\"position\":2,\"name\":\"La FEHT fortalece su estructura con el nombramiento de M\u00f3nica Mil\u00e1 como nueva gerente\"}]},{\"@type\":\"WebSite\",\"@id\":\"https:\\\/\\\/radiociutat.com\\\/es\\\/#website\",\"url\":\"https:\\\/\\\/radiociutat.com\\\/es\\\/\",\"name\":\"R\u00e0dio Ciutat de Tarragona\",\"description\":\"R\u00e0dio Ciutat de Tarragona - RCTgn.cat R\u00e0dio Online\",\"potentialAction\":[{\"@type\":\"SearchAction\",\"target\":{\"@type\":\"EntryPoint\",\"urlTemplate\":\"https:\\\/\\\/radiociutat.com\\\/es\\\/?s={search_term_string}\"},\"query-input\":{\"@type\":\"PropertyValueSpecification\",\"valueRequired\":true,\"valueName\":\"search_term_string\"}}],\"inLanguage\":\"es\"},{\"@type\":\"Person\",\"@id\":\"https:\\\/\\\/radiociutat.com\\\/es\\\/#\\\/schema\\\/person\\\/04b6638f9d2a9ea77408db76c5d8f0b5\",\"name\":\"Redacci\u00f3\",\"sameAs\":[\"https:\\\/\\\/radiociutat.com\\\/wp-content\\\/uploads\\\/2023\\\/09\\\/LOGO-RCTGN-CUADRAT.png\"],\"url\":\"https:\\\/\\\/radiociutat.com\\\/es\\\/author\\\/jespinosa\\\/\"}]}<\/script>\n<!-- \/ Yoast SEO Premium plugin. -->","yoast_head_json":{"title":"La FEHT fortalece su estructura con el nombramiento de M\u00f3nica Mil\u00e1 como nueva gerente - R\u00e0dio Ciutat de Tarragona","robots":{"index":"index","follow":"follow","max-snippet":"max-snippet:-1","max-image-preview":"max-image-preview:large","max-video-preview":"max-video-preview:-1"},"canonical":"https:\/\/radiociutat.com\/es\/ultimas-noticias\/la-feht-fortalece-su-estructura-con-el-nombramiento-de-monica-mila-como-nueva-gerente\/","og_locale":"es_ES","og_type":"article","og_title":"La FEHT fortalece su estructura con el nombramiento de M\u00f3nica Mil\u00e1 como nueva gerente","og_description":"La Federaci\u00f3n Empresarial de Hosteler\u00eda y Turismo de la provincia de Tarragona (FEHT), la entidad que representa el 90% de las plazas tur\u00edsticas de la demarcaci\u00f3n, ha anunciado la incorporaci\u00f3n de M\u00f3nica Mil\u00e1 como nueva gerente de la entidad, en el marco de un nuevo modelo de gesti\u00f3n unificada que integra tambi\u00e9n la gerencia simult\u00e1nea [&hellip;]","og_url":"https:\/\/radiociutat.com\/es\/ultimas-noticias\/la-feht-fortalece-su-estructura-con-el-nombramiento-de-monica-mila-como-nueva-gerente\/","og_site_name":"R\u00e0dio Ciutat de Tarragona","article_publisher":"https:\/\/www.facebook.com\/rctgn","article_published_time":"2026-04-27T08:55:04+00:00","og_image":[{"width":1024,"height":819,"url":"https:\/\/files.radiociutat.com\/rctgn\/wp-content\/uploads\/2026\/04\/FEHT-Monica-Mila-e1777279756423.jpg","type":"image\/jpeg"}],"author":"Redacci\u00f3","twitter_card":"summary_large_image","twitter_creator":"@RCTgn","twitter_site":"@RCTgn","twitter_misc":{"Escrito por":"Redacci\u00f3","Tiempo de lectura":"1 minuto"},"schema":{"@context":"https:\/\/schema.org","@graph":[{"@type":"Article","@id":"https:\/\/radiociutat.com\/es\/ultimas-noticias\/la-feht-fortalece-su-estructura-con-el-nombramiento-de-monica-mila-como-nueva-gerente\/#article","isPartOf":{"@id":"https:\/\/radiociutat.com\/es\/ultimas-noticias\/la-feht-fortalece-su-estructura-con-el-nombramiento-de-monica-mila-como-nueva-gerente\/"},"author":{"name":"Redacci\u00f3","@id":"https:\/\/radiociutat.com\/es\/#\/schema\/person\/04b6638f9d2a9ea77408db76c5d8f0b5"},"headline":"La FEHT fortalece su estructura con el nombramiento de M\u00f3nica Mil\u00e1 como nueva gerente","datePublished":"2026-04-27T08:55:04+00:00","mainEntityOfPage":{"@id":"https:\/\/radiociutat.com\/es\/ultimas-noticias\/la-feht-fortalece-su-estructura-con-el-nombramiento-de-monica-mila-como-nueva-gerente\/"},"wordCount":251,"image":{"@id":"https:\/\/radiociutat.com\/es\/ultimas-noticias\/la-feht-fortalece-su-estructura-con-el-nombramiento-de-monica-mila-como-nueva-gerente\/#primaryimage"},"thumbnailUrl":"https:\/\/files.radiociutat.com\/rctgn\/wp-content\/uploads\/2026\/04\/FEHT-Monica-Mila-e1777279756423.jpg","keywords":["FEHT","M\u00f3nica Mil\u00e1"],"articleSection":["Cr\u00f3nicas","\u00daltimas noticias"],"inLanguage":"es"},{"@type":"WebPage","@id":"https:\/\/radiociutat.com\/es\/ultimas-noticias\/la-feht-fortalece-su-estructura-con-el-nombramiento-de-monica-mila-como-nueva-gerente\/","url":"https:\/\/radiociutat.com\/es\/ultimas-noticias\/la-feht-fortalece-su-estructura-con-el-nombramiento-de-monica-mila-como-nueva-gerente\/","name":"La FEHT fortalece su estructura con el nombramiento de M\u00f3nica Mil\u00e1 como nueva gerente - R\u00e0dio Ciutat de Tarragona","isPartOf":{"@id":"https:\/\/radiociutat.com\/es\/#website"},"primaryImageOfPage":{"@id":"https:\/\/radiociutat.com\/es\/ultimas-noticias\/la-feht-fortalece-su-estructura-con-el-nombramiento-de-monica-mila-como-nueva-gerente\/#primaryimage"},"image":{"@id":"https:\/\/radiociutat.com\/es\/ultimas-noticias\/la-feht-fortalece-su-estructura-con-el-nombramiento-de-monica-mila-como-nueva-gerente\/#primaryimage"},"thumbnailUrl":"https:\/\/files.radiociutat.com\/rctgn\/wp-content\/uploads\/2026\/04\/FEHT-Monica-Mila-e1777279756423.jpg","datePublished":"2026-04-27T08:55:04+00:00","author":{"@id":"https:\/\/radiociutat.com\/es\/#\/schema\/person\/04b6638f9d2a9ea77408db76c5d8f0b5"},"breadcrumb":{"@id":"https:\/\/radiociutat.com\/es\/ultimas-noticias\/la-feht-fortalece-su-estructura-con-el-nombramiento-de-monica-mila-como-nueva-gerente\/#breadcrumb"},"inLanguage":"es","potentialAction":[{"@type":"ReadAction","target":["https:\/\/radiociutat.com\/es\/ultimas-noticias\/la-feht-fortalece-su-estructura-con-el-nombramiento-de-monica-mila-como-nueva-gerente\/"]}]},{"@type":"ImageObject","inLanguage":"es","@id":"https:\/\/radiociutat.com\/es\/ultimas-noticias\/la-feht-fortalece-su-estructura-con-el-nombramiento-de-monica-mila-como-nueva-gerente\/#primaryimage","url":"https:\/\/files.radiociutat.com\/rctgn\/wp-content\/uploads\/2026\/04\/FEHT-Monica-Mila-e1777279756423.jpg","contentUrl":"https:\/\/files.radiociutat.com\/rctgn\/wp-content\/uploads\/2026\/04\/FEHT-Monica-Mila-e1777279756423.jpg","width":1024,"height":819},{"@type":"BreadcrumbList","@id":"https:\/\/radiociutat.com\/es\/ultimas-noticias\/la-feht-fortalece-su-estructura-con-el-nombramiento-de-monica-mila-como-nueva-gerente\/#breadcrumb","itemListElement":[{"@type":"ListItem","position":1,"name":"Inici","item":"https:\/\/radiociutat.com\/es\/"},{"@type":"ListItem","position":2,"name":"La FEHT fortalece su estructura con el nombramiento de M\u00f3nica Mil\u00e1 como nueva gerente"}]},{"@type":"WebSite","@id":"https:\/\/radiociutat.com\/es\/#website","url":"https:\/\/radiociutat.com\/es\/","name":"R\u00e0dio Ciutat de Tarragona","description":"R\u00e0dio Ciutat de Tarragona - RCTgn.cat R\u00e0dio Online","potentialAction":[{"@type":"SearchAction","target":{"@type":"EntryPoint","urlTemplate":"https:\/\/radiociutat.com\/es\/?s={search_term_string}"},"query-input":{"@type":"PropertyValueSpecification","valueRequired":true,"valueName":"search_term_string"}}],"inLanguage":"es"},{"@type":"Person","@id":"https:\/\/radiociutat.com\/es\/#\/schema\/person\/04b6638f9d2a9ea77408db76c5d8f0b5","name":"Redacci\u00f3","sameAs":["https:\/\/radiociutat.com\/wp-content\/uploads\/2023\/09\/LOGO-RCTGN-CUADRAT.png"],"url":"https:\/\/radiociutat.com\/es\/author\/jespinosa\/"}]}},"_links":{"self":[{"href":"https:\/\/radiociutat.com\/es\/wp-json\/wp\/v2\/posts\/378084","targetHints":{"allow":["GET"]}}],"collection":[{"href":"https:\/\/radiociutat.com\/es\/wp-json\/wp\/v2\/posts"}],"about":[{"href":"https:\/\/radiociutat.com\/es\/wp-json\/wp\/v2\/types\/post"}],"author":[{"embeddable":true,"href":"https:\/\/radiociutat.com\/es\/wp-json\/wp\/v2\/users\/1"}],"replies":[{"embeddable":true,"href":"https:\/\/radiociutat.com\/es\/wp-json\/wp\/v2\/comments?post=378084"}],"version-history":[{"count":0,"href":"https:\/\/radiociutat.com\/es\/wp-json\/wp\/v2\/posts\/378084\/revisions"}],"wp:featuredmedia":[{"embeddable":true,"href":"https:\/\/radiociutat.com\/es\/wp-json\/wp\/v2\/media\/378081"}],"wp:attachment":[{"href":"https:\/\/radiociutat.com\/es\/wp-json\/wp\/v2\/media?parent=378084"}],"wp:term":[{"taxonomy":"category","embeddable":true,"href":"https:\/\/radiociutat.com\/es\/wp-json\/wp\/v2\/categories?post=378084"},{"taxonomy":"post_tag","embeddable":true,"href":"https:\/\/radiociutat.com\/es\/wp-json\/wp\/v2\/tags?post=378084"}],"curies":[{"name":"wp","href":"https:\/\/api.w.org\/{rel}","templated":true}]}}