{"id":378059,"date":"2026-04-27T10:17:43","date_gmt":"2026-04-27T08:17:43","guid":{"rendered":"https:\/\/radiociutat.com\/programes-podcast\/dos-meses-sin-trenes-en-la-r13-entre-sant-vicenc-de-calders-y-la-plana-picamoixons-por-obras\/"},"modified":"2026-04-27T10:17:43","modified_gmt":"2026-04-27T08:17:43","slug":"dos-meses-sin-trenes-en-la-r13-entre-sant-vicenc-de-calders-y-la-plana-picamoixons-por-obras","status":"publish","type":"post","link":"https:\/\/radiociutat.com\/es\/ultimas-noticias\/dos-meses-sin-trenes-en-la-r13-entre-sant-vicenc-de-calders-y-la-plana-picamoixons-por-obras\/","title":{"rendered":"Dos meses sin trenes en la R13 entre Sant Vicen\u00e7 de Calders y la Plana-Picamoixons por obras"},"content":{"rendered":"\n<p>Renfe ha informado que unas obras de mejora en la infraestructura entre Sant Vicen\u00e7 de Calders y la Plana-Picamoixons dejar\u00e1n sin servicio de tren la l\u00ednea R13 de Rodalies.<\/p>\n\n\n\n<p>Los trabajos durar\u00e1n dos meses y se ejecutar\u00e1n <strong>entre el 4 de mayo y el 6 de julio<\/strong>, seg\u00fan ha precisado la compa\u00f1\u00eda. Renfe habilitar\u00e1 un <strong>servicio alternativo por carretera<\/strong> y, durante este periodo, los trenes de la R13 circular\u00e1n desviados por Reus haciendo el mismo recorrido que la l\u00ednea R14.<\/p>\n\n\n\n<p>Previamente, los d\u00edas 1 y 2 de mayo, Adif realizar\u00e1 otros trabajos de mejora de la infraestructura entre la Plana-Picamoixons y Reus que afectar\u00e1n a los trenes de las l\u00edneas R14 y RT1, y obligar\u00e1n a establecer un servicio alternativo por carretera entre la Plana-Picamoixons y Tarragona.<\/p>\n","protected":false},"excerpt":{"rendered":"<p>Renfe ha informado que unas obras de mejora en la infraestructura entre Sant Vicen\u00e7 de Calders y la Plana-Picamoixons dejar\u00e1n sin servicio de tren la l\u00ednea R13 de Rodalies. Los trabajos durar\u00e1n dos meses y se ejecutar\u00e1n entre el 4 de mayo y el 6 de julio, seg\u00fan ha precisado la compa\u00f1\u00eda. Renfe habilitar\u00e1 un [&hellip;]<\/p>\n","protected":false},"author":57,"featured_media":378057,"comment_status":"closed","ping_status":"closed","sticky":false,"template":"","format":"standard","meta":{"footnotes":""},"categories":[13688,13716],"tags":[14931],"class_list":["post-378059","post","type-post","status-publish","format-standard","has-post-thumbnail","hentry","category-cronicas","category-ultimas-noticias","tag-rodalies"],"yoast_head":"<!-- This site is optimized with the Yoast SEO Premium plugin v27.4 (Yoast SEO v27.4) - https:\/\/yoast.com\/product\/yoast-seo-premium-wordpress\/ -->\n<title>Dos meses sin trenes en la R13 entre Sant Vicen\u00e7 de Calders y la Plana-Picamoixons por obras - R\u00e0dio Ciutat de Tarragona<\/title>\n<meta name=\"robots\" content=\"index, follow, max-snippet:-1, max-image-preview:large, max-video-preview:-1\" \/>\n<link rel=\"canonical\" href=\"https:\/\/radiociutat.com\/es\/ultimas-noticias\/dos-meses-sin-trenes-en-la-r13-entre-sant-vicenc-de-calders-y-la-plana-picamoixons-por-obras\/\" \/>\n<meta property=\"og:locale\" content=\"es_ES\" \/>\n<meta property=\"og:type\" content=\"article\" \/>\n<meta property=\"og:title\" content=\"Dos meses sin trenes en la R13 entre Sant Vicen\u00e7 de Calders y la Plana-Picamoixons por obras\" \/>\n<meta property=\"og:description\" content=\"Renfe ha informado que unas obras de mejora en la infraestructura entre Sant Vicen\u00e7 de Calders y la Plana-Picamoixons dejar\u00e1n sin servicio de tren la l\u00ednea R13 de Rodalies. Los trabajos durar\u00e1n dos meses y se ejecutar\u00e1n entre el 4 de mayo y el 6 de julio, seg\u00fan ha precisado la compa\u00f1\u00eda. Renfe habilitar\u00e1 un [&hellip;]\" \/>\n<meta property=\"og:url\" content=\"https:\/\/radiociutat.com\/es\/ultimas-noticias\/dos-meses-sin-trenes-en-la-r13-entre-sant-vicenc-de-calders-y-la-plana-picamoixons-por-obras\/\" \/>\n<meta property=\"og:site_name\" content=\"R\u00e0dio Ciutat de Tarragona\" \/>\n<meta property=\"article:publisher\" content=\"https:\/\/www.facebook.com\/rctgn\" \/>\n<meta property=\"article:published_time\" content=\"2026-04-27T08:17:43+00:00\" \/>\n<meta property=\"og:image\" content=\"https:\/\/files.radiociutat.com\/rctgn\/wp-content\/uploads\/2026\/04\/Renfe-Lleida-e1777277591959.jpg\" \/>\n\t<meta property=\"og:image:width\" content=\"2500\" \/>\n\t<meta property=\"og:image:height\" content=\"1667\" \/>\n\t<meta property=\"og:image:type\" content=\"image\/jpeg\" \/>\n<meta name=\"author\" content=\"ACN\" \/>\n<meta name=\"twitter:card\" content=\"summary_large_image\" \/>\n<meta name=\"twitter:creator\" content=\"@RCTgn\" \/>\n<meta name=\"twitter:site\" content=\"@RCTgn\" \/>\n<meta name=\"twitter:label1\" content=\"Escrito por\" \/>\n\t<meta name=\"twitter:data1\" content=\"ACN\" \/>\n\t<meta name=\"twitter:label2\" content=\"Tiempo de lectura\" \/>\n\t<meta name=\"twitter:data2\" content=\"1 minuto\" \/>\n<script type=\"application\/ld+json\" class=\"yoast-schema-graph\">{\"@context\":\"https:\\\/\\\/schema.org\",\"@graph\":[{\"@type\":\"Article\",\"@id\":\"https:\\\/\\\/radiociutat.com\\\/es\\\/ultimas-noticias\\\/dos-meses-sin-trenes-en-la-r13-entre-sant-vicenc-de-calders-y-la-plana-picamoixons-por-obras\\\/#article\",\"isPartOf\":{\"@id\":\"https:\\\/\\\/radiociutat.com\\\/es\\\/ultimas-noticias\\\/dos-meses-sin-trenes-en-la-r13-entre-sant-vicenc-de-calders-y-la-plana-picamoixons-por-obras\\\/\"},\"author\":{\"name\":\"ACN\",\"@id\":\"https:\\\/\\\/radiociutat.com\\\/es\\\/#\\\/schema\\\/person\\\/ea8722499f2255e1477bd2975629dc71\"},\"headline\":\"Dos meses sin trenes en la R13 entre Sant Vicen\u00e7 de Calders y la Plana-Picamoixons por obras\",\"datePublished\":\"2026-04-27T08:17:43+00:00\",\"mainEntityOfPage\":{\"@id\":\"https:\\\/\\\/radiociutat.com\\\/es\\\/ultimas-noticias\\\/dos-meses-sin-trenes-en-la-r13-entre-sant-vicenc-de-calders-y-la-plana-picamoixons-por-obras\\\/\"},\"wordCount\":152,\"image\":{\"@id\":\"https:\\\/\\\/radiociutat.com\\\/es\\\/ultimas-noticias\\\/dos-meses-sin-trenes-en-la-r13-entre-sant-vicenc-de-calders-y-la-plana-picamoixons-por-obras\\\/#primaryimage\"},\"thumbnailUrl\":\"https:\\\/\\\/files.radiociutat.com\\\/rctgn\\\/wp-content\\\/uploads\\\/2026\\\/04\\\/Renfe-Lleida-e1777277591959.jpg\",\"keywords\":[\"Rodalies\"],\"articleSection\":[\"Cr\u00f3nicas\",\"\u00daltimas noticias\"],\"inLanguage\":\"es\"},{\"@type\":\"WebPage\",\"@id\":\"https:\\\/\\\/radiociutat.com\\\/es\\\/ultimas-noticias\\\/dos-meses-sin-trenes-en-la-r13-entre-sant-vicenc-de-calders-y-la-plana-picamoixons-por-obras\\\/\",\"url\":\"https:\\\/\\\/radiociutat.com\\\/es\\\/ultimas-noticias\\\/dos-meses-sin-trenes-en-la-r13-entre-sant-vicenc-de-calders-y-la-plana-picamoixons-por-obras\\\/\",\"name\":\"Dos meses sin trenes en la R13 entre Sant Vicen\u00e7 de Calders y la Plana-Picamoixons por obras - R\u00e0dio Ciutat de Tarragona\",\"isPartOf\":{\"@id\":\"https:\\\/\\\/radiociutat.com\\\/es\\\/#website\"},\"primaryImageOfPage\":{\"@id\":\"https:\\\/\\\/radiociutat.com\\\/es\\\/ultimas-noticias\\\/dos-meses-sin-trenes-en-la-r13-entre-sant-vicenc-de-calders-y-la-plana-picamoixons-por-obras\\\/#primaryimage\"},\"image\":{\"@id\":\"https:\\\/\\\/radiociutat.com\\\/es\\\/ultimas-noticias\\\/dos-meses-sin-trenes-en-la-r13-entre-sant-vicenc-de-calders-y-la-plana-picamoixons-por-obras\\\/#primaryimage\"},\"thumbnailUrl\":\"https:\\\/\\\/files.radiociutat.com\\\/rctgn\\\/wp-content\\\/uploads\\\/2026\\\/04\\\/Renfe-Lleida-e1777277591959.jpg\",\"datePublished\":\"2026-04-27T08:17:43+00:00\",\"author\":{\"@id\":\"https:\\\/\\\/radiociutat.com\\\/es\\\/#\\\/schema\\\/person\\\/ea8722499f2255e1477bd2975629dc71\"},\"breadcrumb\":{\"@id\":\"https:\\\/\\\/radiociutat.com\\\/es\\\/ultimas-noticias\\\/dos-meses-sin-trenes-en-la-r13-entre-sant-vicenc-de-calders-y-la-plana-picamoixons-por-obras\\\/#breadcrumb\"},\"inLanguage\":\"es\",\"potentialAction\":[{\"@type\":\"ReadAction\",\"target\":[\"https:\\\/\\\/radiociutat.com\\\/es\\\/ultimas-noticias\\\/dos-meses-sin-trenes-en-la-r13-entre-sant-vicenc-de-calders-y-la-plana-picamoixons-por-obras\\\/\"]}]},{\"@type\":\"ImageObject\",\"inLanguage\":\"es\",\"@id\":\"https:\\\/\\\/radiociutat.com\\\/es\\\/ultimas-noticias\\\/dos-meses-sin-trenes-en-la-r13-entre-sant-vicenc-de-calders-y-la-plana-picamoixons-por-obras\\\/#primaryimage\",\"url\":\"https:\\\/\\\/files.radiociutat.com\\\/rctgn\\\/wp-content\\\/uploads\\\/2026\\\/04\\\/Renfe-Lleida-e1777277591959.jpg\",\"contentUrl\":\"https:\\\/\\\/files.radiociutat.com\\\/rctgn\\\/wp-content\\\/uploads\\\/2026\\\/04\\\/Renfe-Lleida-e1777277591959.jpg\",\"width\":2500,\"height\":1667,\"caption\":\"Foto: ACN\"},{\"@type\":\"BreadcrumbList\",\"@id\":\"https:\\\/\\\/radiociutat.com\\\/es\\\/ultimas-noticias\\\/dos-meses-sin-trenes-en-la-r13-entre-sant-vicenc-de-calders-y-la-plana-picamoixons-por-obras\\\/#breadcrumb\",\"itemListElement\":[{\"@type\":\"ListItem\",\"position\":1,\"name\":\"Inici\",\"item\":\"https:\\\/\\\/radiociutat.com\\\/es\\\/\"},{\"@type\":\"ListItem\",\"position\":2,\"name\":\"Dos meses sin trenes en la R13 entre Sant Vicen\u00e7 de Calders y la Plana-Picamoixons por obras\"}]},{\"@type\":\"WebSite\",\"@id\":\"https:\\\/\\\/radiociutat.com\\\/es\\\/#website\",\"url\":\"https:\\\/\\\/radiociutat.com\\\/es\\\/\",\"name\":\"R\u00e0dio Ciutat de Tarragona\",\"description\":\"R\u00e0dio Ciutat de Tarragona - RCTgn.cat R\u00e0dio Online\",\"potentialAction\":[{\"@type\":\"SearchAction\",\"target\":{\"@type\":\"EntryPoint\",\"urlTemplate\":\"https:\\\/\\\/radiociutat.com\\\/es\\\/?s={search_term_string}\"},\"query-input\":{\"@type\":\"PropertyValueSpecification\",\"valueRequired\":true,\"valueName\":\"search_term_string\"}}],\"inLanguage\":\"es\"},{\"@type\":\"Person\",\"@id\":\"https:\\\/\\\/radiociutat.com\\\/es\\\/#\\\/schema\\\/person\\\/ea8722499f2255e1477bd2975629dc71\",\"name\":\"ACN\",\"sameAs\":[\"https:\\\/\\\/radiociutat.com\\\/wp-content\\\/uploads\\\/2023\\\/09\\\/acn-e1694789176650.png\"],\"url\":\"https:\\\/\\\/radiociutat.com\\\/es\\\/author\\\/acn\\\/\"}]}<\/script>\n<!-- \/ Yoast SEO Premium plugin. -->","yoast_head_json":{"title":"Dos meses sin trenes en la R13 entre Sant Vicen\u00e7 de Calders y la Plana-Picamoixons por obras - R\u00e0dio Ciutat de Tarragona","robots":{"index":"index","follow":"follow","max-snippet":"max-snippet:-1","max-image-preview":"max-image-preview:large","max-video-preview":"max-video-preview:-1"},"canonical":"https:\/\/radiociutat.com\/es\/ultimas-noticias\/dos-meses-sin-trenes-en-la-r13-entre-sant-vicenc-de-calders-y-la-plana-picamoixons-por-obras\/","og_locale":"es_ES","og_type":"article","og_title":"Dos meses sin trenes en la R13 entre Sant Vicen\u00e7 de Calders y la Plana-Picamoixons por obras","og_description":"Renfe ha informado que unas obras de mejora en la infraestructura entre Sant Vicen\u00e7 de Calders y la Plana-Picamoixons dejar\u00e1n sin servicio de tren la l\u00ednea R13 de Rodalies. Los trabajos durar\u00e1n dos meses y se ejecutar\u00e1n entre el 4 de mayo y el 6 de julio, seg\u00fan ha precisado la compa\u00f1\u00eda. Renfe habilitar\u00e1 un [&hellip;]","og_url":"https:\/\/radiociutat.com\/es\/ultimas-noticias\/dos-meses-sin-trenes-en-la-r13-entre-sant-vicenc-de-calders-y-la-plana-picamoixons-por-obras\/","og_site_name":"R\u00e0dio Ciutat de Tarragona","article_publisher":"https:\/\/www.facebook.com\/rctgn","article_published_time":"2026-04-27T08:17:43+00:00","og_image":[{"width":2500,"height":1667,"url":"https:\/\/files.radiociutat.com\/rctgn\/wp-content\/uploads\/2026\/04\/Renfe-Lleida-e1777277591959.jpg","type":"image\/jpeg"}],"author":"ACN","twitter_card":"summary_large_image","twitter_creator":"@RCTgn","twitter_site":"@RCTgn","twitter_misc":{"Escrito por":"ACN","Tiempo de lectura":"1 minuto"},"schema":{"@context":"https:\/\/schema.org","@graph":[{"@type":"Article","@id":"https:\/\/radiociutat.com\/es\/ultimas-noticias\/dos-meses-sin-trenes-en-la-r13-entre-sant-vicenc-de-calders-y-la-plana-picamoixons-por-obras\/#article","isPartOf":{"@id":"https:\/\/radiociutat.com\/es\/ultimas-noticias\/dos-meses-sin-trenes-en-la-r13-entre-sant-vicenc-de-calders-y-la-plana-picamoixons-por-obras\/"},"author":{"name":"ACN","@id":"https:\/\/radiociutat.com\/es\/#\/schema\/person\/ea8722499f2255e1477bd2975629dc71"},"headline":"Dos meses sin trenes en la R13 entre Sant Vicen\u00e7 de Calders y la Plana-Picamoixons por obras","datePublished":"2026-04-27T08:17:43+00:00","mainEntityOfPage":{"@id":"https:\/\/radiociutat.com\/es\/ultimas-noticias\/dos-meses-sin-trenes-en-la-r13-entre-sant-vicenc-de-calders-y-la-plana-picamoixons-por-obras\/"},"wordCount":152,"image":{"@id":"https:\/\/radiociutat.com\/es\/ultimas-noticias\/dos-meses-sin-trenes-en-la-r13-entre-sant-vicenc-de-calders-y-la-plana-picamoixons-por-obras\/#primaryimage"},"thumbnailUrl":"https:\/\/files.radiociutat.com\/rctgn\/wp-content\/uploads\/2026\/04\/Renfe-Lleida-e1777277591959.jpg","keywords":["Rodalies"],"articleSection":["Cr\u00f3nicas","\u00daltimas noticias"],"inLanguage":"es"},{"@type":"WebPage","@id":"https:\/\/radiociutat.com\/es\/ultimas-noticias\/dos-meses-sin-trenes-en-la-r13-entre-sant-vicenc-de-calders-y-la-plana-picamoixons-por-obras\/","url":"https:\/\/radiociutat.com\/es\/ultimas-noticias\/dos-meses-sin-trenes-en-la-r13-entre-sant-vicenc-de-calders-y-la-plana-picamoixons-por-obras\/","name":"Dos meses sin trenes en la R13 entre Sant Vicen\u00e7 de Calders y la Plana-Picamoixons por obras - R\u00e0dio Ciutat de Tarragona","isPartOf":{"@id":"https:\/\/radiociutat.com\/es\/#website"},"primaryImageOfPage":{"@id":"https:\/\/radiociutat.com\/es\/ultimas-noticias\/dos-meses-sin-trenes-en-la-r13-entre-sant-vicenc-de-calders-y-la-plana-picamoixons-por-obras\/#primaryimage"},"image":{"@id":"https:\/\/radiociutat.com\/es\/ultimas-noticias\/dos-meses-sin-trenes-en-la-r13-entre-sant-vicenc-de-calders-y-la-plana-picamoixons-por-obras\/#primaryimage"},"thumbnailUrl":"https:\/\/files.radiociutat.com\/rctgn\/wp-content\/uploads\/2026\/04\/Renfe-Lleida-e1777277591959.jpg","datePublished":"2026-04-27T08:17:43+00:00","author":{"@id":"https:\/\/radiociutat.com\/es\/#\/schema\/person\/ea8722499f2255e1477bd2975629dc71"},"breadcrumb":{"@id":"https:\/\/radiociutat.com\/es\/ultimas-noticias\/dos-meses-sin-trenes-en-la-r13-entre-sant-vicenc-de-calders-y-la-plana-picamoixons-por-obras\/#breadcrumb"},"inLanguage":"es","potentialAction":[{"@type":"ReadAction","target":["https:\/\/radiociutat.com\/es\/ultimas-noticias\/dos-meses-sin-trenes-en-la-r13-entre-sant-vicenc-de-calders-y-la-plana-picamoixons-por-obras\/"]}]},{"@type":"ImageObject","inLanguage":"es","@id":"https:\/\/radiociutat.com\/es\/ultimas-noticias\/dos-meses-sin-trenes-en-la-r13-entre-sant-vicenc-de-calders-y-la-plana-picamoixons-por-obras\/#primaryimage","url":"https:\/\/files.radiociutat.com\/rctgn\/wp-content\/uploads\/2026\/04\/Renfe-Lleida-e1777277591959.jpg","contentUrl":"https:\/\/files.radiociutat.com\/rctgn\/wp-content\/uploads\/2026\/04\/Renfe-Lleida-e1777277591959.jpg","width":2500,"height":1667,"caption":"Foto: ACN"},{"@type":"BreadcrumbList","@id":"https:\/\/radiociutat.com\/es\/ultimas-noticias\/dos-meses-sin-trenes-en-la-r13-entre-sant-vicenc-de-calders-y-la-plana-picamoixons-por-obras\/#breadcrumb","itemListElement":[{"@type":"ListItem","position":1,"name":"Inici","item":"https:\/\/radiociutat.com\/es\/"},{"@type":"ListItem","position":2,"name":"Dos meses sin trenes en la R13 entre Sant Vicen\u00e7 de Calders y la Plana-Picamoixons por obras"}]},{"@type":"WebSite","@id":"https:\/\/radiociutat.com\/es\/#website","url":"https:\/\/radiociutat.com\/es\/","name":"R\u00e0dio Ciutat de Tarragona","description":"R\u00e0dio Ciutat de Tarragona - RCTgn.cat R\u00e0dio Online","potentialAction":[{"@type":"SearchAction","target":{"@type":"EntryPoint","urlTemplate":"https:\/\/radiociutat.com\/es\/?s={search_term_string}"},"query-input":{"@type":"PropertyValueSpecification","valueRequired":true,"valueName":"search_term_string"}}],"inLanguage":"es"},{"@type":"Person","@id":"https:\/\/radiociutat.com\/es\/#\/schema\/person\/ea8722499f2255e1477bd2975629dc71","name":"ACN","sameAs":["https:\/\/radiociutat.com\/wp-content\/uploads\/2023\/09\/acn-e1694789176650.png"],"url":"https:\/\/radiociutat.com\/es\/author\/acn\/"}]}},"_links":{"self":[{"href":"https:\/\/radiociutat.com\/es\/wp-json\/wp\/v2\/posts\/378059","targetHints":{"allow":["GET"]}}],"collection":[{"href":"https:\/\/radiociutat.com\/es\/wp-json\/wp\/v2\/posts"}],"about":[{"href":"https:\/\/radiociutat.com\/es\/wp-json\/wp\/v2\/types\/post"}],"author":[{"embeddable":true,"href":"https:\/\/radiociutat.com\/es\/wp-json\/wp\/v2\/users\/57"}],"replies":[{"embeddable":true,"href":"https:\/\/radiociutat.com\/es\/wp-json\/wp\/v2\/comments?post=378059"}],"version-history":[{"count":0,"href":"https:\/\/radiociutat.com\/es\/wp-json\/wp\/v2\/posts\/378059\/revisions"}],"wp:featuredmedia":[{"embeddable":true,"href":"https:\/\/radiociutat.com\/es\/wp-json\/wp\/v2\/media\/378057"}],"wp:attachment":[{"href":"https:\/\/radiociutat.com\/es\/wp-json\/wp\/v2\/media?parent=378059"}],"wp:term":[{"taxonomy":"category","embeddable":true,"href":"https:\/\/radiociutat.com\/es\/wp-json\/wp\/v2\/categories?post=378059"},{"taxonomy":"post_tag","embeddable":true,"href":"https:\/\/radiociutat.com\/es\/wp-json\/wp\/v2\/tags?post=378059"}],"curies":[{"name":"wp","href":"https:\/\/api.w.org\/{rel}","templated":true}]}}