{"id":378032,"date":"2026-04-26T16:23:00","date_gmt":"2026-04-26T14:23:00","guid":{"rendered":"https:\/\/radiociutat.com\/programes-podcast\/tarragona-estrena-el-renovado-campo-municipal-de-tiro-con-arco\/"},"modified":"2026-04-26T16:23:00","modified_gmt":"2026-04-26T14:23:00","slug":"tarragona-estrena-el-renovado-campo-municipal-de-tiro-con-arco","status":"publish","type":"post","link":"https:\/\/radiociutat.com\/es\/ultimas-noticias\/cronicas\/tarragona-estrena-el-renovado-campo-municipal-de-tiro-con-arco\/","title":{"rendered":"Tarragona estrena el renovado campo municipal de tiro con arco"},"content":{"rendered":"\n<p>Tarragona ha inaugurado este s\u00e1bado el <strong>campo municipal de tiro con arco<\/strong> tras diversas actuaciones de mejora. El estreno ha coincidido con la segunda tirada de la Liga Interclubs y ha servido para poner en marcha el nuevo <strong>c\u00e9sped artificial<\/strong> instalado en el equipamiento, situado en el barrio de <strong>Sant Salvador<\/strong>.<\/p>\n\n\n\n<h2 class=\"wp-block-heading\" id=\"h-un-acte-amb-presencia-institucional-i-esportiva\"><strong>Un acto con presencia institucional y deportiva<\/strong><\/h2>\n\n\n\n<p>El acto ha contado con la presencia del alcalde, <strong>Rub\u00e9n Vi\u00f1uales<\/strong>, y del concejal de Deportes, <strong>Mario Soler<\/strong>. Tambi\u00e9n han participado el presidente del Club TAU, <strong>Sergio Ortega<\/strong>, y la campeona del mundo <strong>Elia Canales<\/strong>, as\u00ed como otros representantes del tejido deportivo y social de la ciudad.<\/p>\n\n\n\n<p>La jornada ha combinado el estreno de las mejoras con la competici\u00f3n, en un ambiente marcado por la participaci\u00f3n y la puesta en valor de esta disciplina deportiva.<\/p>\n\n\n\n<h2 class=\"wp-block-heading\" id=\"h-millores-per-modernitzar-l-equipament\"><strong>Mejoras para modernizar el equipamiento<\/strong><\/h2>\n\n\n\n<p>La renovaci\u00f3n del <strong>campo municipal de tiro con arco<\/strong> no se ha limitado al nuevo c\u00e9sped. En los \u00faltimos a\u00f1os, el espacio ha incorporado diversas mejoras para optimizar su uso y la seguridad.<\/p>\n\n\n\n<p>Entre las actuaciones destacadas, se encuentra el hormigonado de la entrada para mejorar la accesibilidad. Adem\u00e1s, se ha dotado al equipamiento de suministro el\u00e9ctrico y de alumbrado, lo que permite ampliar los horarios de uso. Paralelamente, tambi\u00e9n se ha acondicionado la l\u00ednea de tiro, se han creado nuevas zonas pavimentadas y se ha cubierto el espacio destinado a la oficina.<\/p>\n\n\n\n<figure class=\"wp-block-image size-large\"><img loading=\"lazy\" decoding=\"async\" width=\"1024\" height=\"768\" src=\"https:\/\/files.radiociutat.com\/rctgn\/wp-content\/uploads\/2026\/04\/Camp-tir-amb-arc-renovat-2-1024x768.jpeg\" alt=\"\" class=\"wp-image-378024\" srcset=\"https:\/\/files.radiociutat.com\/rctgn\/wp-content\/uploads\/2026\/04\/Camp-tir-amb-arc-renovat-2-1024x768.jpeg 1024w, https:\/\/files.radiociutat.com\/rctgn\/wp-content\/uploads\/2026\/04\/Camp-tir-amb-arc-renovat-2-300x225.jpeg 300w, https:\/\/files.radiociutat.com\/rctgn\/wp-content\/uploads\/2026\/04\/Camp-tir-amb-arc-renovat-2-768x576.jpeg 768w, https:\/\/files.radiociutat.com\/rctgn\/wp-content\/uploads\/2026\/04\/Camp-tir-amb-arc-renovat-2-1536x1152.jpeg 1536w, https:\/\/files.radiociutat.com\/rctgn\/wp-content\/uploads\/2026\/04\/Camp-tir-amb-arc-renovat-2-560x420.jpeg 560w, https:\/\/files.radiociutat.com\/rctgn\/wp-content\/uploads\/2026\/04\/Camp-tir-amb-arc-renovat-2-80x60.jpeg 80w, https:\/\/files.radiociutat.com\/rctgn\/wp-content\/uploads\/2026\/04\/Camp-tir-amb-arc-renovat-2-100x75.jpeg 100w, https:\/\/files.radiociutat.com\/rctgn\/wp-content\/uploads\/2026\/04\/Camp-tir-amb-arc-renovat-2-180x135.jpeg 180w, https:\/\/files.radiociutat.com\/rctgn\/wp-content\/uploads\/2026\/04\/Camp-tir-amb-arc-renovat-2-238x178.jpeg 238w, https:\/\/files.radiociutat.com\/rctgn\/wp-content\/uploads\/2026\/04\/Camp-tir-amb-arc-renovat-2-265x198.jpeg 265w, https:\/\/files.radiociutat.com\/rctgn\/wp-content\/uploads\/2026\/04\/Camp-tir-amb-arc-renovat-2-640x480.jpeg 640w, https:\/\/files.radiociutat.com\/rctgn\/wp-content\/uploads\/2026\/04\/Camp-tir-amb-arc-renovat-2-681x511.jpeg 681w, https:\/\/files.radiociutat.com\/rctgn\/wp-content\/uploads\/2026\/04\/Camp-tir-amb-arc-renovat-2.jpeg 1600w\" sizes=\"auto, (max-width: 1024px) 100vw, 1024px\" \/><\/figure>\n","protected":false},"excerpt":{"rendered":"<p>Tarragona ha inaugurado este s\u00e1bado el campo municipal de tiro con arco tras diversas actuaciones de mejora. El estreno ha coincidido con la segunda tirada de la Liga Interclubs y ha servido para poner en marcha el nuevo c\u00e9sped artificial instalado en el equipamiento, situado en el barrio de Sant Salvador. Un acto con presencia [&hellip;]<\/p>\n","protected":false},"author":1,"featured_media":378029,"comment_status":"closed","ping_status":"closed","sticky":false,"template":"","format":"standard","meta":{"footnotes":""},"categories":[13688,13716],"tags":[168,19,3510],"class_list":["post-378032","post","type-post","status-publish","format-standard","has-post-thumbnail","hentry","category-cronicas","category-ultimas-noticias","tag-esport","tag-tarragona","tag-tir-amb-arc"],"yoast_head":"<!-- This site is optimized with the Yoast SEO Premium plugin v27.4 (Yoast SEO v27.4) - https:\/\/yoast.com\/product\/yoast-seo-premium-wordpress\/ -->\n<title>Tarragona estrena el renovado campo municipal de tiro con arco - R\u00e0dio Ciutat de Tarragona<\/title>\n<meta name=\"robots\" content=\"index, follow, max-snippet:-1, max-image-preview:large, max-video-preview:-1\" \/>\n<link rel=\"canonical\" href=\"https:\/\/radiociutat.com\/es\/ultimas-noticias\/cronicas\/tarragona-estrena-el-renovado-campo-municipal-de-tiro-con-arco\/\" \/>\n<meta property=\"og:locale\" content=\"es_ES\" \/>\n<meta property=\"og:type\" content=\"article\" \/>\n<meta property=\"og:title\" content=\"Tarragona estrena el renovado campo municipal de tiro con arco\" \/>\n<meta property=\"og:description\" content=\"Tarragona ha inaugurado este s\u00e1bado el campo municipal de tiro con arco tras diversas actuaciones de mejora. El estreno ha coincidido con la segunda tirada de la Liga Interclubs y ha servido para poner en marcha el nuevo c\u00e9sped artificial instalado en el equipamiento, situado en el barrio de Sant Salvador. Un acto con presencia [&hellip;]\" \/>\n<meta property=\"og:url\" content=\"https:\/\/radiociutat.com\/es\/ultimas-noticias\/cronicas\/tarragona-estrena-el-renovado-campo-municipal-de-tiro-con-arco\/\" \/>\n<meta property=\"og:site_name\" content=\"R\u00e0dio Ciutat de Tarragona\" \/>\n<meta property=\"article:publisher\" content=\"https:\/\/www.facebook.com\/rctgn\" \/>\n<meta property=\"article:published_time\" content=\"2026-04-26T14:23:00+00:00\" \/>\n<meta property=\"og:image\" content=\"https:\/\/files.radiociutat.com\/rctgn\/wp-content\/uploads\/2026\/04\/Camp-tir-amb-arc-renovat-2.jpeg\" \/>\n\t<meta property=\"og:image:width\" content=\"1600\" \/>\n\t<meta property=\"og:image:height\" content=\"1200\" \/>\n\t<meta property=\"og:image:type\" content=\"image\/jpeg\" \/>\n<meta name=\"author\" content=\"Redacci\u00f3\" \/>\n<meta name=\"twitter:card\" content=\"summary_large_image\" \/>\n<meta name=\"twitter:creator\" content=\"@RCTgn\" \/>\n<meta name=\"twitter:site\" content=\"@RCTgn\" \/>\n<meta name=\"twitter:label1\" content=\"Escrito por\" \/>\n\t<meta name=\"twitter:data1\" content=\"Redacci\u00f3\" \/>\n\t<meta name=\"twitter:label2\" content=\"Tiempo de lectura\" \/>\n\t<meta name=\"twitter:data2\" content=\"1 minuto\" \/>\n<script type=\"application\/ld+json\" class=\"yoast-schema-graph\">{\"@context\":\"https:\\\/\\\/schema.org\",\"@graph\":[{\"@type\":\"Article\",\"@id\":\"https:\\\/\\\/radiociutat.com\\\/es\\\/ultimas-noticias\\\/cronicas\\\/tarragona-estrena-el-renovado-campo-municipal-de-tiro-con-arco\\\/#article\",\"isPartOf\":{\"@id\":\"https:\\\/\\\/radiociutat.com\\\/es\\\/ultimas-noticias\\\/cronicas\\\/tarragona-estrena-el-renovado-campo-municipal-de-tiro-con-arco\\\/\"},\"author\":{\"name\":\"Redacci\u00f3\",\"@id\":\"https:\\\/\\\/radiociutat.com\\\/es\\\/#\\\/schema\\\/person\\\/04b6638f9d2a9ea77408db76c5d8f0b5\"},\"headline\":\"Tarragona estrena el renovado campo municipal de tiro con arco\",\"datePublished\":\"2026-04-26T14:23:00+00:00\",\"mainEntityOfPage\":{\"@id\":\"https:\\\/\\\/radiociutat.com\\\/es\\\/ultimas-noticias\\\/cronicas\\\/tarragona-estrena-el-renovado-campo-municipal-de-tiro-con-arco\\\/\"},\"wordCount\":255,\"image\":{\"@id\":\"https:\\\/\\\/radiociutat.com\\\/es\\\/ultimas-noticias\\\/cronicas\\\/tarragona-estrena-el-renovado-campo-municipal-de-tiro-con-arco\\\/#primaryimage\"},\"thumbnailUrl\":\"https:\\\/\\\/files.radiociutat.com\\\/rctgn\\\/wp-content\\\/uploads\\\/2026\\\/04\\\/Camp-tir-amb-arc-renovat-5.jpeg\",\"keywords\":[\"Esport\",\"Tarragona\",\"Tir amb Arc\"],\"articleSection\":[\"Cr\u00f3nicas\",\"\u00daltimas noticias\"],\"inLanguage\":\"es\"},{\"@type\":\"WebPage\",\"@id\":\"https:\\\/\\\/radiociutat.com\\\/es\\\/ultimas-noticias\\\/cronicas\\\/tarragona-estrena-el-renovado-campo-municipal-de-tiro-con-arco\\\/\",\"url\":\"https:\\\/\\\/radiociutat.com\\\/es\\\/ultimas-noticias\\\/cronicas\\\/tarragona-estrena-el-renovado-campo-municipal-de-tiro-con-arco\\\/\",\"name\":\"Tarragona estrena el renovado campo municipal de tiro con arco - R\u00e0dio Ciutat de Tarragona\",\"isPartOf\":{\"@id\":\"https:\\\/\\\/radiociutat.com\\\/es\\\/#website\"},\"primaryImageOfPage\":{\"@id\":\"https:\\\/\\\/radiociutat.com\\\/es\\\/ultimas-noticias\\\/cronicas\\\/tarragona-estrena-el-renovado-campo-municipal-de-tiro-con-arco\\\/#primaryimage\"},\"image\":{\"@id\":\"https:\\\/\\\/radiociutat.com\\\/es\\\/ultimas-noticias\\\/cronicas\\\/tarragona-estrena-el-renovado-campo-municipal-de-tiro-con-arco\\\/#primaryimage\"},\"thumbnailUrl\":\"https:\\\/\\\/files.radiociutat.com\\\/rctgn\\\/wp-content\\\/uploads\\\/2026\\\/04\\\/Camp-tir-amb-arc-renovat-5.jpeg\",\"datePublished\":\"2026-04-26T14:23:00+00:00\",\"author\":{\"@id\":\"https:\\\/\\\/radiociutat.com\\\/es\\\/#\\\/schema\\\/person\\\/04b6638f9d2a9ea77408db76c5d8f0b5\"},\"breadcrumb\":{\"@id\":\"https:\\\/\\\/radiociutat.com\\\/es\\\/ultimas-noticias\\\/cronicas\\\/tarragona-estrena-el-renovado-campo-municipal-de-tiro-con-arco\\\/#breadcrumb\"},\"inLanguage\":\"es\",\"potentialAction\":[{\"@type\":\"ReadAction\",\"target\":[\"https:\\\/\\\/radiociutat.com\\\/es\\\/ultimas-noticias\\\/cronicas\\\/tarragona-estrena-el-renovado-campo-municipal-de-tiro-con-arco\\\/\"]}]},{\"@type\":\"ImageObject\",\"inLanguage\":\"es\",\"@id\":\"https:\\\/\\\/radiociutat.com\\\/es\\\/ultimas-noticias\\\/cronicas\\\/tarragona-estrena-el-renovado-campo-municipal-de-tiro-con-arco\\\/#primaryimage\",\"url\":\"https:\\\/\\\/files.radiociutat.com\\\/rctgn\\\/wp-content\\\/uploads\\\/2026\\\/04\\\/Camp-tir-amb-arc-renovat-5.jpeg\",\"contentUrl\":\"https:\\\/\\\/files.radiociutat.com\\\/rctgn\\\/wp-content\\\/uploads\\\/2026\\\/04\\\/Camp-tir-amb-arc-renovat-5.jpeg\",\"width\":1600,\"height\":1200,\"caption\":\"Camp tir amb arc renovat\"},{\"@type\":\"BreadcrumbList\",\"@id\":\"https:\\\/\\\/radiociutat.com\\\/es\\\/ultimas-noticias\\\/cronicas\\\/tarragona-estrena-el-renovado-campo-municipal-de-tiro-con-arco\\\/#breadcrumb\",\"itemListElement\":[{\"@type\":\"ListItem\",\"position\":1,\"name\":\"Inici\",\"item\":\"https:\\\/\\\/radiociutat.com\\\/es\\\/\"},{\"@type\":\"ListItem\",\"position\":2,\"name\":\"Tarragona estrena el renovado campo municipal de tiro con arco\"}]},{\"@type\":\"WebSite\",\"@id\":\"https:\\\/\\\/radiociutat.com\\\/es\\\/#website\",\"url\":\"https:\\\/\\\/radiociutat.com\\\/es\\\/\",\"name\":\"R\u00e0dio Ciutat de Tarragona\",\"description\":\"R\u00e0dio Ciutat de Tarragona - RCTgn.cat R\u00e0dio Online\",\"potentialAction\":[{\"@type\":\"SearchAction\",\"target\":{\"@type\":\"EntryPoint\",\"urlTemplate\":\"https:\\\/\\\/radiociutat.com\\\/es\\\/?s={search_term_string}\"},\"query-input\":{\"@type\":\"PropertyValueSpecification\",\"valueRequired\":true,\"valueName\":\"search_term_string\"}}],\"inLanguage\":\"es\"},{\"@type\":\"Person\",\"@id\":\"https:\\\/\\\/radiociutat.com\\\/es\\\/#\\\/schema\\\/person\\\/04b6638f9d2a9ea77408db76c5d8f0b5\",\"name\":\"Redacci\u00f3\",\"sameAs\":[\"https:\\\/\\\/radiociutat.com\\\/wp-content\\\/uploads\\\/2023\\\/09\\\/LOGO-RCTGN-CUADRAT.png\"],\"url\":\"https:\\\/\\\/radiociutat.com\\\/es\\\/author\\\/jespinosa\\\/\"}]}<\/script>\n<!-- \/ Yoast SEO Premium plugin. -->","yoast_head_json":{"title":"Tarragona estrena el renovado campo municipal de tiro con arco - R\u00e0dio Ciutat de Tarragona","robots":{"index":"index","follow":"follow","max-snippet":"max-snippet:-1","max-image-preview":"max-image-preview:large","max-video-preview":"max-video-preview:-1"},"canonical":"https:\/\/radiociutat.com\/es\/ultimas-noticias\/cronicas\/tarragona-estrena-el-renovado-campo-municipal-de-tiro-con-arco\/","og_locale":"es_ES","og_type":"article","og_title":"Tarragona estrena el renovado campo municipal de tiro con arco","og_description":"Tarragona ha inaugurado este s\u00e1bado el campo municipal de tiro con arco tras diversas actuaciones de mejora. El estreno ha coincidido con la segunda tirada de la Liga Interclubs y ha servido para poner en marcha el nuevo c\u00e9sped artificial instalado en el equipamiento, situado en el barrio de Sant Salvador. Un acto con presencia [&hellip;]","og_url":"https:\/\/radiociutat.com\/es\/ultimas-noticias\/cronicas\/tarragona-estrena-el-renovado-campo-municipal-de-tiro-con-arco\/","og_site_name":"R\u00e0dio Ciutat de Tarragona","article_publisher":"https:\/\/www.facebook.com\/rctgn","article_published_time":"2026-04-26T14:23:00+00:00","og_image":[{"width":1600,"height":1200,"url":"https:\/\/files.radiociutat.com\/rctgn\/wp-content\/uploads\/2026\/04\/Camp-tir-amb-arc-renovat-2.jpeg","type":"image\/jpeg"}],"author":"Redacci\u00f3","twitter_card":"summary_large_image","twitter_creator":"@RCTgn","twitter_site":"@RCTgn","twitter_misc":{"Escrito por":"Redacci\u00f3","Tiempo de lectura":"1 minuto"},"schema":{"@context":"https:\/\/schema.org","@graph":[{"@type":"Article","@id":"https:\/\/radiociutat.com\/es\/ultimas-noticias\/cronicas\/tarragona-estrena-el-renovado-campo-municipal-de-tiro-con-arco\/#article","isPartOf":{"@id":"https:\/\/radiociutat.com\/es\/ultimas-noticias\/cronicas\/tarragona-estrena-el-renovado-campo-municipal-de-tiro-con-arco\/"},"author":{"name":"Redacci\u00f3","@id":"https:\/\/radiociutat.com\/es\/#\/schema\/person\/04b6638f9d2a9ea77408db76c5d8f0b5"},"headline":"Tarragona estrena el renovado campo municipal de tiro con arco","datePublished":"2026-04-26T14:23:00+00:00","mainEntityOfPage":{"@id":"https:\/\/radiociutat.com\/es\/ultimas-noticias\/cronicas\/tarragona-estrena-el-renovado-campo-municipal-de-tiro-con-arco\/"},"wordCount":255,"image":{"@id":"https:\/\/radiociutat.com\/es\/ultimas-noticias\/cronicas\/tarragona-estrena-el-renovado-campo-municipal-de-tiro-con-arco\/#primaryimage"},"thumbnailUrl":"https:\/\/files.radiociutat.com\/rctgn\/wp-content\/uploads\/2026\/04\/Camp-tir-amb-arc-renovat-5.jpeg","keywords":["Esport","Tarragona","Tir amb Arc"],"articleSection":["Cr\u00f3nicas","\u00daltimas noticias"],"inLanguage":"es"},{"@type":"WebPage","@id":"https:\/\/radiociutat.com\/es\/ultimas-noticias\/cronicas\/tarragona-estrena-el-renovado-campo-municipal-de-tiro-con-arco\/","url":"https:\/\/radiociutat.com\/es\/ultimas-noticias\/cronicas\/tarragona-estrena-el-renovado-campo-municipal-de-tiro-con-arco\/","name":"Tarragona estrena el renovado campo municipal de tiro con arco - R\u00e0dio Ciutat de Tarragona","isPartOf":{"@id":"https:\/\/radiociutat.com\/es\/#website"},"primaryImageOfPage":{"@id":"https:\/\/radiociutat.com\/es\/ultimas-noticias\/cronicas\/tarragona-estrena-el-renovado-campo-municipal-de-tiro-con-arco\/#primaryimage"},"image":{"@id":"https:\/\/radiociutat.com\/es\/ultimas-noticias\/cronicas\/tarragona-estrena-el-renovado-campo-municipal-de-tiro-con-arco\/#primaryimage"},"thumbnailUrl":"https:\/\/files.radiociutat.com\/rctgn\/wp-content\/uploads\/2026\/04\/Camp-tir-amb-arc-renovat-5.jpeg","datePublished":"2026-04-26T14:23:00+00:00","author":{"@id":"https:\/\/radiociutat.com\/es\/#\/schema\/person\/04b6638f9d2a9ea77408db76c5d8f0b5"},"breadcrumb":{"@id":"https:\/\/radiociutat.com\/es\/ultimas-noticias\/cronicas\/tarragona-estrena-el-renovado-campo-municipal-de-tiro-con-arco\/#breadcrumb"},"inLanguage":"es","potentialAction":[{"@type":"ReadAction","target":["https:\/\/radiociutat.com\/es\/ultimas-noticias\/cronicas\/tarragona-estrena-el-renovado-campo-municipal-de-tiro-con-arco\/"]}]},{"@type":"ImageObject","inLanguage":"es","@id":"https:\/\/radiociutat.com\/es\/ultimas-noticias\/cronicas\/tarragona-estrena-el-renovado-campo-municipal-de-tiro-con-arco\/#primaryimage","url":"https:\/\/files.radiociutat.com\/rctgn\/wp-content\/uploads\/2026\/04\/Camp-tir-amb-arc-renovat-5.jpeg","contentUrl":"https:\/\/files.radiociutat.com\/rctgn\/wp-content\/uploads\/2026\/04\/Camp-tir-amb-arc-renovat-5.jpeg","width":1600,"height":1200,"caption":"Camp tir amb arc renovat"},{"@type":"BreadcrumbList","@id":"https:\/\/radiociutat.com\/es\/ultimas-noticias\/cronicas\/tarragona-estrena-el-renovado-campo-municipal-de-tiro-con-arco\/#breadcrumb","itemListElement":[{"@type":"ListItem","position":1,"name":"Inici","item":"https:\/\/radiociutat.com\/es\/"},{"@type":"ListItem","position":2,"name":"Tarragona estrena el renovado campo municipal de tiro con arco"}]},{"@type":"WebSite","@id":"https:\/\/radiociutat.com\/es\/#website","url":"https:\/\/radiociutat.com\/es\/","name":"R\u00e0dio Ciutat de Tarragona","description":"R\u00e0dio Ciutat de Tarragona - RCTgn.cat R\u00e0dio Online","potentialAction":[{"@type":"SearchAction","target":{"@type":"EntryPoint","urlTemplate":"https:\/\/radiociutat.com\/es\/?s={search_term_string}"},"query-input":{"@type":"PropertyValueSpecification","valueRequired":true,"valueName":"search_term_string"}}],"inLanguage":"es"},{"@type":"Person","@id":"https:\/\/radiociutat.com\/es\/#\/schema\/person\/04b6638f9d2a9ea77408db76c5d8f0b5","name":"Redacci\u00f3","sameAs":["https:\/\/radiociutat.com\/wp-content\/uploads\/2023\/09\/LOGO-RCTGN-CUADRAT.png"],"url":"https:\/\/radiociutat.com\/es\/author\/jespinosa\/"}]}},"_links":{"self":[{"href":"https:\/\/radiociutat.com\/es\/wp-json\/wp\/v2\/posts\/378032","targetHints":{"allow":["GET"]}}],"collection":[{"href":"https:\/\/radiociutat.com\/es\/wp-json\/wp\/v2\/posts"}],"about":[{"href":"https:\/\/radiociutat.com\/es\/wp-json\/wp\/v2\/types\/post"}],"author":[{"embeddable":true,"href":"https:\/\/radiociutat.com\/es\/wp-json\/wp\/v2\/users\/1"}],"replies":[{"embeddable":true,"href":"https:\/\/radiociutat.com\/es\/wp-json\/wp\/v2\/comments?post=378032"}],"version-history":[{"count":0,"href":"https:\/\/radiociutat.com\/es\/wp-json\/wp\/v2\/posts\/378032\/revisions"}],"wp:featuredmedia":[{"embeddable":true,"href":"https:\/\/radiociutat.com\/es\/wp-json\/wp\/v2\/media\/378029"}],"wp:attachment":[{"href":"https:\/\/radiociutat.com\/es\/wp-json\/wp\/v2\/media?parent=378032"}],"wp:term":[{"taxonomy":"category","embeddable":true,"href":"https:\/\/radiociutat.com\/es\/wp-json\/wp\/v2\/categories?post=378032"},{"taxonomy":"post_tag","embeddable":true,"href":"https:\/\/radiociutat.com\/es\/wp-json\/wp\/v2\/tags?post=378032"}],"curies":[{"name":"wp","href":"https:\/\/api.w.org\/{rel}","templated":true}]}}