{"id":378022,"date":"2026-04-26T19:21:00","date_gmt":"2026-04-26T17:21:00","guid":{"rendered":"https:\/\/radiociutat.com\/programes-podcast\/el-encaje-de-bolillos-llena-el-paseo-jaume-i-con-250-encajeras-de-toda-cataluna\/"},"modified":"2026-04-26T19:21:00","modified_gmt":"2026-04-26T17:21:00","slug":"el-encaje-de-bolillos-llena-el-paseo-jaume-i-con-250-encajeras-de-toda-cataluna","status":"publish","type":"post","link":"https:\/\/radiociutat.com\/es\/ultimas-noticias\/cronicas\/el-encaje-de-bolillos-llena-el-paseo-jaume-i-con-250-encajeras-de-toda-cataluna\/","title":{"rendered":"El encaje de bolillos llena el paseo Jaume I con 250 encajeras de toda Catalu\u00f1a"},"content":{"rendered":"<p>El paseo Jaume I de Salou se ha convertido en el escenario de un gran encuentro de encajeras que ha reunido a unas 250 personas procedentes de diversos puntos del territorio catal\u00e1n. El evento, organizado por el Ayuntamiento de Salou, ha permitido poner en valor esta tradici\u00f3n artesanal tan arraigada en la cultura del pa\u00eds en un entorno inmejorable junto al mar.<br \/>\nDurante la jornada, los asistentes han podido disfrutar de la habilidad y la destreza de las artesanas, que han mostrado en directo la complejidad y el detallismo de la t\u00e9cnica del encaje de bolillos. El paseo se ha llenado de visitantes y vecinos que se han acercado para observar el proceso de creaci\u00f3n d&#8217;estas piezas \u00fanicas, convirtiendo la v\u00eda principal de la localidad en un escaparate del arte popular durante toda la ma\u00f1ana.<br \/>\nEsta iniciativa se enmarca en la voluntad del consistorio de promover actividades culturales y tradicionales que fomenten la participaci\u00f3n ciudadana y mantengan vivo el tejido asociativo. La gran afluencia de participantes de este a\u00f1o confirma el \u00e9xito de la convocatoria y consolida a Salou como un punto de encuentro destacado para las asociaciones de encajeras de toda la geograf\u00eda catalana.<\/p>\n","protected":false},"excerpt":{"rendered":"<p>El paseo Jaume I de Salou se ha convertido en el escenario de un gran encuentro de encajeras que ha reunido a unas 250 personas procedentes de diversos puntos del territorio catal\u00e1n. El evento, organizado por el Ayuntamiento de Salou, ha permitido poner en valor esta tradici\u00f3n artesanal tan arraigada en la cultura del pa\u00eds [&hellip;]<\/p>\n","protected":false},"author":106,"featured_media":378018,"comment_status":"closed","ping_status":"closed","sticky":false,"template":"","format":"standard","meta":{"footnotes":""},"categories":[14046,13688,14039,14047,14026,14040,14028,14041,13716],"tags":[],"class_list":["post-378022","post","type-post","status-publish","format-standard","has-post-thumbnail","hentry","category-campo-de-tarragona","category-cronicas","category-cultura","category-demarcacion-de-tarragona","category-nota-automatica","category-salou","category-sociedad","category-tarragones","category-ultimas-noticias"],"yoast_head":"<!-- This site is optimized with the Yoast SEO Premium plugin v27.4 (Yoast SEO v27.4) - https:\/\/yoast.com\/product\/yoast-seo-premium-wordpress\/ -->\n<title>El encaje de bolillos llena el paseo Jaume I con 250 encajeras de toda Catalu\u00f1a - R\u00e0dio Ciutat de Tarragona<\/title>\n<meta name=\"robots\" content=\"index, follow, max-snippet:-1, max-image-preview:large, max-video-preview:-1\" \/>\n<link rel=\"canonical\" href=\"https:\/\/radiociutat.com\/es\/ultimas-noticias\/cronicas\/el-encaje-de-bolillos-llena-el-paseo-jaume-i-con-250-encajeras-de-toda-cataluna\/\" \/>\n<meta property=\"og:locale\" content=\"es_ES\" \/>\n<meta property=\"og:type\" content=\"article\" \/>\n<meta property=\"og:title\" content=\"El encaje de bolillos llena el paseo Jaume I con 250 encajeras de toda Catalu\u00f1a\" \/>\n<meta property=\"og:description\" content=\"El paseo Jaume I de Salou se ha convertido en el escenario de un gran encuentro de encajeras que ha reunido a unas 250 personas procedentes de diversos puntos del territorio catal\u00e1n. El evento, organizado por el Ayuntamiento de Salou, ha permitido poner en valor esta tradici\u00f3n artesanal tan arraigada en la cultura del pa\u00eds [&hellip;]\" \/>\n<meta property=\"og:url\" content=\"https:\/\/radiociutat.com\/es\/ultimas-noticias\/cronicas\/el-encaje-de-bolillos-llena-el-paseo-jaume-i-con-250-encajeras-de-toda-cataluna\/\" \/>\n<meta property=\"og:site_name\" content=\"R\u00e0dio Ciutat de Tarragona\" \/>\n<meta property=\"article:publisher\" content=\"https:\/\/www.facebook.com\/rctgn\" \/>\n<meta property=\"article:published_time\" content=\"2026-04-26T17:21:00+00:00\" \/>\n<meta property=\"og:image\" content=\"https:\/\/files.radiociutat.com\/rctgn\/wp-content\/uploads\/2021\/03\/LOGO-RCTGN-RADIO-CIUTAT-DE-TARRAGONA-TRANSPARENTE-TARRAGONA-2020-3000X3000-Redes1-copia.png\" \/>\n\t<meta property=\"og:image:width\" content=\"3000\" \/>\n\t<meta property=\"og:image:height\" content=\"3000\" \/>\n\t<meta property=\"og:image:type\" content=\"image\/png\" \/>\n<meta name=\"author\" content=\"AutoNota\" \/>\n<meta name=\"twitter:card\" content=\"summary_large_image\" \/>\n<meta name=\"twitter:creator\" content=\"@RCTgn\" \/>\n<meta name=\"twitter:site\" content=\"@RCTgn\" \/>\n<meta name=\"twitter:label1\" content=\"Escrito por\" \/>\n\t<meta name=\"twitter:data1\" content=\"AutoNota\" \/>\n\t<meta name=\"twitter:label2\" content=\"Tiempo de lectura\" \/>\n\t<meta name=\"twitter:data2\" content=\"1 minuto\" \/>\n<script type=\"application\/ld+json\" class=\"yoast-schema-graph\">{\"@context\":\"https:\\\/\\\/schema.org\",\"@graph\":[{\"@type\":\"Article\",\"@id\":\"https:\\\/\\\/radiociutat.com\\\/es\\\/ultimas-noticias\\\/cronicas\\\/el-encaje-de-bolillos-llena-el-paseo-jaume-i-con-250-encajeras-de-toda-cataluna\\\/#article\",\"isPartOf\":{\"@id\":\"https:\\\/\\\/radiociutat.com\\\/es\\\/ultimas-noticias\\\/cronicas\\\/el-encaje-de-bolillos-llena-el-paseo-jaume-i-con-250-encajeras-de-toda-cataluna\\\/\"},\"author\":{\"name\":\"AutoNota\",\"@id\":\"https:\\\/\\\/radiociutat.com\\\/es\\\/#\\\/schema\\\/person\\\/fd401dfbfd2adfe3f166b553b083e78d\"},\"headline\":\"El encaje de bolillos llena el paseo Jaume I con 250 encajeras de toda Catalu\u00f1a\",\"datePublished\":\"2026-04-26T17:21:00+00:00\",\"mainEntityOfPage\":{\"@id\":\"https:\\\/\\\/radiociutat.com\\\/es\\\/ultimas-noticias\\\/cronicas\\\/el-encaje-de-bolillos-llena-el-paseo-jaume-i-con-250-encajeras-de-toda-cataluna\\\/\"},\"wordCount\":220,\"image\":{\"@id\":\"https:\\\/\\\/radiociutat.com\\\/es\\\/ultimas-noticias\\\/cronicas\\\/el-encaje-de-bolillos-llena-el-paseo-jaume-i-con-250-encajeras-de-toda-cataluna\\\/#primaryimage\"},\"thumbnailUrl\":\"https:\\\/\\\/files.radiociutat.com\\\/rctgn\\\/wp-content\\\/uploads\\\/2026\\\/04\\\/puntaires-de-salou-scaled.jpg\",\"articleSection\":[\"Campo de Tarragona\",\"Cr\u00f3nicas\",\"Cultura\",\"Demarcaci\u00f3n de Tarragona\",\"Nota autom\u00e1tica\",\"Salou\",\"Sociedad\",\"Tarragon\u00e9s\",\"\u00daltimas noticias\"],\"inLanguage\":\"es\"},{\"@type\":\"WebPage\",\"@id\":\"https:\\\/\\\/radiociutat.com\\\/es\\\/ultimas-noticias\\\/cronicas\\\/el-encaje-de-bolillos-llena-el-paseo-jaume-i-con-250-encajeras-de-toda-cataluna\\\/\",\"url\":\"https:\\\/\\\/radiociutat.com\\\/es\\\/ultimas-noticias\\\/cronicas\\\/el-encaje-de-bolillos-llena-el-paseo-jaume-i-con-250-encajeras-de-toda-cataluna\\\/\",\"name\":\"El encaje de bolillos llena el paseo Jaume I con 250 encajeras de toda Catalu\u00f1a - R\u00e0dio Ciutat de Tarragona\",\"isPartOf\":{\"@id\":\"https:\\\/\\\/radiociutat.com\\\/es\\\/#website\"},\"primaryImageOfPage\":{\"@id\":\"https:\\\/\\\/radiociutat.com\\\/es\\\/ultimas-noticias\\\/cronicas\\\/el-encaje-de-bolillos-llena-el-paseo-jaume-i-con-250-encajeras-de-toda-cataluna\\\/#primaryimage\"},\"image\":{\"@id\":\"https:\\\/\\\/radiociutat.com\\\/es\\\/ultimas-noticias\\\/cronicas\\\/el-encaje-de-bolillos-llena-el-paseo-jaume-i-con-250-encajeras-de-toda-cataluna\\\/#primaryimage\"},\"thumbnailUrl\":\"https:\\\/\\\/files.radiociutat.com\\\/rctgn\\\/wp-content\\\/uploads\\\/2026\\\/04\\\/puntaires-de-salou-scaled.jpg\",\"datePublished\":\"2026-04-26T17:21:00+00:00\",\"author\":{\"@id\":\"https:\\\/\\\/radiociutat.com\\\/es\\\/#\\\/schema\\\/person\\\/fd401dfbfd2adfe3f166b553b083e78d\"},\"breadcrumb\":{\"@id\":\"https:\\\/\\\/radiociutat.com\\\/es\\\/ultimas-noticias\\\/cronicas\\\/el-encaje-de-bolillos-llena-el-paseo-jaume-i-con-250-encajeras-de-toda-cataluna\\\/#breadcrumb\"},\"inLanguage\":\"es\",\"potentialAction\":[{\"@type\":\"ReadAction\",\"target\":[\"https:\\\/\\\/radiociutat.com\\\/es\\\/ultimas-noticias\\\/cronicas\\\/el-encaje-de-bolillos-llena-el-paseo-jaume-i-con-250-encajeras-de-toda-cataluna\\\/\"]}]},{\"@type\":\"ImageObject\",\"inLanguage\":\"es\",\"@id\":\"https:\\\/\\\/radiociutat.com\\\/es\\\/ultimas-noticias\\\/cronicas\\\/el-encaje-de-bolillos-llena-el-paseo-jaume-i-con-250-encajeras-de-toda-cataluna\\\/#primaryimage\",\"url\":\"https:\\\/\\\/files.radiociutat.com\\\/rctgn\\\/wp-content\\\/uploads\\\/2026\\\/04\\\/puntaires-de-salou-scaled.jpg\",\"contentUrl\":\"https:\\\/\\\/files.radiociutat.com\\\/rctgn\\\/wp-content\\\/uploads\\\/2026\\\/04\\\/puntaires-de-salou-scaled.jpg\",\"width\":2560,\"height\":1920,\"caption\":\"puntaires de salou\"},{\"@type\":\"BreadcrumbList\",\"@id\":\"https:\\\/\\\/radiociutat.com\\\/es\\\/ultimas-noticias\\\/cronicas\\\/el-encaje-de-bolillos-llena-el-paseo-jaume-i-con-250-encajeras-de-toda-cataluna\\\/#breadcrumb\",\"itemListElement\":[{\"@type\":\"ListItem\",\"position\":1,\"name\":\"Inici\",\"item\":\"https:\\\/\\\/radiociutat.com\\\/es\\\/\"},{\"@type\":\"ListItem\",\"position\":2,\"name\":\"El encaje de bolillos llena el paseo Jaume I con 250 encajeras de toda Catalu\u00f1a\"}]},{\"@type\":\"WebSite\",\"@id\":\"https:\\\/\\\/radiociutat.com\\\/es\\\/#website\",\"url\":\"https:\\\/\\\/radiociutat.com\\\/es\\\/\",\"name\":\"R\u00e0dio Ciutat de Tarragona\",\"description\":\"R\u00e0dio Ciutat de Tarragona - RCTgn.cat R\u00e0dio Online\",\"potentialAction\":[{\"@type\":\"SearchAction\",\"target\":{\"@type\":\"EntryPoint\",\"urlTemplate\":\"https:\\\/\\\/radiociutat.com\\\/es\\\/?s={search_term_string}\"},\"query-input\":{\"@type\":\"PropertyValueSpecification\",\"valueRequired\":true,\"valueName\":\"search_term_string\"}}],\"inLanguage\":\"es\"},{\"@type\":\"Person\",\"@id\":\"https:\\\/\\\/radiociutat.com\\\/es\\\/#\\\/schema\\\/person\\\/fd401dfbfd2adfe3f166b553b083e78d\",\"name\":\"AutoNota\",\"description\":\"AutoNota, el suport intel\u00b7ligent per a la redacci\u00f3 AutoNota \u00e9s un servei propi de R\u00e0dio Ciutat que utilitza la intel\u00b7lig\u00e8ncia artificial per donar suport al treball period\u00edstic. La seva funci\u00f3 principal \u00e9s etiquetar, categoritzar i contextualitzar les informacions que arriben a la redacci\u00f3, sobretot procedents d\u2019empreses i institucions. Tot i que la IA ajuda a ordenar i donar forma als continguts, \u00e9s sempre l\u2019equip de redacci\u00f3 qui els revisa, edita i publica. D\u2019aquesta manera, garantim que totes les publicacions d\u2019AutoNota comptin amb la curaci\u00f3 i l\u2019aval professional d\u2019una persona periodista de R\u00e0dio Ciutat.\",\"url\":\"https:\\\/\\\/radiociutat.com\\\/es\\\/author\\\/autonota\\\/\"}]}<\/script>\n<!-- \/ Yoast SEO Premium plugin. -->","yoast_head_json":{"title":"El encaje de bolillos llena el paseo Jaume I con 250 encajeras de toda Catalu\u00f1a - R\u00e0dio Ciutat de Tarragona","robots":{"index":"index","follow":"follow","max-snippet":"max-snippet:-1","max-image-preview":"max-image-preview:large","max-video-preview":"max-video-preview:-1"},"canonical":"https:\/\/radiociutat.com\/es\/ultimas-noticias\/cronicas\/el-encaje-de-bolillos-llena-el-paseo-jaume-i-con-250-encajeras-de-toda-cataluna\/","og_locale":"es_ES","og_type":"article","og_title":"El encaje de bolillos llena el paseo Jaume I con 250 encajeras de toda Catalu\u00f1a","og_description":"El paseo Jaume I de Salou se ha convertido en el escenario de un gran encuentro de encajeras que ha reunido a unas 250 personas procedentes de diversos puntos del territorio catal\u00e1n. El evento, organizado por el Ayuntamiento de Salou, ha permitido poner en valor esta tradici\u00f3n artesanal tan arraigada en la cultura del pa\u00eds [&hellip;]","og_url":"https:\/\/radiociutat.com\/es\/ultimas-noticias\/cronicas\/el-encaje-de-bolillos-llena-el-paseo-jaume-i-con-250-encajeras-de-toda-cataluna\/","og_site_name":"R\u00e0dio Ciutat de Tarragona","article_publisher":"https:\/\/www.facebook.com\/rctgn","article_published_time":"2026-04-26T17:21:00+00:00","og_image":[{"width":3000,"height":3000,"url":"https:\/\/files.radiociutat.com\/rctgn\/wp-content\/uploads\/2021\/03\/LOGO-RCTGN-RADIO-CIUTAT-DE-TARRAGONA-TRANSPARENTE-TARRAGONA-2020-3000X3000-Redes1-copia.png","type":"image\/png"}],"author":"AutoNota","twitter_card":"summary_large_image","twitter_creator":"@RCTgn","twitter_site":"@RCTgn","twitter_misc":{"Escrito por":"AutoNota","Tiempo de lectura":"1 minuto"},"schema":{"@context":"https:\/\/schema.org","@graph":[{"@type":"Article","@id":"https:\/\/radiociutat.com\/es\/ultimas-noticias\/cronicas\/el-encaje-de-bolillos-llena-el-paseo-jaume-i-con-250-encajeras-de-toda-cataluna\/#article","isPartOf":{"@id":"https:\/\/radiociutat.com\/es\/ultimas-noticias\/cronicas\/el-encaje-de-bolillos-llena-el-paseo-jaume-i-con-250-encajeras-de-toda-cataluna\/"},"author":{"name":"AutoNota","@id":"https:\/\/radiociutat.com\/es\/#\/schema\/person\/fd401dfbfd2adfe3f166b553b083e78d"},"headline":"El encaje de bolillos llena el paseo Jaume I con 250 encajeras de toda Catalu\u00f1a","datePublished":"2026-04-26T17:21:00+00:00","mainEntityOfPage":{"@id":"https:\/\/radiociutat.com\/es\/ultimas-noticias\/cronicas\/el-encaje-de-bolillos-llena-el-paseo-jaume-i-con-250-encajeras-de-toda-cataluna\/"},"wordCount":220,"image":{"@id":"https:\/\/radiociutat.com\/es\/ultimas-noticias\/cronicas\/el-encaje-de-bolillos-llena-el-paseo-jaume-i-con-250-encajeras-de-toda-cataluna\/#primaryimage"},"thumbnailUrl":"https:\/\/files.radiociutat.com\/rctgn\/wp-content\/uploads\/2026\/04\/puntaires-de-salou-scaled.jpg","articleSection":["Campo de Tarragona","Cr\u00f3nicas","Cultura","Demarcaci\u00f3n de Tarragona","Nota autom\u00e1tica","Salou","Sociedad","Tarragon\u00e9s","\u00daltimas noticias"],"inLanguage":"es"},{"@type":"WebPage","@id":"https:\/\/radiociutat.com\/es\/ultimas-noticias\/cronicas\/el-encaje-de-bolillos-llena-el-paseo-jaume-i-con-250-encajeras-de-toda-cataluna\/","url":"https:\/\/radiociutat.com\/es\/ultimas-noticias\/cronicas\/el-encaje-de-bolillos-llena-el-paseo-jaume-i-con-250-encajeras-de-toda-cataluna\/","name":"El encaje de bolillos llena el paseo Jaume I con 250 encajeras de toda Catalu\u00f1a - R\u00e0dio Ciutat de Tarragona","isPartOf":{"@id":"https:\/\/radiociutat.com\/es\/#website"},"primaryImageOfPage":{"@id":"https:\/\/radiociutat.com\/es\/ultimas-noticias\/cronicas\/el-encaje-de-bolillos-llena-el-paseo-jaume-i-con-250-encajeras-de-toda-cataluna\/#primaryimage"},"image":{"@id":"https:\/\/radiociutat.com\/es\/ultimas-noticias\/cronicas\/el-encaje-de-bolillos-llena-el-paseo-jaume-i-con-250-encajeras-de-toda-cataluna\/#primaryimage"},"thumbnailUrl":"https:\/\/files.radiociutat.com\/rctgn\/wp-content\/uploads\/2026\/04\/puntaires-de-salou-scaled.jpg","datePublished":"2026-04-26T17:21:00+00:00","author":{"@id":"https:\/\/radiociutat.com\/es\/#\/schema\/person\/fd401dfbfd2adfe3f166b553b083e78d"},"breadcrumb":{"@id":"https:\/\/radiociutat.com\/es\/ultimas-noticias\/cronicas\/el-encaje-de-bolillos-llena-el-paseo-jaume-i-con-250-encajeras-de-toda-cataluna\/#breadcrumb"},"inLanguage":"es","potentialAction":[{"@type":"ReadAction","target":["https:\/\/radiociutat.com\/es\/ultimas-noticias\/cronicas\/el-encaje-de-bolillos-llena-el-paseo-jaume-i-con-250-encajeras-de-toda-cataluna\/"]}]},{"@type":"ImageObject","inLanguage":"es","@id":"https:\/\/radiociutat.com\/es\/ultimas-noticias\/cronicas\/el-encaje-de-bolillos-llena-el-paseo-jaume-i-con-250-encajeras-de-toda-cataluna\/#primaryimage","url":"https:\/\/files.radiociutat.com\/rctgn\/wp-content\/uploads\/2026\/04\/puntaires-de-salou-scaled.jpg","contentUrl":"https:\/\/files.radiociutat.com\/rctgn\/wp-content\/uploads\/2026\/04\/puntaires-de-salou-scaled.jpg","width":2560,"height":1920,"caption":"puntaires de salou"},{"@type":"BreadcrumbList","@id":"https:\/\/radiociutat.com\/es\/ultimas-noticias\/cronicas\/el-encaje-de-bolillos-llena-el-paseo-jaume-i-con-250-encajeras-de-toda-cataluna\/#breadcrumb","itemListElement":[{"@type":"ListItem","position":1,"name":"Inici","item":"https:\/\/radiociutat.com\/es\/"},{"@type":"ListItem","position":2,"name":"El encaje de bolillos llena el paseo Jaume I con 250 encajeras de toda Catalu\u00f1a"}]},{"@type":"WebSite","@id":"https:\/\/radiociutat.com\/es\/#website","url":"https:\/\/radiociutat.com\/es\/","name":"R\u00e0dio Ciutat de Tarragona","description":"R\u00e0dio Ciutat de Tarragona - RCTgn.cat R\u00e0dio Online","potentialAction":[{"@type":"SearchAction","target":{"@type":"EntryPoint","urlTemplate":"https:\/\/radiociutat.com\/es\/?s={search_term_string}"},"query-input":{"@type":"PropertyValueSpecification","valueRequired":true,"valueName":"search_term_string"}}],"inLanguage":"es"},{"@type":"Person","@id":"https:\/\/radiociutat.com\/es\/#\/schema\/person\/fd401dfbfd2adfe3f166b553b083e78d","name":"AutoNota","description":"AutoNota, el suport intel\u00b7ligent per a la redacci\u00f3 AutoNota \u00e9s un servei propi de R\u00e0dio Ciutat que utilitza la intel\u00b7lig\u00e8ncia artificial per donar suport al treball period\u00edstic. La seva funci\u00f3 principal \u00e9s etiquetar, categoritzar i contextualitzar les informacions que arriben a la redacci\u00f3, sobretot procedents d\u2019empreses i institucions. Tot i que la IA ajuda a ordenar i donar forma als continguts, \u00e9s sempre l\u2019equip de redacci\u00f3 qui els revisa, edita i publica. D\u2019aquesta manera, garantim que totes les publicacions d\u2019AutoNota comptin amb la curaci\u00f3 i l\u2019aval professional d\u2019una persona periodista de R\u00e0dio Ciutat.","url":"https:\/\/radiociutat.com\/es\/author\/autonota\/"}]}},"_links":{"self":[{"href":"https:\/\/radiociutat.com\/es\/wp-json\/wp\/v2\/posts\/378022","targetHints":{"allow":["GET"]}}],"collection":[{"href":"https:\/\/radiociutat.com\/es\/wp-json\/wp\/v2\/posts"}],"about":[{"href":"https:\/\/radiociutat.com\/es\/wp-json\/wp\/v2\/types\/post"}],"author":[{"embeddable":true,"href":"https:\/\/radiociutat.com\/es\/wp-json\/wp\/v2\/users\/106"}],"replies":[{"embeddable":true,"href":"https:\/\/radiociutat.com\/es\/wp-json\/wp\/v2\/comments?post=378022"}],"version-history":[{"count":0,"href":"https:\/\/radiociutat.com\/es\/wp-json\/wp\/v2\/posts\/378022\/revisions"}],"wp:featuredmedia":[{"embeddable":true,"href":"https:\/\/radiociutat.com\/es\/wp-json\/wp\/v2\/media\/378018"}],"wp:attachment":[{"href":"https:\/\/radiociutat.com\/es\/wp-json\/wp\/v2\/media?parent=378022"}],"wp:term":[{"taxonomy":"category","embeddable":true,"href":"https:\/\/radiociutat.com\/es\/wp-json\/wp\/v2\/categories?post=378022"},{"taxonomy":"post_tag","embeddable":true,"href":"https:\/\/radiociutat.com\/es\/wp-json\/wp\/v2\/tags?post=378022"}],"curies":[{"name":"wp","href":"https:\/\/api.w.org\/{rel}","templated":true}]}}