{"id":378015,"date":"2026-04-26T21:17:04","date_gmt":"2026-04-26T19:17:04","guid":{"rendered":"https:\/\/radiociutat.com\/programes-podcast\/el-nastic-pierde-en-cartagena-y-cae-al-descenso\/"},"modified":"2026-04-26T21:17:04","modified_gmt":"2026-04-26T19:17:04","slug":"el-nastic-pierde-en-cartagena-y-cae-al-descenso","status":"publish","type":"post","link":"https:\/\/radiociutat.com\/es\/ultimas-noticias\/cronicas-deportes\/el-nastic-pierde-en-cartagena-y-cae-al-descenso\/","title":{"rendered":"El N\u00e0stic pierde en Cartagena y cae al descenso"},"content":{"rendered":"\n<p>El <strong>N\u00e0stic de Tarragona<\/strong> ha ca\u00eddo derrotado en el campo del <strong>Cartagena<\/strong> con un gol en el minuto 90. Un resultado que deja a los grana en <strong>posiciones de descenso<\/strong> en un partido donde puntuar era clave.<\/p>\n\n\n\n<h2 class=\"wp-block-heading\" id=\"h-bon-inici-sense-premi\">Buen inicio sin premio<\/h2>\n\n\n\n<p>El N\u00e0stic ha salido con intenci\u00f3n. <strong>Marcos Baselga<\/strong> ha avisado muy pronto despu\u00e9s de un centro de <strong>Pau Mart\u00ednez<\/strong>. Tambi\u00e9n lo han intentado <strong>Moi Delgado<\/strong> y <strong>Montalvo<\/strong>, pero sin acierto. Adem\u00e1s, <strong>\u00c1lex Jim\u00e9nez<\/strong> ha estado a punto de sorprender con una falta directa.<\/p>\n\n\n\n<p>Sin embargo, el Cartagena ha respondido y <strong>Dani Rebollo<\/strong> ha tenido que intervenir para evitar el gol. As\u00ed, el partido ha llegado al descanso con empate y sin ocasiones claras.<\/p>\n\n\n\n<h2 class=\"wp-block-heading\" id=\"h-segona-part-de-patiment\">Segunda parte de sufrimiento<\/h2>\n\n\n\n<p>Despu\u00e9s del descanso, el guion ha cambiado. El <strong>Cartagena<\/strong> ha dominado y el N\u00e0stic se ha limitado a defender. De hecho, los grana no han generado pr\u00e1cticamente nada en ataque.<\/p>\n\n\n\n<p>Mientras tanto, <strong>Dani Rebollo<\/strong> ha sostenido al equipo con varias paradas, pero el equipo no ha sabido reaccionar ni con los cambios, con entradas de <strong>Juanda Fuentes<\/strong>, <strong>Sergio Santos<\/strong>, <strong>Alcal\u00e1<\/strong>, <strong>Zoilo<\/strong> y <strong>Abdallah<\/strong>.<\/p>\n\n\n\n<h2 class=\"wp-block-heading\" id=\"h-gol-final-i-castig-excessiu\">Gol final y castigo excesivo<\/h2>\n\n\n\n<p>Cuando parec\u00eda que el empate ser\u00eda definitivo, el <strong>Cartagena<\/strong> ha marcado en el minuto 90. La acci\u00f3n se ha revisado por una posible mano, pero el gol ha acabado subiendo al marcador.<\/p>\n\n\n\n<p>Finalmente, el N\u00e0stic se va de vac\u00edo y vuelve al <strong>descenso<\/strong>. Una derrota dura, sobre todo por la imagen de la segunda mitad y por la necesidad urgente de sumar puntos.<\/p>\n","protected":false},"excerpt":{"rendered":"<p>El N\u00e0stic de Tarragona ha ca\u00eddo derrotado en el campo del Cartagena con un gol en el minuto 90. Un resultado que deja a los grana en posiciones de descenso en un partido donde puntuar era clave. Buen inicio sin premio El N\u00e0stic ha salido con intenci\u00f3n. Marcos Baselga ha avisado muy pronto despu\u00e9s de [&hellip;]<\/p>\n","protected":false},"author":108,"featured_media":378009,"comment_status":"closed","ping_status":"closed","sticky":false,"template":"","format":"standard","meta":{"footnotes":""},"categories":[13688,13674,13911,13773,13716],"tags":[],"class_list":["post-378015","post","type-post","status-publish","format-standard","has-post-thumbnail","hentry","category-cronicas","category-cronicas-deportes","category-cronicas-nastic","category-sin-categoria-es","category-ultimas-noticias"],"yoast_head":"<!-- This site is optimized with the Yoast SEO Premium plugin v27.4 (Yoast SEO v27.4) - https:\/\/yoast.com\/product\/yoast-seo-premium-wordpress\/ -->\n<title>El N\u00e0stic pierde en Cartagena y cae al descenso - R\u00e0dio Ciutat de Tarragona<\/title>\n<meta name=\"robots\" content=\"index, follow, max-snippet:-1, max-image-preview:large, max-video-preview:-1\" \/>\n<link rel=\"canonical\" href=\"https:\/\/radiociutat.com\/es\/ultimas-noticias\/cronicas-deportes\/el-nastic-pierde-en-cartagena-y-cae-al-descenso\/\" \/>\n<meta property=\"og:locale\" content=\"es_ES\" \/>\n<meta property=\"og:type\" content=\"article\" \/>\n<meta property=\"og:title\" content=\"El N\u00e0stic pierde en Cartagena y cae al descenso\" \/>\n<meta property=\"og:description\" content=\"El N\u00e0stic de Tarragona ha ca\u00eddo derrotado en el campo del Cartagena con un gol en el minuto 90. Un resultado que deja a los grana en posiciones de descenso en un partido donde puntuar era clave. Buen inicio sin premio El N\u00e0stic ha salido con intenci\u00f3n. Marcos Baselga ha avisado muy pronto despu\u00e9s de [&hellip;]\" \/>\n<meta property=\"og:url\" content=\"https:\/\/radiociutat.com\/es\/ultimas-noticias\/cronicas-deportes\/el-nastic-pierde-en-cartagena-y-cae-al-descenso\/\" \/>\n<meta property=\"og:site_name\" content=\"R\u00e0dio Ciutat de Tarragona\" \/>\n<meta property=\"article:publisher\" content=\"https:\/\/www.facebook.com\/rctgn\" \/>\n<meta property=\"article:published_time\" content=\"2026-04-26T19:17:04+00:00\" \/>\n<meta property=\"og:image\" content=\"https:\/\/files.radiociutat.com\/rctgn\/wp-content\/uploads\/2021\/03\/LOGO-RCTGN-RADIO-CIUTAT-DE-TARRAGONA-TRANSPARENTE-TARRAGONA-2020-3000X3000-Redes1-copia.png\" \/>\n\t<meta property=\"og:image:width\" content=\"3000\" \/>\n\t<meta property=\"og:image:height\" content=\"3000\" \/>\n\t<meta property=\"og:image:type\" content=\"image\/png\" \/>\n<meta name=\"author\" content=\"Adri\u00e0 Jurado i Mateo\" \/>\n<meta name=\"twitter:card\" content=\"summary_large_image\" \/>\n<meta name=\"twitter:creator\" content=\"@RCTgn\" \/>\n<meta name=\"twitter:site\" content=\"@RCTgn\" \/>\n<meta name=\"twitter:label1\" content=\"Escrito por\" \/>\n\t<meta name=\"twitter:data1\" content=\"Adri\u00e0 Jurado i Mateo\" \/>\n\t<meta name=\"twitter:label2\" content=\"Tiempo de lectura\" \/>\n\t<meta name=\"twitter:data2\" content=\"1 minuto\" \/>\n<script type=\"application\/ld+json\" class=\"yoast-schema-graph\">{\"@context\":\"https:\\\/\\\/schema.org\",\"@graph\":[{\"@type\":\"Article\",\"@id\":\"https:\\\/\\\/radiociutat.com\\\/es\\\/ultimas-noticias\\\/cronicas-deportes\\\/el-nastic-pierde-en-cartagena-y-cae-al-descenso\\\/#article\",\"isPartOf\":{\"@id\":\"https:\\\/\\\/radiociutat.com\\\/es\\\/ultimas-noticias\\\/cronicas-deportes\\\/el-nastic-pierde-en-cartagena-y-cae-al-descenso\\\/\"},\"author\":{\"name\":\"Adri\u00e0 Jurado i Mateo\",\"@id\":\"https:\\\/\\\/radiociutat.com\\\/es\\\/#\\\/schema\\\/person\\\/25e4d7920bb5cd13577531d9b2fe1d32\"},\"headline\":\"El N\u00e0stic pierde en Cartagena y cae al descenso\",\"datePublished\":\"2026-04-26T19:17:04+00:00\",\"mainEntityOfPage\":{\"@id\":\"https:\\\/\\\/radiociutat.com\\\/es\\\/ultimas-noticias\\\/cronicas-deportes\\\/el-nastic-pierde-en-cartagena-y-cae-al-descenso\\\/\"},\"wordCount\":274,\"image\":{\"@id\":\"https:\\\/\\\/radiociutat.com\\\/es\\\/ultimas-noticias\\\/cronicas-deportes\\\/el-nastic-pierde-en-cartagena-y-cae-al-descenso\\\/#primaryimage\"},\"thumbnailUrl\":\"https:\\\/\\\/files.radiociutat.com\\\/rctgn\\\/wp-content\\\/uploads\\\/2026\\\/04\\\/nastic-cartagena.jpg\",\"articleSection\":{\"0\":\"Cr\u00f3nicas\",\"1\":\"Cr\u00f3nicas Deportes\",\"2\":\"Cr\u00f3nicas N\u00e0stic\",\"4\":\"\u00daltimas noticias\"},\"inLanguage\":\"es\"},{\"@type\":\"WebPage\",\"@id\":\"https:\\\/\\\/radiociutat.com\\\/es\\\/ultimas-noticias\\\/cronicas-deportes\\\/el-nastic-pierde-en-cartagena-y-cae-al-descenso\\\/\",\"url\":\"https:\\\/\\\/radiociutat.com\\\/es\\\/ultimas-noticias\\\/cronicas-deportes\\\/el-nastic-pierde-en-cartagena-y-cae-al-descenso\\\/\",\"name\":\"El N\u00e0stic pierde en Cartagena y cae al descenso - R\u00e0dio Ciutat de Tarragona\",\"isPartOf\":{\"@id\":\"https:\\\/\\\/radiociutat.com\\\/es\\\/#website\"},\"primaryImageOfPage\":{\"@id\":\"https:\\\/\\\/radiociutat.com\\\/es\\\/ultimas-noticias\\\/cronicas-deportes\\\/el-nastic-pierde-en-cartagena-y-cae-al-descenso\\\/#primaryimage\"},\"image\":{\"@id\":\"https:\\\/\\\/radiociutat.com\\\/es\\\/ultimas-noticias\\\/cronicas-deportes\\\/el-nastic-pierde-en-cartagena-y-cae-al-descenso\\\/#primaryimage\"},\"thumbnailUrl\":\"https:\\\/\\\/files.radiociutat.com\\\/rctgn\\\/wp-content\\\/uploads\\\/2026\\\/04\\\/nastic-cartagena.jpg\",\"datePublished\":\"2026-04-26T19:17:04+00:00\",\"author\":{\"@id\":\"https:\\\/\\\/radiociutat.com\\\/es\\\/#\\\/schema\\\/person\\\/25e4d7920bb5cd13577531d9b2fe1d32\"},\"breadcrumb\":{\"@id\":\"https:\\\/\\\/radiociutat.com\\\/es\\\/ultimas-noticias\\\/cronicas-deportes\\\/el-nastic-pierde-en-cartagena-y-cae-al-descenso\\\/#breadcrumb\"},\"inLanguage\":\"es\",\"potentialAction\":[{\"@type\":\"ReadAction\",\"target\":[\"https:\\\/\\\/radiociutat.com\\\/es\\\/ultimas-noticias\\\/cronicas-deportes\\\/el-nastic-pierde-en-cartagena-y-cae-al-descenso\\\/\"]}]},{\"@type\":\"ImageObject\",\"inLanguage\":\"es\",\"@id\":\"https:\\\/\\\/radiociutat.com\\\/es\\\/ultimas-noticias\\\/cronicas-deportes\\\/el-nastic-pierde-en-cartagena-y-cae-al-descenso\\\/#primaryimage\",\"url\":\"https:\\\/\\\/files.radiociutat.com\\\/rctgn\\\/wp-content\\\/uploads\\\/2026\\\/04\\\/nastic-cartagena.jpg\",\"contentUrl\":\"https:\\\/\\\/files.radiociutat.com\\\/rctgn\\\/wp-content\\\/uploads\\\/2026\\\/04\\\/nastic-cartagena.jpg\",\"width\":1600,\"height\":1065,\"caption\":\"Font: N\u00e0stic\"},{\"@type\":\"BreadcrumbList\",\"@id\":\"https:\\\/\\\/radiociutat.com\\\/es\\\/ultimas-noticias\\\/cronicas-deportes\\\/el-nastic-pierde-en-cartagena-y-cae-al-descenso\\\/#breadcrumb\",\"itemListElement\":[{\"@type\":\"ListItem\",\"position\":1,\"name\":\"Inici\",\"item\":\"https:\\\/\\\/radiociutat.com\\\/es\\\/\"},{\"@type\":\"ListItem\",\"position\":2,\"name\":\"El N\u00e0stic pierde en Cartagena y cae al descenso\"}]},{\"@type\":\"WebSite\",\"@id\":\"https:\\\/\\\/radiociutat.com\\\/es\\\/#website\",\"url\":\"https:\\\/\\\/radiociutat.com\\\/es\\\/\",\"name\":\"R\u00e0dio Ciutat de Tarragona\",\"description\":\"R\u00e0dio Ciutat de Tarragona - RCTgn.cat R\u00e0dio Online\",\"potentialAction\":[{\"@type\":\"SearchAction\",\"target\":{\"@type\":\"EntryPoint\",\"urlTemplate\":\"https:\\\/\\\/radiociutat.com\\\/es\\\/?s={search_term_string}\"},\"query-input\":{\"@type\":\"PropertyValueSpecification\",\"valueRequired\":true,\"valueName\":\"search_term_string\"}}],\"inLanguage\":\"es\"},{\"@type\":\"Person\",\"@id\":\"https:\\\/\\\/radiociutat.com\\\/es\\\/#\\\/schema\\\/person\\\/25e4d7920bb5cd13577531d9b2fe1d32\",\"name\":\"Adri\u00e0 Jurado i Mateo\",\"url\":\"https:\\\/\\\/radiociutat.com\\\/es\\\/author\\\/ajurado\\\/\"}]}<\/script>\n<!-- \/ Yoast SEO Premium plugin. -->","yoast_head_json":{"title":"El N\u00e0stic pierde en Cartagena y cae al descenso - R\u00e0dio Ciutat de Tarragona","robots":{"index":"index","follow":"follow","max-snippet":"max-snippet:-1","max-image-preview":"max-image-preview:large","max-video-preview":"max-video-preview:-1"},"canonical":"https:\/\/radiociutat.com\/es\/ultimas-noticias\/cronicas-deportes\/el-nastic-pierde-en-cartagena-y-cae-al-descenso\/","og_locale":"es_ES","og_type":"article","og_title":"El N\u00e0stic pierde en Cartagena y cae al descenso","og_description":"El N\u00e0stic de Tarragona ha ca\u00eddo derrotado en el campo del Cartagena con un gol en el minuto 90. Un resultado que deja a los grana en posiciones de descenso en un partido donde puntuar era clave. Buen inicio sin premio El N\u00e0stic ha salido con intenci\u00f3n. Marcos Baselga ha avisado muy pronto despu\u00e9s de [&hellip;]","og_url":"https:\/\/radiociutat.com\/es\/ultimas-noticias\/cronicas-deportes\/el-nastic-pierde-en-cartagena-y-cae-al-descenso\/","og_site_name":"R\u00e0dio Ciutat de Tarragona","article_publisher":"https:\/\/www.facebook.com\/rctgn","article_published_time":"2026-04-26T19:17:04+00:00","og_image":[{"width":3000,"height":3000,"url":"https:\/\/files.radiociutat.com\/rctgn\/wp-content\/uploads\/2021\/03\/LOGO-RCTGN-RADIO-CIUTAT-DE-TARRAGONA-TRANSPARENTE-TARRAGONA-2020-3000X3000-Redes1-copia.png","type":"image\/png"}],"author":"Adri\u00e0 Jurado i Mateo","twitter_card":"summary_large_image","twitter_creator":"@RCTgn","twitter_site":"@RCTgn","twitter_misc":{"Escrito por":"Adri\u00e0 Jurado i Mateo","Tiempo de lectura":"1 minuto"},"schema":{"@context":"https:\/\/schema.org","@graph":[{"@type":"Article","@id":"https:\/\/radiociutat.com\/es\/ultimas-noticias\/cronicas-deportes\/el-nastic-pierde-en-cartagena-y-cae-al-descenso\/#article","isPartOf":{"@id":"https:\/\/radiociutat.com\/es\/ultimas-noticias\/cronicas-deportes\/el-nastic-pierde-en-cartagena-y-cae-al-descenso\/"},"author":{"name":"Adri\u00e0 Jurado i Mateo","@id":"https:\/\/radiociutat.com\/es\/#\/schema\/person\/25e4d7920bb5cd13577531d9b2fe1d32"},"headline":"El N\u00e0stic pierde en Cartagena y cae al descenso","datePublished":"2026-04-26T19:17:04+00:00","mainEntityOfPage":{"@id":"https:\/\/radiociutat.com\/es\/ultimas-noticias\/cronicas-deportes\/el-nastic-pierde-en-cartagena-y-cae-al-descenso\/"},"wordCount":274,"image":{"@id":"https:\/\/radiociutat.com\/es\/ultimas-noticias\/cronicas-deportes\/el-nastic-pierde-en-cartagena-y-cae-al-descenso\/#primaryimage"},"thumbnailUrl":"https:\/\/files.radiociutat.com\/rctgn\/wp-content\/uploads\/2026\/04\/nastic-cartagena.jpg","articleSection":{"0":"Cr\u00f3nicas","1":"Cr\u00f3nicas Deportes","2":"Cr\u00f3nicas N\u00e0stic","4":"\u00daltimas noticias"},"inLanguage":"es"},{"@type":"WebPage","@id":"https:\/\/radiociutat.com\/es\/ultimas-noticias\/cronicas-deportes\/el-nastic-pierde-en-cartagena-y-cae-al-descenso\/","url":"https:\/\/radiociutat.com\/es\/ultimas-noticias\/cronicas-deportes\/el-nastic-pierde-en-cartagena-y-cae-al-descenso\/","name":"El N\u00e0stic pierde en Cartagena y cae al descenso - R\u00e0dio Ciutat de Tarragona","isPartOf":{"@id":"https:\/\/radiociutat.com\/es\/#website"},"primaryImageOfPage":{"@id":"https:\/\/radiociutat.com\/es\/ultimas-noticias\/cronicas-deportes\/el-nastic-pierde-en-cartagena-y-cae-al-descenso\/#primaryimage"},"image":{"@id":"https:\/\/radiociutat.com\/es\/ultimas-noticias\/cronicas-deportes\/el-nastic-pierde-en-cartagena-y-cae-al-descenso\/#primaryimage"},"thumbnailUrl":"https:\/\/files.radiociutat.com\/rctgn\/wp-content\/uploads\/2026\/04\/nastic-cartagena.jpg","datePublished":"2026-04-26T19:17:04+00:00","author":{"@id":"https:\/\/radiociutat.com\/es\/#\/schema\/person\/25e4d7920bb5cd13577531d9b2fe1d32"},"breadcrumb":{"@id":"https:\/\/radiociutat.com\/es\/ultimas-noticias\/cronicas-deportes\/el-nastic-pierde-en-cartagena-y-cae-al-descenso\/#breadcrumb"},"inLanguage":"es","potentialAction":[{"@type":"ReadAction","target":["https:\/\/radiociutat.com\/es\/ultimas-noticias\/cronicas-deportes\/el-nastic-pierde-en-cartagena-y-cae-al-descenso\/"]}]},{"@type":"ImageObject","inLanguage":"es","@id":"https:\/\/radiociutat.com\/es\/ultimas-noticias\/cronicas-deportes\/el-nastic-pierde-en-cartagena-y-cae-al-descenso\/#primaryimage","url":"https:\/\/files.radiociutat.com\/rctgn\/wp-content\/uploads\/2026\/04\/nastic-cartagena.jpg","contentUrl":"https:\/\/files.radiociutat.com\/rctgn\/wp-content\/uploads\/2026\/04\/nastic-cartagena.jpg","width":1600,"height":1065,"caption":"Font: N\u00e0stic"},{"@type":"BreadcrumbList","@id":"https:\/\/radiociutat.com\/es\/ultimas-noticias\/cronicas-deportes\/el-nastic-pierde-en-cartagena-y-cae-al-descenso\/#breadcrumb","itemListElement":[{"@type":"ListItem","position":1,"name":"Inici","item":"https:\/\/radiociutat.com\/es\/"},{"@type":"ListItem","position":2,"name":"El N\u00e0stic pierde en Cartagena y cae al descenso"}]},{"@type":"WebSite","@id":"https:\/\/radiociutat.com\/es\/#website","url":"https:\/\/radiociutat.com\/es\/","name":"R\u00e0dio Ciutat de Tarragona","description":"R\u00e0dio Ciutat de Tarragona - RCTgn.cat R\u00e0dio Online","potentialAction":[{"@type":"SearchAction","target":{"@type":"EntryPoint","urlTemplate":"https:\/\/radiociutat.com\/es\/?s={search_term_string}"},"query-input":{"@type":"PropertyValueSpecification","valueRequired":true,"valueName":"search_term_string"}}],"inLanguage":"es"},{"@type":"Person","@id":"https:\/\/radiociutat.com\/es\/#\/schema\/person\/25e4d7920bb5cd13577531d9b2fe1d32","name":"Adri\u00e0 Jurado i Mateo","url":"https:\/\/radiociutat.com\/es\/author\/ajurado\/"}]}},"_links":{"self":[{"href":"https:\/\/radiociutat.com\/es\/wp-json\/wp\/v2\/posts\/378015","targetHints":{"allow":["GET"]}}],"collection":[{"href":"https:\/\/radiociutat.com\/es\/wp-json\/wp\/v2\/posts"}],"about":[{"href":"https:\/\/radiociutat.com\/es\/wp-json\/wp\/v2\/types\/post"}],"author":[{"embeddable":true,"href":"https:\/\/radiociutat.com\/es\/wp-json\/wp\/v2\/users\/108"}],"replies":[{"embeddable":true,"href":"https:\/\/radiociutat.com\/es\/wp-json\/wp\/v2\/comments?post=378015"}],"version-history":[{"count":0,"href":"https:\/\/radiociutat.com\/es\/wp-json\/wp\/v2\/posts\/378015\/revisions"}],"wp:featuredmedia":[{"embeddable":true,"href":"https:\/\/radiociutat.com\/es\/wp-json\/wp\/v2\/media\/378009"}],"wp:attachment":[{"href":"https:\/\/radiociutat.com\/es\/wp-json\/wp\/v2\/media?parent=378015"}],"wp:term":[{"taxonomy":"category","embeddable":true,"href":"https:\/\/radiociutat.com\/es\/wp-json\/wp\/v2\/categories?post=378015"},{"taxonomy":"post_tag","embeddable":true,"href":"https:\/\/radiociutat.com\/es\/wp-json\/wp\/v2\/tags?post=378015"}],"curies":[{"name":"wp","href":"https:\/\/api.w.org\/{rel}","templated":true}]}}