{"id":378013,"date":"2026-04-26T21:44:54","date_gmt":"2026-04-26T19:44:54","guid":{"rendered":"https:\/\/radiociutat.com\/?p=378013"},"modified":"2026-04-26T21:45:50","modified_gmt":"2026-04-26T19:45:50","slug":"tarragona-daily-fin-de-semana-de-previa-a-la-feria-de-abril","status":"publish","type":"post","link":"https:\/\/radiociutat.com\/es\/tarragona-daily-radio-ciutat-de-tarragona\/tarragona-daily-fin-de-semana\/tarragona-daily-fin-de-semana-de-previa-a-la-feria-de-abril\/","title":{"rendered":"Tarragona Daily | El N\u00e0stic en posiciones de descenso"},"content":{"rendered":"\n<h2 class=\"wp-block-heading\" id=\"h-el-nastic-perd-a-cartagena-i-cau-al-descens\"><a href=\"https:\/\/radiociutat.com\/ultimes-noticies-tarragona\/croniques-actualitat\/el-nastic-perd-a-cartagena-i-cau-al-descens\/\"><strong>El N\u00e0stic pierde en Cartagena y cae al descenso<\/strong><\/a><\/h2>\n\n\n\n<p>El N\u00e0stic de Tarragona ha ca\u00eddo derrotado en el campo del Cartagena con un gol en el minuto 90. Un resultado que deja a los grana en posiciones de descenso en un partido donde puntuar era clave.<\/p>\n\n\n\n<p>El N\u00e0stic ha salido con intenci\u00f3n. Marcos Baselga ha avisado pronto tras un centro de Pau Mart\u00ednez. Tambi\u00e9n lo han intentado Moi Delgado y Montalvo, pero sin acierto. Adem\u00e1s, \u00c1lex Jim\u00e9nez ha estado a punto de sorprender con una falta directa.<\/p>\n\n\n\n<p>As\u00ed, el partido ha llegado al descanso con empate y sin ocasiones claras.<\/p>\n\n\n\n<p>Tras el descanso, el guion ha cambiado. El Cartagena ha dominado y el N\u00e0stic se ha limitado a defender. De hecho, los grana no han generado pr\u00e1cticamente nada en ataque.<\/p>\n\n\n\n<p>Cuando parec\u00eda que el empate ser\u00eda definitivo, el Cartagena ha marcado en el minuto 90. La acci\u00f3n se ha revisado por una posible mano, pero el gol ha acabado subiendo al marcador.<\/p>\n\n\n\n<p>Finalmente, el N\u00e0stic se va de vac\u00edo y vuelve al descenso. Una derrota dura, sobre todo por la imagen de la segunda mitad y por la necesidad urgente de sumar puntos.<\/p>\n\n\n\n<h2 class=\"wp-block-heading\" id=\"h-tarragona-estrena-el-renovat-camp-municipal-de-tir-amb-arc\"><a href=\"https:\/\/radiociutat.com\/ultimes-noticies-tarragona\/croniques-actualitat\/tarragona-renovat-camp-tir-arc-sant-salvador\/\"><strong>Tarragona estrena el renovado campo municipal de tiro con arco<\/strong><\/a><\/h2>\n\n\n\n<p>Tarragona ha inaugurado este s\u00e1bado el campo municipal de tiro con arco tras diversas actuaciones de mejora. El estreno ha coincidido con la segunda jornada de la Liga Interclubs y ha servido para poner en marcha el nuevo c\u00e9sped artificial instalado en el equipamiento, situado en el barrio de Sant Salvador.<\/p>\n\n\n\n<p>El acto ha contado con la presencia del alcalde, Rub\u00e9n Vi\u00f1uales, y del concejal de Deportes, Mario Soler. Tambi\u00e9n han participado el presidente del Club TAU, Sergio Ortega, y la campeona del mundo Elia Canales, as\u00ed como otros representantes del tejido deportivo y social de la ciudad.<\/p>\n\n\n\n<p>La jornada ha combinado el estreno de las mejoras con la competici\u00f3n, en un ambiente marcado por la participaci\u00f3n y la puesta en valor de esta disciplina deportiva. La renovaci\u00f3n del campo municipal de tiro con arco no se ha limitado al nuevo c\u00e9sped. En los \u00faltimos a\u00f1os, el espacio ha incorporado diversas mejoras para optimizar su uso y la seguridad.<\/p>\n\n\n\n<h2 class=\"wp-block-heading\" id=\"h-la-punta-de-coixi-omple-el-passeig-jaume-i-amb-250-puntaires-d-arreu-de-catalunya\"><a href=\"https:\/\/radiociutat.com\/ultimes-noticies-tarragona\/croniques-actualitat\/salou-estrena-una-nova-ruta-guiada-gratuita-per-descobrir-el-seu-llegat-modernista-i-noucentista\/\"><strong><a href=\"https:\/\/radiociutat.com\/ultimes-noticies-tarragona\/croniques-actualitat\/la-punta-de-coixi-omple-el-passeig-jaume-i-amb-250-puntaires-darreu-de-catalunya\/\">El encaje de bolillos llena el paseo Jaume I con 250 encajeras de toda Catalu\u00f1a<\/a><\/strong><\/a><\/h2>\n\n\n\n<p>El paseo Jaume I de Salou se ha convertido en el escenario de un gran encuentro de encajeras que ha reunido a unas 250 personas procedentes de diversos puntos del territorio catal\u00e1n. El evento, organizado por el Ayuntamiento de Salou, ha permitido poner en valor esta tradici\u00f3n artesanal tan arraigada en la cultura del pa\u00eds en un entorno inmejorable junto al mar.<\/p>\n\n\n\n<p>Durante la jornada, los asistentes han podido disfrutar de la habilidad y la destreza de las artesanas, que han mostrado en directo la complejidad y el detallismo de la t\u00e9cnica del encaje de bolillos. El paseo se ha llenado de visitantes y vecinos que se han acercado para observar el proceso de creaci\u00f3n de estas piezas \u00fanicas, convirtiendo la v\u00eda principal de la localidad en un escaparate del arte popular durante toda la ma\u00f1ana.<\/p>\n","protected":false},"excerpt":{"rendered":"<p>El N\u00e0stic pierde en Cartagena y cae al descenso El N\u00e0stic de Tarragona ha ca\u00eddo derrotado en el campo del Cartagena con un gol en el minuto 90. Un resultado que deja a los grana en posiciones de descenso en un partido donde puntuar era clave. El N\u00e0stic ha salido con intenci\u00f3n. Marcos Baselga ha [&hellip;]<\/p>\n","protected":false},"author":108,"featured_media":378009,"comment_status":"closed","ping_status":"closed","sticky":false,"template":"","format":"standard","meta":{"footnotes":""},"categories":[13671],"tags":[128,13687,76,260,129,19,218],"class_list":["post-378013","post","type-post","status-publish","format-standard","has-post-thumbnail","hentry","category-tarragona-daily-fin-de-semana","tag-actualitat","tag-daily-2","tag-informatiu","tag-noticies","tag-societat","tag-tarragona","tag-tgn"],"yoast_head":"<!-- This site is optimized with the Yoast SEO Premium plugin v27.4 (Yoast SEO v27.4) - https:\/\/yoast.com\/product\/yoast-seo-premium-wordpress\/ -->\n<title>Tarragona Daily | El N\u00e0stic en posiciones de descenso - R\u00e0dio Ciutat de Tarragona<\/title>\n<meta name=\"robots\" content=\"index, follow, max-snippet:-1, max-image-preview:large, max-video-preview:-1\" \/>\n<link rel=\"canonical\" href=\"https:\/\/radiociutat.com\/es\/tarragona-daily-radio-ciutat-de-tarragona\/tarragona-daily-fin-de-semana\/tarragona-daily-fin-de-semana-de-previa-a-la-feria-de-abril\/\" \/>\n<meta property=\"og:locale\" content=\"es_ES\" \/>\n<meta property=\"og:type\" content=\"article\" \/>\n<meta property=\"og:title\" content=\"Tarragona Daily | El N\u00e0stic en posiciones de descenso\" \/>\n<meta property=\"og:description\" content=\"El N\u00e0stic pierde en Cartagena y cae al descenso El N\u00e0stic de Tarragona ha ca\u00eddo derrotado en el campo del Cartagena con un gol en el minuto 90. Un resultado que deja a los grana en posiciones de descenso en un partido donde puntuar era clave. El N\u00e0stic ha salido con intenci\u00f3n. Marcos Baselga ha [&hellip;]\" \/>\n<meta property=\"og:url\" content=\"https:\/\/radiociutat.com\/es\/tarragona-daily-radio-ciutat-de-tarragona\/tarragona-daily-fin-de-semana\/tarragona-daily-fin-de-semana-de-previa-a-la-feria-de-abril\/\" \/>\n<meta property=\"og:site_name\" content=\"R\u00e0dio Ciutat de Tarragona\" \/>\n<meta property=\"article:publisher\" content=\"https:\/\/www.facebook.com\/rctgn\" \/>\n<meta property=\"article:published_time\" content=\"2026-04-26T19:44:54+00:00\" \/>\n<meta property=\"article:modified_time\" content=\"2026-04-26T19:45:50+00:00\" \/>\n<meta property=\"og:image\" content=\"https:\/\/files.radiociutat.com\/rctgn\/wp-content\/uploads\/2026\/04\/26.04.24_Fira-atraccions-Fira-Abril-DAVID-OLIETE-04-1024x682.jpg\" \/>\n\t<meta property=\"og:image:width\" content=\"1024\" \/>\n\t<meta property=\"og:image:height\" content=\"682\" \/>\n\t<meta property=\"og:image:type\" content=\"image\/jpeg\" \/>\n<meta name=\"author\" content=\"Adri\u00e0 Jurado i Mateo\" \/>\n<meta name=\"twitter:card\" content=\"summary_large_image\" \/>\n<meta name=\"twitter:creator\" content=\"@RCTgn\" \/>\n<meta name=\"twitter:site\" content=\"@RCTgn\" \/>\n<meta name=\"twitter:label1\" content=\"Escrito por\" \/>\n\t<meta name=\"twitter:data1\" content=\"Adri\u00e0 Jurado i Mateo\" \/>\n\t<meta name=\"twitter:label2\" content=\"Tiempo de lectura\" \/>\n\t<meta name=\"twitter:data2\" content=\"3 minutos\" \/>\n<script type=\"application\/ld+json\" class=\"yoast-schema-graph\">{\"@context\":\"https:\\\/\\\/schema.org\",\"@graph\":[{\"@type\":\"Article\",\"@id\":\"https:\\\/\\\/radiociutat.com\\\/es\\\/tarragona-daily-radio-ciutat-de-tarragona\\\/tarragona-daily-fin-de-semana\\\/tarragona-daily-fin-de-semana-de-previa-a-la-feria-de-abril\\\/#article\",\"isPartOf\":{\"@id\":\"https:\\\/\\\/radiociutat.com\\\/es\\\/tarragona-daily-radio-ciutat-de-tarragona\\\/tarragona-daily-fin-de-semana\\\/tarragona-daily-fin-de-semana-de-previa-a-la-feria-de-abril\\\/\"},\"author\":{\"name\":\"Adri\u00e0 Jurado i Mateo\",\"@id\":\"https:\\\/\\\/radiociutat.com\\\/es\\\/#\\\/schema\\\/person\\\/25e4d7920bb5cd13577531d9b2fe1d32\"},\"headline\":\"Tarragona Daily | El N\u00e0stic en posiciones de descenso\",\"datePublished\":\"2026-04-26T19:44:54+00:00\",\"dateModified\":\"2026-04-26T19:45:50+00:00\",\"mainEntityOfPage\":{\"@id\":\"https:\\\/\\\/radiociutat.com\\\/es\\\/tarragona-daily-radio-ciutat-de-tarragona\\\/tarragona-daily-fin-de-semana\\\/tarragona-daily-fin-de-semana-de-previa-a-la-feria-de-abril\\\/\"},\"wordCount\":552,\"image\":{\"@id\":\"https:\\\/\\\/radiociutat.com\\\/es\\\/tarragona-daily-radio-ciutat-de-tarragona\\\/tarragona-daily-fin-de-semana\\\/tarragona-daily-fin-de-semana-de-previa-a-la-feria-de-abril\\\/#primaryimage\"},\"thumbnailUrl\":\"https:\\\/\\\/files.radiociutat.com\\\/rctgn\\\/wp-content\\\/uploads\\\/2026\\\/04\\\/nastic-cartagena.jpg\",\"keywords\":[\"Actualitat\",\"Daily\",\"Informatiu\",\"not\u00edcies\",\"Societat\",\"Tarragona\",\"TGN\"],\"articleSection\":[\"Tarragona Daily Fin de Semana\"],\"inLanguage\":\"es\"},{\"@type\":\"WebPage\",\"@id\":\"https:\\\/\\\/radiociutat.com\\\/es\\\/tarragona-daily-radio-ciutat-de-tarragona\\\/tarragona-daily-fin-de-semana\\\/tarragona-daily-fin-de-semana-de-previa-a-la-feria-de-abril\\\/\",\"url\":\"https:\\\/\\\/radiociutat.com\\\/es\\\/tarragona-daily-radio-ciutat-de-tarragona\\\/tarragona-daily-fin-de-semana\\\/tarragona-daily-fin-de-semana-de-previa-a-la-feria-de-abril\\\/\",\"name\":\"Tarragona Daily | El N\u00e0stic en posiciones de descenso - R\u00e0dio Ciutat de Tarragona\",\"isPartOf\":{\"@id\":\"https:\\\/\\\/radiociutat.com\\\/es\\\/#website\"},\"primaryImageOfPage\":{\"@id\":\"https:\\\/\\\/radiociutat.com\\\/es\\\/tarragona-daily-radio-ciutat-de-tarragona\\\/tarragona-daily-fin-de-semana\\\/tarragona-daily-fin-de-semana-de-previa-a-la-feria-de-abril\\\/#primaryimage\"},\"image\":{\"@id\":\"https:\\\/\\\/radiociutat.com\\\/es\\\/tarragona-daily-radio-ciutat-de-tarragona\\\/tarragona-daily-fin-de-semana\\\/tarragona-daily-fin-de-semana-de-previa-a-la-feria-de-abril\\\/#primaryimage\"},\"thumbnailUrl\":\"https:\\\/\\\/files.radiociutat.com\\\/rctgn\\\/wp-content\\\/uploads\\\/2026\\\/04\\\/nastic-cartagena.jpg\",\"datePublished\":\"2026-04-26T19:44:54+00:00\",\"dateModified\":\"2026-04-26T19:45:50+00:00\",\"author\":{\"@id\":\"https:\\\/\\\/radiociutat.com\\\/es\\\/#\\\/schema\\\/person\\\/25e4d7920bb5cd13577531d9b2fe1d32\"},\"breadcrumb\":{\"@id\":\"https:\\\/\\\/radiociutat.com\\\/es\\\/tarragona-daily-radio-ciutat-de-tarragona\\\/tarragona-daily-fin-de-semana\\\/tarragona-daily-fin-de-semana-de-previa-a-la-feria-de-abril\\\/#breadcrumb\"},\"inLanguage\":\"es\",\"potentialAction\":[{\"@type\":\"ReadAction\",\"target\":[\"https:\\\/\\\/radiociutat.com\\\/es\\\/tarragona-daily-radio-ciutat-de-tarragona\\\/tarragona-daily-fin-de-semana\\\/tarragona-daily-fin-de-semana-de-previa-a-la-feria-de-abril\\\/\"]}]},{\"@type\":\"ImageObject\",\"inLanguage\":\"es\",\"@id\":\"https:\\\/\\\/radiociutat.com\\\/es\\\/tarragona-daily-radio-ciutat-de-tarragona\\\/tarragona-daily-fin-de-semana\\\/tarragona-daily-fin-de-semana-de-previa-a-la-feria-de-abril\\\/#primaryimage\",\"url\":\"https:\\\/\\\/files.radiociutat.com\\\/rctgn\\\/wp-content\\\/uploads\\\/2026\\\/04\\\/nastic-cartagena.jpg\",\"contentUrl\":\"https:\\\/\\\/files.radiociutat.com\\\/rctgn\\\/wp-content\\\/uploads\\\/2026\\\/04\\\/nastic-cartagena.jpg\",\"width\":1600,\"height\":1065,\"caption\":\"Font: N\u00e0stic\"},{\"@type\":\"BreadcrumbList\",\"@id\":\"https:\\\/\\\/radiociutat.com\\\/es\\\/tarragona-daily-radio-ciutat-de-tarragona\\\/tarragona-daily-fin-de-semana\\\/tarragona-daily-fin-de-semana-de-previa-a-la-feria-de-abril\\\/#breadcrumb\",\"itemListElement\":[{\"@type\":\"ListItem\",\"position\":1,\"name\":\"Inici\",\"item\":\"https:\\\/\\\/radiociutat.com\\\/es\\\/\"},{\"@type\":\"ListItem\",\"position\":2,\"name\":\"Tarragona Daily | El N\u00e0stic en posiciones de descenso\"}]},{\"@type\":\"WebSite\",\"@id\":\"https:\\\/\\\/radiociutat.com\\\/es\\\/#website\",\"url\":\"https:\\\/\\\/radiociutat.com\\\/es\\\/\",\"name\":\"R\u00e0dio Ciutat de Tarragona\",\"description\":\"R\u00e0dio Ciutat de Tarragona - RCTgn.cat R\u00e0dio Online\",\"potentialAction\":[{\"@type\":\"SearchAction\",\"target\":{\"@type\":\"EntryPoint\",\"urlTemplate\":\"https:\\\/\\\/radiociutat.com\\\/es\\\/?s={search_term_string}\"},\"query-input\":{\"@type\":\"PropertyValueSpecification\",\"valueRequired\":true,\"valueName\":\"search_term_string\"}}],\"inLanguage\":\"es\"},{\"@type\":\"Person\",\"@id\":\"https:\\\/\\\/radiociutat.com\\\/es\\\/#\\\/schema\\\/person\\\/25e4d7920bb5cd13577531d9b2fe1d32\",\"name\":\"Adri\u00e0 Jurado i Mateo\",\"url\":\"https:\\\/\\\/radiociutat.com\\\/es\\\/author\\\/ajurado\\\/\"}]}<\/script>\n<!-- \/ Yoast SEO Premium plugin. -->","yoast_head_json":{"title":"Tarragona Daily | El N\u00e0stic en posiciones de descenso - R\u00e0dio Ciutat de Tarragona","robots":{"index":"index","follow":"follow","max-snippet":"max-snippet:-1","max-image-preview":"max-image-preview:large","max-video-preview":"max-video-preview:-1"},"canonical":"https:\/\/radiociutat.com\/es\/tarragona-daily-radio-ciutat-de-tarragona\/tarragona-daily-fin-de-semana\/tarragona-daily-fin-de-semana-de-previa-a-la-feria-de-abril\/","og_locale":"es_ES","og_type":"article","og_title":"Tarragona Daily | El N\u00e0stic en posiciones de descenso","og_description":"El N\u00e0stic pierde en Cartagena y cae al descenso El N\u00e0stic de Tarragona ha ca\u00eddo derrotado en el campo del Cartagena con un gol en el minuto 90. Un resultado que deja a los grana en posiciones de descenso en un partido donde puntuar era clave. El N\u00e0stic ha salido con intenci\u00f3n. Marcos Baselga ha [&hellip;]","og_url":"https:\/\/radiociutat.com\/es\/tarragona-daily-radio-ciutat-de-tarragona\/tarragona-daily-fin-de-semana\/tarragona-daily-fin-de-semana-de-previa-a-la-feria-de-abril\/","og_site_name":"R\u00e0dio Ciutat de Tarragona","article_publisher":"https:\/\/www.facebook.com\/rctgn","article_published_time":"2026-04-26T19:44:54+00:00","article_modified_time":"2026-04-26T19:45:50+00:00","og_image":[{"width":1024,"height":682,"url":"https:\/\/files.radiociutat.com\/rctgn\/wp-content\/uploads\/2026\/04\/26.04.24_Fira-atraccions-Fira-Abril-DAVID-OLIETE-04-1024x682.jpg","type":"image\/jpeg"}],"author":"Adri\u00e0 Jurado i Mateo","twitter_card":"summary_large_image","twitter_creator":"@RCTgn","twitter_site":"@RCTgn","twitter_misc":{"Escrito por":"Adri\u00e0 Jurado i Mateo","Tiempo de lectura":"3 minutos"},"schema":{"@context":"https:\/\/schema.org","@graph":[{"@type":"Article","@id":"https:\/\/radiociutat.com\/es\/tarragona-daily-radio-ciutat-de-tarragona\/tarragona-daily-fin-de-semana\/tarragona-daily-fin-de-semana-de-previa-a-la-feria-de-abril\/#article","isPartOf":{"@id":"https:\/\/radiociutat.com\/es\/tarragona-daily-radio-ciutat-de-tarragona\/tarragona-daily-fin-de-semana\/tarragona-daily-fin-de-semana-de-previa-a-la-feria-de-abril\/"},"author":{"name":"Adri\u00e0 Jurado i Mateo","@id":"https:\/\/radiociutat.com\/es\/#\/schema\/person\/25e4d7920bb5cd13577531d9b2fe1d32"},"headline":"Tarragona Daily | El N\u00e0stic en posiciones de descenso","datePublished":"2026-04-26T19:44:54+00:00","dateModified":"2026-04-26T19:45:50+00:00","mainEntityOfPage":{"@id":"https:\/\/radiociutat.com\/es\/tarragona-daily-radio-ciutat-de-tarragona\/tarragona-daily-fin-de-semana\/tarragona-daily-fin-de-semana-de-previa-a-la-feria-de-abril\/"},"wordCount":552,"image":{"@id":"https:\/\/radiociutat.com\/es\/tarragona-daily-radio-ciutat-de-tarragona\/tarragona-daily-fin-de-semana\/tarragona-daily-fin-de-semana-de-previa-a-la-feria-de-abril\/#primaryimage"},"thumbnailUrl":"https:\/\/files.radiociutat.com\/rctgn\/wp-content\/uploads\/2026\/04\/nastic-cartagena.jpg","keywords":["Actualitat","Daily","Informatiu","not\u00edcies","Societat","Tarragona","TGN"],"articleSection":["Tarragona Daily Fin de Semana"],"inLanguage":"es"},{"@type":"WebPage","@id":"https:\/\/radiociutat.com\/es\/tarragona-daily-radio-ciutat-de-tarragona\/tarragona-daily-fin-de-semana\/tarragona-daily-fin-de-semana-de-previa-a-la-feria-de-abril\/","url":"https:\/\/radiociutat.com\/es\/tarragona-daily-radio-ciutat-de-tarragona\/tarragona-daily-fin-de-semana\/tarragona-daily-fin-de-semana-de-previa-a-la-feria-de-abril\/","name":"Tarragona Daily | El N\u00e0stic en posiciones de descenso - R\u00e0dio Ciutat de Tarragona","isPartOf":{"@id":"https:\/\/radiociutat.com\/es\/#website"},"primaryImageOfPage":{"@id":"https:\/\/radiociutat.com\/es\/tarragona-daily-radio-ciutat-de-tarragona\/tarragona-daily-fin-de-semana\/tarragona-daily-fin-de-semana-de-previa-a-la-feria-de-abril\/#primaryimage"},"image":{"@id":"https:\/\/radiociutat.com\/es\/tarragona-daily-radio-ciutat-de-tarragona\/tarragona-daily-fin-de-semana\/tarragona-daily-fin-de-semana-de-previa-a-la-feria-de-abril\/#primaryimage"},"thumbnailUrl":"https:\/\/files.radiociutat.com\/rctgn\/wp-content\/uploads\/2026\/04\/nastic-cartagena.jpg","datePublished":"2026-04-26T19:44:54+00:00","dateModified":"2026-04-26T19:45:50+00:00","author":{"@id":"https:\/\/radiociutat.com\/es\/#\/schema\/person\/25e4d7920bb5cd13577531d9b2fe1d32"},"breadcrumb":{"@id":"https:\/\/radiociutat.com\/es\/tarragona-daily-radio-ciutat-de-tarragona\/tarragona-daily-fin-de-semana\/tarragona-daily-fin-de-semana-de-previa-a-la-feria-de-abril\/#breadcrumb"},"inLanguage":"es","potentialAction":[{"@type":"ReadAction","target":["https:\/\/radiociutat.com\/es\/tarragona-daily-radio-ciutat-de-tarragona\/tarragona-daily-fin-de-semana\/tarragona-daily-fin-de-semana-de-previa-a-la-feria-de-abril\/"]}]},{"@type":"ImageObject","inLanguage":"es","@id":"https:\/\/radiociutat.com\/es\/tarragona-daily-radio-ciutat-de-tarragona\/tarragona-daily-fin-de-semana\/tarragona-daily-fin-de-semana-de-previa-a-la-feria-de-abril\/#primaryimage","url":"https:\/\/files.radiociutat.com\/rctgn\/wp-content\/uploads\/2026\/04\/nastic-cartagena.jpg","contentUrl":"https:\/\/files.radiociutat.com\/rctgn\/wp-content\/uploads\/2026\/04\/nastic-cartagena.jpg","width":1600,"height":1065,"caption":"Font: N\u00e0stic"},{"@type":"BreadcrumbList","@id":"https:\/\/radiociutat.com\/es\/tarragona-daily-radio-ciutat-de-tarragona\/tarragona-daily-fin-de-semana\/tarragona-daily-fin-de-semana-de-previa-a-la-feria-de-abril\/#breadcrumb","itemListElement":[{"@type":"ListItem","position":1,"name":"Inici","item":"https:\/\/radiociutat.com\/es\/"},{"@type":"ListItem","position":2,"name":"Tarragona Daily | El N\u00e0stic en posiciones de descenso"}]},{"@type":"WebSite","@id":"https:\/\/radiociutat.com\/es\/#website","url":"https:\/\/radiociutat.com\/es\/","name":"R\u00e0dio Ciutat de Tarragona","description":"R\u00e0dio Ciutat de Tarragona - RCTgn.cat R\u00e0dio Online","potentialAction":[{"@type":"SearchAction","target":{"@type":"EntryPoint","urlTemplate":"https:\/\/radiociutat.com\/es\/?s={search_term_string}"},"query-input":{"@type":"PropertyValueSpecification","valueRequired":true,"valueName":"search_term_string"}}],"inLanguage":"es"},{"@type":"Person","@id":"https:\/\/radiociutat.com\/es\/#\/schema\/person\/25e4d7920bb5cd13577531d9b2fe1d32","name":"Adri\u00e0 Jurado i Mateo","url":"https:\/\/radiociutat.com\/es\/author\/ajurado\/"}]}},"_links":{"self":[{"href":"https:\/\/radiociutat.com\/es\/wp-json\/wp\/v2\/posts\/378013","targetHints":{"allow":["GET"]}}],"collection":[{"href":"https:\/\/radiociutat.com\/es\/wp-json\/wp\/v2\/posts"}],"about":[{"href":"https:\/\/radiociutat.com\/es\/wp-json\/wp\/v2\/types\/post"}],"author":[{"embeddable":true,"href":"https:\/\/radiociutat.com\/es\/wp-json\/wp\/v2\/users\/108"}],"replies":[{"embeddable":true,"href":"https:\/\/radiociutat.com\/es\/wp-json\/wp\/v2\/comments?post=378013"}],"version-history":[{"count":2,"href":"https:\/\/radiociutat.com\/es\/wp-json\/wp\/v2\/posts\/378013\/revisions"}],"predecessor-version":[{"id":378040,"href":"https:\/\/radiociutat.com\/es\/wp-json\/wp\/v2\/posts\/378013\/revisions\/378040"}],"wp:featuredmedia":[{"embeddable":true,"href":"https:\/\/radiociutat.com\/es\/wp-json\/wp\/v2\/media\/378009"}],"wp:attachment":[{"href":"https:\/\/radiociutat.com\/es\/wp-json\/wp\/v2\/media?parent=378013"}],"wp:term":[{"taxonomy":"category","embeddable":true,"href":"https:\/\/radiociutat.com\/es\/wp-json\/wp\/v2\/categories?post=378013"},{"taxonomy":"post_tag","embeddable":true,"href":"https:\/\/radiociutat.com\/es\/wp-json\/wp\/v2\/tags?post=378013"}],"curies":[{"name":"wp","href":"https:\/\/api.w.org\/{rel}","templated":true}]}}