{"id":377979,"date":"2026-04-25T19:40:44","date_gmt":"2026-04-25T17:40:44","guid":{"rendered":"https:\/\/radiociutat.com\/programes-podcast\/salou-estrena-una-nueva-ruta-guiada-gratuita-para-descubrir-su-legado-modernista-y-novecentista\/"},"modified":"2026-04-25T19:40:44","modified_gmt":"2026-04-25T17:40:44","slug":"salou-estrena-una-nueva-ruta-guiada-gratuita-para-descubrir-su-legado-modernista-y-novecentista","status":"publish","type":"post","link":"https:\/\/radiociutat.com\/es\/ultimas-noticias\/cronicas\/salou-estrena-una-nueva-ruta-guiada-gratuita-para-descubrir-su-legado-modernista-y-novecentista\/","title":{"rendered":"Salou estrena una nueva ruta guiada gratuita para descubrir su legado modernista y novecentista"},"content":{"rendered":"<p>El Ayuntamiento de Salou ha puesto en marcha una nueva iniciativa cultural destinada a dar a conocer el rico patrimonio arquitect\u00f3nico del municipio. Se trata de una ruta guiada y totalmente gratuita que invita a ciudadanos y visitantes a explorar los elementos m\u00e1s destacados del modernismo y el novecentismo que se conservan en la localidad.<br \/>\nAquesta propuesta tiene como objetivo principal poner en valor la historia y la est\u00e9tica de estas dos corrientes art\u00edsticas, que tuvieron una gran influencia en la configuraci\u00f3n urbana de Salou. Durante el recorrido, los participantes podr\u00e1n descubrir los detalles y la cronolog\u00eda de diversos edificios y espacios emblem\u00e1ticos, acompa\u00f1ados de explicaciones que ayudan a contextualizar el desarrollo de la villa.<br \/>\nCon esta nueva actividad, el consistorio busca diversificar el atractivo tur\u00edstico de Salou, apostando por un turismo cultural de calidad que complemente su oferta habitual de sol y playa. Las personas interesadas en disfrutar de esta experiencia pueden encontrar toda la informaci\u00f3n detallada y los m\u00e9todos de inscripci\u00f3n a trav\u00e9s de la web oficial del Ayuntamiento de Salou.<\/p>\n","protected":false},"excerpt":{"rendered":"<p>El Ayuntamiento de Salou ha puesto en marcha una nueva iniciativa cultural destinada a dar a conocer el rico patrimonio arquitect\u00f3nico del municipio. Se trata de una ruta guiada y totalmente gratuita que invita a ciudadanos y visitantes a explorar los elementos m\u00e1s destacados del modernismo y el novecentismo que se conservan en la localidad. [&hellip;]<\/p>\n","protected":false},"author":106,"featured_media":377974,"comment_status":"closed","ping_status":"closed","sticky":false,"template":"","format":"standard","meta":{"footnotes":""},"categories":[13688,14039,14061,14026,14040,14041,14928,13716],"tags":[13749],"class_list":["post-377979","post","type-post","status-publish","format-standard","has-post-thumbnail","hentry","category-cronicas","category-cultura","category-estilo-de-vida-moda-gastronomia-ocio-viajes","category-nota-automatica","category-salou","category-tarragones","category-turismo","category-ultimas-noticias","tag-salou-2"],"yoast_head":"<!-- This site is optimized with the Yoast SEO Premium plugin v27.4 (Yoast SEO v27.4) - https:\/\/yoast.com\/product\/yoast-seo-premium-wordpress\/ -->\n<title>Salou estrena una nueva ruta guiada gratuita para descubrir su legado modernista y novecentista - R\u00e0dio Ciutat de Tarragona<\/title>\n<meta name=\"robots\" content=\"index, follow, max-snippet:-1, max-image-preview:large, max-video-preview:-1\" \/>\n<link rel=\"canonical\" href=\"https:\/\/radiociutat.com\/es\/ultimas-noticias\/cronicas\/salou-estrena-una-nueva-ruta-guiada-gratuita-para-descubrir-su-legado-modernista-y-novecentista\/\" \/>\n<meta property=\"og:locale\" content=\"es_ES\" \/>\n<meta property=\"og:type\" content=\"article\" \/>\n<meta property=\"og:title\" content=\"Salou estrena una nueva ruta guiada gratuita para descubrir su legado modernista y novecentista\" \/>\n<meta property=\"og:description\" content=\"El Ayuntamiento de Salou ha puesto en marcha una nueva iniciativa cultural destinada a dar a conocer el rico patrimonio arquitect\u00f3nico del municipio. Se trata de una ruta guiada y totalmente gratuita que invita a ciudadanos y visitantes a explorar los elementos m\u00e1s destacados del modernismo y el novecentismo que se conservan en la localidad. [&hellip;]\" \/>\n<meta property=\"og:url\" content=\"https:\/\/radiociutat.com\/es\/ultimas-noticias\/cronicas\/salou-estrena-una-nueva-ruta-guiada-gratuita-para-descubrir-su-legado-modernista-y-novecentista\/\" \/>\n<meta property=\"og:site_name\" content=\"R\u00e0dio Ciutat de Tarragona\" \/>\n<meta property=\"article:publisher\" content=\"https:\/\/www.facebook.com\/rctgn\" \/>\n<meta property=\"article:published_time\" content=\"2026-04-25T17:40:44+00:00\" \/>\n<meta property=\"og:image\" content=\"https:\/\/files.radiociutat.com\/rctgn\/wp-content\/uploads\/2021\/03\/LOGO-RCTGN-RADIO-CIUTAT-DE-TARRAGONA-TRANSPARENTE-TARRAGONA-2020-3000X3000-Redes1-copia.png\" \/>\n\t<meta property=\"og:image:width\" content=\"3000\" \/>\n\t<meta property=\"og:image:height\" content=\"3000\" \/>\n\t<meta property=\"og:image:type\" content=\"image\/png\" \/>\n<meta name=\"author\" content=\"AutoNota\" \/>\n<meta name=\"twitter:card\" content=\"summary_large_image\" \/>\n<meta name=\"twitter:creator\" content=\"@RCTgn\" \/>\n<meta name=\"twitter:site\" content=\"@RCTgn\" \/>\n<meta name=\"twitter:label1\" content=\"Escrito por\" \/>\n\t<meta name=\"twitter:data1\" content=\"AutoNota\" \/>\n\t<meta name=\"twitter:label2\" content=\"Tiempo de lectura\" \/>\n\t<meta name=\"twitter:data2\" content=\"1 minuto\" \/>\n<script type=\"application\/ld+json\" class=\"yoast-schema-graph\">{\"@context\":\"https:\\\/\\\/schema.org\",\"@graph\":[{\"@type\":\"Article\",\"@id\":\"https:\\\/\\\/radiociutat.com\\\/es\\\/ultimas-noticias\\\/cronicas\\\/salou-estrena-una-nueva-ruta-guiada-gratuita-para-descubrir-su-legado-modernista-y-novecentista\\\/#article\",\"isPartOf\":{\"@id\":\"https:\\\/\\\/radiociutat.com\\\/es\\\/ultimas-noticias\\\/cronicas\\\/salou-estrena-una-nueva-ruta-guiada-gratuita-para-descubrir-su-legado-modernista-y-novecentista\\\/\"},\"author\":{\"name\":\"AutoNota\",\"@id\":\"https:\\\/\\\/radiociutat.com\\\/es\\\/#\\\/schema\\\/person\\\/fd401dfbfd2adfe3f166b553b083e78d\"},\"headline\":\"Salou estrena una nueva ruta guiada gratuita para descubrir su legado modernista y novecentista\",\"datePublished\":\"2026-04-25T17:40:44+00:00\",\"mainEntityOfPage\":{\"@id\":\"https:\\\/\\\/radiociutat.com\\\/es\\\/ultimas-noticias\\\/cronicas\\\/salou-estrena-una-nueva-ruta-guiada-gratuita-para-descubrir-su-legado-modernista-y-novecentista\\\/\"},\"wordCount\":201,\"image\":{\"@id\":\"https:\\\/\\\/radiociutat.com\\\/es\\\/ultimas-noticias\\\/cronicas\\\/salou-estrena-una-nueva-ruta-guiada-gratuita-para-descubrir-su-legado-modernista-y-novecentista\\\/#primaryimage\"},\"thumbnailUrl\":\"https:\\\/\\\/files.radiociutat.com\\\/rctgn\\\/wp-content\\\/uploads\\\/2026\\\/04\\\/modernisme-salou-scaled.jpg\",\"keywords\":[\"Salou\"],\"articleSection\":[\"Cr\u00f3nicas\",\"Cultura\",\"Estilo de vida (moda, gastronom\u00eda, ocio, viajes)\",\"Nota autom\u00e1tica\",\"Salou\",\"Tarragon\u00e9s\",\"Turismo\",\"\u00daltimas noticias\"],\"inLanguage\":\"es\"},{\"@type\":\"WebPage\",\"@id\":\"https:\\\/\\\/radiociutat.com\\\/es\\\/ultimas-noticias\\\/cronicas\\\/salou-estrena-una-nueva-ruta-guiada-gratuita-para-descubrir-su-legado-modernista-y-novecentista\\\/\",\"url\":\"https:\\\/\\\/radiociutat.com\\\/es\\\/ultimas-noticias\\\/cronicas\\\/salou-estrena-una-nueva-ruta-guiada-gratuita-para-descubrir-su-legado-modernista-y-novecentista\\\/\",\"name\":\"Salou estrena una nueva ruta guiada gratuita para descubrir su legado modernista y novecentista - R\u00e0dio Ciutat de Tarragona\",\"isPartOf\":{\"@id\":\"https:\\\/\\\/radiociutat.com\\\/es\\\/#website\"},\"primaryImageOfPage\":{\"@id\":\"https:\\\/\\\/radiociutat.com\\\/es\\\/ultimas-noticias\\\/cronicas\\\/salou-estrena-una-nueva-ruta-guiada-gratuita-para-descubrir-su-legado-modernista-y-novecentista\\\/#primaryimage\"},\"image\":{\"@id\":\"https:\\\/\\\/radiociutat.com\\\/es\\\/ultimas-noticias\\\/cronicas\\\/salou-estrena-una-nueva-ruta-guiada-gratuita-para-descubrir-su-legado-modernista-y-novecentista\\\/#primaryimage\"},\"thumbnailUrl\":\"https:\\\/\\\/files.radiociutat.com\\\/rctgn\\\/wp-content\\\/uploads\\\/2026\\\/04\\\/modernisme-salou-scaled.jpg\",\"datePublished\":\"2026-04-25T17:40:44+00:00\",\"author\":{\"@id\":\"https:\\\/\\\/radiociutat.com\\\/es\\\/#\\\/schema\\\/person\\\/fd401dfbfd2adfe3f166b553b083e78d\"},\"breadcrumb\":{\"@id\":\"https:\\\/\\\/radiociutat.com\\\/es\\\/ultimas-noticias\\\/cronicas\\\/salou-estrena-una-nueva-ruta-guiada-gratuita-para-descubrir-su-legado-modernista-y-novecentista\\\/#breadcrumb\"},\"inLanguage\":\"es\",\"potentialAction\":[{\"@type\":\"ReadAction\",\"target\":[\"https:\\\/\\\/radiociutat.com\\\/es\\\/ultimas-noticias\\\/cronicas\\\/salou-estrena-una-nueva-ruta-guiada-gratuita-para-descubrir-su-legado-modernista-y-novecentista\\\/\"]}]},{\"@type\":\"ImageObject\",\"inLanguage\":\"es\",\"@id\":\"https:\\\/\\\/radiociutat.com\\\/es\\\/ultimas-noticias\\\/cronicas\\\/salou-estrena-una-nueva-ruta-guiada-gratuita-para-descubrir-su-legado-modernista-y-novecentista\\\/#primaryimage\",\"url\":\"https:\\\/\\\/files.radiociutat.com\\\/rctgn\\\/wp-content\\\/uploads\\\/2026\\\/04\\\/modernisme-salou-scaled.jpg\",\"contentUrl\":\"https:\\\/\\\/files.radiociutat.com\\\/rctgn\\\/wp-content\\\/uploads\\\/2026\\\/04\\\/modernisme-salou-scaled.jpg\",\"width\":2560,\"height\":1920,\"caption\":\"Modernisme Salou Ruta\"},{\"@type\":\"BreadcrumbList\",\"@id\":\"https:\\\/\\\/radiociutat.com\\\/es\\\/ultimas-noticias\\\/cronicas\\\/salou-estrena-una-nueva-ruta-guiada-gratuita-para-descubrir-su-legado-modernista-y-novecentista\\\/#breadcrumb\",\"itemListElement\":[{\"@type\":\"ListItem\",\"position\":1,\"name\":\"Inici\",\"item\":\"https:\\\/\\\/radiociutat.com\\\/es\\\/\"},{\"@type\":\"ListItem\",\"position\":2,\"name\":\"Salou estrena una nueva ruta guiada gratuita para descubrir su legado modernista y novecentista\"}]},{\"@type\":\"WebSite\",\"@id\":\"https:\\\/\\\/radiociutat.com\\\/es\\\/#website\",\"url\":\"https:\\\/\\\/radiociutat.com\\\/es\\\/\",\"name\":\"R\u00e0dio Ciutat de Tarragona\",\"description\":\"R\u00e0dio Ciutat de Tarragona - RCTgn.cat R\u00e0dio Online\",\"potentialAction\":[{\"@type\":\"SearchAction\",\"target\":{\"@type\":\"EntryPoint\",\"urlTemplate\":\"https:\\\/\\\/radiociutat.com\\\/es\\\/?s={search_term_string}\"},\"query-input\":{\"@type\":\"PropertyValueSpecification\",\"valueRequired\":true,\"valueName\":\"search_term_string\"}}],\"inLanguage\":\"es\"},{\"@type\":\"Person\",\"@id\":\"https:\\\/\\\/radiociutat.com\\\/es\\\/#\\\/schema\\\/person\\\/fd401dfbfd2adfe3f166b553b083e78d\",\"name\":\"AutoNota\",\"description\":\"AutoNota, el suport intel\u00b7ligent per a la redacci\u00f3 AutoNota \u00e9s un servei propi de R\u00e0dio Ciutat que utilitza la intel\u00b7lig\u00e8ncia artificial per donar suport al treball period\u00edstic. La seva funci\u00f3 principal \u00e9s etiquetar, categoritzar i contextualitzar les informacions que arriben a la redacci\u00f3, sobretot procedents d\u2019empreses i institucions. Tot i que la IA ajuda a ordenar i donar forma als continguts, \u00e9s sempre l\u2019equip de redacci\u00f3 qui els revisa, edita i publica. D\u2019aquesta manera, garantim que totes les publicacions d\u2019AutoNota comptin amb la curaci\u00f3 i l\u2019aval professional d\u2019una persona periodista de R\u00e0dio Ciutat.\",\"url\":\"https:\\\/\\\/radiociutat.com\\\/es\\\/author\\\/autonota\\\/\"}]}<\/script>\n<!-- \/ Yoast SEO Premium plugin. -->","yoast_head_json":{"title":"Salou estrena una nueva ruta guiada gratuita para descubrir su legado modernista y novecentista - R\u00e0dio Ciutat de Tarragona","robots":{"index":"index","follow":"follow","max-snippet":"max-snippet:-1","max-image-preview":"max-image-preview:large","max-video-preview":"max-video-preview:-1"},"canonical":"https:\/\/radiociutat.com\/es\/ultimas-noticias\/cronicas\/salou-estrena-una-nueva-ruta-guiada-gratuita-para-descubrir-su-legado-modernista-y-novecentista\/","og_locale":"es_ES","og_type":"article","og_title":"Salou estrena una nueva ruta guiada gratuita para descubrir su legado modernista y novecentista","og_description":"El Ayuntamiento de Salou ha puesto en marcha una nueva iniciativa cultural destinada a dar a conocer el rico patrimonio arquitect\u00f3nico del municipio. Se trata de una ruta guiada y totalmente gratuita que invita a ciudadanos y visitantes a explorar los elementos m\u00e1s destacados del modernismo y el novecentismo que se conservan en la localidad. [&hellip;]","og_url":"https:\/\/radiociutat.com\/es\/ultimas-noticias\/cronicas\/salou-estrena-una-nueva-ruta-guiada-gratuita-para-descubrir-su-legado-modernista-y-novecentista\/","og_site_name":"R\u00e0dio Ciutat de Tarragona","article_publisher":"https:\/\/www.facebook.com\/rctgn","article_published_time":"2026-04-25T17:40:44+00:00","og_image":[{"width":3000,"height":3000,"url":"https:\/\/files.radiociutat.com\/rctgn\/wp-content\/uploads\/2021\/03\/LOGO-RCTGN-RADIO-CIUTAT-DE-TARRAGONA-TRANSPARENTE-TARRAGONA-2020-3000X3000-Redes1-copia.png","type":"image\/png"}],"author":"AutoNota","twitter_card":"summary_large_image","twitter_creator":"@RCTgn","twitter_site":"@RCTgn","twitter_misc":{"Escrito por":"AutoNota","Tiempo de lectura":"1 minuto"},"schema":{"@context":"https:\/\/schema.org","@graph":[{"@type":"Article","@id":"https:\/\/radiociutat.com\/es\/ultimas-noticias\/cronicas\/salou-estrena-una-nueva-ruta-guiada-gratuita-para-descubrir-su-legado-modernista-y-novecentista\/#article","isPartOf":{"@id":"https:\/\/radiociutat.com\/es\/ultimas-noticias\/cronicas\/salou-estrena-una-nueva-ruta-guiada-gratuita-para-descubrir-su-legado-modernista-y-novecentista\/"},"author":{"name":"AutoNota","@id":"https:\/\/radiociutat.com\/es\/#\/schema\/person\/fd401dfbfd2adfe3f166b553b083e78d"},"headline":"Salou estrena una nueva ruta guiada gratuita para descubrir su legado modernista y novecentista","datePublished":"2026-04-25T17:40:44+00:00","mainEntityOfPage":{"@id":"https:\/\/radiociutat.com\/es\/ultimas-noticias\/cronicas\/salou-estrena-una-nueva-ruta-guiada-gratuita-para-descubrir-su-legado-modernista-y-novecentista\/"},"wordCount":201,"image":{"@id":"https:\/\/radiociutat.com\/es\/ultimas-noticias\/cronicas\/salou-estrena-una-nueva-ruta-guiada-gratuita-para-descubrir-su-legado-modernista-y-novecentista\/#primaryimage"},"thumbnailUrl":"https:\/\/files.radiociutat.com\/rctgn\/wp-content\/uploads\/2026\/04\/modernisme-salou-scaled.jpg","keywords":["Salou"],"articleSection":["Cr\u00f3nicas","Cultura","Estilo de vida (moda, gastronom\u00eda, ocio, viajes)","Nota autom\u00e1tica","Salou","Tarragon\u00e9s","Turismo","\u00daltimas noticias"],"inLanguage":"es"},{"@type":"WebPage","@id":"https:\/\/radiociutat.com\/es\/ultimas-noticias\/cronicas\/salou-estrena-una-nueva-ruta-guiada-gratuita-para-descubrir-su-legado-modernista-y-novecentista\/","url":"https:\/\/radiociutat.com\/es\/ultimas-noticias\/cronicas\/salou-estrena-una-nueva-ruta-guiada-gratuita-para-descubrir-su-legado-modernista-y-novecentista\/","name":"Salou estrena una nueva ruta guiada gratuita para descubrir su legado modernista y novecentista - R\u00e0dio Ciutat de Tarragona","isPartOf":{"@id":"https:\/\/radiociutat.com\/es\/#website"},"primaryImageOfPage":{"@id":"https:\/\/radiociutat.com\/es\/ultimas-noticias\/cronicas\/salou-estrena-una-nueva-ruta-guiada-gratuita-para-descubrir-su-legado-modernista-y-novecentista\/#primaryimage"},"image":{"@id":"https:\/\/radiociutat.com\/es\/ultimas-noticias\/cronicas\/salou-estrena-una-nueva-ruta-guiada-gratuita-para-descubrir-su-legado-modernista-y-novecentista\/#primaryimage"},"thumbnailUrl":"https:\/\/files.radiociutat.com\/rctgn\/wp-content\/uploads\/2026\/04\/modernisme-salou-scaled.jpg","datePublished":"2026-04-25T17:40:44+00:00","author":{"@id":"https:\/\/radiociutat.com\/es\/#\/schema\/person\/fd401dfbfd2adfe3f166b553b083e78d"},"breadcrumb":{"@id":"https:\/\/radiociutat.com\/es\/ultimas-noticias\/cronicas\/salou-estrena-una-nueva-ruta-guiada-gratuita-para-descubrir-su-legado-modernista-y-novecentista\/#breadcrumb"},"inLanguage":"es","potentialAction":[{"@type":"ReadAction","target":["https:\/\/radiociutat.com\/es\/ultimas-noticias\/cronicas\/salou-estrena-una-nueva-ruta-guiada-gratuita-para-descubrir-su-legado-modernista-y-novecentista\/"]}]},{"@type":"ImageObject","inLanguage":"es","@id":"https:\/\/radiociutat.com\/es\/ultimas-noticias\/cronicas\/salou-estrena-una-nueva-ruta-guiada-gratuita-para-descubrir-su-legado-modernista-y-novecentista\/#primaryimage","url":"https:\/\/files.radiociutat.com\/rctgn\/wp-content\/uploads\/2026\/04\/modernisme-salou-scaled.jpg","contentUrl":"https:\/\/files.radiociutat.com\/rctgn\/wp-content\/uploads\/2026\/04\/modernisme-salou-scaled.jpg","width":2560,"height":1920,"caption":"Modernisme Salou Ruta"},{"@type":"BreadcrumbList","@id":"https:\/\/radiociutat.com\/es\/ultimas-noticias\/cronicas\/salou-estrena-una-nueva-ruta-guiada-gratuita-para-descubrir-su-legado-modernista-y-novecentista\/#breadcrumb","itemListElement":[{"@type":"ListItem","position":1,"name":"Inici","item":"https:\/\/radiociutat.com\/es\/"},{"@type":"ListItem","position":2,"name":"Salou estrena una nueva ruta guiada gratuita para descubrir su legado modernista y novecentista"}]},{"@type":"WebSite","@id":"https:\/\/radiociutat.com\/es\/#website","url":"https:\/\/radiociutat.com\/es\/","name":"R\u00e0dio Ciutat de Tarragona","description":"R\u00e0dio Ciutat de Tarragona - RCTgn.cat R\u00e0dio Online","potentialAction":[{"@type":"SearchAction","target":{"@type":"EntryPoint","urlTemplate":"https:\/\/radiociutat.com\/es\/?s={search_term_string}"},"query-input":{"@type":"PropertyValueSpecification","valueRequired":true,"valueName":"search_term_string"}}],"inLanguage":"es"},{"@type":"Person","@id":"https:\/\/radiociutat.com\/es\/#\/schema\/person\/fd401dfbfd2adfe3f166b553b083e78d","name":"AutoNota","description":"AutoNota, el suport intel\u00b7ligent per a la redacci\u00f3 AutoNota \u00e9s un servei propi de R\u00e0dio Ciutat que utilitza la intel\u00b7lig\u00e8ncia artificial per donar suport al treball period\u00edstic. La seva funci\u00f3 principal \u00e9s etiquetar, categoritzar i contextualitzar les informacions que arriben a la redacci\u00f3, sobretot procedents d\u2019empreses i institucions. Tot i que la IA ajuda a ordenar i donar forma als continguts, \u00e9s sempre l\u2019equip de redacci\u00f3 qui els revisa, edita i publica. D\u2019aquesta manera, garantim que totes les publicacions d\u2019AutoNota comptin amb la curaci\u00f3 i l\u2019aval professional d\u2019una persona periodista de R\u00e0dio Ciutat.","url":"https:\/\/radiociutat.com\/es\/author\/autonota\/"}]}},"_links":{"self":[{"href":"https:\/\/radiociutat.com\/es\/wp-json\/wp\/v2\/posts\/377979","targetHints":{"allow":["GET"]}}],"collection":[{"href":"https:\/\/radiociutat.com\/es\/wp-json\/wp\/v2\/posts"}],"about":[{"href":"https:\/\/radiociutat.com\/es\/wp-json\/wp\/v2\/types\/post"}],"author":[{"embeddable":true,"href":"https:\/\/radiociutat.com\/es\/wp-json\/wp\/v2\/users\/106"}],"replies":[{"embeddable":true,"href":"https:\/\/radiociutat.com\/es\/wp-json\/wp\/v2\/comments?post=377979"}],"version-history":[{"count":0,"href":"https:\/\/radiociutat.com\/es\/wp-json\/wp\/v2\/posts\/377979\/revisions"}],"wp:featuredmedia":[{"embeddable":true,"href":"https:\/\/radiociutat.com\/es\/wp-json\/wp\/v2\/media\/377974"}],"wp:attachment":[{"href":"https:\/\/radiociutat.com\/es\/wp-json\/wp\/v2\/media?parent=377979"}],"wp:term":[{"taxonomy":"category","embeddable":true,"href":"https:\/\/radiociutat.com\/es\/wp-json\/wp\/v2\/categories?post=377979"},{"taxonomy":"post_tag","embeddable":true,"href":"https:\/\/radiociutat.com\/es\/wp-json\/wp\/v2\/tags?post=377979"}],"curies":[{"name":"wp","href":"https:\/\/api.w.org\/{rel}","templated":true}]}}