{"id":377978,"date":"2026-04-25T21:53:07","date_gmt":"2026-04-25T19:53:07","guid":{"rendered":"https:\/\/radiociutat.com\/?p=377978"},"modified":"2026-04-25T21:55:27","modified_gmt":"2026-04-25T19:55:27","slug":"tarragona-daily-el-drama-del-nastic-a-domicilio-se-acentua-en-marbella-2","status":"publish","type":"post","link":"https:\/\/radiociutat.com\/es\/tarragona-daily-radio-ciutat-de-tarragona\/tarragona-daily-fin-de-semana\/tarragona-daily-el-drama-del-nastic-a-domicilio-se-acentua-en-marbella-2\/","title":{"rendered":"Tarragona Daily | Fin de semana de previa a la Feria de Abril"},"content":{"rendered":"\n<h3 class=\"wp-block-heading\" id=\"h-la-fira-d-atraccions-de-bonavista-obre-les-seves-portes-fins-el-3-de-maig\"><a href=\"https:\/\/radiociutat.com\/ultimes-noticies-tarragona\/croniques-actualitat\/ibersol-cbt-barbastro-segona-posicio-playoff-mollet\/\"><strong><em><a href=\"https:\/\/radiociutat.com\/ultimes-noticies-tarragona\/la-fira-datraccions-de-bonavista-obre-les-seves-portes-fins-el-3-de-maig\/\">La Feria de Atracciones de Bonavista abre sus puertas hasta el 3 de mayo<\/a><\/em><\/strong><\/a><\/h3>\n\n\n\n<p>La tradicional <strong>Feria de Atracciones de Bonavista<\/strong> ha abierto este viernes sus puertas en el marco de la 32\u00aa edici\u00f3n de la <strong>Feria de Abril<\/strong> de la ciudad. Cada d\u00eda hasta el 3 de mayo, una cincuenta de atracciones de feria har\u00e1n las delicias de peque\u00f1os y mayores. El espacio se ha instalado de la mano del Gremio de Atracciones de Ferias de Catalu\u00f1a (GREFIC) y complementar\u00e1 la zona de las tradicionales casetas de tem\u00e1tica andaluza de la Feria de Abril, las cuales contar\u00e1n con una programaci\u00f3n musical y art\u00edstica, y que abrir\u00e1 sus puertas el pr\u00f3ximo 30 de abril.<\/p>\n\n\n\n<h3 class=\"wp-block-heading\" id=\"h-el-sopar-solidari-contra-el-cancer-recapta-34-980-euros-a-tarragona\"><a href=\"https:\/\/radiociutat.com\/ultimes-noticies-tarragona\/croniques-actualitat\/ferit-greu-motorista-xocar-tarragona\/\"><strong><em><a href=\"https:\/\/radiociutat.com\/ultimes-noticies-tarragona\/croniques-actualitat\/sopar-solidari-cancer-tarragona-34980-euros\/\">La Cena Solidaria contra el c\u00e1ncer recauda 34.980 euros en Tarragona<\/a><\/em><\/strong><\/a><\/h3>\n\n\n\n<p>La <strong>Asociaci\u00f3n Contra el C\u00e1ncer en Tarragona<\/strong> ha recaudado <strong>34.980 euros<\/strong> en una nueva edici\u00f3n de su <strong>Cena Solidaria<\/strong>, celebrada ayer por la noche en <strong>l\u2019Orangerie<\/strong>. La cita, ya consolidada en el calendario social del territorio, reuni\u00f3 a m\u00e1s de <strong>300 asistentes<\/strong> entre representantes institucionales, sanitarios, empresariales y entidades de la sociedad civil.<\/p>\n\n\n\n<h2 class=\"wp-block-heading\" id=\"h-salou-estrena-una-nova-ruta-guiada-gratuita-per-descobrir-el-seu-llegat-modernista-i-noucentista\"><a href=\"https:\/\/radiociutat.com\/ultimes-noticies-tarragona\/croniques-actualitat\/salou-estrena-una-nova-ruta-guiada-gratuita-per-descobrir-el-seu-llegat-modernista-i-noucentista\/\"><em><strong>Salou estrena una nueva ruta guiada gratuita para descubrir su legado modernista y novecentista<\/strong><\/em><\/a><\/h2>\n\n\n\n<p>El Ayuntamiento de Salou ha puesto en marcha una nueva iniciativa cultural destinada a dar a conocer el rico patrimonio arquitect\u00f3nico del municipio. Se trata de una ruta guiada y totalmente gratuita que invita a ciudadanos y visitantes a explorar los elementos m\u00e1s destacados del modernismo y el novecentismo que se conservan en la localidad.<br>Esta propuesta tiene como objetivo principal poner en valor la historia y la est\u00e9tica de estas dos corrientes art\u00edsticas, que tuvieron una gran influencia en la configuraci\u00f3n urbana de Salou. Durante el recorrido, los participantes podr\u00e1n descubrir los detalles y la cronolog\u00eda de diversos edificios y espacios emblem\u00e1ticos, acompa\u00f1ados de explicaciones que ayudan a contextualizar el desarrollo de la villa.<\/p>\n","protected":false},"excerpt":{"rendered":"<p>La Feria de Atracciones de Bonavista abre sus puertas hasta el 3 de mayo La tradicional Feria de Atracciones de Bonavista ha abierto este viernes sus puertas en el marco de la 32\u00aa edici\u00f3n de la Feria de Abril de la ciudad. Cada d\u00eda hasta el 3 de mayo, una cincuenta de atracciones de feria [&hellip;]<\/p>\n","protected":false},"author":108,"featured_media":377984,"comment_status":"closed","ping_status":"closed","sticky":false,"template":"","format":"standard","meta":{"footnotes":""},"categories":[13671],"tags":[128,13687,76,260,129,19,218],"class_list":["post-377978","post","type-post","status-publish","format-standard","has-post-thumbnail","hentry","category-tarragona-daily-fin-de-semana","tag-actualitat","tag-daily-2","tag-informatiu","tag-noticies","tag-societat","tag-tarragona","tag-tgn"],"yoast_head":"<!-- This site is optimized with the Yoast SEO Premium plugin v27.4 (Yoast SEO v27.4) - https:\/\/yoast.com\/product\/yoast-seo-premium-wordpress\/ -->\n<title>Tarragona Daily | Fin de semana de previa a la Feria de Abril - R\u00e0dio Ciutat de Tarragona<\/title>\n<meta name=\"robots\" content=\"index, follow, max-snippet:-1, max-image-preview:large, max-video-preview:-1\" \/>\n<link rel=\"canonical\" href=\"https:\/\/radiociutat.com\/es\/tarragona-daily-radio-ciutat-de-tarragona\/tarragona-daily-fin-de-semana\/tarragona-daily-el-drama-del-nastic-a-domicilio-se-acentua-en-marbella-2\/\" \/>\n<meta property=\"og:locale\" content=\"es_ES\" \/>\n<meta property=\"og:type\" content=\"article\" \/>\n<meta property=\"og:title\" content=\"Tarragona Daily | Fin de semana de previa a la Feria de Abril\" \/>\n<meta property=\"og:description\" content=\"La Feria de Atracciones de Bonavista abre sus puertas hasta el 3 de mayo La tradicional Feria de Atracciones de Bonavista ha abierto este viernes sus puertas en el marco de la 32\u00aa edici\u00f3n de la Feria de Abril de la ciudad. Cada d\u00eda hasta el 3 de mayo, una cincuenta de atracciones de feria [&hellip;]\" \/>\n<meta property=\"og:url\" content=\"https:\/\/radiociutat.com\/es\/tarragona-daily-radio-ciutat-de-tarragona\/tarragona-daily-fin-de-semana\/tarragona-daily-el-drama-del-nastic-a-domicilio-se-acentua-en-marbella-2\/\" \/>\n<meta property=\"og:site_name\" content=\"R\u00e0dio Ciutat de Tarragona\" \/>\n<meta property=\"article:publisher\" content=\"https:\/\/www.facebook.com\/rctgn\" \/>\n<meta property=\"article:published_time\" content=\"2026-04-25T19:53:07+00:00\" \/>\n<meta property=\"article:modified_time\" content=\"2026-04-25T19:55:27+00:00\" \/>\n<meta property=\"og:image\" content=\"https:\/\/files.radiociutat.com\/rctgn\/wp-content\/uploads\/2026\/04\/26.04.24_Fira-atraccions-Fira-Abril-DAVID-OLIETE-04-1024x682.jpg\" \/>\n\t<meta property=\"og:image:width\" content=\"1024\" \/>\n\t<meta property=\"og:image:height\" content=\"682\" \/>\n\t<meta property=\"og:image:type\" content=\"image\/jpeg\" \/>\n<meta name=\"author\" content=\"Adri\u00e0 Jurado i Mateo\" \/>\n<meta name=\"twitter:card\" content=\"summary_large_image\" \/>\n<meta name=\"twitter:creator\" content=\"@RCTgn\" \/>\n<meta name=\"twitter:site\" content=\"@RCTgn\" \/>\n<meta name=\"twitter:label1\" content=\"Escrito por\" \/>\n\t<meta name=\"twitter:data1\" content=\"Adri\u00e0 Jurado i Mateo\" \/>\n\t<meta name=\"twitter:label2\" content=\"Tiempo de lectura\" \/>\n\t<meta name=\"twitter:data2\" content=\"2 minutos\" \/>\n<script type=\"application\/ld+json\" class=\"yoast-schema-graph\">{\"@context\":\"https:\\\/\\\/schema.org\",\"@graph\":[{\"@type\":\"Article\",\"@id\":\"https:\\\/\\\/radiociutat.com\\\/es\\\/tarragona-daily-radio-ciutat-de-tarragona\\\/tarragona-daily-fin-de-semana\\\/tarragona-daily-el-drama-del-nastic-a-domicilio-se-acentua-en-marbella-2\\\/#article\",\"isPartOf\":{\"@id\":\"https:\\\/\\\/radiociutat.com\\\/es\\\/tarragona-daily-radio-ciutat-de-tarragona\\\/tarragona-daily-fin-de-semana\\\/tarragona-daily-el-drama-del-nastic-a-domicilio-se-acentua-en-marbella-2\\\/\"},\"author\":{\"name\":\"Adri\u00e0 Jurado i Mateo\",\"@id\":\"https:\\\/\\\/radiociutat.com\\\/es\\\/#\\\/schema\\\/person\\\/25e4d7920bb5cd13577531d9b2fe1d32\"},\"headline\":\"Tarragona Daily | Fin de semana de previa a la Feria de Abril\",\"datePublished\":\"2026-04-25T19:53:07+00:00\",\"dateModified\":\"2026-04-25T19:55:27+00:00\",\"mainEntityOfPage\":{\"@id\":\"https:\\\/\\\/radiociutat.com\\\/es\\\/tarragona-daily-radio-ciutat-de-tarragona\\\/tarragona-daily-fin-de-semana\\\/tarragona-daily-el-drama-del-nastic-a-domicilio-se-acentua-en-marbella-2\\\/\"},\"wordCount\":337,\"image\":{\"@id\":\"https:\\\/\\\/radiociutat.com\\\/es\\\/tarragona-daily-radio-ciutat-de-tarragona\\\/tarragona-daily-fin-de-semana\\\/tarragona-daily-el-drama-del-nastic-a-domicilio-se-acentua-en-marbella-2\\\/#primaryimage\"},\"thumbnailUrl\":\"https:\\\/\\\/files.radiociutat.com\\\/rctgn\\\/wp-content\\\/uploads\\\/2026\\\/04\\\/26.04.24_Fira-atraccions-Fira-Abril-DAVID-OLIETE-04.jpg\",\"keywords\":[\"Actualitat\",\"Daily\",\"Informatiu\",\"not\u00edcies\",\"Societat\",\"Tarragona\",\"TGN\"],\"articleSection\":[\"Tarragona Daily Fin de Semana\"],\"inLanguage\":\"es\"},{\"@type\":\"WebPage\",\"@id\":\"https:\\\/\\\/radiociutat.com\\\/es\\\/tarragona-daily-radio-ciutat-de-tarragona\\\/tarragona-daily-fin-de-semana\\\/tarragona-daily-el-drama-del-nastic-a-domicilio-se-acentua-en-marbella-2\\\/\",\"url\":\"https:\\\/\\\/radiociutat.com\\\/es\\\/tarragona-daily-radio-ciutat-de-tarragona\\\/tarragona-daily-fin-de-semana\\\/tarragona-daily-el-drama-del-nastic-a-domicilio-se-acentua-en-marbella-2\\\/\",\"name\":\"Tarragona Daily | Fin de semana de previa a la Feria de Abril - R\u00e0dio Ciutat de Tarragona\",\"isPartOf\":{\"@id\":\"https:\\\/\\\/radiociutat.com\\\/es\\\/#website\"},\"primaryImageOfPage\":{\"@id\":\"https:\\\/\\\/radiociutat.com\\\/es\\\/tarragona-daily-radio-ciutat-de-tarragona\\\/tarragona-daily-fin-de-semana\\\/tarragona-daily-el-drama-del-nastic-a-domicilio-se-acentua-en-marbella-2\\\/#primaryimage\"},\"image\":{\"@id\":\"https:\\\/\\\/radiociutat.com\\\/es\\\/tarragona-daily-radio-ciutat-de-tarragona\\\/tarragona-daily-fin-de-semana\\\/tarragona-daily-el-drama-del-nastic-a-domicilio-se-acentua-en-marbella-2\\\/#primaryimage\"},\"thumbnailUrl\":\"https:\\\/\\\/files.radiociutat.com\\\/rctgn\\\/wp-content\\\/uploads\\\/2026\\\/04\\\/26.04.24_Fira-atraccions-Fira-Abril-DAVID-OLIETE-04.jpg\",\"datePublished\":\"2026-04-25T19:53:07+00:00\",\"dateModified\":\"2026-04-25T19:55:27+00:00\",\"author\":{\"@id\":\"https:\\\/\\\/radiociutat.com\\\/es\\\/#\\\/schema\\\/person\\\/25e4d7920bb5cd13577531d9b2fe1d32\"},\"breadcrumb\":{\"@id\":\"https:\\\/\\\/radiociutat.com\\\/es\\\/tarragona-daily-radio-ciutat-de-tarragona\\\/tarragona-daily-fin-de-semana\\\/tarragona-daily-el-drama-del-nastic-a-domicilio-se-acentua-en-marbella-2\\\/#breadcrumb\"},\"inLanguage\":\"es\",\"potentialAction\":[{\"@type\":\"ReadAction\",\"target\":[\"https:\\\/\\\/radiociutat.com\\\/es\\\/tarragona-daily-radio-ciutat-de-tarragona\\\/tarragona-daily-fin-de-semana\\\/tarragona-daily-el-drama-del-nastic-a-domicilio-se-acentua-en-marbella-2\\\/\"]}]},{\"@type\":\"ImageObject\",\"inLanguage\":\"es\",\"@id\":\"https:\\\/\\\/radiociutat.com\\\/es\\\/tarragona-daily-radio-ciutat-de-tarragona\\\/tarragona-daily-fin-de-semana\\\/tarragona-daily-el-drama-del-nastic-a-domicilio-se-acentua-en-marbella-2\\\/#primaryimage\",\"url\":\"https:\\\/\\\/files.radiociutat.com\\\/rctgn\\\/wp-content\\\/uploads\\\/2026\\\/04\\\/26.04.24_Fira-atraccions-Fira-Abril-DAVID-OLIETE-04.jpg\",\"contentUrl\":\"https:\\\/\\\/files.radiociutat.com\\\/rctgn\\\/wp-content\\\/uploads\\\/2026\\\/04\\\/26.04.24_Fira-atraccions-Fira-Abril-DAVID-OLIETE-04.jpg\",\"width\":2000,\"height\":1332,\"caption\":\"Fira Atraccions Abril Tarragona\"},{\"@type\":\"BreadcrumbList\",\"@id\":\"https:\\\/\\\/radiociutat.com\\\/es\\\/tarragona-daily-radio-ciutat-de-tarragona\\\/tarragona-daily-fin-de-semana\\\/tarragona-daily-el-drama-del-nastic-a-domicilio-se-acentua-en-marbella-2\\\/#breadcrumb\",\"itemListElement\":[{\"@type\":\"ListItem\",\"position\":1,\"name\":\"Inici\",\"item\":\"https:\\\/\\\/radiociutat.com\\\/es\\\/\"},{\"@type\":\"ListItem\",\"position\":2,\"name\":\"Tarragona Daily | Fin de semana de previa a la Feria de Abril\"}]},{\"@type\":\"WebSite\",\"@id\":\"https:\\\/\\\/radiociutat.com\\\/es\\\/#website\",\"url\":\"https:\\\/\\\/radiociutat.com\\\/es\\\/\",\"name\":\"R\u00e0dio Ciutat de Tarragona\",\"description\":\"R\u00e0dio Ciutat de Tarragona - RCTgn.cat R\u00e0dio Online\",\"potentialAction\":[{\"@type\":\"SearchAction\",\"target\":{\"@type\":\"EntryPoint\",\"urlTemplate\":\"https:\\\/\\\/radiociutat.com\\\/es\\\/?s={search_term_string}\"},\"query-input\":{\"@type\":\"PropertyValueSpecification\",\"valueRequired\":true,\"valueName\":\"search_term_string\"}}],\"inLanguage\":\"es\"},{\"@type\":\"Person\",\"@id\":\"https:\\\/\\\/radiociutat.com\\\/es\\\/#\\\/schema\\\/person\\\/25e4d7920bb5cd13577531d9b2fe1d32\",\"name\":\"Adri\u00e0 Jurado i Mateo\",\"url\":\"https:\\\/\\\/radiociutat.com\\\/es\\\/author\\\/ajurado\\\/\"}]}<\/script>\n<!-- \/ Yoast SEO Premium plugin. -->","yoast_head_json":{"title":"Tarragona Daily | Fin de semana de previa a la Feria de Abril - R\u00e0dio Ciutat de Tarragona","robots":{"index":"index","follow":"follow","max-snippet":"max-snippet:-1","max-image-preview":"max-image-preview:large","max-video-preview":"max-video-preview:-1"},"canonical":"https:\/\/radiociutat.com\/es\/tarragona-daily-radio-ciutat-de-tarragona\/tarragona-daily-fin-de-semana\/tarragona-daily-el-drama-del-nastic-a-domicilio-se-acentua-en-marbella-2\/","og_locale":"es_ES","og_type":"article","og_title":"Tarragona Daily | Fin de semana de previa a la Feria de Abril","og_description":"La Feria de Atracciones de Bonavista abre sus puertas hasta el 3 de mayo La tradicional Feria de Atracciones de Bonavista ha abierto este viernes sus puertas en el marco de la 32\u00aa edici\u00f3n de la Feria de Abril de la ciudad. Cada d\u00eda hasta el 3 de mayo, una cincuenta de atracciones de feria [&hellip;]","og_url":"https:\/\/radiociutat.com\/es\/tarragona-daily-radio-ciutat-de-tarragona\/tarragona-daily-fin-de-semana\/tarragona-daily-el-drama-del-nastic-a-domicilio-se-acentua-en-marbella-2\/","og_site_name":"R\u00e0dio Ciutat de Tarragona","article_publisher":"https:\/\/www.facebook.com\/rctgn","article_published_time":"2026-04-25T19:53:07+00:00","article_modified_time":"2026-04-25T19:55:27+00:00","og_image":[{"width":1024,"height":682,"url":"https:\/\/files.radiociutat.com\/rctgn\/wp-content\/uploads\/2026\/04\/26.04.24_Fira-atraccions-Fira-Abril-DAVID-OLIETE-04-1024x682.jpg","type":"image\/jpeg"}],"author":"Adri\u00e0 Jurado i Mateo","twitter_card":"summary_large_image","twitter_creator":"@RCTgn","twitter_site":"@RCTgn","twitter_misc":{"Escrito por":"Adri\u00e0 Jurado i Mateo","Tiempo de lectura":"2 minutos"},"schema":{"@context":"https:\/\/schema.org","@graph":[{"@type":"Article","@id":"https:\/\/radiociutat.com\/es\/tarragona-daily-radio-ciutat-de-tarragona\/tarragona-daily-fin-de-semana\/tarragona-daily-el-drama-del-nastic-a-domicilio-se-acentua-en-marbella-2\/#article","isPartOf":{"@id":"https:\/\/radiociutat.com\/es\/tarragona-daily-radio-ciutat-de-tarragona\/tarragona-daily-fin-de-semana\/tarragona-daily-el-drama-del-nastic-a-domicilio-se-acentua-en-marbella-2\/"},"author":{"name":"Adri\u00e0 Jurado i Mateo","@id":"https:\/\/radiociutat.com\/es\/#\/schema\/person\/25e4d7920bb5cd13577531d9b2fe1d32"},"headline":"Tarragona Daily | Fin de semana de previa a la Feria de Abril","datePublished":"2026-04-25T19:53:07+00:00","dateModified":"2026-04-25T19:55:27+00:00","mainEntityOfPage":{"@id":"https:\/\/radiociutat.com\/es\/tarragona-daily-radio-ciutat-de-tarragona\/tarragona-daily-fin-de-semana\/tarragona-daily-el-drama-del-nastic-a-domicilio-se-acentua-en-marbella-2\/"},"wordCount":337,"image":{"@id":"https:\/\/radiociutat.com\/es\/tarragona-daily-radio-ciutat-de-tarragona\/tarragona-daily-fin-de-semana\/tarragona-daily-el-drama-del-nastic-a-domicilio-se-acentua-en-marbella-2\/#primaryimage"},"thumbnailUrl":"https:\/\/files.radiociutat.com\/rctgn\/wp-content\/uploads\/2026\/04\/26.04.24_Fira-atraccions-Fira-Abril-DAVID-OLIETE-04.jpg","keywords":["Actualitat","Daily","Informatiu","not\u00edcies","Societat","Tarragona","TGN"],"articleSection":["Tarragona Daily Fin de Semana"],"inLanguage":"es"},{"@type":"WebPage","@id":"https:\/\/radiociutat.com\/es\/tarragona-daily-radio-ciutat-de-tarragona\/tarragona-daily-fin-de-semana\/tarragona-daily-el-drama-del-nastic-a-domicilio-se-acentua-en-marbella-2\/","url":"https:\/\/radiociutat.com\/es\/tarragona-daily-radio-ciutat-de-tarragona\/tarragona-daily-fin-de-semana\/tarragona-daily-el-drama-del-nastic-a-domicilio-se-acentua-en-marbella-2\/","name":"Tarragona Daily | Fin de semana de previa a la Feria de Abril - R\u00e0dio Ciutat de Tarragona","isPartOf":{"@id":"https:\/\/radiociutat.com\/es\/#website"},"primaryImageOfPage":{"@id":"https:\/\/radiociutat.com\/es\/tarragona-daily-radio-ciutat-de-tarragona\/tarragona-daily-fin-de-semana\/tarragona-daily-el-drama-del-nastic-a-domicilio-se-acentua-en-marbella-2\/#primaryimage"},"image":{"@id":"https:\/\/radiociutat.com\/es\/tarragona-daily-radio-ciutat-de-tarragona\/tarragona-daily-fin-de-semana\/tarragona-daily-el-drama-del-nastic-a-domicilio-se-acentua-en-marbella-2\/#primaryimage"},"thumbnailUrl":"https:\/\/files.radiociutat.com\/rctgn\/wp-content\/uploads\/2026\/04\/26.04.24_Fira-atraccions-Fira-Abril-DAVID-OLIETE-04.jpg","datePublished":"2026-04-25T19:53:07+00:00","dateModified":"2026-04-25T19:55:27+00:00","author":{"@id":"https:\/\/radiociutat.com\/es\/#\/schema\/person\/25e4d7920bb5cd13577531d9b2fe1d32"},"breadcrumb":{"@id":"https:\/\/radiociutat.com\/es\/tarragona-daily-radio-ciutat-de-tarragona\/tarragona-daily-fin-de-semana\/tarragona-daily-el-drama-del-nastic-a-domicilio-se-acentua-en-marbella-2\/#breadcrumb"},"inLanguage":"es","potentialAction":[{"@type":"ReadAction","target":["https:\/\/radiociutat.com\/es\/tarragona-daily-radio-ciutat-de-tarragona\/tarragona-daily-fin-de-semana\/tarragona-daily-el-drama-del-nastic-a-domicilio-se-acentua-en-marbella-2\/"]}]},{"@type":"ImageObject","inLanguage":"es","@id":"https:\/\/radiociutat.com\/es\/tarragona-daily-radio-ciutat-de-tarragona\/tarragona-daily-fin-de-semana\/tarragona-daily-el-drama-del-nastic-a-domicilio-se-acentua-en-marbella-2\/#primaryimage","url":"https:\/\/files.radiociutat.com\/rctgn\/wp-content\/uploads\/2026\/04\/26.04.24_Fira-atraccions-Fira-Abril-DAVID-OLIETE-04.jpg","contentUrl":"https:\/\/files.radiociutat.com\/rctgn\/wp-content\/uploads\/2026\/04\/26.04.24_Fira-atraccions-Fira-Abril-DAVID-OLIETE-04.jpg","width":2000,"height":1332,"caption":"Fira Atraccions Abril Tarragona"},{"@type":"BreadcrumbList","@id":"https:\/\/radiociutat.com\/es\/tarragona-daily-radio-ciutat-de-tarragona\/tarragona-daily-fin-de-semana\/tarragona-daily-el-drama-del-nastic-a-domicilio-se-acentua-en-marbella-2\/#breadcrumb","itemListElement":[{"@type":"ListItem","position":1,"name":"Inici","item":"https:\/\/radiociutat.com\/es\/"},{"@type":"ListItem","position":2,"name":"Tarragona Daily | Fin de semana de previa a la Feria de Abril"}]},{"@type":"WebSite","@id":"https:\/\/radiociutat.com\/es\/#website","url":"https:\/\/radiociutat.com\/es\/","name":"R\u00e0dio Ciutat de Tarragona","description":"R\u00e0dio Ciutat de Tarragona - RCTgn.cat R\u00e0dio Online","potentialAction":[{"@type":"SearchAction","target":{"@type":"EntryPoint","urlTemplate":"https:\/\/radiociutat.com\/es\/?s={search_term_string}"},"query-input":{"@type":"PropertyValueSpecification","valueRequired":true,"valueName":"search_term_string"}}],"inLanguage":"es"},{"@type":"Person","@id":"https:\/\/radiociutat.com\/es\/#\/schema\/person\/25e4d7920bb5cd13577531d9b2fe1d32","name":"Adri\u00e0 Jurado i Mateo","url":"https:\/\/radiociutat.com\/es\/author\/ajurado\/"}]}},"_links":{"self":[{"href":"https:\/\/radiociutat.com\/es\/wp-json\/wp\/v2\/posts\/377978","targetHints":{"allow":["GET"]}}],"collection":[{"href":"https:\/\/radiociutat.com\/es\/wp-json\/wp\/v2\/posts"}],"about":[{"href":"https:\/\/radiociutat.com\/es\/wp-json\/wp\/v2\/types\/post"}],"author":[{"embeddable":true,"href":"https:\/\/radiociutat.com\/es\/wp-json\/wp\/v2\/users\/108"}],"replies":[{"embeddable":true,"href":"https:\/\/radiociutat.com\/es\/wp-json\/wp\/v2\/comments?post=377978"}],"version-history":[{"count":2,"href":"https:\/\/radiociutat.com\/es\/wp-json\/wp\/v2\/posts\/377978\/revisions"}],"predecessor-version":[{"id":377991,"href":"https:\/\/radiociutat.com\/es\/wp-json\/wp\/v2\/posts\/377978\/revisions\/377991"}],"wp:featuredmedia":[{"embeddable":true,"href":"https:\/\/radiociutat.com\/es\/wp-json\/wp\/v2\/media\/377984"}],"wp:attachment":[{"href":"https:\/\/radiociutat.com\/es\/wp-json\/wp\/v2\/media?parent=377978"}],"wp:term":[{"taxonomy":"category","embeddable":true,"href":"https:\/\/radiociutat.com\/es\/wp-json\/wp\/v2\/categories?post=377978"},{"taxonomy":"post_tag","embeddable":true,"href":"https:\/\/radiociutat.com\/es\/wp-json\/wp\/v2\/tags?post=377978"}],"curies":[{"name":"wp","href":"https:\/\/api.w.org\/{rel}","templated":true}]}}