{"id":377956,"date":"2026-04-25T15:45:54","date_gmt":"2026-04-25T13:45:54","guid":{"rendered":"https:\/\/radiociutat.com\/programes-podcast\/la-cena-solidaria-contra-el-cancer-recauda-34-980-euros-en-tarragona\/"},"modified":"2026-04-25T15:45:54","modified_gmt":"2026-04-25T13:45:54","slug":"la-cena-solidaria-contra-el-cancer-recauda-34-980-euros-en-tarragona","status":"publish","type":"post","link":"https:\/\/radiociutat.com\/es\/provincia-de-tarragona\/la-cena-solidaria-contra-el-cancer-recauda-34-980-euros-en-tarragona\/","title":{"rendered":"La Cena Solidaria contra el c\u00e1ncer recauda 34.980 euros en Tarragona"},"content":{"rendered":"\n<p>La <strong>Asociaci\u00f3n Contra el C\u00e1ncer en Tarragona<\/strong> ha recaudado <strong>34.980 euros<\/strong> en una nueva edici\u00f3n de su <strong>Cena Solidaria<\/strong>, celebrada ayer por la noche en <strong>l\u2019Orangerie<\/strong>. La cita, ya consolidada en el calendario social del territorio, reuni\u00f3 a m\u00e1s de <strong>300 asistentes<\/strong> entre representantes institucionales, sanitarios, empresariales y entidades de la sociedad civil.<\/p>\n\n\n\n<p>El dinero recaudado se destinar\u00e1 \u00edntegramente a <strong>proyectos de investigaci\u00f3n oncol\u00f3gica<\/strong> y a los <strong>servicios gratuitos de atenci\u00f3n<\/strong> que la entidad ofrece a las personas con c\u00e1ncer y a sus familias.<\/p>\n\n\n\n<h2 class=\"wp-block-heading\" id=\"h-un-acte-marcat-per-l-emocio-i-el-compromis\"><strong>Un acto marcado por la emoci\u00f3n y el compromiso<\/strong><\/h2>\n\n\n\n<p>Uno de los momentos m\u00e1s emotivos de la noche fue el testimonio de <strong>Laura Cort\u00e9s<\/strong>, paciente de la Asociaci\u00f3n, que comparti\u00f3 su experiencia con el <strong>c\u00e1ncer de mama<\/strong>. Su intervenci\u00f3n sirvi\u00f3 para recordar la importancia del acompa\u00f1amiento emocional, social y psicol\u00f3gico durante todo el proceso de la enfermedad.<\/p>\n\n\n\n<p>El presidente de la <strong>Asociaci\u00f3n Contra el C\u00e1ncer en Tarragona<\/strong>, <strong>Fede Adan<\/strong>, remarc\u00f3 que el reto de la entidad es \u201caumentar la supervivencia y mejorar la calidad de vida de las personas con c\u00e1ncer\u201d. Adem\u00e1s, agradeci\u00f3 el apoyo de todas las empresas, entidades y personas asistentes, y defendi\u00f3 que \u201cnadie debe pasar solo por el c\u00e1ncer\u201d.<\/p>\n\n\n\n<h2 class=\"wp-block-heading\" id=\"h-guardons-a-entitats-compromeses\"><strong>Galardones a entidades comprometidas<\/strong><\/h2>\n\n\n\n<p>Durante la cena tambi\u00e9n se entregaron los <strong>III Galardones de la Asociaci\u00f3n Contra el C\u00e1ncer en Tarragona<\/strong>. Este a\u00f1o, los reconocimientos distinguieron al <strong>Club Nataci\u00f3 Tarraco<\/strong>, la <strong>Asociaci\u00f3n de Aguas Abiertas de la Arrabassada<\/strong>, el <strong>Grupo PonsMove<\/strong> y el <strong>Hospital Universitario Joan XXIII<\/strong>.<\/p>\n\n\n\n<p>El Club Nataci\u00f3 Tarraco y la Asociaci\u00f3n de Aguas Abiertas de la Arrabassada fueron reconocidos por la promoci\u00f3n de <strong>h\u00e1bitos saludables<\/strong> y por su compromiso solidario, especialmente a trav\u00e9s de iniciativas como el <strong>Oncoswim<\/strong>. Por otro lado, el Grupo PonsMove recibi\u00f3 el galard\u00f3n por la cesi\u00f3n de un veh\u00edculo que permitir\u00e1 ampliar la atenci\u00f3n en el territorio y acercar los servicios de la entidad a personas que no se pueden desplazar.<\/p>\n\n\n\n<p>Finalmente, el <strong>Hospital Joan XXIII<\/strong> fue distinguido por su labor en la atenci\u00f3n integral a las personas con c\u00e1ncer y por la nueva colaboraci\u00f3n con la Asociaci\u00f3n, que incluye la incorporaci\u00f3n del servicio de <strong>psicooncolog\u00eda<\/strong> en el centro.<\/p>\n\n\n\n<h2 class=\"wp-block-heading\" id=\"h-la-recerca-una-prioritat\"><strong>La investigaci\u00f3n, una prioridad<\/strong><\/h2>\n\n\n\n<p>La entidad recuerda que la <strong>investigaci\u00f3n oncol\u00f3gica<\/strong> es clave para aumentar la supervivencia. A escala estatal, la Asociaci\u00f3n Contra el C\u00e1ncer mantiene 114 millones de euros comprometidos en 603 proyectos de investigaci\u00f3n, con la participaci\u00f3n de m\u00e1s de 1.500 investigadores e investigadoras. El objetivo es llegar a una <strong>tasa de supervivencia del 70% en el a\u00f1o 2030<\/strong>.<\/p>\n","protected":false},"excerpt":{"rendered":"<p>La Asociaci\u00f3n Contra el C\u00e1ncer en Tarragona ha recaudado 34.980 euros en una nueva edici\u00f3n de su Cena Solidaria, celebrada ayer por la noche en l\u2019Orangerie. La cita, ya consolidada en el calendario social del territorio, reuni\u00f3 a m\u00e1s de 300 asistentes entre representantes institucionales, sanitarios, empresariales y entidades de la sociedad civil. El dinero [&hellip;]<\/p>\n","protected":false},"author":1,"featured_media":377952,"comment_status":"closed","ping_status":"closed","sticky":false,"template":"","format":"standard","meta":{"footnotes":""},"categories":[14046,13688,14026,12404,14534,14028,14029,14041,13716],"tags":[9923,14925,19],"class_list":["post-377956","post","type-post","status-publish","format-standard","has-post-thumbnail","hentry","category-campo-de-tarragona","category-cronicas","category-nota-automatica","category-provincia-de-tarragona","category-salud","category-sociedad","category-tarragona","category-tarragones","category-ultimas-noticias","tag-associacio-contra-el-cancer","tag-sopar-solidari","tag-tarragona"],"yoast_head":"<!-- This site is optimized with the Yoast SEO Premium plugin v27.4 (Yoast SEO v27.4) - https:\/\/yoast.com\/product\/yoast-seo-premium-wordpress\/ -->\n<title>La Cena Solidaria contra el c\u00e1ncer recauda 34.980 euros en Tarragona - R\u00e0dio Ciutat de Tarragona<\/title>\n<meta name=\"robots\" content=\"index, follow, max-snippet:-1, max-image-preview:large, max-video-preview:-1\" \/>\n<link rel=\"canonical\" href=\"https:\/\/radiociutat.com\/es\/provincia-de-tarragona\/la-cena-solidaria-contra-el-cancer-recauda-34-980-euros-en-tarragona\/\" \/>\n<meta property=\"og:locale\" content=\"es_ES\" \/>\n<meta property=\"og:type\" content=\"article\" \/>\n<meta property=\"og:title\" content=\"La Cena Solidaria contra el c\u00e1ncer recauda 34.980 euros en Tarragona\" \/>\n<meta property=\"og:description\" content=\"La Asociaci\u00f3n Contra el C\u00e1ncer en Tarragona ha recaudado 34.980 euros en una nueva edici\u00f3n de su Cena Solidaria, celebrada ayer por la noche en l\u2019Orangerie. La cita, ya consolidada en el calendario social del territorio, reuni\u00f3 a m\u00e1s de 300 asistentes entre representantes institucionales, sanitarios, empresariales y entidades de la sociedad civil. El dinero [&hellip;]\" \/>\n<meta property=\"og:url\" content=\"https:\/\/radiociutat.com\/es\/provincia-de-tarragona\/la-cena-solidaria-contra-el-cancer-recauda-34-980-euros-en-tarragona\/\" \/>\n<meta property=\"og:site_name\" content=\"R\u00e0dio Ciutat de Tarragona\" \/>\n<meta property=\"article:publisher\" content=\"https:\/\/www.facebook.com\/rctgn\" \/>\n<meta property=\"article:published_time\" content=\"2026-04-25T13:45:54+00:00\" \/>\n<meta property=\"og:image\" content=\"https:\/\/files.radiociutat.com\/rctgn\/wp-content\/uploads\/2021\/03\/LOGO-RCTGN-RADIO-CIUTAT-DE-TARRAGONA-TRANSPARENTE-TARRAGONA-2020-3000X3000-Redes1-copia.png\" \/>\n\t<meta property=\"og:image:width\" content=\"3000\" \/>\n\t<meta property=\"og:image:height\" content=\"3000\" \/>\n\t<meta property=\"og:image:type\" content=\"image\/png\" \/>\n<meta name=\"author\" content=\"Redacci\u00f3\" \/>\n<meta name=\"twitter:card\" content=\"summary_large_image\" \/>\n<meta name=\"twitter:creator\" content=\"@RCTgn\" \/>\n<meta name=\"twitter:site\" content=\"@RCTgn\" \/>\n<meta name=\"twitter:label1\" content=\"Escrito por\" \/>\n\t<meta name=\"twitter:data1\" content=\"Redacci\u00f3\" \/>\n\t<meta name=\"twitter:label2\" content=\"Tiempo de lectura\" \/>\n\t<meta name=\"twitter:data2\" content=\"2 minutos\" \/>\n<script type=\"application\/ld+json\" class=\"yoast-schema-graph\">{\"@context\":\"https:\\\/\\\/schema.org\",\"@graph\":[{\"@type\":\"Article\",\"@id\":\"https:\\\/\\\/radiociutat.com\\\/es\\\/provincia-de-tarragona\\\/la-cena-solidaria-contra-el-cancer-recauda-34-980-euros-en-tarragona\\\/#article\",\"isPartOf\":{\"@id\":\"https:\\\/\\\/radiociutat.com\\\/es\\\/provincia-de-tarragona\\\/la-cena-solidaria-contra-el-cancer-recauda-34-980-euros-en-tarragona\\\/\"},\"author\":{\"name\":\"Redacci\u00f3\",\"@id\":\"https:\\\/\\\/radiociutat.com\\\/es\\\/#\\\/schema\\\/person\\\/04b6638f9d2a9ea77408db76c5d8f0b5\"},\"headline\":\"La Cena Solidaria contra el c\u00e1ncer recauda 34.980 euros en Tarragona\",\"datePublished\":\"2026-04-25T13:45:54+00:00\",\"mainEntityOfPage\":{\"@id\":\"https:\\\/\\\/radiociutat.com\\\/es\\\/provincia-de-tarragona\\\/la-cena-solidaria-contra-el-cancer-recauda-34-980-euros-en-tarragona\\\/\"},\"wordCount\":468,\"image\":{\"@id\":\"https:\\\/\\\/radiociutat.com\\\/es\\\/provincia-de-tarragona\\\/la-cena-solidaria-contra-el-cancer-recauda-34-980-euros-en-tarragona\\\/#primaryimage\"},\"thumbnailUrl\":\"https:\\\/\\\/files.radiociutat.com\\\/rctgn\\\/wp-content\\\/uploads\\\/2026\\\/04\\\/DSC08536.jpg\",\"keywords\":[\"Associaci\u00f3 contra el C\u00e0ncer\",\"Sopar Solidari\",\"Tarragona\"],\"articleSection\":[\"Campo de Tarragona\",\"Cr\u00f3nicas\",\"Nota autom\u00e1tica\",\"Prov\u00edncia de Tarragona\",\"Salud\",\"Sociedad\",\"Tarragona\",\"Tarragon\u00e9s\",\"\u00daltimas noticias\"],\"inLanguage\":\"es\"},{\"@type\":\"WebPage\",\"@id\":\"https:\\\/\\\/radiociutat.com\\\/es\\\/provincia-de-tarragona\\\/la-cena-solidaria-contra-el-cancer-recauda-34-980-euros-en-tarragona\\\/\",\"url\":\"https:\\\/\\\/radiociutat.com\\\/es\\\/provincia-de-tarragona\\\/la-cena-solidaria-contra-el-cancer-recauda-34-980-euros-en-tarragona\\\/\",\"name\":\"La Cena Solidaria contra el c\u00e1ncer recauda 34.980 euros en Tarragona - R\u00e0dio Ciutat de Tarragona\",\"isPartOf\":{\"@id\":\"https:\\\/\\\/radiociutat.com\\\/es\\\/#website\"},\"primaryImageOfPage\":{\"@id\":\"https:\\\/\\\/radiociutat.com\\\/es\\\/provincia-de-tarragona\\\/la-cena-solidaria-contra-el-cancer-recauda-34-980-euros-en-tarragona\\\/#primaryimage\"},\"image\":{\"@id\":\"https:\\\/\\\/radiociutat.com\\\/es\\\/provincia-de-tarragona\\\/la-cena-solidaria-contra-el-cancer-recauda-34-980-euros-en-tarragona\\\/#primaryimage\"},\"thumbnailUrl\":\"https:\\\/\\\/files.radiociutat.com\\\/rctgn\\\/wp-content\\\/uploads\\\/2026\\\/04\\\/DSC08536.jpg\",\"datePublished\":\"2026-04-25T13:45:54+00:00\",\"author\":{\"@id\":\"https:\\\/\\\/radiociutat.com\\\/es\\\/#\\\/schema\\\/person\\\/04b6638f9d2a9ea77408db76c5d8f0b5\"},\"breadcrumb\":{\"@id\":\"https:\\\/\\\/radiociutat.com\\\/es\\\/provincia-de-tarragona\\\/la-cena-solidaria-contra-el-cancer-recauda-34-980-euros-en-tarragona\\\/#breadcrumb\"},\"inLanguage\":\"es\",\"potentialAction\":[{\"@type\":\"ReadAction\",\"target\":[\"https:\\\/\\\/radiociutat.com\\\/es\\\/provincia-de-tarragona\\\/la-cena-solidaria-contra-el-cancer-recauda-34-980-euros-en-tarragona\\\/\"]}]},{\"@type\":\"ImageObject\",\"inLanguage\":\"es\",\"@id\":\"https:\\\/\\\/radiociutat.com\\\/es\\\/provincia-de-tarragona\\\/la-cena-solidaria-contra-el-cancer-recauda-34-980-euros-en-tarragona\\\/#primaryimage\",\"url\":\"https:\\\/\\\/files.radiociutat.com\\\/rctgn\\\/wp-content\\\/uploads\\\/2026\\\/04\\\/DSC08536.jpg\",\"contentUrl\":\"https:\\\/\\\/files.radiociutat.com\\\/rctgn\\\/wp-content\\\/uploads\\\/2026\\\/04\\\/DSC08536.jpg\",\"width\":1920,\"height\":1080,\"caption\":\"Sopar C\u00e0ncer\"},{\"@type\":\"BreadcrumbList\",\"@id\":\"https:\\\/\\\/radiociutat.com\\\/es\\\/provincia-de-tarragona\\\/la-cena-solidaria-contra-el-cancer-recauda-34-980-euros-en-tarragona\\\/#breadcrumb\",\"itemListElement\":[{\"@type\":\"ListItem\",\"position\":1,\"name\":\"Inici\",\"item\":\"https:\\\/\\\/radiociutat.com\\\/es\\\/\"},{\"@type\":\"ListItem\",\"position\":2,\"name\":\"La Cena Solidaria contra el c\u00e1ncer recauda 34.980 euros en Tarragona\"}]},{\"@type\":\"WebSite\",\"@id\":\"https:\\\/\\\/radiociutat.com\\\/es\\\/#website\",\"url\":\"https:\\\/\\\/radiociutat.com\\\/es\\\/\",\"name\":\"R\u00e0dio Ciutat de Tarragona\",\"description\":\"R\u00e0dio Ciutat de Tarragona - RCTgn.cat R\u00e0dio Online\",\"potentialAction\":[{\"@type\":\"SearchAction\",\"target\":{\"@type\":\"EntryPoint\",\"urlTemplate\":\"https:\\\/\\\/radiociutat.com\\\/es\\\/?s={search_term_string}\"},\"query-input\":{\"@type\":\"PropertyValueSpecification\",\"valueRequired\":true,\"valueName\":\"search_term_string\"}}],\"inLanguage\":\"es\"},{\"@type\":\"Person\",\"@id\":\"https:\\\/\\\/radiociutat.com\\\/es\\\/#\\\/schema\\\/person\\\/04b6638f9d2a9ea77408db76c5d8f0b5\",\"name\":\"Redacci\u00f3\",\"sameAs\":[\"https:\\\/\\\/radiociutat.com\\\/wp-content\\\/uploads\\\/2023\\\/09\\\/LOGO-RCTGN-CUADRAT.png\"],\"url\":\"https:\\\/\\\/radiociutat.com\\\/es\\\/author\\\/jespinosa\\\/\"}]}<\/script>\n<!-- \/ Yoast SEO Premium plugin. -->","yoast_head_json":{"title":"La Cena Solidaria contra el c\u00e1ncer recauda 34.980 euros en Tarragona - R\u00e0dio Ciutat de Tarragona","robots":{"index":"index","follow":"follow","max-snippet":"max-snippet:-1","max-image-preview":"max-image-preview:large","max-video-preview":"max-video-preview:-1"},"canonical":"https:\/\/radiociutat.com\/es\/provincia-de-tarragona\/la-cena-solidaria-contra-el-cancer-recauda-34-980-euros-en-tarragona\/","og_locale":"es_ES","og_type":"article","og_title":"La Cena Solidaria contra el c\u00e1ncer recauda 34.980 euros en Tarragona","og_description":"La Asociaci\u00f3n Contra el C\u00e1ncer en Tarragona ha recaudado 34.980 euros en una nueva edici\u00f3n de su Cena Solidaria, celebrada ayer por la noche en l\u2019Orangerie. La cita, ya consolidada en el calendario social del territorio, reuni\u00f3 a m\u00e1s de 300 asistentes entre representantes institucionales, sanitarios, empresariales y entidades de la sociedad civil. El dinero [&hellip;]","og_url":"https:\/\/radiociutat.com\/es\/provincia-de-tarragona\/la-cena-solidaria-contra-el-cancer-recauda-34-980-euros-en-tarragona\/","og_site_name":"R\u00e0dio Ciutat de Tarragona","article_publisher":"https:\/\/www.facebook.com\/rctgn","article_published_time":"2026-04-25T13:45:54+00:00","og_image":[{"width":3000,"height":3000,"url":"https:\/\/files.radiociutat.com\/rctgn\/wp-content\/uploads\/2021\/03\/LOGO-RCTGN-RADIO-CIUTAT-DE-TARRAGONA-TRANSPARENTE-TARRAGONA-2020-3000X3000-Redes1-copia.png","type":"image\/png"}],"author":"Redacci\u00f3","twitter_card":"summary_large_image","twitter_creator":"@RCTgn","twitter_site":"@RCTgn","twitter_misc":{"Escrito por":"Redacci\u00f3","Tiempo de lectura":"2 minutos"},"schema":{"@context":"https:\/\/schema.org","@graph":[{"@type":"Article","@id":"https:\/\/radiociutat.com\/es\/provincia-de-tarragona\/la-cena-solidaria-contra-el-cancer-recauda-34-980-euros-en-tarragona\/#article","isPartOf":{"@id":"https:\/\/radiociutat.com\/es\/provincia-de-tarragona\/la-cena-solidaria-contra-el-cancer-recauda-34-980-euros-en-tarragona\/"},"author":{"name":"Redacci\u00f3","@id":"https:\/\/radiociutat.com\/es\/#\/schema\/person\/04b6638f9d2a9ea77408db76c5d8f0b5"},"headline":"La Cena Solidaria contra el c\u00e1ncer recauda 34.980 euros en Tarragona","datePublished":"2026-04-25T13:45:54+00:00","mainEntityOfPage":{"@id":"https:\/\/radiociutat.com\/es\/provincia-de-tarragona\/la-cena-solidaria-contra-el-cancer-recauda-34-980-euros-en-tarragona\/"},"wordCount":468,"image":{"@id":"https:\/\/radiociutat.com\/es\/provincia-de-tarragona\/la-cena-solidaria-contra-el-cancer-recauda-34-980-euros-en-tarragona\/#primaryimage"},"thumbnailUrl":"https:\/\/files.radiociutat.com\/rctgn\/wp-content\/uploads\/2026\/04\/DSC08536.jpg","keywords":["Associaci\u00f3 contra el C\u00e0ncer","Sopar Solidari","Tarragona"],"articleSection":["Campo de Tarragona","Cr\u00f3nicas","Nota autom\u00e1tica","Prov\u00edncia de Tarragona","Salud","Sociedad","Tarragona","Tarragon\u00e9s","\u00daltimas noticias"],"inLanguage":"es"},{"@type":"WebPage","@id":"https:\/\/radiociutat.com\/es\/provincia-de-tarragona\/la-cena-solidaria-contra-el-cancer-recauda-34-980-euros-en-tarragona\/","url":"https:\/\/radiociutat.com\/es\/provincia-de-tarragona\/la-cena-solidaria-contra-el-cancer-recauda-34-980-euros-en-tarragona\/","name":"La Cena Solidaria contra el c\u00e1ncer recauda 34.980 euros en Tarragona - R\u00e0dio Ciutat de Tarragona","isPartOf":{"@id":"https:\/\/radiociutat.com\/es\/#website"},"primaryImageOfPage":{"@id":"https:\/\/radiociutat.com\/es\/provincia-de-tarragona\/la-cena-solidaria-contra-el-cancer-recauda-34-980-euros-en-tarragona\/#primaryimage"},"image":{"@id":"https:\/\/radiociutat.com\/es\/provincia-de-tarragona\/la-cena-solidaria-contra-el-cancer-recauda-34-980-euros-en-tarragona\/#primaryimage"},"thumbnailUrl":"https:\/\/files.radiociutat.com\/rctgn\/wp-content\/uploads\/2026\/04\/DSC08536.jpg","datePublished":"2026-04-25T13:45:54+00:00","author":{"@id":"https:\/\/radiociutat.com\/es\/#\/schema\/person\/04b6638f9d2a9ea77408db76c5d8f0b5"},"breadcrumb":{"@id":"https:\/\/radiociutat.com\/es\/provincia-de-tarragona\/la-cena-solidaria-contra-el-cancer-recauda-34-980-euros-en-tarragona\/#breadcrumb"},"inLanguage":"es","potentialAction":[{"@type":"ReadAction","target":["https:\/\/radiociutat.com\/es\/provincia-de-tarragona\/la-cena-solidaria-contra-el-cancer-recauda-34-980-euros-en-tarragona\/"]}]},{"@type":"ImageObject","inLanguage":"es","@id":"https:\/\/radiociutat.com\/es\/provincia-de-tarragona\/la-cena-solidaria-contra-el-cancer-recauda-34-980-euros-en-tarragona\/#primaryimage","url":"https:\/\/files.radiociutat.com\/rctgn\/wp-content\/uploads\/2026\/04\/DSC08536.jpg","contentUrl":"https:\/\/files.radiociutat.com\/rctgn\/wp-content\/uploads\/2026\/04\/DSC08536.jpg","width":1920,"height":1080,"caption":"Sopar C\u00e0ncer"},{"@type":"BreadcrumbList","@id":"https:\/\/radiociutat.com\/es\/provincia-de-tarragona\/la-cena-solidaria-contra-el-cancer-recauda-34-980-euros-en-tarragona\/#breadcrumb","itemListElement":[{"@type":"ListItem","position":1,"name":"Inici","item":"https:\/\/radiociutat.com\/es\/"},{"@type":"ListItem","position":2,"name":"La Cena Solidaria contra el c\u00e1ncer recauda 34.980 euros en Tarragona"}]},{"@type":"WebSite","@id":"https:\/\/radiociutat.com\/es\/#website","url":"https:\/\/radiociutat.com\/es\/","name":"R\u00e0dio Ciutat de Tarragona","description":"R\u00e0dio Ciutat de Tarragona - RCTgn.cat R\u00e0dio Online","potentialAction":[{"@type":"SearchAction","target":{"@type":"EntryPoint","urlTemplate":"https:\/\/radiociutat.com\/es\/?s={search_term_string}"},"query-input":{"@type":"PropertyValueSpecification","valueRequired":true,"valueName":"search_term_string"}}],"inLanguage":"es"},{"@type":"Person","@id":"https:\/\/radiociutat.com\/es\/#\/schema\/person\/04b6638f9d2a9ea77408db76c5d8f0b5","name":"Redacci\u00f3","sameAs":["https:\/\/radiociutat.com\/wp-content\/uploads\/2023\/09\/LOGO-RCTGN-CUADRAT.png"],"url":"https:\/\/radiociutat.com\/es\/author\/jespinosa\/"}]}},"_links":{"self":[{"href":"https:\/\/radiociutat.com\/es\/wp-json\/wp\/v2\/posts\/377956","targetHints":{"allow":["GET"]}}],"collection":[{"href":"https:\/\/radiociutat.com\/es\/wp-json\/wp\/v2\/posts"}],"about":[{"href":"https:\/\/radiociutat.com\/es\/wp-json\/wp\/v2\/types\/post"}],"author":[{"embeddable":true,"href":"https:\/\/radiociutat.com\/es\/wp-json\/wp\/v2\/users\/1"}],"replies":[{"embeddable":true,"href":"https:\/\/radiociutat.com\/es\/wp-json\/wp\/v2\/comments?post=377956"}],"version-history":[{"count":0,"href":"https:\/\/radiociutat.com\/es\/wp-json\/wp\/v2\/posts\/377956\/revisions"}],"wp:featuredmedia":[{"embeddable":true,"href":"https:\/\/radiociutat.com\/es\/wp-json\/wp\/v2\/media\/377952"}],"wp:attachment":[{"href":"https:\/\/radiociutat.com\/es\/wp-json\/wp\/v2\/media?parent=377956"}],"wp:term":[{"taxonomy":"category","embeddable":true,"href":"https:\/\/radiociutat.com\/es\/wp-json\/wp\/v2\/categories?post=377956"},{"taxonomy":"post_tag","embeddable":true,"href":"https:\/\/radiociutat.com\/es\/wp-json\/wp\/v2\/tags?post=377956"}],"curies":[{"name":"wp","href":"https:\/\/api.w.org\/{rel}","templated":true}]}}