{"id":377936,"date":"2026-04-25T10:45:39","date_gmt":"2026-04-25T08:45:39","guid":{"rendered":"https:\/\/radiociutat.com\/programes-podcast\/la-feria-de-atracciones-de-bonavista-abre-sus-puertas-hasta-el-3-de-mayo\/"},"modified":"2026-04-25T10:45:39","modified_gmt":"2026-04-25T08:45:39","slug":"la-feria-de-atracciones-de-bonavista-abre-sus-puertas-hasta-el-3-de-mayo","status":"publish","type":"post","link":"https:\/\/radiociutat.com\/es\/ultimas-noticias\/cronicas\/la-feria-de-atracciones-de-bonavista-abre-sus-puertas-hasta-el-3-de-mayo\/","title":{"rendered":"La Feria de Atracciones de Bonavista abre sus puertas hasta el 3 de mayo"},"content":{"rendered":"\n<p>La tradicional <strong>Feria de Atracciones de Bonavista<\/strong> ha abierto este viernes sus puertas en el marco de la 32\u00aa edici\u00f3n de la <strong>Feria de Abril<\/strong> de la ciudad. Cada d\u00eda hasta el 3 de mayo, una cincuentena de atracciones de feria har\u00e1n las delicias de peque\u00f1os y grandes. El espacio se ha instalado de la mano del Gremio de Atracciones de Ferias de Catalu\u00f1a (GREFIC) y complementar\u00e1 la zona de las tradicionales casetas de tem\u00e1tica andaluza de la Feria de Abril, las cuales contar\u00e1n con una programaci\u00f3n musical y art\u00edstica, y que abrir\u00e1 sus puertas el pr\u00f3ximo 30 de abril.<\/p>\n\n\n\n<p>El alcalde de Tarragona, <strong>Rub\u00e9n Vi\u00f1uales<\/strong>; acompa\u00f1ado por la presidenta de Mercats de Tarragona y concejala de Comercio, <strong>Montse Adan<\/strong>; la concejala del Ayuntamiento de Tarragona y regidora de barrio de Bonavista, <strong>Sonia Orts<\/strong>; y representantes del Gremio de Atracciones de Ferias de Catalu\u00f1a (GREFIC) y de las entidades participantes en la Feria, han dado el pistoletazo de salida a diez d\u00edas de ocio, cultura y gastronom\u00eda en Bonavista. La Feria de Abril est\u00e1 organizada por Mercats de Tarragona y cuenta con la participaci\u00f3n de siete entidades de la ciudad.<\/p>\n\n\n\n<h2 class=\"wp-block-heading\" id=\"h-dues-novetats-enguany\">Dos novedades este a\u00f1o<\/h2>\n\n\n\n<p>La edici\u00f3n de este a\u00f1o de la Feria de Abril cuenta con dos novedades principales. Destaca la apuesta por una actuaci\u00f3n dirigida a p\u00fablico familiar el domingo 3 de mayo por la ma\u00f1ana a cargo de Landry con su banda. Esta se a\u00f1ade a las veintitr\u00e9s actuaciones programadas en el escenario principal que complementar\u00e1n el habitual ambiente musical de las casetas de cada entidad.<\/p>\n\n\n\n<p>Y en segundo lugar tambi\u00e9n hay que destacar el traslado al s\u00e1bado por la tarde de la tradicional doma de caballos. De esta manera se pretende favorecer el flujo de personas y veh\u00edculos, al no coincidir con la celebraci\u00f3n del mercadillo de Bonavista el domingo por la ma\u00f1ana. La doma tendr\u00e1 lugar en el aparcamiento no asfaltado al lado del hogar de jubilados de Bonavista.<\/p>\n","protected":false},"excerpt":{"rendered":"<p>La tradicional Feria de Atracciones de Bonavista ha abierto este viernes sus puertas en el marco de la 32\u00aa edici\u00f3n de la Feria de Abril de la ciudad. Cada d\u00eda hasta el 3 de mayo, una cincuentena de atracciones de feria har\u00e1n las delicias de peque\u00f1os y grandes. El espacio se ha instalado de la [&hellip;]<\/p>\n","protected":false},"author":1,"featured_media":377934,"comment_status":"closed","ping_status":"closed","sticky":false,"template":"","format":"standard","meta":{"footnotes":""},"categories":[13688,13716],"tags":[14923,19],"class_list":["post-377936","post","type-post","status-publish","format-standard","has-post-thumbnail","hentry","category-cronicas","category-ultimas-noticias","tag-bonavista","tag-tarragona"],"yoast_head":"<!-- This site is optimized with the Yoast SEO Premium plugin v27.4 (Yoast SEO v27.4) - https:\/\/yoast.com\/product\/yoast-seo-premium-wordpress\/ -->\n<title>La Feria de Atracciones de Bonavista abre sus puertas hasta el 3 de mayo - R\u00e0dio Ciutat de Tarragona<\/title>\n<meta name=\"robots\" content=\"index, follow, max-snippet:-1, max-image-preview:large, max-video-preview:-1\" \/>\n<link rel=\"canonical\" href=\"https:\/\/radiociutat.com\/es\/ultimas-noticias\/cronicas\/la-feria-de-atracciones-de-bonavista-abre-sus-puertas-hasta-el-3-de-mayo\/\" \/>\n<meta property=\"og:locale\" content=\"es_ES\" \/>\n<meta property=\"og:type\" content=\"article\" \/>\n<meta property=\"og:title\" content=\"La Feria de Atracciones de Bonavista abre sus puertas hasta el 3 de mayo\" \/>\n<meta property=\"og:description\" content=\"La tradicional Feria de Atracciones de Bonavista ha abierto este viernes sus puertas en el marco de la 32\u00aa edici\u00f3n de la Feria de Abril de la ciudad. Cada d\u00eda hasta el 3 de mayo, una cincuentena de atracciones de feria har\u00e1n las delicias de peque\u00f1os y grandes. El espacio se ha instalado de la [&hellip;]\" \/>\n<meta property=\"og:url\" content=\"https:\/\/radiociutat.com\/es\/ultimas-noticias\/cronicas\/la-feria-de-atracciones-de-bonavista-abre-sus-puertas-hasta-el-3-de-mayo\/\" \/>\n<meta property=\"og:site_name\" content=\"R\u00e0dio Ciutat de Tarragona\" \/>\n<meta property=\"article:publisher\" content=\"https:\/\/www.facebook.com\/rctgn\" \/>\n<meta property=\"article:published_time\" content=\"2026-04-25T08:45:39+00:00\" \/>\n<meta property=\"og:image\" content=\"https:\/\/files.radiociutat.com\/rctgn\/wp-content\/uploads\/2021\/03\/LOGO-RCTGN-RADIO-CIUTAT-DE-TARRAGONA-TRANSPARENTE-TARRAGONA-2020-3000X3000-Redes1-copia.png\" \/>\n\t<meta property=\"og:image:width\" content=\"3000\" \/>\n\t<meta property=\"og:image:height\" content=\"3000\" \/>\n\t<meta property=\"og:image:type\" content=\"image\/png\" \/>\n<meta name=\"author\" content=\"Redacci\u00f3\" \/>\n<meta name=\"twitter:card\" content=\"summary_large_image\" \/>\n<meta name=\"twitter:creator\" content=\"@RCTgn\" \/>\n<meta name=\"twitter:site\" content=\"@RCTgn\" \/>\n<meta name=\"twitter:label1\" content=\"Escrito por\" \/>\n\t<meta name=\"twitter:data1\" content=\"Redacci\u00f3\" \/>\n\t<meta name=\"twitter:label2\" content=\"Tiempo de lectura\" \/>\n\t<meta name=\"twitter:data2\" content=\"2 minutos\" \/>\n<script type=\"application\/ld+json\" class=\"yoast-schema-graph\">{\"@context\":\"https:\\\/\\\/schema.org\",\"@graph\":[{\"@type\":\"Article\",\"@id\":\"https:\\\/\\\/radiociutat.com\\\/es\\\/ultimas-noticias\\\/cronicas\\\/la-feria-de-atracciones-de-bonavista-abre-sus-puertas-hasta-el-3-de-mayo\\\/#article\",\"isPartOf\":{\"@id\":\"https:\\\/\\\/radiociutat.com\\\/es\\\/ultimas-noticias\\\/cronicas\\\/la-feria-de-atracciones-de-bonavista-abre-sus-puertas-hasta-el-3-de-mayo\\\/\"},\"author\":{\"name\":\"Redacci\u00f3\",\"@id\":\"https:\\\/\\\/radiociutat.com\\\/es\\\/#\\\/schema\\\/person\\\/04b6638f9d2a9ea77408db76c5d8f0b5\"},\"headline\":\"La Feria de Atracciones de Bonavista abre sus puertas hasta el 3 de mayo\",\"datePublished\":\"2026-04-25T08:45:39+00:00\",\"mainEntityOfPage\":{\"@id\":\"https:\\\/\\\/radiociutat.com\\\/es\\\/ultimas-noticias\\\/cronicas\\\/la-feria-de-atracciones-de-bonavista-abre-sus-puertas-hasta-el-3-de-mayo\\\/\"},\"wordCount\":363,\"image\":{\"@id\":\"https:\\\/\\\/radiociutat.com\\\/es\\\/ultimas-noticias\\\/cronicas\\\/la-feria-de-atracciones-de-bonavista-abre-sus-puertas-hasta-el-3-de-mayo\\\/#primaryimage\"},\"thumbnailUrl\":\"https:\\\/\\\/files.radiociutat.com\\\/rctgn\\\/wp-content\\\/uploads\\\/2026\\\/04\\\/26.04.24_Fira-atraccions-Fira-Abril-DAVID-OLIETE-02-e1777106592143.jpg\",\"keywords\":[\"Bonavista\",\"Tarragona\"],\"articleSection\":[\"Cr\u00f3nicas\",\"\u00daltimas noticias\"],\"inLanguage\":\"es\"},{\"@type\":\"WebPage\",\"@id\":\"https:\\\/\\\/radiociutat.com\\\/es\\\/ultimas-noticias\\\/cronicas\\\/la-feria-de-atracciones-de-bonavista-abre-sus-puertas-hasta-el-3-de-mayo\\\/\",\"url\":\"https:\\\/\\\/radiociutat.com\\\/es\\\/ultimas-noticias\\\/cronicas\\\/la-feria-de-atracciones-de-bonavista-abre-sus-puertas-hasta-el-3-de-mayo\\\/\",\"name\":\"La Feria de Atracciones de Bonavista abre sus puertas hasta el 3 de mayo - R\u00e0dio Ciutat de Tarragona\",\"isPartOf\":{\"@id\":\"https:\\\/\\\/radiociutat.com\\\/es\\\/#website\"},\"primaryImageOfPage\":{\"@id\":\"https:\\\/\\\/radiociutat.com\\\/es\\\/ultimas-noticias\\\/cronicas\\\/la-feria-de-atracciones-de-bonavista-abre-sus-puertas-hasta-el-3-de-mayo\\\/#primaryimage\"},\"image\":{\"@id\":\"https:\\\/\\\/radiociutat.com\\\/es\\\/ultimas-noticias\\\/cronicas\\\/la-feria-de-atracciones-de-bonavista-abre-sus-puertas-hasta-el-3-de-mayo\\\/#primaryimage\"},\"thumbnailUrl\":\"https:\\\/\\\/files.radiociutat.com\\\/rctgn\\\/wp-content\\\/uploads\\\/2026\\\/04\\\/26.04.24_Fira-atraccions-Fira-Abril-DAVID-OLIETE-02-e1777106592143.jpg\",\"datePublished\":\"2026-04-25T08:45:39+00:00\",\"author\":{\"@id\":\"https:\\\/\\\/radiociutat.com\\\/es\\\/#\\\/schema\\\/person\\\/04b6638f9d2a9ea77408db76c5d8f0b5\"},\"breadcrumb\":{\"@id\":\"https:\\\/\\\/radiociutat.com\\\/es\\\/ultimas-noticias\\\/cronicas\\\/la-feria-de-atracciones-de-bonavista-abre-sus-puertas-hasta-el-3-de-mayo\\\/#breadcrumb\"},\"inLanguage\":\"es\",\"potentialAction\":[{\"@type\":\"ReadAction\",\"target\":[\"https:\\\/\\\/radiociutat.com\\\/es\\\/ultimas-noticias\\\/cronicas\\\/la-feria-de-atracciones-de-bonavista-abre-sus-puertas-hasta-el-3-de-mayo\\\/\"]}]},{\"@type\":\"ImageObject\",\"inLanguage\":\"es\",\"@id\":\"https:\\\/\\\/radiociutat.com\\\/es\\\/ultimas-noticias\\\/cronicas\\\/la-feria-de-atracciones-de-bonavista-abre-sus-puertas-hasta-el-3-de-mayo\\\/#primaryimage\",\"url\":\"https:\\\/\\\/files.radiociutat.com\\\/rctgn\\\/wp-content\\\/uploads\\\/2026\\\/04\\\/26.04.24_Fira-atraccions-Fira-Abril-DAVID-OLIETE-02-e1777106592143.jpg\",\"contentUrl\":\"https:\\\/\\\/files.radiociutat.com\\\/rctgn\\\/wp-content\\\/uploads\\\/2026\\\/04\\\/26.04.24_Fira-atraccions-Fira-Abril-DAVID-OLIETE-02-e1777106592143.jpg\",\"width\":2000,\"height\":1332},{\"@type\":\"BreadcrumbList\",\"@id\":\"https:\\\/\\\/radiociutat.com\\\/es\\\/ultimas-noticias\\\/cronicas\\\/la-feria-de-atracciones-de-bonavista-abre-sus-puertas-hasta-el-3-de-mayo\\\/#breadcrumb\",\"itemListElement\":[{\"@type\":\"ListItem\",\"position\":1,\"name\":\"Inici\",\"item\":\"https:\\\/\\\/radiociutat.com\\\/es\\\/\"},{\"@type\":\"ListItem\",\"position\":2,\"name\":\"La Feria de Atracciones de Bonavista abre sus puertas hasta el 3 de mayo\"}]},{\"@type\":\"WebSite\",\"@id\":\"https:\\\/\\\/radiociutat.com\\\/es\\\/#website\",\"url\":\"https:\\\/\\\/radiociutat.com\\\/es\\\/\",\"name\":\"R\u00e0dio Ciutat de Tarragona\",\"description\":\"R\u00e0dio Ciutat de Tarragona - RCTgn.cat R\u00e0dio Online\",\"potentialAction\":[{\"@type\":\"SearchAction\",\"target\":{\"@type\":\"EntryPoint\",\"urlTemplate\":\"https:\\\/\\\/radiociutat.com\\\/es\\\/?s={search_term_string}\"},\"query-input\":{\"@type\":\"PropertyValueSpecification\",\"valueRequired\":true,\"valueName\":\"search_term_string\"}}],\"inLanguage\":\"es\"},{\"@type\":\"Person\",\"@id\":\"https:\\\/\\\/radiociutat.com\\\/es\\\/#\\\/schema\\\/person\\\/04b6638f9d2a9ea77408db76c5d8f0b5\",\"name\":\"Redacci\u00f3\",\"sameAs\":[\"https:\\\/\\\/radiociutat.com\\\/wp-content\\\/uploads\\\/2023\\\/09\\\/LOGO-RCTGN-CUADRAT.png\"],\"url\":\"https:\\\/\\\/radiociutat.com\\\/es\\\/author\\\/jespinosa\\\/\"}]}<\/script>\n<!-- \/ Yoast SEO Premium plugin. -->","yoast_head_json":{"title":"La Feria de Atracciones de Bonavista abre sus puertas hasta el 3 de mayo - R\u00e0dio Ciutat de Tarragona","robots":{"index":"index","follow":"follow","max-snippet":"max-snippet:-1","max-image-preview":"max-image-preview:large","max-video-preview":"max-video-preview:-1"},"canonical":"https:\/\/radiociutat.com\/es\/ultimas-noticias\/cronicas\/la-feria-de-atracciones-de-bonavista-abre-sus-puertas-hasta-el-3-de-mayo\/","og_locale":"es_ES","og_type":"article","og_title":"La Feria de Atracciones de Bonavista abre sus puertas hasta el 3 de mayo","og_description":"La tradicional Feria de Atracciones de Bonavista ha abierto este viernes sus puertas en el marco de la 32\u00aa edici\u00f3n de la Feria de Abril de la ciudad. Cada d\u00eda hasta el 3 de mayo, una cincuentena de atracciones de feria har\u00e1n las delicias de peque\u00f1os y grandes. El espacio se ha instalado de la [&hellip;]","og_url":"https:\/\/radiociutat.com\/es\/ultimas-noticias\/cronicas\/la-feria-de-atracciones-de-bonavista-abre-sus-puertas-hasta-el-3-de-mayo\/","og_site_name":"R\u00e0dio Ciutat de Tarragona","article_publisher":"https:\/\/www.facebook.com\/rctgn","article_published_time":"2026-04-25T08:45:39+00:00","og_image":[{"width":3000,"height":3000,"url":"https:\/\/files.radiociutat.com\/rctgn\/wp-content\/uploads\/2021\/03\/LOGO-RCTGN-RADIO-CIUTAT-DE-TARRAGONA-TRANSPARENTE-TARRAGONA-2020-3000X3000-Redes1-copia.png","type":"image\/png"}],"author":"Redacci\u00f3","twitter_card":"summary_large_image","twitter_creator":"@RCTgn","twitter_site":"@RCTgn","twitter_misc":{"Escrito por":"Redacci\u00f3","Tiempo de lectura":"2 minutos"},"schema":{"@context":"https:\/\/schema.org","@graph":[{"@type":"Article","@id":"https:\/\/radiociutat.com\/es\/ultimas-noticias\/cronicas\/la-feria-de-atracciones-de-bonavista-abre-sus-puertas-hasta-el-3-de-mayo\/#article","isPartOf":{"@id":"https:\/\/radiociutat.com\/es\/ultimas-noticias\/cronicas\/la-feria-de-atracciones-de-bonavista-abre-sus-puertas-hasta-el-3-de-mayo\/"},"author":{"name":"Redacci\u00f3","@id":"https:\/\/radiociutat.com\/es\/#\/schema\/person\/04b6638f9d2a9ea77408db76c5d8f0b5"},"headline":"La Feria de Atracciones de Bonavista abre sus puertas hasta el 3 de mayo","datePublished":"2026-04-25T08:45:39+00:00","mainEntityOfPage":{"@id":"https:\/\/radiociutat.com\/es\/ultimas-noticias\/cronicas\/la-feria-de-atracciones-de-bonavista-abre-sus-puertas-hasta-el-3-de-mayo\/"},"wordCount":363,"image":{"@id":"https:\/\/radiociutat.com\/es\/ultimas-noticias\/cronicas\/la-feria-de-atracciones-de-bonavista-abre-sus-puertas-hasta-el-3-de-mayo\/#primaryimage"},"thumbnailUrl":"https:\/\/files.radiociutat.com\/rctgn\/wp-content\/uploads\/2026\/04\/26.04.24_Fira-atraccions-Fira-Abril-DAVID-OLIETE-02-e1777106592143.jpg","keywords":["Bonavista","Tarragona"],"articleSection":["Cr\u00f3nicas","\u00daltimas noticias"],"inLanguage":"es"},{"@type":"WebPage","@id":"https:\/\/radiociutat.com\/es\/ultimas-noticias\/cronicas\/la-feria-de-atracciones-de-bonavista-abre-sus-puertas-hasta-el-3-de-mayo\/","url":"https:\/\/radiociutat.com\/es\/ultimas-noticias\/cronicas\/la-feria-de-atracciones-de-bonavista-abre-sus-puertas-hasta-el-3-de-mayo\/","name":"La Feria de Atracciones de Bonavista abre sus puertas hasta el 3 de mayo - R\u00e0dio Ciutat de Tarragona","isPartOf":{"@id":"https:\/\/radiociutat.com\/es\/#website"},"primaryImageOfPage":{"@id":"https:\/\/radiociutat.com\/es\/ultimas-noticias\/cronicas\/la-feria-de-atracciones-de-bonavista-abre-sus-puertas-hasta-el-3-de-mayo\/#primaryimage"},"image":{"@id":"https:\/\/radiociutat.com\/es\/ultimas-noticias\/cronicas\/la-feria-de-atracciones-de-bonavista-abre-sus-puertas-hasta-el-3-de-mayo\/#primaryimage"},"thumbnailUrl":"https:\/\/files.radiociutat.com\/rctgn\/wp-content\/uploads\/2026\/04\/26.04.24_Fira-atraccions-Fira-Abril-DAVID-OLIETE-02-e1777106592143.jpg","datePublished":"2026-04-25T08:45:39+00:00","author":{"@id":"https:\/\/radiociutat.com\/es\/#\/schema\/person\/04b6638f9d2a9ea77408db76c5d8f0b5"},"breadcrumb":{"@id":"https:\/\/radiociutat.com\/es\/ultimas-noticias\/cronicas\/la-feria-de-atracciones-de-bonavista-abre-sus-puertas-hasta-el-3-de-mayo\/#breadcrumb"},"inLanguage":"es","potentialAction":[{"@type":"ReadAction","target":["https:\/\/radiociutat.com\/es\/ultimas-noticias\/cronicas\/la-feria-de-atracciones-de-bonavista-abre-sus-puertas-hasta-el-3-de-mayo\/"]}]},{"@type":"ImageObject","inLanguage":"es","@id":"https:\/\/radiociutat.com\/es\/ultimas-noticias\/cronicas\/la-feria-de-atracciones-de-bonavista-abre-sus-puertas-hasta-el-3-de-mayo\/#primaryimage","url":"https:\/\/files.radiociutat.com\/rctgn\/wp-content\/uploads\/2026\/04\/26.04.24_Fira-atraccions-Fira-Abril-DAVID-OLIETE-02-e1777106592143.jpg","contentUrl":"https:\/\/files.radiociutat.com\/rctgn\/wp-content\/uploads\/2026\/04\/26.04.24_Fira-atraccions-Fira-Abril-DAVID-OLIETE-02-e1777106592143.jpg","width":2000,"height":1332},{"@type":"BreadcrumbList","@id":"https:\/\/radiociutat.com\/es\/ultimas-noticias\/cronicas\/la-feria-de-atracciones-de-bonavista-abre-sus-puertas-hasta-el-3-de-mayo\/#breadcrumb","itemListElement":[{"@type":"ListItem","position":1,"name":"Inici","item":"https:\/\/radiociutat.com\/es\/"},{"@type":"ListItem","position":2,"name":"La Feria de Atracciones de Bonavista abre sus puertas hasta el 3 de mayo"}]},{"@type":"WebSite","@id":"https:\/\/radiociutat.com\/es\/#website","url":"https:\/\/radiociutat.com\/es\/","name":"R\u00e0dio Ciutat de Tarragona","description":"R\u00e0dio Ciutat de Tarragona - RCTgn.cat R\u00e0dio Online","potentialAction":[{"@type":"SearchAction","target":{"@type":"EntryPoint","urlTemplate":"https:\/\/radiociutat.com\/es\/?s={search_term_string}"},"query-input":{"@type":"PropertyValueSpecification","valueRequired":true,"valueName":"search_term_string"}}],"inLanguage":"es"},{"@type":"Person","@id":"https:\/\/radiociutat.com\/es\/#\/schema\/person\/04b6638f9d2a9ea77408db76c5d8f0b5","name":"Redacci\u00f3","sameAs":["https:\/\/radiociutat.com\/wp-content\/uploads\/2023\/09\/LOGO-RCTGN-CUADRAT.png"],"url":"https:\/\/radiociutat.com\/es\/author\/jespinosa\/"}]}},"_links":{"self":[{"href":"https:\/\/radiociutat.com\/es\/wp-json\/wp\/v2\/posts\/377936","targetHints":{"allow":["GET"]}}],"collection":[{"href":"https:\/\/radiociutat.com\/es\/wp-json\/wp\/v2\/posts"}],"about":[{"href":"https:\/\/radiociutat.com\/es\/wp-json\/wp\/v2\/types\/post"}],"author":[{"embeddable":true,"href":"https:\/\/radiociutat.com\/es\/wp-json\/wp\/v2\/users\/1"}],"replies":[{"embeddable":true,"href":"https:\/\/radiociutat.com\/es\/wp-json\/wp\/v2\/comments?post=377936"}],"version-history":[{"count":0,"href":"https:\/\/radiociutat.com\/es\/wp-json\/wp\/v2\/posts\/377936\/revisions"}],"wp:featuredmedia":[{"embeddable":true,"href":"https:\/\/radiociutat.com\/es\/wp-json\/wp\/v2\/media\/377934"}],"wp:attachment":[{"href":"https:\/\/radiociutat.com\/es\/wp-json\/wp\/v2\/media?parent=377936"}],"wp:term":[{"taxonomy":"category","embeddable":true,"href":"https:\/\/radiociutat.com\/es\/wp-json\/wp\/v2\/categories?post=377936"},{"taxonomy":"post_tag","embeddable":true,"href":"https:\/\/radiociutat.com\/es\/wp-json\/wp\/v2\/tags?post=377936"}],"curies":[{"name":"wp","href":"https:\/\/api.w.org\/{rel}","templated":true}]}}