{"id":377924,"date":"2026-04-24T16:41:54","date_gmt":"2026-04-24T14:41:54","guid":{"rendered":"https:\/\/radiociutat.com\/programes-podcast\/carrer-major-una-muestra-en-tarragona-descubre-el-jujol-mas-intimo-y-desconocido\/"},"modified":"2026-04-24T16:41:54","modified_gmt":"2026-04-24T14:41:54","slug":"carrer-major-una-muestra-en-tarragona-descubre-el-jujol-mas-intimo-y-desconocido","status":"publish","type":"post","link":"https:\/\/radiociutat.com\/es\/carrer-major-tarragona-secciones\/carrer-major-una-muestra-en-tarragona-descubre-el-jujol-mas-intimo-y-desconocido\/","title":{"rendered":"Carrer Major | Una muestra en Tarragona descubre el Jujol m\u00e1s \u00edntimo y desconocido"},"content":{"rendered":"\n<p>El arquitecto Josep Maria Jujol vuelve a la actualidad con una mirada renovada gracias a la exposici\u00f3n <em>\u201cJuJoleJant l\u2019arxiu: dibuixar i modelar\u201d<\/em>, que se puede visitar en Tarragona hasta el 15 de mayo. La muestra, comisariada por Roger Miralles, re\u00fane m\u00e1s de 300 documentos \u2014muchos de ellos in\u00e9ditos\u2014 procedentes del archivo familiar del arquitecto. Hablamos con el comisario.<\/p>\n\n\n\n<p>La exposici\u00f3n pone el foco en el proceso creativo de Jujol, destacando el papel central del dibujo y el modelado en su manera de trabajar. Seg\u00fan Miralles, los documentos permiten entender c\u00f3mo el arquitecto part\u00eda de la observaci\u00f3n de la naturaleza \u2014animales y plantas\u2014 para desarrollar un lenguaje propio que evolucionaba hacia formas abstractas y, finalmente, arquitect\u00f3nicas. \u201cTrabajaba sobre todo a partir del dibujo. Primero dibujaba del natural, despu\u00e9s hac\u00eda abstracci\u00f3n y, a partir de aqu\u00ed, pod\u00eda proyectar arquitectura\u00bb, explica Miralles.<\/p>\n\n\n\n<p>La muestra tambi\u00e9n incluye objetos originales, como elementos decorativos y piezas cotidianas que Jujol transformaba con creatividad, incluso en contextos de precariedad, como durante la guerra.<\/p>\n\n\n\n<p>Con un archivo que ha pasado de 7.000 a m\u00e1s de 22.000 documentos, la donaci\u00f3n familiar ha permitido redescubrir un patrimonio hasta ahora poco conocido. Esta nueva mirada contribuye a reivindicar la figura de Jujol m\u00e1s all\u00e1 de su relaci\u00f3n con Antoni Gaud\u00ed. \u201cDeber\u00edamos dejar de contraponerlos. Hay un momento en que trabajan juntos, y las grandes obras son de Gaud\u00ed y Jujol\u00bb, asegura Miralles.<\/p>\n\n\n\n<p>La exposici\u00f3n tambi\u00e9n destaca la vertiente m\u00e1s social del arquitecto, que trabajaba a menudo para clientes con pocos recursos, pero consegu\u00eda resultados extraordinarios con materiales sencillos.<\/p>\n\n\n\n<p>\u201cJuJoleJant l\u2019arxiu\u201d es una propuesta abierta a todos los p\u00fablicos, que invita a descubrir no solo la obra final, sino tambi\u00e9n el pensamiento y la sensibilidad de uno de los creadores m\u00e1s singulares del modernismo catal\u00e1n.<\/p>\n","protected":false},"excerpt":{"rendered":"<p>El arquitecto Josep Maria Jujol vuelve a la actualidad con una mirada renovada gracias a la exposici\u00f3n \u201cJuJoleJant l\u2019arxiu: dibuixar i modelar\u201d, que se puede visitar en Tarragona hasta el 15 de mayo. La muestra, comisariada por Roger Miralles, re\u00fane m\u00e1s de 300 documentos \u2014muchos de ellos in\u00e9ditos\u2014 procedentes del archivo familiar del arquitecto. Hablamos [&hellip;]<\/p>\n","protected":false},"author":1,"featured_media":377903,"comment_status":"closed","ping_status":"closed","sticky":false,"template":"","format":"standard","meta":{"footnotes":""},"categories":[13680],"tags":[128,13683,144,88,1694,260,129,19,218],"class_list":["post-377924","post","type-post","status-publish","format-standard","has-post-thumbnail","hentry","category-carrer-major-tarragona-secciones","tag-actualitat","tag-calle-mayor","tag-cultura","tag-info","tag-jujol","tag-noticies","tag-societat","tag-tarragona","tag-tgn"],"yoast_head":"<!-- This site is optimized with the Yoast SEO Premium plugin v27.4 (Yoast SEO v27.4) - https:\/\/yoast.com\/product\/yoast-seo-premium-wordpress\/ -->\n<title>Carrer Major | Una muestra en Tarragona descubre el Jujol m\u00e1s \u00edntimo y desconocido - R\u00e0dio Ciutat de Tarragona<\/title>\n<meta name=\"robots\" content=\"index, follow, max-snippet:-1, max-image-preview:large, max-video-preview:-1\" \/>\n<link rel=\"canonical\" href=\"https:\/\/radiociutat.com\/es\/carrer-major-tarragona-secciones\/carrer-major-una-muestra-en-tarragona-descubre-el-jujol-mas-intimo-y-desconocido\/\" \/>\n<meta property=\"og:locale\" content=\"es_ES\" \/>\n<meta property=\"og:type\" content=\"article\" \/>\n<meta property=\"og:title\" content=\"Carrer Major | Una muestra en Tarragona descubre el Jujol m\u00e1s \u00edntimo y desconocido\" \/>\n<meta property=\"og:description\" content=\"El arquitecto Josep Maria Jujol vuelve a la actualidad con una mirada renovada gracias a la exposici\u00f3n \u201cJuJoleJant l\u2019arxiu: dibuixar i modelar\u201d, que se puede visitar en Tarragona hasta el 15 de mayo. La muestra, comisariada por Roger Miralles, re\u00fane m\u00e1s de 300 documentos \u2014muchos de ellos in\u00e9ditos\u2014 procedentes del archivo familiar del arquitecto. Hablamos [&hellip;]\" \/>\n<meta property=\"og:url\" content=\"https:\/\/radiociutat.com\/es\/carrer-major-tarragona-secciones\/carrer-major-una-muestra-en-tarragona-descubre-el-jujol-mas-intimo-y-desconocido\/\" \/>\n<meta property=\"og:site_name\" content=\"R\u00e0dio Ciutat de Tarragona\" \/>\n<meta property=\"article:publisher\" content=\"https:\/\/www.facebook.com\/rctgn\" \/>\n<meta property=\"article:published_time\" content=\"2026-04-24T14:41:54+00:00\" \/>\n<meta property=\"og:image\" content=\"https:\/\/files.radiociutat.com\/rctgn\/wp-content\/uploads\/2021\/03\/LOGO-RCTGN-RADIO-CIUTAT-DE-TARRAGONA-TRANSPARENTE-TARRAGONA-2020-3000X3000-Redes1-copia.png\" \/>\n\t<meta property=\"og:image:width\" content=\"3000\" \/>\n\t<meta property=\"og:image:height\" content=\"3000\" \/>\n\t<meta property=\"og:image:type\" content=\"image\/png\" \/>\n<meta name=\"author\" content=\"Redacci\u00f3\" \/>\n<meta name=\"twitter:card\" content=\"summary_large_image\" \/>\n<meta name=\"twitter:creator\" content=\"@RCTgn\" \/>\n<meta name=\"twitter:site\" content=\"@RCTgn\" \/>\n<meta name=\"twitter:label1\" content=\"Escrito por\" \/>\n\t<meta name=\"twitter:data1\" content=\"Redacci\u00f3\" \/>\n\t<meta name=\"twitter:label2\" content=\"Tiempo de lectura\" \/>\n\t<meta name=\"twitter:data2\" content=\"2 minutos\" \/>\n<script type=\"application\/ld+json\" class=\"yoast-schema-graph\">{\"@context\":\"https:\\\/\\\/schema.org\",\"@graph\":[{\"@type\":\"Article\",\"@id\":\"https:\\\/\\\/radiociutat.com\\\/es\\\/carrer-major-tarragona-secciones\\\/carrer-major-una-muestra-en-tarragona-descubre-el-jujol-mas-intimo-y-desconocido\\\/#article\",\"isPartOf\":{\"@id\":\"https:\\\/\\\/radiociutat.com\\\/es\\\/carrer-major-tarragona-secciones\\\/carrer-major-una-muestra-en-tarragona-descubre-el-jujol-mas-intimo-y-desconocido\\\/\"},\"author\":{\"name\":\"Redacci\u00f3\",\"@id\":\"https:\\\/\\\/radiociutat.com\\\/es\\\/#\\\/schema\\\/person\\\/04b6638f9d2a9ea77408db76c5d8f0b5\"},\"headline\":\"Carrer Major | Una muestra en Tarragona descubre el Jujol m\u00e1s \u00edntimo y desconocido\",\"datePublished\":\"2026-04-24T14:41:54+00:00\",\"mainEntityOfPage\":{\"@id\":\"https:\\\/\\\/radiociutat.com\\\/es\\\/carrer-major-tarragona-secciones\\\/carrer-major-una-muestra-en-tarragona-descubre-el-jujol-mas-intimo-y-desconocido\\\/\"},\"wordCount\":332,\"image\":{\"@id\":\"https:\\\/\\\/radiociutat.com\\\/es\\\/carrer-major-tarragona-secciones\\\/carrer-major-una-muestra-en-tarragona-descubre-el-jujol-mas-intimo-y-desconocido\\\/#primaryimage\"},\"thumbnailUrl\":\"https:\\\/\\\/files.radiociutat.com\\\/rctgn\\\/wp-content\\\/uploads\\\/2026\\\/04\\\/WhatsApp-Image-2026-04-24-at-16.35.32-e1777041405222.jpeg\",\"keywords\":[\"Actualitat\",\"calle mayor\",\"Cultura\",\"Info\",\"jujol\",\"not\u00edcies\",\"Societat\",\"Tarragona\",\"TGN\"],\"articleSection\":[\"Carrer Major Tarragona | Secciones\"],\"inLanguage\":\"es\"},{\"@type\":\"WebPage\",\"@id\":\"https:\\\/\\\/radiociutat.com\\\/es\\\/carrer-major-tarragona-secciones\\\/carrer-major-una-muestra-en-tarragona-descubre-el-jujol-mas-intimo-y-desconocido\\\/\",\"url\":\"https:\\\/\\\/radiociutat.com\\\/es\\\/carrer-major-tarragona-secciones\\\/carrer-major-una-muestra-en-tarragona-descubre-el-jujol-mas-intimo-y-desconocido\\\/\",\"name\":\"Carrer Major | Una muestra en Tarragona descubre el Jujol m\u00e1s \u00edntimo y desconocido - R\u00e0dio Ciutat de Tarragona\",\"isPartOf\":{\"@id\":\"https:\\\/\\\/radiociutat.com\\\/es\\\/#website\"},\"primaryImageOfPage\":{\"@id\":\"https:\\\/\\\/radiociutat.com\\\/es\\\/carrer-major-tarragona-secciones\\\/carrer-major-una-muestra-en-tarragona-descubre-el-jujol-mas-intimo-y-desconocido\\\/#primaryimage\"},\"image\":{\"@id\":\"https:\\\/\\\/radiociutat.com\\\/es\\\/carrer-major-tarragona-secciones\\\/carrer-major-una-muestra-en-tarragona-descubre-el-jujol-mas-intimo-y-desconocido\\\/#primaryimage\"},\"thumbnailUrl\":\"https:\\\/\\\/files.radiociutat.com\\\/rctgn\\\/wp-content\\\/uploads\\\/2026\\\/04\\\/WhatsApp-Image-2026-04-24-at-16.35.32-e1777041405222.jpeg\",\"datePublished\":\"2026-04-24T14:41:54+00:00\",\"author\":{\"@id\":\"https:\\\/\\\/radiociutat.com\\\/es\\\/#\\\/schema\\\/person\\\/04b6638f9d2a9ea77408db76c5d8f0b5\"},\"breadcrumb\":{\"@id\":\"https:\\\/\\\/radiociutat.com\\\/es\\\/carrer-major-tarragona-secciones\\\/carrer-major-una-muestra-en-tarragona-descubre-el-jujol-mas-intimo-y-desconocido\\\/#breadcrumb\"},\"inLanguage\":\"es\",\"potentialAction\":[{\"@type\":\"ReadAction\",\"target\":[\"https:\\\/\\\/radiociutat.com\\\/es\\\/carrer-major-tarragona-secciones\\\/carrer-major-una-muestra-en-tarragona-descubre-el-jujol-mas-intimo-y-desconocido\\\/\"]}]},{\"@type\":\"ImageObject\",\"inLanguage\":\"es\",\"@id\":\"https:\\\/\\\/radiociutat.com\\\/es\\\/carrer-major-tarragona-secciones\\\/carrer-major-una-muestra-en-tarragona-descubre-el-jujol-mas-intimo-y-desconocido\\\/#primaryimage\",\"url\":\"https:\\\/\\\/files.radiociutat.com\\\/rctgn\\\/wp-content\\\/uploads\\\/2026\\\/04\\\/WhatsApp-Image-2026-04-24-at-16.35.32-e1777041405222.jpeg\",\"contentUrl\":\"https:\\\/\\\/files.radiociutat.com\\\/rctgn\\\/wp-content\\\/uploads\\\/2026\\\/04\\\/WhatsApp-Image-2026-04-24-at-16.35.32-e1777041405222.jpeg\",\"width\":1600,\"height\":1200},{\"@type\":\"BreadcrumbList\",\"@id\":\"https:\\\/\\\/radiociutat.com\\\/es\\\/carrer-major-tarragona-secciones\\\/carrer-major-una-muestra-en-tarragona-descubre-el-jujol-mas-intimo-y-desconocido\\\/#breadcrumb\",\"itemListElement\":[{\"@type\":\"ListItem\",\"position\":1,\"name\":\"Inici\",\"item\":\"https:\\\/\\\/radiociutat.com\\\/es\\\/\"},{\"@type\":\"ListItem\",\"position\":2,\"name\":\"Carrer Major | Una muestra en Tarragona descubre el Jujol m\u00e1s \u00edntimo y desconocido\"}]},{\"@type\":\"WebSite\",\"@id\":\"https:\\\/\\\/radiociutat.com\\\/es\\\/#website\",\"url\":\"https:\\\/\\\/radiociutat.com\\\/es\\\/\",\"name\":\"R\u00e0dio Ciutat de Tarragona\",\"description\":\"R\u00e0dio Ciutat de Tarragona - RCTgn.cat R\u00e0dio Online\",\"potentialAction\":[{\"@type\":\"SearchAction\",\"target\":{\"@type\":\"EntryPoint\",\"urlTemplate\":\"https:\\\/\\\/radiociutat.com\\\/es\\\/?s={search_term_string}\"},\"query-input\":{\"@type\":\"PropertyValueSpecification\",\"valueRequired\":true,\"valueName\":\"search_term_string\"}}],\"inLanguage\":\"es\"},{\"@type\":\"Person\",\"@id\":\"https:\\\/\\\/radiociutat.com\\\/es\\\/#\\\/schema\\\/person\\\/04b6638f9d2a9ea77408db76c5d8f0b5\",\"name\":\"Redacci\u00f3\",\"sameAs\":[\"https:\\\/\\\/radiociutat.com\\\/wp-content\\\/uploads\\\/2023\\\/09\\\/LOGO-RCTGN-CUADRAT.png\"],\"url\":\"https:\\\/\\\/radiociutat.com\\\/es\\\/author\\\/jespinosa\\\/\"}]}<\/script>\n<!-- \/ Yoast SEO Premium plugin. -->","yoast_head_json":{"title":"Carrer Major | Una muestra en Tarragona descubre el Jujol m\u00e1s \u00edntimo y desconocido - R\u00e0dio Ciutat de Tarragona","robots":{"index":"index","follow":"follow","max-snippet":"max-snippet:-1","max-image-preview":"max-image-preview:large","max-video-preview":"max-video-preview:-1"},"canonical":"https:\/\/radiociutat.com\/es\/carrer-major-tarragona-secciones\/carrer-major-una-muestra-en-tarragona-descubre-el-jujol-mas-intimo-y-desconocido\/","og_locale":"es_ES","og_type":"article","og_title":"Carrer Major | Una muestra en Tarragona descubre el Jujol m\u00e1s \u00edntimo y desconocido","og_description":"El arquitecto Josep Maria Jujol vuelve a la actualidad con una mirada renovada gracias a la exposici\u00f3n \u201cJuJoleJant l\u2019arxiu: dibuixar i modelar\u201d, que se puede visitar en Tarragona hasta el 15 de mayo. La muestra, comisariada por Roger Miralles, re\u00fane m\u00e1s de 300 documentos \u2014muchos de ellos in\u00e9ditos\u2014 procedentes del archivo familiar del arquitecto. Hablamos [&hellip;]","og_url":"https:\/\/radiociutat.com\/es\/carrer-major-tarragona-secciones\/carrer-major-una-muestra-en-tarragona-descubre-el-jujol-mas-intimo-y-desconocido\/","og_site_name":"R\u00e0dio Ciutat de Tarragona","article_publisher":"https:\/\/www.facebook.com\/rctgn","article_published_time":"2026-04-24T14:41:54+00:00","og_image":[{"width":3000,"height":3000,"url":"https:\/\/files.radiociutat.com\/rctgn\/wp-content\/uploads\/2021\/03\/LOGO-RCTGN-RADIO-CIUTAT-DE-TARRAGONA-TRANSPARENTE-TARRAGONA-2020-3000X3000-Redes1-copia.png","type":"image\/png"}],"author":"Redacci\u00f3","twitter_card":"summary_large_image","twitter_creator":"@RCTgn","twitter_site":"@RCTgn","twitter_misc":{"Escrito por":"Redacci\u00f3","Tiempo de lectura":"2 minutos"},"schema":{"@context":"https:\/\/schema.org","@graph":[{"@type":"Article","@id":"https:\/\/radiociutat.com\/es\/carrer-major-tarragona-secciones\/carrer-major-una-muestra-en-tarragona-descubre-el-jujol-mas-intimo-y-desconocido\/#article","isPartOf":{"@id":"https:\/\/radiociutat.com\/es\/carrer-major-tarragona-secciones\/carrer-major-una-muestra-en-tarragona-descubre-el-jujol-mas-intimo-y-desconocido\/"},"author":{"name":"Redacci\u00f3","@id":"https:\/\/radiociutat.com\/es\/#\/schema\/person\/04b6638f9d2a9ea77408db76c5d8f0b5"},"headline":"Carrer Major | Una muestra en Tarragona descubre el Jujol m\u00e1s \u00edntimo y desconocido","datePublished":"2026-04-24T14:41:54+00:00","mainEntityOfPage":{"@id":"https:\/\/radiociutat.com\/es\/carrer-major-tarragona-secciones\/carrer-major-una-muestra-en-tarragona-descubre-el-jujol-mas-intimo-y-desconocido\/"},"wordCount":332,"image":{"@id":"https:\/\/radiociutat.com\/es\/carrer-major-tarragona-secciones\/carrer-major-una-muestra-en-tarragona-descubre-el-jujol-mas-intimo-y-desconocido\/#primaryimage"},"thumbnailUrl":"https:\/\/files.radiociutat.com\/rctgn\/wp-content\/uploads\/2026\/04\/WhatsApp-Image-2026-04-24-at-16.35.32-e1777041405222.jpeg","keywords":["Actualitat","calle mayor","Cultura","Info","jujol","not\u00edcies","Societat","Tarragona","TGN"],"articleSection":["Carrer Major Tarragona | Secciones"],"inLanguage":"es"},{"@type":"WebPage","@id":"https:\/\/radiociutat.com\/es\/carrer-major-tarragona-secciones\/carrer-major-una-muestra-en-tarragona-descubre-el-jujol-mas-intimo-y-desconocido\/","url":"https:\/\/radiociutat.com\/es\/carrer-major-tarragona-secciones\/carrer-major-una-muestra-en-tarragona-descubre-el-jujol-mas-intimo-y-desconocido\/","name":"Carrer Major | Una muestra en Tarragona descubre el Jujol m\u00e1s \u00edntimo y desconocido - R\u00e0dio Ciutat de Tarragona","isPartOf":{"@id":"https:\/\/radiociutat.com\/es\/#website"},"primaryImageOfPage":{"@id":"https:\/\/radiociutat.com\/es\/carrer-major-tarragona-secciones\/carrer-major-una-muestra-en-tarragona-descubre-el-jujol-mas-intimo-y-desconocido\/#primaryimage"},"image":{"@id":"https:\/\/radiociutat.com\/es\/carrer-major-tarragona-secciones\/carrer-major-una-muestra-en-tarragona-descubre-el-jujol-mas-intimo-y-desconocido\/#primaryimage"},"thumbnailUrl":"https:\/\/files.radiociutat.com\/rctgn\/wp-content\/uploads\/2026\/04\/WhatsApp-Image-2026-04-24-at-16.35.32-e1777041405222.jpeg","datePublished":"2026-04-24T14:41:54+00:00","author":{"@id":"https:\/\/radiociutat.com\/es\/#\/schema\/person\/04b6638f9d2a9ea77408db76c5d8f0b5"},"breadcrumb":{"@id":"https:\/\/radiociutat.com\/es\/carrer-major-tarragona-secciones\/carrer-major-una-muestra-en-tarragona-descubre-el-jujol-mas-intimo-y-desconocido\/#breadcrumb"},"inLanguage":"es","potentialAction":[{"@type":"ReadAction","target":["https:\/\/radiociutat.com\/es\/carrer-major-tarragona-secciones\/carrer-major-una-muestra-en-tarragona-descubre-el-jujol-mas-intimo-y-desconocido\/"]}]},{"@type":"ImageObject","inLanguage":"es","@id":"https:\/\/radiociutat.com\/es\/carrer-major-tarragona-secciones\/carrer-major-una-muestra-en-tarragona-descubre-el-jujol-mas-intimo-y-desconocido\/#primaryimage","url":"https:\/\/files.radiociutat.com\/rctgn\/wp-content\/uploads\/2026\/04\/WhatsApp-Image-2026-04-24-at-16.35.32-e1777041405222.jpeg","contentUrl":"https:\/\/files.radiociutat.com\/rctgn\/wp-content\/uploads\/2026\/04\/WhatsApp-Image-2026-04-24-at-16.35.32-e1777041405222.jpeg","width":1600,"height":1200},{"@type":"BreadcrumbList","@id":"https:\/\/radiociutat.com\/es\/carrer-major-tarragona-secciones\/carrer-major-una-muestra-en-tarragona-descubre-el-jujol-mas-intimo-y-desconocido\/#breadcrumb","itemListElement":[{"@type":"ListItem","position":1,"name":"Inici","item":"https:\/\/radiociutat.com\/es\/"},{"@type":"ListItem","position":2,"name":"Carrer Major | Una muestra en Tarragona descubre el Jujol m\u00e1s \u00edntimo y desconocido"}]},{"@type":"WebSite","@id":"https:\/\/radiociutat.com\/es\/#website","url":"https:\/\/radiociutat.com\/es\/","name":"R\u00e0dio Ciutat de Tarragona","description":"R\u00e0dio Ciutat de Tarragona - RCTgn.cat R\u00e0dio Online","potentialAction":[{"@type":"SearchAction","target":{"@type":"EntryPoint","urlTemplate":"https:\/\/radiociutat.com\/es\/?s={search_term_string}"},"query-input":{"@type":"PropertyValueSpecification","valueRequired":true,"valueName":"search_term_string"}}],"inLanguage":"es"},{"@type":"Person","@id":"https:\/\/radiociutat.com\/es\/#\/schema\/person\/04b6638f9d2a9ea77408db76c5d8f0b5","name":"Redacci\u00f3","sameAs":["https:\/\/radiociutat.com\/wp-content\/uploads\/2023\/09\/LOGO-RCTGN-CUADRAT.png"],"url":"https:\/\/radiociutat.com\/es\/author\/jespinosa\/"}]}},"_links":{"self":[{"href":"https:\/\/radiociutat.com\/es\/wp-json\/wp\/v2\/posts\/377924","targetHints":{"allow":["GET"]}}],"collection":[{"href":"https:\/\/radiociutat.com\/es\/wp-json\/wp\/v2\/posts"}],"about":[{"href":"https:\/\/radiociutat.com\/es\/wp-json\/wp\/v2\/types\/post"}],"author":[{"embeddable":true,"href":"https:\/\/radiociutat.com\/es\/wp-json\/wp\/v2\/users\/1"}],"replies":[{"embeddable":true,"href":"https:\/\/radiociutat.com\/es\/wp-json\/wp\/v2\/comments?post=377924"}],"version-history":[{"count":0,"href":"https:\/\/radiociutat.com\/es\/wp-json\/wp\/v2\/posts\/377924\/revisions"}],"wp:featuredmedia":[{"embeddable":true,"href":"https:\/\/radiociutat.com\/es\/wp-json\/wp\/v2\/media\/377903"}],"wp:attachment":[{"href":"https:\/\/radiociutat.com\/es\/wp-json\/wp\/v2\/media?parent=377924"}],"wp:term":[{"taxonomy":"category","embeddable":true,"href":"https:\/\/radiociutat.com\/es\/wp-json\/wp\/v2\/categories?post=377924"},{"taxonomy":"post_tag","embeddable":true,"href":"https:\/\/radiociutat.com\/es\/wp-json\/wp\/v2\/tags?post=377924"}],"curies":[{"name":"wp","href":"https:\/\/api.w.org\/{rel}","templated":true}]}}