{"id":377922,"date":"2026-04-24T16:13:51","date_gmt":"2026-04-24T14:13:51","guid":{"rendered":"https:\/\/radiociutat.com\/programes-podcast\/la-furgo-ccoo-denuncia-el-impacto-de-la-precariedad-en-la-salud-laboral\/"},"modified":"2026-04-24T16:13:51","modified_gmt":"2026-04-24T14:13:51","slug":"la-furgo-ccoo-denuncia-el-impacto-de-la-precariedad-en-la-salud-laboral","status":"publish","type":"post","link":"https:\/\/radiociutat.com\/es\/carrer-major-tarragona-secciones\/carrermajor-la-furgo\/la-furgo-ccoo-denuncia-el-impacto-de-la-precariedad-en-la-salud-laboral\/","title":{"rendered":"La Furgo | CCOO denuncia el impacto de la precariedad en la salud laboral"},"content":{"rendered":"\n<p>Hoy en La Furgo de #CarrerMajor nos desplazamos hasta la Pobla de Mafumet para hablar de salud laboral y de las conclusiones del \u00faltimo informe de Comisiones Obreras en Catalu\u00f1a, en un contexto marcado por el aumento de la siniestralidad y la preocupaci\u00f3n por las condiciones de trabajo.<\/p>\n\n\n\n<p>En esta ocasi\u00f3n, conversamos con M\u00f2nica P\u00e9rez, responsable de Salud Laboral de CCOO en Catalu\u00f1a, y Meritxell Jans\u00e0, secretaria de Salud Laboral del sindicato, que detallan los principales datos de este balance elaborado con motivo del 28 de abril, D\u00eda de la Seguridad y la Salud en el Trabajo.<\/p>\n\n\n\n<p>Las representantes sindicales alertan de un fen\u00f3meno especialmente relevante: el <strong>presentismo laboral<\/strong>, es decir, la situaci\u00f3n en la que muchas personas trabajadoras acuden al trabajo enfermas. Seg\u00fan explican, <strong>una de cada dos personas trabaja en condiciones de salud deteriorada<\/strong>, un hecho que atribuyen a la presi\u00f3n laboral, el miedo a perder el trabajo o la falta de condiciones adecuadas.<\/p>\n\n\n\n<p>El informe tambi\u00e9n pone el foco en la relaci\u00f3n entre la calidad del empleo y la salud. Factores como la falta de prevenci\u00f3n, las horas extraordinarias y la exposici\u00f3n a riesgos ergon\u00f3micos o psicosociales tienen un impacto directo en el aumento de las bajas m\u00e9dicas y de los accidentes laborales. En este sentido, destacan que en Catalu\u00f1a se hacen <strong>m\u00e1s de un mill\u00f3n de horas extra semanales<\/strong>, con un incremento superior al 200% desde 2015.<\/p>\n\n\n\n<p>En cuanto a los datos territoriales, se advierte de un aumento de los accidentes graves y de los siniestros laborales, una tendencia que preocupa especialmente al sindicato.<\/p>\n\n\n\n<p>CCOO defiende la necesidad de fortalecer la prevenci\u00f3n, mejorar las condiciones laborales y combatir las horas extra no compensadas, al tiempo que reclama m\u00e1s control y organizaci\u00f3n para garantizar los derechos de las personas trabajadoras.<\/p>\n","protected":false},"excerpt":{"rendered":"<p>Hoy en La Furgo de #CarrerMajor nos desplazamos hasta la Pobla de Mafumet para hablar de salud laboral y de las conclusiones del \u00faltimo informe de Comisiones Obreras en Catalu\u00f1a, en un contexto marcado por el aumento de la siniestralidad y la preocupaci\u00f3n por las condiciones de trabajo. En esta ocasi\u00f3n, conversamos con M\u00f2nica P\u00e9rez, [&hellip;]<\/p>\n","protected":false},"author":84,"featured_media":377892,"comment_status":"closed","ping_status":"closed","sticky":false,"template":"","format":"standard","meta":{"footnotes":""},"categories":[13711],"tags":[13712,19],"class_list":["post-377922","post","type-post","status-publish","format-standard","has-post-thumbnail","hentry","category-carrermajor-la-furgo","tag-la-furgo-2","tag-tarragona"],"yoast_head":"<!-- This site is optimized with the Yoast SEO Premium plugin v27.4 (Yoast SEO v27.4) - https:\/\/yoast.com\/product\/yoast-seo-premium-wordpress\/ -->\n<title>La Furgo | CCOO denuncia el impacto de la precariedad en la salud laboral - R\u00e0dio Ciutat de Tarragona<\/title>\n<meta name=\"robots\" content=\"index, follow, max-snippet:-1, max-image-preview:large, max-video-preview:-1\" \/>\n<link rel=\"canonical\" href=\"https:\/\/radiociutat.com\/es\/carrer-major-tarragona-secciones\/carrermajor-la-furgo\/la-furgo-ccoo-denuncia-el-impacto-de-la-precariedad-en-la-salud-laboral\/\" \/>\n<meta property=\"og:locale\" content=\"es_ES\" \/>\n<meta property=\"og:type\" content=\"article\" \/>\n<meta property=\"og:title\" content=\"La Furgo | CCOO denuncia el impacto de la precariedad en la salud laboral\" \/>\n<meta property=\"og:description\" content=\"Hoy en La Furgo de #CarrerMajor nos desplazamos hasta la Pobla de Mafumet para hablar de salud laboral y de las conclusiones del \u00faltimo informe de Comisiones Obreras en Catalu\u00f1a, en un contexto marcado por el aumento de la siniestralidad y la preocupaci\u00f3n por las condiciones de trabajo. En esta ocasi\u00f3n, conversamos con M\u00f2nica P\u00e9rez, [&hellip;]\" \/>\n<meta property=\"og:url\" content=\"https:\/\/radiociutat.com\/es\/carrer-major-tarragona-secciones\/carrermajor-la-furgo\/la-furgo-ccoo-denuncia-el-impacto-de-la-precariedad-en-la-salud-laboral\/\" \/>\n<meta property=\"og:site_name\" content=\"R\u00e0dio Ciutat de Tarragona\" \/>\n<meta property=\"article:publisher\" content=\"https:\/\/www.facebook.com\/rctgn\" \/>\n<meta property=\"article:published_time\" content=\"2026-04-24T14:13:51+00:00\" \/>\n<meta property=\"og:image\" content=\"https:\/\/files.radiociutat.com\/rctgn\/wp-content\/uploads\/2021\/03\/LOGO-RCTGN-RADIO-CIUTAT-DE-TARRAGONA-TRANSPARENTE-TARRAGONA-2020-3000X3000-Redes1-copia.png\" \/>\n\t<meta property=\"og:image:width\" content=\"3000\" \/>\n\t<meta property=\"og:image:height\" content=\"3000\" \/>\n\t<meta property=\"og:image:type\" content=\"image\/png\" \/>\n<meta name=\"author\" content=\"Adri\u00e0 Duch\" \/>\n<meta name=\"twitter:card\" content=\"summary_large_image\" \/>\n<meta name=\"twitter:creator\" content=\"@RCTgn\" \/>\n<meta name=\"twitter:site\" content=\"@RCTgn\" \/>\n<meta name=\"twitter:label1\" content=\"Escrito por\" \/>\n\t<meta name=\"twitter:data1\" content=\"Adri\u00e0 Duch\" \/>\n\t<meta name=\"twitter:label2\" content=\"Tiempo de lectura\" \/>\n\t<meta name=\"twitter:data2\" content=\"2 minutos\" \/>\n<script type=\"application\/ld+json\" class=\"yoast-schema-graph\">{\"@context\":\"https:\\\/\\\/schema.org\",\"@graph\":[{\"@type\":\"Article\",\"@id\":\"https:\\\/\\\/radiociutat.com\\\/es\\\/carrer-major-tarragona-secciones\\\/carrermajor-la-furgo\\\/la-furgo-ccoo-denuncia-el-impacto-de-la-precariedad-en-la-salud-laboral\\\/#article\",\"isPartOf\":{\"@id\":\"https:\\\/\\\/radiociutat.com\\\/es\\\/carrer-major-tarragona-secciones\\\/carrermajor-la-furgo\\\/la-furgo-ccoo-denuncia-el-impacto-de-la-precariedad-en-la-salud-laboral\\\/\"},\"author\":{\"name\":\"Adri\u00e0 Duch\",\"@id\":\"https:\\\/\\\/radiociutat.com\\\/es\\\/#\\\/schema\\\/person\\\/daeecbc4942e3432e8d8b8663bf7d714\"},\"headline\":\"La Furgo | CCOO denuncia el impacto de la precariedad en la salud laboral\",\"datePublished\":\"2026-04-24T14:13:51+00:00\",\"mainEntityOfPage\":{\"@id\":\"https:\\\/\\\/radiociutat.com\\\/es\\\/carrer-major-tarragona-secciones\\\/carrermajor-la-furgo\\\/la-furgo-ccoo-denuncia-el-impacto-de-la-precariedad-en-la-salud-laboral\\\/\"},\"wordCount\":326,\"image\":{\"@id\":\"https:\\\/\\\/radiociutat.com\\\/es\\\/carrer-major-tarragona-secciones\\\/carrermajor-la-furgo\\\/la-furgo-ccoo-denuncia-el-impacto-de-la-precariedad-en-la-salud-laboral\\\/#primaryimage\"},\"thumbnailUrl\":\"https:\\\/\\\/files.radiociutat.com\\\/rctgn\\\/wp-content\\\/uploads\\\/2026\\\/04\\\/La-Furgo-CCOO.jpeg\",\"keywords\":[\"La Furgo\",\"Tarragona\"],\"articleSection\":[\"#CarrerMajor La Furgo\"],\"inLanguage\":\"es\"},{\"@type\":\"WebPage\",\"@id\":\"https:\\\/\\\/radiociutat.com\\\/es\\\/carrer-major-tarragona-secciones\\\/carrermajor-la-furgo\\\/la-furgo-ccoo-denuncia-el-impacto-de-la-precariedad-en-la-salud-laboral\\\/\",\"url\":\"https:\\\/\\\/radiociutat.com\\\/es\\\/carrer-major-tarragona-secciones\\\/carrermajor-la-furgo\\\/la-furgo-ccoo-denuncia-el-impacto-de-la-precariedad-en-la-salud-laboral\\\/\",\"name\":\"La Furgo | CCOO denuncia el impacto de la precariedad en la salud laboral - R\u00e0dio Ciutat de Tarragona\",\"isPartOf\":{\"@id\":\"https:\\\/\\\/radiociutat.com\\\/es\\\/#website\"},\"primaryImageOfPage\":{\"@id\":\"https:\\\/\\\/radiociutat.com\\\/es\\\/carrer-major-tarragona-secciones\\\/carrermajor-la-furgo\\\/la-furgo-ccoo-denuncia-el-impacto-de-la-precariedad-en-la-salud-laboral\\\/#primaryimage\"},\"image\":{\"@id\":\"https:\\\/\\\/radiociutat.com\\\/es\\\/carrer-major-tarragona-secciones\\\/carrermajor-la-furgo\\\/la-furgo-ccoo-denuncia-el-impacto-de-la-precariedad-en-la-salud-laboral\\\/#primaryimage\"},\"thumbnailUrl\":\"https:\\\/\\\/files.radiociutat.com\\\/rctgn\\\/wp-content\\\/uploads\\\/2026\\\/04\\\/La-Furgo-CCOO.jpeg\",\"datePublished\":\"2026-04-24T14:13:51+00:00\",\"author\":{\"@id\":\"https:\\\/\\\/radiociutat.com\\\/es\\\/#\\\/schema\\\/person\\\/daeecbc4942e3432e8d8b8663bf7d714\"},\"breadcrumb\":{\"@id\":\"https:\\\/\\\/radiociutat.com\\\/es\\\/carrer-major-tarragona-secciones\\\/carrermajor-la-furgo\\\/la-furgo-ccoo-denuncia-el-impacto-de-la-precariedad-en-la-salud-laboral\\\/#breadcrumb\"},\"inLanguage\":\"es\",\"potentialAction\":[{\"@type\":\"ReadAction\",\"target\":[\"https:\\\/\\\/radiociutat.com\\\/es\\\/carrer-major-tarragona-secciones\\\/carrermajor-la-furgo\\\/la-furgo-ccoo-denuncia-el-impacto-de-la-precariedad-en-la-salud-laboral\\\/\"]}]},{\"@type\":\"ImageObject\",\"inLanguage\":\"es\",\"@id\":\"https:\\\/\\\/radiociutat.com\\\/es\\\/carrer-major-tarragona-secciones\\\/carrermajor-la-furgo\\\/la-furgo-ccoo-denuncia-el-impacto-de-la-precariedad-en-la-salud-laboral\\\/#primaryimage\",\"url\":\"https:\\\/\\\/files.radiociutat.com\\\/rctgn\\\/wp-content\\\/uploads\\\/2026\\\/04\\\/La-Furgo-CCOO.jpeg\",\"contentUrl\":\"https:\\\/\\\/files.radiociutat.com\\\/rctgn\\\/wp-content\\\/uploads\\\/2026\\\/04\\\/La-Furgo-CCOO.jpeg\",\"width\":1600,\"height\":906},{\"@type\":\"BreadcrumbList\",\"@id\":\"https:\\\/\\\/radiociutat.com\\\/es\\\/carrer-major-tarragona-secciones\\\/carrermajor-la-furgo\\\/la-furgo-ccoo-denuncia-el-impacto-de-la-precariedad-en-la-salud-laboral\\\/#breadcrumb\",\"itemListElement\":[{\"@type\":\"ListItem\",\"position\":1,\"name\":\"Inici\",\"item\":\"https:\\\/\\\/radiociutat.com\\\/es\\\/\"},{\"@type\":\"ListItem\",\"position\":2,\"name\":\"La Furgo | CCOO denuncia el impacto de la precariedad en la salud laboral\"}]},{\"@type\":\"WebSite\",\"@id\":\"https:\\\/\\\/radiociutat.com\\\/es\\\/#website\",\"url\":\"https:\\\/\\\/radiociutat.com\\\/es\\\/\",\"name\":\"R\u00e0dio Ciutat de Tarragona\",\"description\":\"R\u00e0dio Ciutat de Tarragona - RCTgn.cat R\u00e0dio Online\",\"potentialAction\":[{\"@type\":\"SearchAction\",\"target\":{\"@type\":\"EntryPoint\",\"urlTemplate\":\"https:\\\/\\\/radiociutat.com\\\/es\\\/?s={search_term_string}\"},\"query-input\":{\"@type\":\"PropertyValueSpecification\",\"valueRequired\":true,\"valueName\":\"search_term_string\"}}],\"inLanguage\":\"es\"},{\"@type\":\"Person\",\"@id\":\"https:\\\/\\\/radiociutat.com\\\/es\\\/#\\\/schema\\\/person\\\/daeecbc4942e3432e8d8b8663bf7d714\",\"name\":\"Adri\u00e0 Duch\",\"sameAs\":[\"https:\\\/\\\/radiociutat.com\\\/wp-content\\\/uploads\\\/2024\\\/02\\\/ADRIA-DUCH.png\"],\"url\":\"https:\\\/\\\/radiociutat.com\\\/es\\\/author\\\/adria-duch\\\/\"}]}<\/script>\n<!-- \/ Yoast SEO Premium plugin. -->","yoast_head_json":{"title":"La Furgo | CCOO denuncia el impacto de la precariedad en la salud laboral - R\u00e0dio Ciutat de Tarragona","robots":{"index":"index","follow":"follow","max-snippet":"max-snippet:-1","max-image-preview":"max-image-preview:large","max-video-preview":"max-video-preview:-1"},"canonical":"https:\/\/radiociutat.com\/es\/carrer-major-tarragona-secciones\/carrermajor-la-furgo\/la-furgo-ccoo-denuncia-el-impacto-de-la-precariedad-en-la-salud-laboral\/","og_locale":"es_ES","og_type":"article","og_title":"La Furgo | CCOO denuncia el impacto de la precariedad en la salud laboral","og_description":"Hoy en La Furgo de #CarrerMajor nos desplazamos hasta la Pobla de Mafumet para hablar de salud laboral y de las conclusiones del \u00faltimo informe de Comisiones Obreras en Catalu\u00f1a, en un contexto marcado por el aumento de la siniestralidad y la preocupaci\u00f3n por las condiciones de trabajo. En esta ocasi\u00f3n, conversamos con M\u00f2nica P\u00e9rez, [&hellip;]","og_url":"https:\/\/radiociutat.com\/es\/carrer-major-tarragona-secciones\/carrermajor-la-furgo\/la-furgo-ccoo-denuncia-el-impacto-de-la-precariedad-en-la-salud-laboral\/","og_site_name":"R\u00e0dio Ciutat de Tarragona","article_publisher":"https:\/\/www.facebook.com\/rctgn","article_published_time":"2026-04-24T14:13:51+00:00","og_image":[{"width":3000,"height":3000,"url":"https:\/\/files.radiociutat.com\/rctgn\/wp-content\/uploads\/2021\/03\/LOGO-RCTGN-RADIO-CIUTAT-DE-TARRAGONA-TRANSPARENTE-TARRAGONA-2020-3000X3000-Redes1-copia.png","type":"image\/png"}],"author":"Adri\u00e0 Duch","twitter_card":"summary_large_image","twitter_creator":"@RCTgn","twitter_site":"@RCTgn","twitter_misc":{"Escrito por":"Adri\u00e0 Duch","Tiempo de lectura":"2 minutos"},"schema":{"@context":"https:\/\/schema.org","@graph":[{"@type":"Article","@id":"https:\/\/radiociutat.com\/es\/carrer-major-tarragona-secciones\/carrermajor-la-furgo\/la-furgo-ccoo-denuncia-el-impacto-de-la-precariedad-en-la-salud-laboral\/#article","isPartOf":{"@id":"https:\/\/radiociutat.com\/es\/carrer-major-tarragona-secciones\/carrermajor-la-furgo\/la-furgo-ccoo-denuncia-el-impacto-de-la-precariedad-en-la-salud-laboral\/"},"author":{"name":"Adri\u00e0 Duch","@id":"https:\/\/radiociutat.com\/es\/#\/schema\/person\/daeecbc4942e3432e8d8b8663bf7d714"},"headline":"La Furgo | CCOO denuncia el impacto de la precariedad en la salud laboral","datePublished":"2026-04-24T14:13:51+00:00","mainEntityOfPage":{"@id":"https:\/\/radiociutat.com\/es\/carrer-major-tarragona-secciones\/carrermajor-la-furgo\/la-furgo-ccoo-denuncia-el-impacto-de-la-precariedad-en-la-salud-laboral\/"},"wordCount":326,"image":{"@id":"https:\/\/radiociutat.com\/es\/carrer-major-tarragona-secciones\/carrermajor-la-furgo\/la-furgo-ccoo-denuncia-el-impacto-de-la-precariedad-en-la-salud-laboral\/#primaryimage"},"thumbnailUrl":"https:\/\/files.radiociutat.com\/rctgn\/wp-content\/uploads\/2026\/04\/La-Furgo-CCOO.jpeg","keywords":["La Furgo","Tarragona"],"articleSection":["#CarrerMajor La Furgo"],"inLanguage":"es"},{"@type":"WebPage","@id":"https:\/\/radiociutat.com\/es\/carrer-major-tarragona-secciones\/carrermajor-la-furgo\/la-furgo-ccoo-denuncia-el-impacto-de-la-precariedad-en-la-salud-laboral\/","url":"https:\/\/radiociutat.com\/es\/carrer-major-tarragona-secciones\/carrermajor-la-furgo\/la-furgo-ccoo-denuncia-el-impacto-de-la-precariedad-en-la-salud-laboral\/","name":"La Furgo | CCOO denuncia el impacto de la precariedad en la salud laboral - R\u00e0dio Ciutat de Tarragona","isPartOf":{"@id":"https:\/\/radiociutat.com\/es\/#website"},"primaryImageOfPage":{"@id":"https:\/\/radiociutat.com\/es\/carrer-major-tarragona-secciones\/carrermajor-la-furgo\/la-furgo-ccoo-denuncia-el-impacto-de-la-precariedad-en-la-salud-laboral\/#primaryimage"},"image":{"@id":"https:\/\/radiociutat.com\/es\/carrer-major-tarragona-secciones\/carrermajor-la-furgo\/la-furgo-ccoo-denuncia-el-impacto-de-la-precariedad-en-la-salud-laboral\/#primaryimage"},"thumbnailUrl":"https:\/\/files.radiociutat.com\/rctgn\/wp-content\/uploads\/2026\/04\/La-Furgo-CCOO.jpeg","datePublished":"2026-04-24T14:13:51+00:00","author":{"@id":"https:\/\/radiociutat.com\/es\/#\/schema\/person\/daeecbc4942e3432e8d8b8663bf7d714"},"breadcrumb":{"@id":"https:\/\/radiociutat.com\/es\/carrer-major-tarragona-secciones\/carrermajor-la-furgo\/la-furgo-ccoo-denuncia-el-impacto-de-la-precariedad-en-la-salud-laboral\/#breadcrumb"},"inLanguage":"es","potentialAction":[{"@type":"ReadAction","target":["https:\/\/radiociutat.com\/es\/carrer-major-tarragona-secciones\/carrermajor-la-furgo\/la-furgo-ccoo-denuncia-el-impacto-de-la-precariedad-en-la-salud-laboral\/"]}]},{"@type":"ImageObject","inLanguage":"es","@id":"https:\/\/radiociutat.com\/es\/carrer-major-tarragona-secciones\/carrermajor-la-furgo\/la-furgo-ccoo-denuncia-el-impacto-de-la-precariedad-en-la-salud-laboral\/#primaryimage","url":"https:\/\/files.radiociutat.com\/rctgn\/wp-content\/uploads\/2026\/04\/La-Furgo-CCOO.jpeg","contentUrl":"https:\/\/files.radiociutat.com\/rctgn\/wp-content\/uploads\/2026\/04\/La-Furgo-CCOO.jpeg","width":1600,"height":906},{"@type":"BreadcrumbList","@id":"https:\/\/radiociutat.com\/es\/carrer-major-tarragona-secciones\/carrermajor-la-furgo\/la-furgo-ccoo-denuncia-el-impacto-de-la-precariedad-en-la-salud-laboral\/#breadcrumb","itemListElement":[{"@type":"ListItem","position":1,"name":"Inici","item":"https:\/\/radiociutat.com\/es\/"},{"@type":"ListItem","position":2,"name":"La Furgo | CCOO denuncia el impacto de la precariedad en la salud laboral"}]},{"@type":"WebSite","@id":"https:\/\/radiociutat.com\/es\/#website","url":"https:\/\/radiociutat.com\/es\/","name":"R\u00e0dio Ciutat de Tarragona","description":"R\u00e0dio Ciutat de Tarragona - RCTgn.cat R\u00e0dio Online","potentialAction":[{"@type":"SearchAction","target":{"@type":"EntryPoint","urlTemplate":"https:\/\/radiociutat.com\/es\/?s={search_term_string}"},"query-input":{"@type":"PropertyValueSpecification","valueRequired":true,"valueName":"search_term_string"}}],"inLanguage":"es"},{"@type":"Person","@id":"https:\/\/radiociutat.com\/es\/#\/schema\/person\/daeecbc4942e3432e8d8b8663bf7d714","name":"Adri\u00e0 Duch","sameAs":["https:\/\/radiociutat.com\/wp-content\/uploads\/2024\/02\/ADRIA-DUCH.png"],"url":"https:\/\/radiociutat.com\/es\/author\/adria-duch\/"}]}},"_links":{"self":[{"href":"https:\/\/radiociutat.com\/es\/wp-json\/wp\/v2\/posts\/377922","targetHints":{"allow":["GET"]}}],"collection":[{"href":"https:\/\/radiociutat.com\/es\/wp-json\/wp\/v2\/posts"}],"about":[{"href":"https:\/\/radiociutat.com\/es\/wp-json\/wp\/v2\/types\/post"}],"author":[{"embeddable":true,"href":"https:\/\/radiociutat.com\/es\/wp-json\/wp\/v2\/users\/84"}],"replies":[{"embeddable":true,"href":"https:\/\/radiociutat.com\/es\/wp-json\/wp\/v2\/comments?post=377922"}],"version-history":[{"count":0,"href":"https:\/\/radiociutat.com\/es\/wp-json\/wp\/v2\/posts\/377922\/revisions"}],"wp:featuredmedia":[{"embeddable":true,"href":"https:\/\/radiociutat.com\/es\/wp-json\/wp\/v2\/media\/377892"}],"wp:attachment":[{"href":"https:\/\/radiociutat.com\/es\/wp-json\/wp\/v2\/media?parent=377922"}],"wp:term":[{"taxonomy":"category","embeddable":true,"href":"https:\/\/radiociutat.com\/es\/wp-json\/wp\/v2\/categories?post=377922"},{"taxonomy":"post_tag","embeddable":true,"href":"https:\/\/radiociutat.com\/es\/wp-json\/wp\/v2\/tags?post=377922"}],"curies":[{"name":"wp","href":"https:\/\/api.w.org\/{rel}","templated":true}]}}