{"id":377920,"date":"2026-04-24T16:00:47","date_gmt":"2026-04-24T14:00:47","guid":{"rendered":"https:\/\/radiociutat.com\/programes-podcast\/el-sai-impulsa-actividades-por-el-dia-de-la-visibilidad-lesbica-en-tarragona\/"},"modified":"2026-04-24T16:00:47","modified_gmt":"2026-04-24T14:00:47","slug":"el-sai-impulsa-actividades-por-el-dia-de-la-visibilidad-lesbica-en-tarragona","status":"publish","type":"post","link":"https:\/\/radiociutat.com\/es\/ultimas-noticias\/cronicas\/el-sai-impulsa-actividades-por-el-dia-de-la-visibilidad-lesbica-en-tarragona\/","title":{"rendered":"El SAI impulsa actividades por el D\u00eda de la Visibilidad L\u00e9sbica en Tarragona"},"content":{"rendered":"\n<p>El Servicio de Atenci\u00f3n Integral a las Diversidades Sexuales y de G\u00e9neros (SAI) se ha sumado a la conmemoraci\u00f3n del <strong>D\u00eda de la Visibilidad L\u00e9sbica<\/strong>, que se celebra el <strong>26 de abril<\/strong> con el objetivo de concienciar sobre la <strong>doble discriminaci\u00f3n que sufren las mujeres lesbianas<\/strong>. En este contexto, la concejal\u00eda de Igualdad ha reafirmado su compromiso con las reivindicaciones del colectivo, adhiri\u00e9ndose al <strong>Manifiesto del Consejo Nacional LGBTI<\/strong>, que reclama m\u00e1s educaci\u00f3n afectivosexual inclusiva, una sanidad p\u00fablica con perspectiva de g\u00e9nero y medidas efectivas contra la lesbofobia.<\/p>\n\n\n\n<p>Con motivo de la jornada, el SAI organiza una primera sesi\u00f3n del <strong>\u201cC\u00edrculo de mujeres\u201d<\/strong>, un encuentro dirigido a mujeres lesbianas, bisexuales, mujeres trans e identidades disidentes. La actividad tendr\u00e1 lugar el <strong>29 de abril en Tarragona<\/strong> y consistir\u00e1 en un taller vivencial facilitado por Tina Riba, donde se trabajar\u00e1 el reconocimiento personal a trav\u00e9s del movimiento y la conciencia corporal.<\/p>\n\n\n\n<p>Paralelamente, el SAI y la Concejal\u00eda de Cultura impulsan una <strong>exposici\u00f3n colectiva sobre la historia y las identidades del colectivo LGTBI<\/strong>, prevista para el oto\u00f1o de 2026. El proyecto se presentar\u00e1 en un primer encuentro este <strong>28 de abril en el Antiguo Ayuntamiento<\/strong>, con el objetivo de fomentar la participaci\u00f3n y la creaci\u00f3n compartida.<\/p>\n\n\n\n<p><\/p>\n","protected":false},"excerpt":{"rendered":"<p>El Servicio de Atenci\u00f3n Integral a las Diversidades Sexuales y de G\u00e9neros (SAI) se ha sumado a la conmemoraci\u00f3n del D\u00eda de la Visibilidad L\u00e9sbica, que se celebra el 26 de abril con el objetivo de concienciar sobre la doble discriminaci\u00f3n que sufren las mujeres lesbianas. En este contexto, la concejal\u00eda de Igualdad ha reafirmado [&hellip;]<\/p>\n","protected":false},"author":1,"featured_media":377886,"comment_status":"closed","ping_status":"closed","sticky":false,"template":"","format":"standard","meta":{"footnotes":""},"categories":[13688],"tags":[14920,19],"class_list":["post-377920","post","type-post","status-publish","format-standard","has-post-thumbnail","hentry","category-cronicas","tag-sai","tag-tarragona"],"yoast_head":"<!-- This site is optimized with the Yoast SEO Premium plugin v27.4 (Yoast SEO v27.4) - https:\/\/yoast.com\/product\/yoast-seo-premium-wordpress\/ -->\n<title>El SAI impulsa actividades por el D\u00eda de la Visibilidad L\u00e9sbica en Tarragona - R\u00e0dio Ciutat de Tarragona<\/title>\n<meta name=\"robots\" content=\"index, follow, max-snippet:-1, max-image-preview:large, max-video-preview:-1\" \/>\n<link rel=\"canonical\" href=\"https:\/\/radiociutat.com\/es\/ultimas-noticias\/cronicas\/el-sai-impulsa-actividades-por-el-dia-de-la-visibilidad-lesbica-en-tarragona\/\" \/>\n<meta property=\"og:locale\" content=\"es_ES\" \/>\n<meta property=\"og:type\" content=\"article\" \/>\n<meta property=\"og:title\" content=\"El SAI impulsa actividades por el D\u00eda de la Visibilidad L\u00e9sbica en Tarragona\" \/>\n<meta property=\"og:description\" content=\"El Servicio de Atenci\u00f3n Integral a las Diversidades Sexuales y de G\u00e9neros (SAI) se ha sumado a la conmemoraci\u00f3n del D\u00eda de la Visibilidad L\u00e9sbica, que se celebra el 26 de abril con el objetivo de concienciar sobre la doble discriminaci\u00f3n que sufren las mujeres lesbianas. En este contexto, la concejal\u00eda de Igualdad ha reafirmado [&hellip;]\" \/>\n<meta property=\"og:url\" content=\"https:\/\/radiociutat.com\/es\/ultimas-noticias\/cronicas\/el-sai-impulsa-actividades-por-el-dia-de-la-visibilidad-lesbica-en-tarragona\/\" \/>\n<meta property=\"og:site_name\" content=\"R\u00e0dio Ciutat de Tarragona\" \/>\n<meta property=\"article:publisher\" content=\"https:\/\/www.facebook.com\/rctgn\" \/>\n<meta property=\"article:published_time\" content=\"2026-04-24T14:00:47+00:00\" \/>\n<meta property=\"og:image\" content=\"https:\/\/files.radiociutat.com\/rctgn\/wp-content\/uploads\/2021\/03\/LOGO-RCTGN-RADIO-CIUTAT-DE-TARRAGONA-TRANSPARENTE-TARRAGONA-2020-3000X3000-Redes1-copia.png\" \/>\n\t<meta property=\"og:image:width\" content=\"3000\" \/>\n\t<meta property=\"og:image:height\" content=\"3000\" \/>\n\t<meta property=\"og:image:type\" content=\"image\/png\" \/>\n<meta name=\"author\" content=\"Redacci\u00f3\" \/>\n<meta name=\"twitter:card\" content=\"summary_large_image\" \/>\n<meta name=\"twitter:creator\" content=\"@RCTgn\" \/>\n<meta name=\"twitter:site\" content=\"@RCTgn\" \/>\n<meta name=\"twitter:label1\" content=\"Escrito por\" \/>\n\t<meta name=\"twitter:data1\" content=\"Redacci\u00f3\" \/>\n\t<meta name=\"twitter:label2\" content=\"Tiempo de lectura\" \/>\n\t<meta name=\"twitter:data2\" content=\"1 minuto\" \/>\n<script type=\"application\/ld+json\" class=\"yoast-schema-graph\">{\"@context\":\"https:\\\/\\\/schema.org\",\"@graph\":[{\"@type\":\"Article\",\"@id\":\"https:\\\/\\\/radiociutat.com\\\/es\\\/ultimas-noticias\\\/cronicas\\\/el-sai-impulsa-actividades-por-el-dia-de-la-visibilidad-lesbica-en-tarragona\\\/#article\",\"isPartOf\":{\"@id\":\"https:\\\/\\\/radiociutat.com\\\/es\\\/ultimas-noticias\\\/cronicas\\\/el-sai-impulsa-actividades-por-el-dia-de-la-visibilidad-lesbica-en-tarragona\\\/\"},\"author\":{\"name\":\"Redacci\u00f3\",\"@id\":\"https:\\\/\\\/radiociutat.com\\\/es\\\/#\\\/schema\\\/person\\\/04b6638f9d2a9ea77408db76c5d8f0b5\"},\"headline\":\"El SAI impulsa actividades por el D\u00eda de la Visibilidad L\u00e9sbica en Tarragona\",\"datePublished\":\"2026-04-24T14:00:47+00:00\",\"mainEntityOfPage\":{\"@id\":\"https:\\\/\\\/radiociutat.com\\\/es\\\/ultimas-noticias\\\/cronicas\\\/el-sai-impulsa-actividades-por-el-dia-de-la-visibilidad-lesbica-en-tarragona\\\/\"},\"wordCount\":234,\"image\":{\"@id\":\"https:\\\/\\\/radiociutat.com\\\/es\\\/ultimas-noticias\\\/cronicas\\\/el-sai-impulsa-actividades-por-el-dia-de-la-visibilidad-lesbica-en-tarragona\\\/#primaryimage\"},\"thumbnailUrl\":\"https:\\\/\\\/files.radiociutat.com\\\/rctgn\\\/wp-content\\\/uploads\\\/2026\\\/04\\\/cercle-de-dones-visibilitat-lesbica.png\",\"keywords\":[\"SAI\",\"Tarragona\"],\"articleSection\":[\"Cr\u00f3nicas\"],\"inLanguage\":\"es\"},{\"@type\":\"WebPage\",\"@id\":\"https:\\\/\\\/radiociutat.com\\\/es\\\/ultimas-noticias\\\/cronicas\\\/el-sai-impulsa-actividades-por-el-dia-de-la-visibilidad-lesbica-en-tarragona\\\/\",\"url\":\"https:\\\/\\\/radiociutat.com\\\/es\\\/ultimas-noticias\\\/cronicas\\\/el-sai-impulsa-actividades-por-el-dia-de-la-visibilidad-lesbica-en-tarragona\\\/\",\"name\":\"El SAI impulsa actividades por el D\u00eda de la Visibilidad L\u00e9sbica en Tarragona - R\u00e0dio Ciutat de Tarragona\",\"isPartOf\":{\"@id\":\"https:\\\/\\\/radiociutat.com\\\/es\\\/#website\"},\"primaryImageOfPage\":{\"@id\":\"https:\\\/\\\/radiociutat.com\\\/es\\\/ultimas-noticias\\\/cronicas\\\/el-sai-impulsa-actividades-por-el-dia-de-la-visibilidad-lesbica-en-tarragona\\\/#primaryimage\"},\"image\":{\"@id\":\"https:\\\/\\\/radiociutat.com\\\/es\\\/ultimas-noticias\\\/cronicas\\\/el-sai-impulsa-actividades-por-el-dia-de-la-visibilidad-lesbica-en-tarragona\\\/#primaryimage\"},\"thumbnailUrl\":\"https:\\\/\\\/files.radiociutat.com\\\/rctgn\\\/wp-content\\\/uploads\\\/2026\\\/04\\\/cercle-de-dones-visibilitat-lesbica.png\",\"datePublished\":\"2026-04-24T14:00:47+00:00\",\"author\":{\"@id\":\"https:\\\/\\\/radiociutat.com\\\/es\\\/#\\\/schema\\\/person\\\/04b6638f9d2a9ea77408db76c5d8f0b5\"},\"breadcrumb\":{\"@id\":\"https:\\\/\\\/radiociutat.com\\\/es\\\/ultimas-noticias\\\/cronicas\\\/el-sai-impulsa-actividades-por-el-dia-de-la-visibilidad-lesbica-en-tarragona\\\/#breadcrumb\"},\"inLanguage\":\"es\",\"potentialAction\":[{\"@type\":\"ReadAction\",\"target\":[\"https:\\\/\\\/radiociutat.com\\\/es\\\/ultimas-noticias\\\/cronicas\\\/el-sai-impulsa-actividades-por-el-dia-de-la-visibilidad-lesbica-en-tarragona\\\/\"]}]},{\"@type\":\"ImageObject\",\"inLanguage\":\"es\",\"@id\":\"https:\\\/\\\/radiociutat.com\\\/es\\\/ultimas-noticias\\\/cronicas\\\/el-sai-impulsa-actividades-por-el-dia-de-la-visibilidad-lesbica-en-tarragona\\\/#primaryimage\",\"url\":\"https:\\\/\\\/files.radiociutat.com\\\/rctgn\\\/wp-content\\\/uploads\\\/2026\\\/04\\\/cercle-de-dones-visibilitat-lesbica.png\",\"contentUrl\":\"https:\\\/\\\/files.radiociutat.com\\\/rctgn\\\/wp-content\\\/uploads\\\/2026\\\/04\\\/cercle-de-dones-visibilitat-lesbica.png\",\"width\":1080,\"height\":1350},{\"@type\":\"BreadcrumbList\",\"@id\":\"https:\\\/\\\/radiociutat.com\\\/es\\\/ultimas-noticias\\\/cronicas\\\/el-sai-impulsa-actividades-por-el-dia-de-la-visibilidad-lesbica-en-tarragona\\\/#breadcrumb\",\"itemListElement\":[{\"@type\":\"ListItem\",\"position\":1,\"name\":\"Inici\",\"item\":\"https:\\\/\\\/radiociutat.com\\\/es\\\/\"},{\"@type\":\"ListItem\",\"position\":2,\"name\":\"El SAI impulsa actividades por el D\u00eda de la Visibilidad L\u00e9sbica en Tarragona\"}]},{\"@type\":\"WebSite\",\"@id\":\"https:\\\/\\\/radiociutat.com\\\/es\\\/#website\",\"url\":\"https:\\\/\\\/radiociutat.com\\\/es\\\/\",\"name\":\"R\u00e0dio Ciutat de Tarragona\",\"description\":\"R\u00e0dio Ciutat de Tarragona - RCTgn.cat R\u00e0dio Online\",\"potentialAction\":[{\"@type\":\"SearchAction\",\"target\":{\"@type\":\"EntryPoint\",\"urlTemplate\":\"https:\\\/\\\/radiociutat.com\\\/es\\\/?s={search_term_string}\"},\"query-input\":{\"@type\":\"PropertyValueSpecification\",\"valueRequired\":true,\"valueName\":\"search_term_string\"}}],\"inLanguage\":\"es\"},{\"@type\":\"Person\",\"@id\":\"https:\\\/\\\/radiociutat.com\\\/es\\\/#\\\/schema\\\/person\\\/04b6638f9d2a9ea77408db76c5d8f0b5\",\"name\":\"Redacci\u00f3\",\"sameAs\":[\"https:\\\/\\\/radiociutat.com\\\/wp-content\\\/uploads\\\/2023\\\/09\\\/LOGO-RCTGN-CUADRAT.png\"],\"url\":\"https:\\\/\\\/radiociutat.com\\\/es\\\/author\\\/jespinosa\\\/\"}]}<\/script>\n<!-- \/ Yoast SEO Premium plugin. -->","yoast_head_json":{"title":"El SAI impulsa actividades por el D\u00eda de la Visibilidad L\u00e9sbica en Tarragona - R\u00e0dio Ciutat de Tarragona","robots":{"index":"index","follow":"follow","max-snippet":"max-snippet:-1","max-image-preview":"max-image-preview:large","max-video-preview":"max-video-preview:-1"},"canonical":"https:\/\/radiociutat.com\/es\/ultimas-noticias\/cronicas\/el-sai-impulsa-actividades-por-el-dia-de-la-visibilidad-lesbica-en-tarragona\/","og_locale":"es_ES","og_type":"article","og_title":"El SAI impulsa actividades por el D\u00eda de la Visibilidad L\u00e9sbica en Tarragona","og_description":"El Servicio de Atenci\u00f3n Integral a las Diversidades Sexuales y de G\u00e9neros (SAI) se ha sumado a la conmemoraci\u00f3n del D\u00eda de la Visibilidad L\u00e9sbica, que se celebra el 26 de abril con el objetivo de concienciar sobre la doble discriminaci\u00f3n que sufren las mujeres lesbianas. En este contexto, la concejal\u00eda de Igualdad ha reafirmado [&hellip;]","og_url":"https:\/\/radiociutat.com\/es\/ultimas-noticias\/cronicas\/el-sai-impulsa-actividades-por-el-dia-de-la-visibilidad-lesbica-en-tarragona\/","og_site_name":"R\u00e0dio Ciutat de Tarragona","article_publisher":"https:\/\/www.facebook.com\/rctgn","article_published_time":"2026-04-24T14:00:47+00:00","og_image":[{"width":3000,"height":3000,"url":"https:\/\/files.radiociutat.com\/rctgn\/wp-content\/uploads\/2021\/03\/LOGO-RCTGN-RADIO-CIUTAT-DE-TARRAGONA-TRANSPARENTE-TARRAGONA-2020-3000X3000-Redes1-copia.png","type":"image\/png"}],"author":"Redacci\u00f3","twitter_card":"summary_large_image","twitter_creator":"@RCTgn","twitter_site":"@RCTgn","twitter_misc":{"Escrito por":"Redacci\u00f3","Tiempo de lectura":"1 minuto"},"schema":{"@context":"https:\/\/schema.org","@graph":[{"@type":"Article","@id":"https:\/\/radiociutat.com\/es\/ultimas-noticias\/cronicas\/el-sai-impulsa-actividades-por-el-dia-de-la-visibilidad-lesbica-en-tarragona\/#article","isPartOf":{"@id":"https:\/\/radiociutat.com\/es\/ultimas-noticias\/cronicas\/el-sai-impulsa-actividades-por-el-dia-de-la-visibilidad-lesbica-en-tarragona\/"},"author":{"name":"Redacci\u00f3","@id":"https:\/\/radiociutat.com\/es\/#\/schema\/person\/04b6638f9d2a9ea77408db76c5d8f0b5"},"headline":"El SAI impulsa actividades por el D\u00eda de la Visibilidad L\u00e9sbica en Tarragona","datePublished":"2026-04-24T14:00:47+00:00","mainEntityOfPage":{"@id":"https:\/\/radiociutat.com\/es\/ultimas-noticias\/cronicas\/el-sai-impulsa-actividades-por-el-dia-de-la-visibilidad-lesbica-en-tarragona\/"},"wordCount":234,"image":{"@id":"https:\/\/radiociutat.com\/es\/ultimas-noticias\/cronicas\/el-sai-impulsa-actividades-por-el-dia-de-la-visibilidad-lesbica-en-tarragona\/#primaryimage"},"thumbnailUrl":"https:\/\/files.radiociutat.com\/rctgn\/wp-content\/uploads\/2026\/04\/cercle-de-dones-visibilitat-lesbica.png","keywords":["SAI","Tarragona"],"articleSection":["Cr\u00f3nicas"],"inLanguage":"es"},{"@type":"WebPage","@id":"https:\/\/radiociutat.com\/es\/ultimas-noticias\/cronicas\/el-sai-impulsa-actividades-por-el-dia-de-la-visibilidad-lesbica-en-tarragona\/","url":"https:\/\/radiociutat.com\/es\/ultimas-noticias\/cronicas\/el-sai-impulsa-actividades-por-el-dia-de-la-visibilidad-lesbica-en-tarragona\/","name":"El SAI impulsa actividades por el D\u00eda de la Visibilidad L\u00e9sbica en Tarragona - R\u00e0dio Ciutat de Tarragona","isPartOf":{"@id":"https:\/\/radiociutat.com\/es\/#website"},"primaryImageOfPage":{"@id":"https:\/\/radiociutat.com\/es\/ultimas-noticias\/cronicas\/el-sai-impulsa-actividades-por-el-dia-de-la-visibilidad-lesbica-en-tarragona\/#primaryimage"},"image":{"@id":"https:\/\/radiociutat.com\/es\/ultimas-noticias\/cronicas\/el-sai-impulsa-actividades-por-el-dia-de-la-visibilidad-lesbica-en-tarragona\/#primaryimage"},"thumbnailUrl":"https:\/\/files.radiociutat.com\/rctgn\/wp-content\/uploads\/2026\/04\/cercle-de-dones-visibilitat-lesbica.png","datePublished":"2026-04-24T14:00:47+00:00","author":{"@id":"https:\/\/radiociutat.com\/es\/#\/schema\/person\/04b6638f9d2a9ea77408db76c5d8f0b5"},"breadcrumb":{"@id":"https:\/\/radiociutat.com\/es\/ultimas-noticias\/cronicas\/el-sai-impulsa-actividades-por-el-dia-de-la-visibilidad-lesbica-en-tarragona\/#breadcrumb"},"inLanguage":"es","potentialAction":[{"@type":"ReadAction","target":["https:\/\/radiociutat.com\/es\/ultimas-noticias\/cronicas\/el-sai-impulsa-actividades-por-el-dia-de-la-visibilidad-lesbica-en-tarragona\/"]}]},{"@type":"ImageObject","inLanguage":"es","@id":"https:\/\/radiociutat.com\/es\/ultimas-noticias\/cronicas\/el-sai-impulsa-actividades-por-el-dia-de-la-visibilidad-lesbica-en-tarragona\/#primaryimage","url":"https:\/\/files.radiociutat.com\/rctgn\/wp-content\/uploads\/2026\/04\/cercle-de-dones-visibilitat-lesbica.png","contentUrl":"https:\/\/files.radiociutat.com\/rctgn\/wp-content\/uploads\/2026\/04\/cercle-de-dones-visibilitat-lesbica.png","width":1080,"height":1350},{"@type":"BreadcrumbList","@id":"https:\/\/radiociutat.com\/es\/ultimas-noticias\/cronicas\/el-sai-impulsa-actividades-por-el-dia-de-la-visibilidad-lesbica-en-tarragona\/#breadcrumb","itemListElement":[{"@type":"ListItem","position":1,"name":"Inici","item":"https:\/\/radiociutat.com\/es\/"},{"@type":"ListItem","position":2,"name":"El SAI impulsa actividades por el D\u00eda de la Visibilidad L\u00e9sbica en Tarragona"}]},{"@type":"WebSite","@id":"https:\/\/radiociutat.com\/es\/#website","url":"https:\/\/radiociutat.com\/es\/","name":"R\u00e0dio Ciutat de Tarragona","description":"R\u00e0dio Ciutat de Tarragona - RCTgn.cat R\u00e0dio Online","potentialAction":[{"@type":"SearchAction","target":{"@type":"EntryPoint","urlTemplate":"https:\/\/radiociutat.com\/es\/?s={search_term_string}"},"query-input":{"@type":"PropertyValueSpecification","valueRequired":true,"valueName":"search_term_string"}}],"inLanguage":"es"},{"@type":"Person","@id":"https:\/\/radiociutat.com\/es\/#\/schema\/person\/04b6638f9d2a9ea77408db76c5d8f0b5","name":"Redacci\u00f3","sameAs":["https:\/\/radiociutat.com\/wp-content\/uploads\/2023\/09\/LOGO-RCTGN-CUADRAT.png"],"url":"https:\/\/radiociutat.com\/es\/author\/jespinosa\/"}]}},"_links":{"self":[{"href":"https:\/\/radiociutat.com\/es\/wp-json\/wp\/v2\/posts\/377920","targetHints":{"allow":["GET"]}}],"collection":[{"href":"https:\/\/radiociutat.com\/es\/wp-json\/wp\/v2\/posts"}],"about":[{"href":"https:\/\/radiociutat.com\/es\/wp-json\/wp\/v2\/types\/post"}],"author":[{"embeddable":true,"href":"https:\/\/radiociutat.com\/es\/wp-json\/wp\/v2\/users\/1"}],"replies":[{"embeddable":true,"href":"https:\/\/radiociutat.com\/es\/wp-json\/wp\/v2\/comments?post=377920"}],"version-history":[{"count":0,"href":"https:\/\/radiociutat.com\/es\/wp-json\/wp\/v2\/posts\/377920\/revisions"}],"wp:featuredmedia":[{"embeddable":true,"href":"https:\/\/radiociutat.com\/es\/wp-json\/wp\/v2\/media\/377886"}],"wp:attachment":[{"href":"https:\/\/radiociutat.com\/es\/wp-json\/wp\/v2\/media?parent=377920"}],"wp:term":[{"taxonomy":"category","embeddable":true,"href":"https:\/\/radiociutat.com\/es\/wp-json\/wp\/v2\/categories?post=377920"},{"taxonomy":"post_tag","embeddable":true,"href":"https:\/\/radiociutat.com\/es\/wp-json\/wp\/v2\/tags?post=377920"}],"curies":[{"name":"wp","href":"https:\/\/api.w.org\/{rel}","templated":true}]}}