{"id":377918,"date":"2026-04-24T16:16:41","date_gmt":"2026-04-24T14:16:41","guid":{"rendered":"https:\/\/radiociutat.com\/programes-podcast\/una-mision-comercial-de-america-latina-visita-el-puerto-de-tarragona-para-explorar-alianzas\/"},"modified":"2026-04-24T16:16:41","modified_gmt":"2026-04-24T14:16:41","slug":"una-mision-comercial-de-america-latina-visita-el-puerto-de-tarragona-para-explorar-alianzas","status":"publish","type":"post","link":"https:\/\/radiociutat.com\/es\/provincia-de-tarragona\/una-mision-comercial-de-america-latina-visita-el-puerto-de-tarragona-para-explorar-alianzas\/","title":{"rendered":"Una misi\u00f3n comercial de Am\u00e9rica Latina visita el Puerto de Tarragona para explorar alianzas"},"content":{"rendered":"<p>Una treintena de representantes de puertos y empresas log\u00edsticas de ocho pa\u00edses de Am\u00e9rica Latina han visitado las instalaciones del Puerto de Tarragona en el marco de la misi\u00f3n comercial PortLeaders 2026. El objetivo central de este encuentro ha sido fortalecer los v\u00ednculos internacionales, explorar nuevas alianzas e identificar oportunidades de negocio conjuntas en los sectores mar\u00edtimo y log\u00edstico, aprovechando la posici\u00f3n estrat\u00e9gica del recinto tarraconense.<\/p>\n<p>Durante su estancia, la delegaci\u00f3n ha conocido de primera mano la especializaci\u00f3n de Tarragona como referente del Mediterr\u00e1neo en tr\u00e1ficos agroalimentarios y petroqu\u00edmicos. Los visitantes han podido analizar la apuesta de la infraestructura por la transici\u00f3n energ\u00e9tica y la sostenibilidad, as\u00ed como su estrecha relaci\u00f3n con la industria qu\u00edmica local, elementos clave para la transformaci\u00f3n hacia un modelo m\u00e1s competitivo.<\/p>\n<p>Uno de los puntos m\u00e1s destacados de la visita ha sido la presentaci\u00f3n de la transformaci\u00f3n del modelo log\u00edstico del Puerto. Se ha puesto especial \u00e9nfasis en el sistema intermodal robusto formado por las terminales de la Boella y Guadalajara-Marchamalo, junto con la Zona de Actividades Log\u00edsticas (ZAL) y la nueva terminal mar\u00edtima polivalente, infraestructuras dise\u00f1adas para atraer nuevos tr\u00e1ficos de alto valor a\u00f1adido.<\/p>\n<p>La acci\u00f3n comercial ha contado con la participaci\u00f3n de 18 organizaciones provenientes de Argentina, Brasil, Colombia, Costa Rica, Ecuador, Guatemala, M\u00e9xico y Panam\u00e1. Esta misi\u00f3n internacional ha incluido tambi\u00e9n visitas a la sede de Puertos del Estado en Madrid y a los puertos de Valencia y Barcelona, ofreciendo una panor\u00e1mica completa de la capacidad log\u00edstica del sistema portuario estatal.<\/p>\n","protected":false},"excerpt":{"rendered":"<p>Una treintena de representantes de puertos y empresas log\u00edsticas de ocho pa\u00edses de Am\u00e9rica Latina han visitado las instalaciones del Puerto de Tarragona en el marco de la misi\u00f3n comercial PortLeaders 2026. El objetivo central de este encuentro ha sido fortalecer los v\u00ednculos internacionales, explorar nuevas alianzas e identificar oportunidades de negocio conjuntas en los [&hellip;]<\/p>\n","protected":false},"author":106,"featured_media":377835,"comment_status":"closed","ping_status":"closed","sticky":false,"template":"","format":"standard","meta":{"footnotes":""},"categories":[14046,14520,14916,14048,14026,12404,14029],"tags":[],"class_list":["post-377918","post","type-post","status-publish","format-standard","has-post-thumbnail","hentry","category-campo-de-tarragona","category-economia-empresa","category-internacional","category-maritimo-pesquero","category-nota-automatica","category-provincia-de-tarragona","category-tarragona"],"yoast_head":"<!-- This site is optimized with the Yoast SEO Premium plugin v27.4 (Yoast SEO v27.4) - https:\/\/yoast.com\/product\/yoast-seo-premium-wordpress\/ -->\n<title>Una misi\u00f3n comercial de Am\u00e9rica Latina visita el Puerto de Tarragona para explorar alianzas - R\u00e0dio Ciutat de Tarragona<\/title>\n<meta name=\"robots\" content=\"index, follow, max-snippet:-1, max-image-preview:large, max-video-preview:-1\" \/>\n<link rel=\"canonical\" href=\"https:\/\/radiociutat.com\/es\/provincia-de-tarragona\/una-mision-comercial-de-america-latina-visita-el-puerto-de-tarragona-para-explorar-alianzas\/\" \/>\n<meta property=\"og:locale\" content=\"es_ES\" \/>\n<meta property=\"og:type\" content=\"article\" \/>\n<meta property=\"og:title\" content=\"Una misi\u00f3n comercial de Am\u00e9rica Latina visita el Puerto de Tarragona para explorar alianzas\" \/>\n<meta property=\"og:description\" content=\"Una treintena de representantes de puertos y empresas log\u00edsticas de ocho pa\u00edses de Am\u00e9rica Latina han visitado las instalaciones del Puerto de Tarragona en el marco de la misi\u00f3n comercial PortLeaders 2026. El objetivo central de este encuentro ha sido fortalecer los v\u00ednculos internacionales, explorar nuevas alianzas e identificar oportunidades de negocio conjuntas en los [&hellip;]\" \/>\n<meta property=\"og:url\" content=\"https:\/\/radiociutat.com\/es\/provincia-de-tarragona\/una-mision-comercial-de-america-latina-visita-el-puerto-de-tarragona-para-explorar-alianzas\/\" \/>\n<meta property=\"og:site_name\" content=\"R\u00e0dio Ciutat de Tarragona\" \/>\n<meta property=\"article:publisher\" content=\"https:\/\/www.facebook.com\/rctgn\" \/>\n<meta property=\"article:published_time\" content=\"2026-04-24T14:16:41+00:00\" \/>\n<meta property=\"og:image\" content=\"https:\/\/files.radiociutat.com\/rctgn\/wp-content\/uploads\/2021\/03\/LOGO-RCTGN-RADIO-CIUTAT-DE-TARRAGONA-TRANSPARENTE-TARRAGONA-2020-3000X3000-Redes1-copia.png\" \/>\n\t<meta property=\"og:image:width\" content=\"3000\" \/>\n\t<meta property=\"og:image:height\" content=\"3000\" \/>\n\t<meta property=\"og:image:type\" content=\"image\/png\" \/>\n<meta name=\"author\" content=\"AutoNota\" \/>\n<meta name=\"twitter:card\" content=\"summary_large_image\" \/>\n<meta name=\"twitter:creator\" content=\"@RCTgn\" \/>\n<meta name=\"twitter:site\" content=\"@RCTgn\" \/>\n<meta name=\"twitter:label1\" content=\"Escrito por\" \/>\n\t<meta name=\"twitter:data1\" content=\"AutoNota\" \/>\n\t<meta name=\"twitter:label2\" content=\"Tiempo de lectura\" \/>\n\t<meta name=\"twitter:data2\" content=\"1 minuto\" \/>\n<script type=\"application\/ld+json\" class=\"yoast-schema-graph\">{\"@context\":\"https:\\\/\\\/schema.org\",\"@graph\":[{\"@type\":\"Article\",\"@id\":\"https:\\\/\\\/radiociutat.com\\\/es\\\/provincia-de-tarragona\\\/una-mision-comercial-de-america-latina-visita-el-puerto-de-tarragona-para-explorar-alianzas\\\/#article\",\"isPartOf\":{\"@id\":\"https:\\\/\\\/radiociutat.com\\\/es\\\/provincia-de-tarragona\\\/una-mision-comercial-de-america-latina-visita-el-puerto-de-tarragona-para-explorar-alianzas\\\/\"},\"author\":{\"name\":\"AutoNota\",\"@id\":\"https:\\\/\\\/radiociutat.com\\\/es\\\/#\\\/schema\\\/person\\\/fd401dfbfd2adfe3f166b553b083e78d\"},\"headline\":\"Una misi\u00f3n comercial de Am\u00e9rica Latina visita el Puerto de Tarragona para explorar alianzas\",\"datePublished\":\"2026-04-24T14:16:41+00:00\",\"mainEntityOfPage\":{\"@id\":\"https:\\\/\\\/radiociutat.com\\\/es\\\/provincia-de-tarragona\\\/una-mision-comercial-de-america-latina-visita-el-puerto-de-tarragona-para-explorar-alianzas\\\/\"},\"wordCount\":299,\"image\":{\"@id\":\"https:\\\/\\\/radiociutat.com\\\/es\\\/provincia-de-tarragona\\\/una-mision-comercial-de-america-latina-visita-el-puerto-de-tarragona-para-explorar-alianzas\\\/#primaryimage\"},\"thumbnailUrl\":\"https:\\\/\\\/files.radiociutat.com\\\/rctgn\\\/wp-content\\\/uploads\\\/2026\\\/04\\\/20260423_portleaders_america_137-scaled-e1777040067523.jpg\",\"articleSection\":[\"Campo de Tarragona\",\"Econom\u00eda \\\/ Empresa\",\"Internacional\",\"Mar\u00edtimo - Pesquero\",\"Nota autom\u00e1tica\",\"Prov\u00edncia de Tarragona\",\"Tarragona\"],\"inLanguage\":\"es\"},{\"@type\":\"WebPage\",\"@id\":\"https:\\\/\\\/radiociutat.com\\\/es\\\/provincia-de-tarragona\\\/una-mision-comercial-de-america-latina-visita-el-puerto-de-tarragona-para-explorar-alianzas\\\/\",\"url\":\"https:\\\/\\\/radiociutat.com\\\/es\\\/provincia-de-tarragona\\\/una-mision-comercial-de-america-latina-visita-el-puerto-de-tarragona-para-explorar-alianzas\\\/\",\"name\":\"Una misi\u00f3n comercial de Am\u00e9rica Latina visita el Puerto de Tarragona para explorar alianzas - R\u00e0dio Ciutat de Tarragona\",\"isPartOf\":{\"@id\":\"https:\\\/\\\/radiociutat.com\\\/es\\\/#website\"},\"primaryImageOfPage\":{\"@id\":\"https:\\\/\\\/radiociutat.com\\\/es\\\/provincia-de-tarragona\\\/una-mision-comercial-de-america-latina-visita-el-puerto-de-tarragona-para-explorar-alianzas\\\/#primaryimage\"},\"image\":{\"@id\":\"https:\\\/\\\/radiociutat.com\\\/es\\\/provincia-de-tarragona\\\/una-mision-comercial-de-america-latina-visita-el-puerto-de-tarragona-para-explorar-alianzas\\\/#primaryimage\"},\"thumbnailUrl\":\"https:\\\/\\\/files.radiociutat.com\\\/rctgn\\\/wp-content\\\/uploads\\\/2026\\\/04\\\/20260423_portleaders_america_137-scaled-e1777040067523.jpg\",\"datePublished\":\"2026-04-24T14:16:41+00:00\",\"author\":{\"@id\":\"https:\\\/\\\/radiociutat.com\\\/es\\\/#\\\/schema\\\/person\\\/fd401dfbfd2adfe3f166b553b083e78d\"},\"breadcrumb\":{\"@id\":\"https:\\\/\\\/radiociutat.com\\\/es\\\/provincia-de-tarragona\\\/una-mision-comercial-de-america-latina-visita-el-puerto-de-tarragona-para-explorar-alianzas\\\/#breadcrumb\"},\"inLanguage\":\"es\",\"potentialAction\":[{\"@type\":\"ReadAction\",\"target\":[\"https:\\\/\\\/radiociutat.com\\\/es\\\/provincia-de-tarragona\\\/una-mision-comercial-de-america-latina-visita-el-puerto-de-tarragona-para-explorar-alianzas\\\/\"]}]},{\"@type\":\"ImageObject\",\"inLanguage\":\"es\",\"@id\":\"https:\\\/\\\/radiociutat.com\\\/es\\\/provincia-de-tarragona\\\/una-mision-comercial-de-america-latina-visita-el-puerto-de-tarragona-para-explorar-alianzas\\\/#primaryimage\",\"url\":\"https:\\\/\\\/files.radiociutat.com\\\/rctgn\\\/wp-content\\\/uploads\\\/2026\\\/04\\\/20260423_portleaders_america_137-scaled-e1777040067523.jpg\",\"contentUrl\":\"https:\\\/\\\/files.radiociutat.com\\\/rctgn\\\/wp-content\\\/uploads\\\/2026\\\/04\\\/20260423_portleaders_america_137-scaled-e1777040067523.jpg\",\"width\":2560,\"height\":1707},{\"@type\":\"BreadcrumbList\",\"@id\":\"https:\\\/\\\/radiociutat.com\\\/es\\\/provincia-de-tarragona\\\/una-mision-comercial-de-america-latina-visita-el-puerto-de-tarragona-para-explorar-alianzas\\\/#breadcrumb\",\"itemListElement\":[{\"@type\":\"ListItem\",\"position\":1,\"name\":\"Inici\",\"item\":\"https:\\\/\\\/radiociutat.com\\\/es\\\/\"},{\"@type\":\"ListItem\",\"position\":2,\"name\":\"Una misi\u00f3n comercial de Am\u00e9rica Latina visita el Puerto de Tarragona para explorar alianzas\"}]},{\"@type\":\"WebSite\",\"@id\":\"https:\\\/\\\/radiociutat.com\\\/es\\\/#website\",\"url\":\"https:\\\/\\\/radiociutat.com\\\/es\\\/\",\"name\":\"R\u00e0dio Ciutat de Tarragona\",\"description\":\"R\u00e0dio Ciutat de Tarragona - RCTgn.cat R\u00e0dio Online\",\"potentialAction\":[{\"@type\":\"SearchAction\",\"target\":{\"@type\":\"EntryPoint\",\"urlTemplate\":\"https:\\\/\\\/radiociutat.com\\\/es\\\/?s={search_term_string}\"},\"query-input\":{\"@type\":\"PropertyValueSpecification\",\"valueRequired\":true,\"valueName\":\"search_term_string\"}}],\"inLanguage\":\"es\"},{\"@type\":\"Person\",\"@id\":\"https:\\\/\\\/radiociutat.com\\\/es\\\/#\\\/schema\\\/person\\\/fd401dfbfd2adfe3f166b553b083e78d\",\"name\":\"AutoNota\",\"description\":\"AutoNota, el suport intel\u00b7ligent per a la redacci\u00f3 AutoNota \u00e9s un servei propi de R\u00e0dio Ciutat que utilitza la intel\u00b7lig\u00e8ncia artificial per donar suport al treball period\u00edstic. La seva funci\u00f3 principal \u00e9s etiquetar, categoritzar i contextualitzar les informacions que arriben a la redacci\u00f3, sobretot procedents d\u2019empreses i institucions. Tot i que la IA ajuda a ordenar i donar forma als continguts, \u00e9s sempre l\u2019equip de redacci\u00f3 qui els revisa, edita i publica. D\u2019aquesta manera, garantim que totes les publicacions d\u2019AutoNota comptin amb la curaci\u00f3 i l\u2019aval professional d\u2019una persona periodista de R\u00e0dio Ciutat.\",\"url\":\"https:\\\/\\\/radiociutat.com\\\/es\\\/author\\\/autonota\\\/\"}]}<\/script>\n<!-- \/ Yoast SEO Premium plugin. -->","yoast_head_json":{"title":"Una misi\u00f3n comercial de Am\u00e9rica Latina visita el Puerto de Tarragona para explorar alianzas - R\u00e0dio Ciutat de Tarragona","robots":{"index":"index","follow":"follow","max-snippet":"max-snippet:-1","max-image-preview":"max-image-preview:large","max-video-preview":"max-video-preview:-1"},"canonical":"https:\/\/radiociutat.com\/es\/provincia-de-tarragona\/una-mision-comercial-de-america-latina-visita-el-puerto-de-tarragona-para-explorar-alianzas\/","og_locale":"es_ES","og_type":"article","og_title":"Una misi\u00f3n comercial de Am\u00e9rica Latina visita el Puerto de Tarragona para explorar alianzas","og_description":"Una treintena de representantes de puertos y empresas log\u00edsticas de ocho pa\u00edses de Am\u00e9rica Latina han visitado las instalaciones del Puerto de Tarragona en el marco de la misi\u00f3n comercial PortLeaders 2026. El objetivo central de este encuentro ha sido fortalecer los v\u00ednculos internacionales, explorar nuevas alianzas e identificar oportunidades de negocio conjuntas en los [&hellip;]","og_url":"https:\/\/radiociutat.com\/es\/provincia-de-tarragona\/una-mision-comercial-de-america-latina-visita-el-puerto-de-tarragona-para-explorar-alianzas\/","og_site_name":"R\u00e0dio Ciutat de Tarragona","article_publisher":"https:\/\/www.facebook.com\/rctgn","article_published_time":"2026-04-24T14:16:41+00:00","og_image":[{"width":3000,"height":3000,"url":"https:\/\/files.radiociutat.com\/rctgn\/wp-content\/uploads\/2021\/03\/LOGO-RCTGN-RADIO-CIUTAT-DE-TARRAGONA-TRANSPARENTE-TARRAGONA-2020-3000X3000-Redes1-copia.png","type":"image\/png"}],"author":"AutoNota","twitter_card":"summary_large_image","twitter_creator":"@RCTgn","twitter_site":"@RCTgn","twitter_misc":{"Escrito por":"AutoNota","Tiempo de lectura":"1 minuto"},"schema":{"@context":"https:\/\/schema.org","@graph":[{"@type":"Article","@id":"https:\/\/radiociutat.com\/es\/provincia-de-tarragona\/una-mision-comercial-de-america-latina-visita-el-puerto-de-tarragona-para-explorar-alianzas\/#article","isPartOf":{"@id":"https:\/\/radiociutat.com\/es\/provincia-de-tarragona\/una-mision-comercial-de-america-latina-visita-el-puerto-de-tarragona-para-explorar-alianzas\/"},"author":{"name":"AutoNota","@id":"https:\/\/radiociutat.com\/es\/#\/schema\/person\/fd401dfbfd2adfe3f166b553b083e78d"},"headline":"Una misi\u00f3n comercial de Am\u00e9rica Latina visita el Puerto de Tarragona para explorar alianzas","datePublished":"2026-04-24T14:16:41+00:00","mainEntityOfPage":{"@id":"https:\/\/radiociutat.com\/es\/provincia-de-tarragona\/una-mision-comercial-de-america-latina-visita-el-puerto-de-tarragona-para-explorar-alianzas\/"},"wordCount":299,"image":{"@id":"https:\/\/radiociutat.com\/es\/provincia-de-tarragona\/una-mision-comercial-de-america-latina-visita-el-puerto-de-tarragona-para-explorar-alianzas\/#primaryimage"},"thumbnailUrl":"https:\/\/files.radiociutat.com\/rctgn\/wp-content\/uploads\/2026\/04\/20260423_portleaders_america_137-scaled-e1777040067523.jpg","articleSection":["Campo de Tarragona","Econom\u00eda \/ Empresa","Internacional","Mar\u00edtimo - Pesquero","Nota autom\u00e1tica","Prov\u00edncia de Tarragona","Tarragona"],"inLanguage":"es"},{"@type":"WebPage","@id":"https:\/\/radiociutat.com\/es\/provincia-de-tarragona\/una-mision-comercial-de-america-latina-visita-el-puerto-de-tarragona-para-explorar-alianzas\/","url":"https:\/\/radiociutat.com\/es\/provincia-de-tarragona\/una-mision-comercial-de-america-latina-visita-el-puerto-de-tarragona-para-explorar-alianzas\/","name":"Una misi\u00f3n comercial de Am\u00e9rica Latina visita el Puerto de Tarragona para explorar alianzas - R\u00e0dio Ciutat de Tarragona","isPartOf":{"@id":"https:\/\/radiociutat.com\/es\/#website"},"primaryImageOfPage":{"@id":"https:\/\/radiociutat.com\/es\/provincia-de-tarragona\/una-mision-comercial-de-america-latina-visita-el-puerto-de-tarragona-para-explorar-alianzas\/#primaryimage"},"image":{"@id":"https:\/\/radiociutat.com\/es\/provincia-de-tarragona\/una-mision-comercial-de-america-latina-visita-el-puerto-de-tarragona-para-explorar-alianzas\/#primaryimage"},"thumbnailUrl":"https:\/\/files.radiociutat.com\/rctgn\/wp-content\/uploads\/2026\/04\/20260423_portleaders_america_137-scaled-e1777040067523.jpg","datePublished":"2026-04-24T14:16:41+00:00","author":{"@id":"https:\/\/radiociutat.com\/es\/#\/schema\/person\/fd401dfbfd2adfe3f166b553b083e78d"},"breadcrumb":{"@id":"https:\/\/radiociutat.com\/es\/provincia-de-tarragona\/una-mision-comercial-de-america-latina-visita-el-puerto-de-tarragona-para-explorar-alianzas\/#breadcrumb"},"inLanguage":"es","potentialAction":[{"@type":"ReadAction","target":["https:\/\/radiociutat.com\/es\/provincia-de-tarragona\/una-mision-comercial-de-america-latina-visita-el-puerto-de-tarragona-para-explorar-alianzas\/"]}]},{"@type":"ImageObject","inLanguage":"es","@id":"https:\/\/radiociutat.com\/es\/provincia-de-tarragona\/una-mision-comercial-de-america-latina-visita-el-puerto-de-tarragona-para-explorar-alianzas\/#primaryimage","url":"https:\/\/files.radiociutat.com\/rctgn\/wp-content\/uploads\/2026\/04\/20260423_portleaders_america_137-scaled-e1777040067523.jpg","contentUrl":"https:\/\/files.radiociutat.com\/rctgn\/wp-content\/uploads\/2026\/04\/20260423_portleaders_america_137-scaled-e1777040067523.jpg","width":2560,"height":1707},{"@type":"BreadcrumbList","@id":"https:\/\/radiociutat.com\/es\/provincia-de-tarragona\/una-mision-comercial-de-america-latina-visita-el-puerto-de-tarragona-para-explorar-alianzas\/#breadcrumb","itemListElement":[{"@type":"ListItem","position":1,"name":"Inici","item":"https:\/\/radiociutat.com\/es\/"},{"@type":"ListItem","position":2,"name":"Una misi\u00f3n comercial de Am\u00e9rica Latina visita el Puerto de Tarragona para explorar alianzas"}]},{"@type":"WebSite","@id":"https:\/\/radiociutat.com\/es\/#website","url":"https:\/\/radiociutat.com\/es\/","name":"R\u00e0dio Ciutat de Tarragona","description":"R\u00e0dio Ciutat de Tarragona - RCTgn.cat R\u00e0dio Online","potentialAction":[{"@type":"SearchAction","target":{"@type":"EntryPoint","urlTemplate":"https:\/\/radiociutat.com\/es\/?s={search_term_string}"},"query-input":{"@type":"PropertyValueSpecification","valueRequired":true,"valueName":"search_term_string"}}],"inLanguage":"es"},{"@type":"Person","@id":"https:\/\/radiociutat.com\/es\/#\/schema\/person\/fd401dfbfd2adfe3f166b553b083e78d","name":"AutoNota","description":"AutoNota, el suport intel\u00b7ligent per a la redacci\u00f3 AutoNota \u00e9s un servei propi de R\u00e0dio Ciutat que utilitza la intel\u00b7lig\u00e8ncia artificial per donar suport al treball period\u00edstic. La seva funci\u00f3 principal \u00e9s etiquetar, categoritzar i contextualitzar les informacions que arriben a la redacci\u00f3, sobretot procedents d\u2019empreses i institucions. Tot i que la IA ajuda a ordenar i donar forma als continguts, \u00e9s sempre l\u2019equip de redacci\u00f3 qui els revisa, edita i publica. D\u2019aquesta manera, garantim que totes les publicacions d\u2019AutoNota comptin amb la curaci\u00f3 i l\u2019aval professional d\u2019una persona periodista de R\u00e0dio Ciutat.","url":"https:\/\/radiociutat.com\/es\/author\/autonota\/"}]}},"_links":{"self":[{"href":"https:\/\/radiociutat.com\/es\/wp-json\/wp\/v2\/posts\/377918","targetHints":{"allow":["GET"]}}],"collection":[{"href":"https:\/\/radiociutat.com\/es\/wp-json\/wp\/v2\/posts"}],"about":[{"href":"https:\/\/radiociutat.com\/es\/wp-json\/wp\/v2\/types\/post"}],"author":[{"embeddable":true,"href":"https:\/\/radiociutat.com\/es\/wp-json\/wp\/v2\/users\/106"}],"replies":[{"embeddable":true,"href":"https:\/\/radiociutat.com\/es\/wp-json\/wp\/v2\/comments?post=377918"}],"version-history":[{"count":0,"href":"https:\/\/radiociutat.com\/es\/wp-json\/wp\/v2\/posts\/377918\/revisions"}],"wp:featuredmedia":[{"embeddable":true,"href":"https:\/\/radiociutat.com\/es\/wp-json\/wp\/v2\/media\/377835"}],"wp:attachment":[{"href":"https:\/\/radiociutat.com\/es\/wp-json\/wp\/v2\/media?parent=377918"}],"wp:term":[{"taxonomy":"category","embeddable":true,"href":"https:\/\/radiociutat.com\/es\/wp-json\/wp\/v2\/categories?post=377918"},{"taxonomy":"post_tag","embeddable":true,"href":"https:\/\/radiociutat.com\/es\/wp-json\/wp\/v2\/tags?post=377918"}],"curies":[{"name":"wp","href":"https:\/\/api.w.org\/{rel}","templated":true}]}}