{"id":377916,"date":"2026-04-24T16:29:14","date_gmt":"2026-04-24T14:29:14","guid":{"rendered":"https:\/\/radiociutat.com\/programes-podcast\/el-nastic-viaja-a-cartagena-buscando-una-reaccion-que-hasta-ahora-no-ha-encontrado\/"},"modified":"2026-04-24T16:29:14","modified_gmt":"2026-04-24T14:29:14","slug":"el-nastic-viaja-a-cartagena-buscando-una-reaccion-que-hasta-ahora-no-ha-encontrado","status":"publish","type":"post","link":"https:\/\/radiociutat.com\/es\/ultimas-noticias\/cronicas-deportes\/el-nastic-viaja-a-cartagena-buscando-una-reaccion-que-hasta-ahora-no-ha-encontrado\/","title":{"rendered":"El N\u00e0stic viaja a Cartagena buscando una reacci\u00f3n que hasta ahora no ha encontrado"},"content":{"rendered":"\n<p>El N\u00e0stic afronta la segunda jornada consecutiva fuera de casa tras mostrar su peor versi\u00f3n, la m\u00e1s habitual a domicilio, en Marbella. Los tarraconenses visitan al Cartagena con la necesidad de ara\u00f1ar alg\u00fan punto para evitar el riesgo de caer en zona de descenso cuando tan solo restar\u00e1n cuatro jornadas.<\/p>\n\n\n\n<p>Los locales son sextos, a cuatro puntos del play-off. Necesitan el triunfo para engancharse a la lucha en esta recta final. El t\u00e9cnico grana, Pablo Alfaro, espera que sea un partido igualado, habitual de final de temporada, y asegura que saben que necesitan olvidarse de d\u00f3nde est\u00e1n jugando y que la versi\u00f3n fuera de casa no sea la de las \u00faltimas semanas.<\/p>\n\n\n\n<p>El t\u00e9cnico ha dejado claro que habr\u00e1 cambios respecto al partido en Marbella. Alfaro recupera a Zoilo y Pau Mart\u00ednez, pero pierde a Mangel y \u00d3scar Sanz por sanci\u00f3n. El partido se disputar\u00e1 el domingo a las 18:15h en el Cartagonova.<\/p>\n","protected":false},"excerpt":{"rendered":"<p>El N\u00e0stic afronta la segunda jornada consecutiva fuera de casa tras mostrar su peor versi\u00f3n, la m\u00e1s habitual a domicilio, en Marbella. Los tarraconenses visitan al Cartagena con la necesidad de ara\u00f1ar alg\u00fan punto para evitar el riesgo de caer en zona de descenso cuando tan solo restar\u00e1n cuatro jornadas. Los locales son sextos, a [&hellip;]<\/p>\n","protected":false},"author":33,"featured_media":377898,"comment_status":"closed","ping_status":"closed","sticky":false,"template":"","format":"standard","meta":{"footnotes":""},"categories":[13674],"tags":[13743,128,110,109,47,19,218],"class_list":["post-377916","post","type-post","status-publish","format-standard","has-post-thumbnail","hentry","category-cronicas-deportes","tag-1a-fef-2","tag-actualitat","tag-esports","tag-futbol","tag-nastic-3","tag-tarragona","tag-tgn"],"yoast_head":"<!-- This site is optimized with the Yoast SEO Premium plugin v27.4 (Yoast SEO v27.5) - https:\/\/yoast.com\/product\/yoast-seo-premium-wordpress\/ -->\n<title>El N\u00e0stic viaja a Cartagena buscando una reacci\u00f3n que hasta ahora no ha encontrado - R\u00e0dio Ciutat de Tarragona<\/title>\n<meta name=\"robots\" content=\"index, follow, max-snippet:-1, max-image-preview:large, max-video-preview:-1\" \/>\n<link rel=\"canonical\" href=\"https:\/\/radiociutat.com\/es\/ultimas-noticias\/cronicas-deportes\/el-nastic-viaja-a-cartagena-buscando-una-reaccion-que-hasta-ahora-no-ha-encontrado\/\" \/>\n<meta property=\"og:locale\" content=\"es_ES\" \/>\n<meta property=\"og:type\" content=\"article\" \/>\n<meta property=\"og:title\" content=\"El N\u00e0stic viaja a Cartagena buscando una reacci\u00f3n que hasta ahora no ha encontrado\" \/>\n<meta property=\"og:description\" content=\"El N\u00e0stic afronta la segunda jornada consecutiva fuera de casa tras mostrar su peor versi\u00f3n, la m\u00e1s habitual a domicilio, en Marbella. Los tarraconenses visitan al Cartagena con la necesidad de ara\u00f1ar alg\u00fan punto para evitar el riesgo de caer en zona de descenso cuando tan solo restar\u00e1n cuatro jornadas. Los locales son sextos, a [&hellip;]\" \/>\n<meta property=\"og:url\" content=\"https:\/\/radiociutat.com\/es\/ultimas-noticias\/cronicas-deportes\/el-nastic-viaja-a-cartagena-buscando-una-reaccion-que-hasta-ahora-no-ha-encontrado\/\" \/>\n<meta property=\"og:site_name\" content=\"R\u00e0dio Ciutat de Tarragona\" \/>\n<meta property=\"article:publisher\" content=\"https:\/\/www.facebook.com\/rctgn\" \/>\n<meta property=\"article:published_time\" content=\"2026-04-24T14:29:14+00:00\" \/>\n<meta property=\"og:image\" content=\"https:\/\/files.radiociutat.com\/rctgn\/wp-content\/uploads\/2021\/03\/LOGO-RCTGN-RADIO-CIUTAT-DE-TARRAGONA-TRANSPARENTE-TARRAGONA-2020-3000X3000-Redes1-copia.png\" \/>\n\t<meta property=\"og:image:width\" content=\"3000\" \/>\n\t<meta property=\"og:image:height\" content=\"3000\" \/>\n\t<meta property=\"og:image:type\" content=\"image\/png\" \/>\n<meta name=\"author\" content=\"Adri\u00e0 Tella\" \/>\n<meta name=\"twitter:card\" content=\"summary_large_image\" \/>\n<meta name=\"twitter:creator\" content=\"@RCTgn\" \/>\n<meta name=\"twitter:site\" content=\"@RCTgn\" \/>\n<meta name=\"twitter:label1\" content=\"Escrito por\" \/>\n\t<meta name=\"twitter:data1\" content=\"Adri\u00e0 Tella\" \/>\n\t<meta name=\"twitter:label2\" content=\"Tiempo de lectura\" \/>\n\t<meta name=\"twitter:data2\" content=\"1 minuto\" \/>\n<script type=\"application\/ld+json\" class=\"yoast-schema-graph\">{\"@context\":\"https:\\\/\\\/schema.org\",\"@graph\":[{\"@type\":\"Article\",\"@id\":\"https:\\\/\\\/radiociutat.com\\\/es\\\/ultimas-noticias\\\/cronicas-deportes\\\/el-nastic-viaja-a-cartagena-buscando-una-reaccion-que-hasta-ahora-no-ha-encontrado\\\/#article\",\"isPartOf\":{\"@id\":\"https:\\\/\\\/radiociutat.com\\\/es\\\/ultimas-noticias\\\/cronicas-deportes\\\/el-nastic-viaja-a-cartagena-buscando-una-reaccion-que-hasta-ahora-no-ha-encontrado\\\/\"},\"author\":{\"name\":\"Adri\u00e0 Tella\",\"@id\":\"https:\\\/\\\/radiociutat.com\\\/es\\\/#\\\/schema\\\/person\\\/3086c6cfd718c2c9cb3329ff2a2ed197\"},\"headline\":\"El N\u00e0stic viaja a Cartagena buscando una reacci\u00f3n que hasta ahora no ha encontrado\",\"datePublished\":\"2026-04-24T14:29:14+00:00\",\"mainEntityOfPage\":{\"@id\":\"https:\\\/\\\/radiociutat.com\\\/es\\\/ultimas-noticias\\\/cronicas-deportes\\\/el-nastic-viaja-a-cartagena-buscando-una-reaccion-que-hasta-ahora-no-ha-encontrado\\\/\"},\"wordCount\":182,\"image\":{\"@id\":\"https:\\\/\\\/radiociutat.com\\\/es\\\/ultimas-noticias\\\/cronicas-deportes\\\/el-nastic-viaja-a-cartagena-buscando-una-reaccion-que-hasta-ahora-no-ha-encontrado\\\/#primaryimage\"},\"thumbnailUrl\":\"https:\\\/\\\/files.radiociutat.com\\\/rctgn\\\/wp-content\\\/uploads\\\/2026\\\/04\\\/55178045534_4f0ef92ce4_c-e1777040632554.jpg\",\"keywords\":[\"1\u00aa FEF\",\"Actualitat\",\"Esports\",\"Futbol\",\"N\u00e0stic\",\"Tarragona\",\"TGN\"],\"articleSection\":[\"Cr\u00f3nicas Deportes\"],\"inLanguage\":\"es\"},{\"@type\":\"WebPage\",\"@id\":\"https:\\\/\\\/radiociutat.com\\\/es\\\/ultimas-noticias\\\/cronicas-deportes\\\/el-nastic-viaja-a-cartagena-buscando-una-reaccion-que-hasta-ahora-no-ha-encontrado\\\/\",\"url\":\"https:\\\/\\\/radiociutat.com\\\/es\\\/ultimas-noticias\\\/cronicas-deportes\\\/el-nastic-viaja-a-cartagena-buscando-una-reaccion-que-hasta-ahora-no-ha-encontrado\\\/\",\"name\":\"El N\u00e0stic viaja a Cartagena buscando una reacci\u00f3n que hasta ahora no ha encontrado - R\u00e0dio Ciutat de Tarragona\",\"isPartOf\":{\"@id\":\"https:\\\/\\\/radiociutat.com\\\/es\\\/#website\"},\"primaryImageOfPage\":{\"@id\":\"https:\\\/\\\/radiociutat.com\\\/es\\\/ultimas-noticias\\\/cronicas-deportes\\\/el-nastic-viaja-a-cartagena-buscando-una-reaccion-que-hasta-ahora-no-ha-encontrado\\\/#primaryimage\"},\"image\":{\"@id\":\"https:\\\/\\\/radiociutat.com\\\/es\\\/ultimas-noticias\\\/cronicas-deportes\\\/el-nastic-viaja-a-cartagena-buscando-una-reaccion-que-hasta-ahora-no-ha-encontrado\\\/#primaryimage\"},\"thumbnailUrl\":\"https:\\\/\\\/files.radiociutat.com\\\/rctgn\\\/wp-content\\\/uploads\\\/2026\\\/04\\\/55178045534_4f0ef92ce4_c-e1777040632554.jpg\",\"datePublished\":\"2026-04-24T14:29:14+00:00\",\"author\":{\"@id\":\"https:\\\/\\\/radiociutat.com\\\/es\\\/#\\\/schema\\\/person\\\/3086c6cfd718c2c9cb3329ff2a2ed197\"},\"breadcrumb\":{\"@id\":\"https:\\\/\\\/radiociutat.com\\\/es\\\/ultimas-noticias\\\/cronicas-deportes\\\/el-nastic-viaja-a-cartagena-buscando-una-reaccion-que-hasta-ahora-no-ha-encontrado\\\/#breadcrumb\"},\"inLanguage\":\"es\",\"potentialAction\":[{\"@type\":\"ReadAction\",\"target\":[\"https:\\\/\\\/radiociutat.com\\\/es\\\/ultimas-noticias\\\/cronicas-deportes\\\/el-nastic-viaja-a-cartagena-buscando-una-reaccion-que-hasta-ahora-no-ha-encontrado\\\/\"]}]},{\"@type\":\"ImageObject\",\"inLanguage\":\"es\",\"@id\":\"https:\\\/\\\/radiociutat.com\\\/es\\\/ultimas-noticias\\\/cronicas-deportes\\\/el-nastic-viaja-a-cartagena-buscando-una-reaccion-que-hasta-ahora-no-ha-encontrado\\\/#primaryimage\",\"url\":\"https:\\\/\\\/files.radiociutat.com\\\/rctgn\\\/wp-content\\\/uploads\\\/2026\\\/04\\\/55178045534_4f0ef92ce4_c-e1777040632554.jpg\",\"contentUrl\":\"https:\\\/\\\/files.radiociutat.com\\\/rctgn\\\/wp-content\\\/uploads\\\/2026\\\/04\\\/55178045534_4f0ef92ce4_c-e1777040632554.jpg\",\"width\":800,\"height\":533,\"caption\":\"Foto: N\u00e0stic\"},{\"@type\":\"BreadcrumbList\",\"@id\":\"https:\\\/\\\/radiociutat.com\\\/es\\\/ultimas-noticias\\\/cronicas-deportes\\\/el-nastic-viaja-a-cartagena-buscando-una-reaccion-que-hasta-ahora-no-ha-encontrado\\\/#breadcrumb\",\"itemListElement\":[{\"@type\":\"ListItem\",\"position\":1,\"name\":\"Inici\",\"item\":\"https:\\\/\\\/radiociutat.com\\\/es\\\/\"},{\"@type\":\"ListItem\",\"position\":2,\"name\":\"El N\u00e0stic viaja a Cartagena buscando una reacci\u00f3n que hasta ahora no ha encontrado\"}]},{\"@type\":\"WebSite\",\"@id\":\"https:\\\/\\\/radiociutat.com\\\/es\\\/#website\",\"url\":\"https:\\\/\\\/radiociutat.com\\\/es\\\/\",\"name\":\"R\u00e0dio Ciutat de Tarragona\",\"description\":\"R\u00e0dio Ciutat de Tarragona - RCTgn.cat R\u00e0dio Online\",\"potentialAction\":[{\"@type\":\"SearchAction\",\"target\":{\"@type\":\"EntryPoint\",\"urlTemplate\":\"https:\\\/\\\/radiociutat.com\\\/es\\\/?s={search_term_string}\"},\"query-input\":{\"@type\":\"PropertyValueSpecification\",\"valueRequired\":true,\"valueName\":\"search_term_string\"}}],\"inLanguage\":\"es\"},{\"@type\":\"Person\",\"@id\":\"https:\\\/\\\/radiociutat.com\\\/es\\\/#\\\/schema\\\/person\\\/3086c6cfd718c2c9cb3329ff2a2ed197\",\"name\":\"Adri\u00e0 Tella\",\"sameAs\":[\"https:\\\/\\\/radiociutat.com\\\/wp-content\\\/uploads\\\/2023\\\/09\\\/adri-tella-1-1-e1694013359760.png\"],\"url\":\"https:\\\/\\\/radiociutat.com\\\/es\\\/author\\\/atella\\\/\"}]}<\/script>\n<!-- \/ Yoast SEO Premium plugin. -->","yoast_head_json":{"title":"El N\u00e0stic viaja a Cartagena buscando una reacci\u00f3n que hasta ahora no ha encontrado - R\u00e0dio Ciutat de Tarragona","robots":{"index":"index","follow":"follow","max-snippet":"max-snippet:-1","max-image-preview":"max-image-preview:large","max-video-preview":"max-video-preview:-1"},"canonical":"https:\/\/radiociutat.com\/es\/ultimas-noticias\/cronicas-deportes\/el-nastic-viaja-a-cartagena-buscando-una-reaccion-que-hasta-ahora-no-ha-encontrado\/","og_locale":"es_ES","og_type":"article","og_title":"El N\u00e0stic viaja a Cartagena buscando una reacci\u00f3n que hasta ahora no ha encontrado","og_description":"El N\u00e0stic afronta la segunda jornada consecutiva fuera de casa tras mostrar su peor versi\u00f3n, la m\u00e1s habitual a domicilio, en Marbella. Los tarraconenses visitan al Cartagena con la necesidad de ara\u00f1ar alg\u00fan punto para evitar el riesgo de caer en zona de descenso cuando tan solo restar\u00e1n cuatro jornadas. Los locales son sextos, a [&hellip;]","og_url":"https:\/\/radiociutat.com\/es\/ultimas-noticias\/cronicas-deportes\/el-nastic-viaja-a-cartagena-buscando-una-reaccion-que-hasta-ahora-no-ha-encontrado\/","og_site_name":"R\u00e0dio Ciutat de Tarragona","article_publisher":"https:\/\/www.facebook.com\/rctgn","article_published_time":"2026-04-24T14:29:14+00:00","og_image":[{"width":3000,"height":3000,"url":"https:\/\/files.radiociutat.com\/rctgn\/wp-content\/uploads\/2021\/03\/LOGO-RCTGN-RADIO-CIUTAT-DE-TARRAGONA-TRANSPARENTE-TARRAGONA-2020-3000X3000-Redes1-copia.png","type":"image\/png"}],"author":"Adri\u00e0 Tella","twitter_card":"summary_large_image","twitter_creator":"@RCTgn","twitter_site":"@RCTgn","twitter_misc":{"Escrito por":"Adri\u00e0 Tella","Tiempo de lectura":"1 minuto"},"schema":{"@context":"https:\/\/schema.org","@graph":[{"@type":"Article","@id":"https:\/\/radiociutat.com\/es\/ultimas-noticias\/cronicas-deportes\/el-nastic-viaja-a-cartagena-buscando-una-reaccion-que-hasta-ahora-no-ha-encontrado\/#article","isPartOf":{"@id":"https:\/\/radiociutat.com\/es\/ultimas-noticias\/cronicas-deportes\/el-nastic-viaja-a-cartagena-buscando-una-reaccion-que-hasta-ahora-no-ha-encontrado\/"},"author":{"name":"Adri\u00e0 Tella","@id":"https:\/\/radiociutat.com\/es\/#\/schema\/person\/3086c6cfd718c2c9cb3329ff2a2ed197"},"headline":"El N\u00e0stic viaja a Cartagena buscando una reacci\u00f3n que hasta ahora no ha encontrado","datePublished":"2026-04-24T14:29:14+00:00","mainEntityOfPage":{"@id":"https:\/\/radiociutat.com\/es\/ultimas-noticias\/cronicas-deportes\/el-nastic-viaja-a-cartagena-buscando-una-reaccion-que-hasta-ahora-no-ha-encontrado\/"},"wordCount":182,"image":{"@id":"https:\/\/radiociutat.com\/es\/ultimas-noticias\/cronicas-deportes\/el-nastic-viaja-a-cartagena-buscando-una-reaccion-que-hasta-ahora-no-ha-encontrado\/#primaryimage"},"thumbnailUrl":"https:\/\/files.radiociutat.com\/rctgn\/wp-content\/uploads\/2026\/04\/55178045534_4f0ef92ce4_c-e1777040632554.jpg","keywords":["1\u00aa FEF","Actualitat","Esports","Futbol","N\u00e0stic","Tarragona","TGN"],"articleSection":["Cr\u00f3nicas Deportes"],"inLanguage":"es"},{"@type":"WebPage","@id":"https:\/\/radiociutat.com\/es\/ultimas-noticias\/cronicas-deportes\/el-nastic-viaja-a-cartagena-buscando-una-reaccion-que-hasta-ahora-no-ha-encontrado\/","url":"https:\/\/radiociutat.com\/es\/ultimas-noticias\/cronicas-deportes\/el-nastic-viaja-a-cartagena-buscando-una-reaccion-que-hasta-ahora-no-ha-encontrado\/","name":"El N\u00e0stic viaja a Cartagena buscando una reacci\u00f3n que hasta ahora no ha encontrado - R\u00e0dio Ciutat de Tarragona","isPartOf":{"@id":"https:\/\/radiociutat.com\/es\/#website"},"primaryImageOfPage":{"@id":"https:\/\/radiociutat.com\/es\/ultimas-noticias\/cronicas-deportes\/el-nastic-viaja-a-cartagena-buscando-una-reaccion-que-hasta-ahora-no-ha-encontrado\/#primaryimage"},"image":{"@id":"https:\/\/radiociutat.com\/es\/ultimas-noticias\/cronicas-deportes\/el-nastic-viaja-a-cartagena-buscando-una-reaccion-que-hasta-ahora-no-ha-encontrado\/#primaryimage"},"thumbnailUrl":"https:\/\/files.radiociutat.com\/rctgn\/wp-content\/uploads\/2026\/04\/55178045534_4f0ef92ce4_c-e1777040632554.jpg","datePublished":"2026-04-24T14:29:14+00:00","author":{"@id":"https:\/\/radiociutat.com\/es\/#\/schema\/person\/3086c6cfd718c2c9cb3329ff2a2ed197"},"breadcrumb":{"@id":"https:\/\/radiociutat.com\/es\/ultimas-noticias\/cronicas-deportes\/el-nastic-viaja-a-cartagena-buscando-una-reaccion-que-hasta-ahora-no-ha-encontrado\/#breadcrumb"},"inLanguage":"es","potentialAction":[{"@type":"ReadAction","target":["https:\/\/radiociutat.com\/es\/ultimas-noticias\/cronicas-deportes\/el-nastic-viaja-a-cartagena-buscando-una-reaccion-que-hasta-ahora-no-ha-encontrado\/"]}]},{"@type":"ImageObject","inLanguage":"es","@id":"https:\/\/radiociutat.com\/es\/ultimas-noticias\/cronicas-deportes\/el-nastic-viaja-a-cartagena-buscando-una-reaccion-que-hasta-ahora-no-ha-encontrado\/#primaryimage","url":"https:\/\/files.radiociutat.com\/rctgn\/wp-content\/uploads\/2026\/04\/55178045534_4f0ef92ce4_c-e1777040632554.jpg","contentUrl":"https:\/\/files.radiociutat.com\/rctgn\/wp-content\/uploads\/2026\/04\/55178045534_4f0ef92ce4_c-e1777040632554.jpg","width":800,"height":533,"caption":"Foto: N\u00e0stic"},{"@type":"BreadcrumbList","@id":"https:\/\/radiociutat.com\/es\/ultimas-noticias\/cronicas-deportes\/el-nastic-viaja-a-cartagena-buscando-una-reaccion-que-hasta-ahora-no-ha-encontrado\/#breadcrumb","itemListElement":[{"@type":"ListItem","position":1,"name":"Inici","item":"https:\/\/radiociutat.com\/es\/"},{"@type":"ListItem","position":2,"name":"El N\u00e0stic viaja a Cartagena buscando una reacci\u00f3n que hasta ahora no ha encontrado"}]},{"@type":"WebSite","@id":"https:\/\/radiociutat.com\/es\/#website","url":"https:\/\/radiociutat.com\/es\/","name":"R\u00e0dio Ciutat de Tarragona","description":"R\u00e0dio Ciutat de Tarragona - RCTgn.cat R\u00e0dio Online","potentialAction":[{"@type":"SearchAction","target":{"@type":"EntryPoint","urlTemplate":"https:\/\/radiociutat.com\/es\/?s={search_term_string}"},"query-input":{"@type":"PropertyValueSpecification","valueRequired":true,"valueName":"search_term_string"}}],"inLanguage":"es"},{"@type":"Person","@id":"https:\/\/radiociutat.com\/es\/#\/schema\/person\/3086c6cfd718c2c9cb3329ff2a2ed197","name":"Adri\u00e0 Tella","sameAs":["https:\/\/radiociutat.com\/wp-content\/uploads\/2023\/09\/adri-tella-1-1-e1694013359760.png"],"url":"https:\/\/radiociutat.com\/es\/author\/atella\/"}]}},"_links":{"self":[{"href":"https:\/\/radiociutat.com\/es\/wp-json\/wp\/v2\/posts\/377916","targetHints":{"allow":["GET"]}}],"collection":[{"href":"https:\/\/radiociutat.com\/es\/wp-json\/wp\/v2\/posts"}],"about":[{"href":"https:\/\/radiociutat.com\/es\/wp-json\/wp\/v2\/types\/post"}],"author":[{"embeddable":true,"href":"https:\/\/radiociutat.com\/es\/wp-json\/wp\/v2\/users\/33"}],"replies":[{"embeddable":true,"href":"https:\/\/radiociutat.com\/es\/wp-json\/wp\/v2\/comments?post=377916"}],"version-history":[{"count":0,"href":"https:\/\/radiociutat.com\/es\/wp-json\/wp\/v2\/posts\/377916\/revisions"}],"wp:featuredmedia":[{"embeddable":true,"href":"https:\/\/radiociutat.com\/es\/wp-json\/wp\/v2\/media\/377898"}],"wp:attachment":[{"href":"https:\/\/radiociutat.com\/es\/wp-json\/wp\/v2\/media?parent=377916"}],"wp:term":[{"taxonomy":"category","embeddable":true,"href":"https:\/\/radiociutat.com\/es\/wp-json\/wp\/v2\/categories?post=377916"},{"taxonomy":"post_tag","embeddable":true,"href":"https:\/\/radiociutat.com\/es\/wp-json\/wp\/v2\/tags?post=377916"}],"curies":[{"name":"wp","href":"https:\/\/api.w.org\/{rel}","templated":true}]}}