{"id":377800,"date":"2026-04-24T13:07:01","date_gmt":"2026-04-24T11:07:01","guid":{"rendered":"https:\/\/radiociutat.com\/programes-podcast\/el-primer-restaurante-de-hard-rock-en-la-provincia-abrira-este-verano-en-portaventura\/"},"modified":"2026-04-24T13:07:01","modified_gmt":"2026-04-24T11:07:01","slug":"el-primer-restaurante-de-hard-rock-en-la-provincia-abrira-este-verano-en-portaventura","status":"publish","type":"post","link":"https:\/\/radiociutat.com\/es\/ultimas-noticias\/cronicas\/el-primer-restaurante-de-hard-rock-en-la-provincia-abrira-este-verano-en-portaventura\/","title":{"rendered":"El primer restaurante de Hard Rock en la provincia abrir\u00e1 este verano en PortAventura"},"content":{"rendered":"\n<p>Un nuevo <strong>restaurante de la cadena Hard Rock <\/strong>abrir\u00e1 este verano en la Costa Daurada, concretamente dentro de PortAventura. El local, situado cerca de los principales polos tur\u00edsticos del territorio, se convertir\u00e1 en el <strong>primer establecimiento de estas caracter\u00edsticas<\/strong> vinculado a un complejo de ocio con parques tem\u00e1ticos en Europa.<\/p>\n\n\n\n<p>Con capacidad para unas 430 personas, el espacio est\u00e1 pensado para atraer a un p\u00fablico amplio, <strong>desde familias hasta j\u00f3venes y amantes de la m\u00fasica.<\/strong> El restaurante ofrecer\u00e1 servicio completo de comidas y cenas durante todo el a\u00f1o, con una carta basada en los <strong>platos m\u00e1s emblem\u00e1ticos de la marca<\/strong>, as\u00ed como opciones vegetarianas.<\/p>\n\n\n\n<p>Uno de los elementos diferenciales ser\u00e1 la <strong>programaci\u00f3n de m\u00fasica en directo<\/strong> y la decoraci\u00f3n con piezas originales de la historia del rock, siguiendo el estilo caracter\u00edstico de la cadena. Adem\u00e1s, el local incluir\u00e1 una tienda con productos exclusivos.<\/p>\n\n\n\n<p>Esta apertura supone el primer Hard Rock Cafe en la provincia de Tarragona y el segundo en Catalu\u00f1a. Sin embargo, este movimiento no implica que haya cambiado nada en el estado de la llegada del proyecto Hard Rock al territorio.<\/p>\n","protected":false},"excerpt":{"rendered":"<p>Un nuevo restaurante de la cadena Hard Rock abrir\u00e1 este verano en la Costa Daurada, concretamente dentro de PortAventura. El local, situado cerca de los principales polos tur\u00edsticos del territorio, se convertir\u00e1 en el primer establecimiento de estas caracter\u00edsticas vinculado a un complejo de ocio con parques tem\u00e1ticos en Europa. Con capacidad para unas 430 [&hellip;]<\/p>\n","protected":false},"author":1,"featured_media":377781,"comment_status":"closed","ping_status":"closed","sticky":false,"template":"","format":"standard","meta":{"footnotes":""},"categories":[13688],"tags":[14918,19],"class_list":["post-377800","post","type-post","status-publish","format-standard","has-post-thumbnail","hentry","category-cronicas","tag-hard-rock-cafe","tag-tarragona"],"yoast_head":"<!-- This site is optimized with the Yoast SEO Premium plugin v27.4 (Yoast SEO v27.4) - https:\/\/yoast.com\/product\/yoast-seo-premium-wordpress\/ -->\n<title>El primer restaurante de Hard Rock en la provincia abrir\u00e1 este verano en PortAventura - R\u00e0dio Ciutat de Tarragona<\/title>\n<meta name=\"robots\" content=\"index, follow, max-snippet:-1, max-image-preview:large, max-video-preview:-1\" \/>\n<link rel=\"canonical\" href=\"https:\/\/radiociutat.com\/es\/ultimas-noticias\/cronicas\/el-primer-restaurante-de-hard-rock-en-la-provincia-abrira-este-verano-en-portaventura\/\" \/>\n<meta property=\"og:locale\" content=\"es_ES\" \/>\n<meta property=\"og:type\" content=\"article\" \/>\n<meta property=\"og:title\" content=\"El primer restaurante de Hard Rock en la provincia abrir\u00e1 este verano en PortAventura\" \/>\n<meta property=\"og:description\" content=\"Un nuevo restaurante de la cadena Hard Rock abrir\u00e1 este verano en la Costa Daurada, concretamente dentro de PortAventura. El local, situado cerca de los principales polos tur\u00edsticos del territorio, se convertir\u00e1 en el primer establecimiento de estas caracter\u00edsticas vinculado a un complejo de ocio con parques tem\u00e1ticos en Europa. Con capacidad para unas 430 [&hellip;]\" \/>\n<meta property=\"og:url\" content=\"https:\/\/radiociutat.com\/es\/ultimas-noticias\/cronicas\/el-primer-restaurante-de-hard-rock-en-la-provincia-abrira-este-verano-en-portaventura\/\" \/>\n<meta property=\"og:site_name\" content=\"R\u00e0dio Ciutat de Tarragona\" \/>\n<meta property=\"article:publisher\" content=\"https:\/\/www.facebook.com\/rctgn\" \/>\n<meta property=\"article:published_time\" content=\"2026-04-24T11:07:01+00:00\" \/>\n<meta property=\"og:image\" content=\"https:\/\/files.radiociutat.com\/rctgn\/wp-content\/uploads\/2021\/03\/LOGO-RCTGN-RADIO-CIUTAT-DE-TARRAGONA-TRANSPARENTE-TARRAGONA-2020-3000X3000-Redes1-copia.png\" \/>\n\t<meta property=\"og:image:width\" content=\"3000\" \/>\n\t<meta property=\"og:image:height\" content=\"3000\" \/>\n\t<meta property=\"og:image:type\" content=\"image\/png\" \/>\n<meta name=\"author\" content=\"Redacci\u00f3\" \/>\n<meta name=\"twitter:card\" content=\"summary_large_image\" \/>\n<meta name=\"twitter:creator\" content=\"@RCTgn\" \/>\n<meta name=\"twitter:site\" content=\"@RCTgn\" \/>\n<meta name=\"twitter:label1\" content=\"Escrito por\" \/>\n\t<meta name=\"twitter:data1\" content=\"Redacci\u00f3\" \/>\n\t<meta name=\"twitter:label2\" content=\"Tiempo de lectura\" \/>\n\t<meta name=\"twitter:data2\" content=\"1 minuto\" \/>\n<script type=\"application\/ld+json\" class=\"yoast-schema-graph\">{\"@context\":\"https:\\\/\\\/schema.org\",\"@graph\":[{\"@type\":\"Article\",\"@id\":\"https:\\\/\\\/radiociutat.com\\\/es\\\/ultimas-noticias\\\/cronicas\\\/el-primer-restaurante-de-hard-rock-en-la-provincia-abrira-este-verano-en-portaventura\\\/#article\",\"isPartOf\":{\"@id\":\"https:\\\/\\\/radiociutat.com\\\/es\\\/ultimas-noticias\\\/cronicas\\\/el-primer-restaurante-de-hard-rock-en-la-provincia-abrira-este-verano-en-portaventura\\\/\"},\"author\":{\"name\":\"Redacci\u00f3\",\"@id\":\"https:\\\/\\\/radiociutat.com\\\/es\\\/#\\\/schema\\\/person\\\/04b6638f9d2a9ea77408db76c5d8f0b5\"},\"headline\":\"El primer restaurante de Hard Rock en la provincia abrir\u00e1 este verano en PortAventura\",\"datePublished\":\"2026-04-24T11:07:01+00:00\",\"mainEntityOfPage\":{\"@id\":\"https:\\\/\\\/radiociutat.com\\\/es\\\/ultimas-noticias\\\/cronicas\\\/el-primer-restaurante-de-hard-rock-en-la-provincia-abrira-este-verano-en-portaventura\\\/\"},\"wordCount\":211,\"image\":{\"@id\":\"https:\\\/\\\/radiociutat.com\\\/es\\\/ultimas-noticias\\\/cronicas\\\/el-primer-restaurante-de-hard-rock-en-la-provincia-abrira-este-verano-en-portaventura\\\/#primaryimage\"},\"thumbnailUrl\":\"https:\\\/\\\/files.radiociutat.com\\\/rctgn\\\/wp-content\\\/uploads\\\/2026\\\/04\\\/Hard-Rock-Cafe.png\",\"keywords\":[\"Hard Rock Cafe\",\"Tarragona\"],\"articleSection\":[\"Cr\u00f3nicas\"],\"inLanguage\":\"es\"},{\"@type\":\"WebPage\",\"@id\":\"https:\\\/\\\/radiociutat.com\\\/es\\\/ultimas-noticias\\\/cronicas\\\/el-primer-restaurante-de-hard-rock-en-la-provincia-abrira-este-verano-en-portaventura\\\/\",\"url\":\"https:\\\/\\\/radiociutat.com\\\/es\\\/ultimas-noticias\\\/cronicas\\\/el-primer-restaurante-de-hard-rock-en-la-provincia-abrira-este-verano-en-portaventura\\\/\",\"name\":\"El primer restaurante de Hard Rock en la provincia abrir\u00e1 este verano en PortAventura - R\u00e0dio Ciutat de Tarragona\",\"isPartOf\":{\"@id\":\"https:\\\/\\\/radiociutat.com\\\/es\\\/#website\"},\"primaryImageOfPage\":{\"@id\":\"https:\\\/\\\/radiociutat.com\\\/es\\\/ultimas-noticias\\\/cronicas\\\/el-primer-restaurante-de-hard-rock-en-la-provincia-abrira-este-verano-en-portaventura\\\/#primaryimage\"},\"image\":{\"@id\":\"https:\\\/\\\/radiociutat.com\\\/es\\\/ultimas-noticias\\\/cronicas\\\/el-primer-restaurante-de-hard-rock-en-la-provincia-abrira-este-verano-en-portaventura\\\/#primaryimage\"},\"thumbnailUrl\":\"https:\\\/\\\/files.radiociutat.com\\\/rctgn\\\/wp-content\\\/uploads\\\/2026\\\/04\\\/Hard-Rock-Cafe.png\",\"datePublished\":\"2026-04-24T11:07:01+00:00\",\"author\":{\"@id\":\"https:\\\/\\\/radiociutat.com\\\/es\\\/#\\\/schema\\\/person\\\/04b6638f9d2a9ea77408db76c5d8f0b5\"},\"breadcrumb\":{\"@id\":\"https:\\\/\\\/radiociutat.com\\\/es\\\/ultimas-noticias\\\/cronicas\\\/el-primer-restaurante-de-hard-rock-en-la-provincia-abrira-este-verano-en-portaventura\\\/#breadcrumb\"},\"inLanguage\":\"es\",\"potentialAction\":[{\"@type\":\"ReadAction\",\"target\":[\"https:\\\/\\\/radiociutat.com\\\/es\\\/ultimas-noticias\\\/cronicas\\\/el-primer-restaurante-de-hard-rock-en-la-provincia-abrira-este-verano-en-portaventura\\\/\"]}]},{\"@type\":\"ImageObject\",\"inLanguage\":\"es\",\"@id\":\"https:\\\/\\\/radiociutat.com\\\/es\\\/ultimas-noticias\\\/cronicas\\\/el-primer-restaurante-de-hard-rock-en-la-provincia-abrira-este-verano-en-portaventura\\\/#primaryimage\",\"url\":\"https:\\\/\\\/files.radiociutat.com\\\/rctgn\\\/wp-content\\\/uploads\\\/2026\\\/04\\\/Hard-Rock-Cafe.png\",\"contentUrl\":\"https:\\\/\\\/files.radiociutat.com\\\/rctgn\\\/wp-content\\\/uploads\\\/2026\\\/04\\\/Hard-Rock-Cafe.png\",\"width\":792,\"height\":498},{\"@type\":\"BreadcrumbList\",\"@id\":\"https:\\\/\\\/radiociutat.com\\\/es\\\/ultimas-noticias\\\/cronicas\\\/el-primer-restaurante-de-hard-rock-en-la-provincia-abrira-este-verano-en-portaventura\\\/#breadcrumb\",\"itemListElement\":[{\"@type\":\"ListItem\",\"position\":1,\"name\":\"Inici\",\"item\":\"https:\\\/\\\/radiociutat.com\\\/es\\\/\"},{\"@type\":\"ListItem\",\"position\":2,\"name\":\"El primer restaurante de Hard Rock en la provincia abrir\u00e1 este verano en PortAventura\"}]},{\"@type\":\"WebSite\",\"@id\":\"https:\\\/\\\/radiociutat.com\\\/es\\\/#website\",\"url\":\"https:\\\/\\\/radiociutat.com\\\/es\\\/\",\"name\":\"R\u00e0dio Ciutat de Tarragona\",\"description\":\"R\u00e0dio Ciutat de Tarragona - RCTgn.cat R\u00e0dio Online\",\"potentialAction\":[{\"@type\":\"SearchAction\",\"target\":{\"@type\":\"EntryPoint\",\"urlTemplate\":\"https:\\\/\\\/radiociutat.com\\\/es\\\/?s={search_term_string}\"},\"query-input\":{\"@type\":\"PropertyValueSpecification\",\"valueRequired\":true,\"valueName\":\"search_term_string\"}}],\"inLanguage\":\"es\"},{\"@type\":\"Person\",\"@id\":\"https:\\\/\\\/radiociutat.com\\\/es\\\/#\\\/schema\\\/person\\\/04b6638f9d2a9ea77408db76c5d8f0b5\",\"name\":\"Redacci\u00f3\",\"sameAs\":[\"https:\\\/\\\/radiociutat.com\\\/wp-content\\\/uploads\\\/2023\\\/09\\\/LOGO-RCTGN-CUADRAT.png\"],\"url\":\"https:\\\/\\\/radiociutat.com\\\/es\\\/author\\\/jespinosa\\\/\"}]}<\/script>\n<!-- \/ Yoast SEO Premium plugin. -->","yoast_head_json":{"title":"El primer restaurante de Hard Rock en la provincia abrir\u00e1 este verano en PortAventura - R\u00e0dio Ciutat de Tarragona","robots":{"index":"index","follow":"follow","max-snippet":"max-snippet:-1","max-image-preview":"max-image-preview:large","max-video-preview":"max-video-preview:-1"},"canonical":"https:\/\/radiociutat.com\/es\/ultimas-noticias\/cronicas\/el-primer-restaurante-de-hard-rock-en-la-provincia-abrira-este-verano-en-portaventura\/","og_locale":"es_ES","og_type":"article","og_title":"El primer restaurante de Hard Rock en la provincia abrir\u00e1 este verano en PortAventura","og_description":"Un nuevo restaurante de la cadena Hard Rock abrir\u00e1 este verano en la Costa Daurada, concretamente dentro de PortAventura. El local, situado cerca de los principales polos tur\u00edsticos del territorio, se convertir\u00e1 en el primer establecimiento de estas caracter\u00edsticas vinculado a un complejo de ocio con parques tem\u00e1ticos en Europa. Con capacidad para unas 430 [&hellip;]","og_url":"https:\/\/radiociutat.com\/es\/ultimas-noticias\/cronicas\/el-primer-restaurante-de-hard-rock-en-la-provincia-abrira-este-verano-en-portaventura\/","og_site_name":"R\u00e0dio Ciutat de Tarragona","article_publisher":"https:\/\/www.facebook.com\/rctgn","article_published_time":"2026-04-24T11:07:01+00:00","og_image":[{"width":3000,"height":3000,"url":"https:\/\/files.radiociutat.com\/rctgn\/wp-content\/uploads\/2021\/03\/LOGO-RCTGN-RADIO-CIUTAT-DE-TARRAGONA-TRANSPARENTE-TARRAGONA-2020-3000X3000-Redes1-copia.png","type":"image\/png"}],"author":"Redacci\u00f3","twitter_card":"summary_large_image","twitter_creator":"@RCTgn","twitter_site":"@RCTgn","twitter_misc":{"Escrito por":"Redacci\u00f3","Tiempo de lectura":"1 minuto"},"schema":{"@context":"https:\/\/schema.org","@graph":[{"@type":"Article","@id":"https:\/\/radiociutat.com\/es\/ultimas-noticias\/cronicas\/el-primer-restaurante-de-hard-rock-en-la-provincia-abrira-este-verano-en-portaventura\/#article","isPartOf":{"@id":"https:\/\/radiociutat.com\/es\/ultimas-noticias\/cronicas\/el-primer-restaurante-de-hard-rock-en-la-provincia-abrira-este-verano-en-portaventura\/"},"author":{"name":"Redacci\u00f3","@id":"https:\/\/radiociutat.com\/es\/#\/schema\/person\/04b6638f9d2a9ea77408db76c5d8f0b5"},"headline":"El primer restaurante de Hard Rock en la provincia abrir\u00e1 este verano en PortAventura","datePublished":"2026-04-24T11:07:01+00:00","mainEntityOfPage":{"@id":"https:\/\/radiociutat.com\/es\/ultimas-noticias\/cronicas\/el-primer-restaurante-de-hard-rock-en-la-provincia-abrira-este-verano-en-portaventura\/"},"wordCount":211,"image":{"@id":"https:\/\/radiociutat.com\/es\/ultimas-noticias\/cronicas\/el-primer-restaurante-de-hard-rock-en-la-provincia-abrira-este-verano-en-portaventura\/#primaryimage"},"thumbnailUrl":"https:\/\/files.radiociutat.com\/rctgn\/wp-content\/uploads\/2026\/04\/Hard-Rock-Cafe.png","keywords":["Hard Rock Cafe","Tarragona"],"articleSection":["Cr\u00f3nicas"],"inLanguage":"es"},{"@type":"WebPage","@id":"https:\/\/radiociutat.com\/es\/ultimas-noticias\/cronicas\/el-primer-restaurante-de-hard-rock-en-la-provincia-abrira-este-verano-en-portaventura\/","url":"https:\/\/radiociutat.com\/es\/ultimas-noticias\/cronicas\/el-primer-restaurante-de-hard-rock-en-la-provincia-abrira-este-verano-en-portaventura\/","name":"El primer restaurante de Hard Rock en la provincia abrir\u00e1 este verano en PortAventura - R\u00e0dio Ciutat de Tarragona","isPartOf":{"@id":"https:\/\/radiociutat.com\/es\/#website"},"primaryImageOfPage":{"@id":"https:\/\/radiociutat.com\/es\/ultimas-noticias\/cronicas\/el-primer-restaurante-de-hard-rock-en-la-provincia-abrira-este-verano-en-portaventura\/#primaryimage"},"image":{"@id":"https:\/\/radiociutat.com\/es\/ultimas-noticias\/cronicas\/el-primer-restaurante-de-hard-rock-en-la-provincia-abrira-este-verano-en-portaventura\/#primaryimage"},"thumbnailUrl":"https:\/\/files.radiociutat.com\/rctgn\/wp-content\/uploads\/2026\/04\/Hard-Rock-Cafe.png","datePublished":"2026-04-24T11:07:01+00:00","author":{"@id":"https:\/\/radiociutat.com\/es\/#\/schema\/person\/04b6638f9d2a9ea77408db76c5d8f0b5"},"breadcrumb":{"@id":"https:\/\/radiociutat.com\/es\/ultimas-noticias\/cronicas\/el-primer-restaurante-de-hard-rock-en-la-provincia-abrira-este-verano-en-portaventura\/#breadcrumb"},"inLanguage":"es","potentialAction":[{"@type":"ReadAction","target":["https:\/\/radiociutat.com\/es\/ultimas-noticias\/cronicas\/el-primer-restaurante-de-hard-rock-en-la-provincia-abrira-este-verano-en-portaventura\/"]}]},{"@type":"ImageObject","inLanguage":"es","@id":"https:\/\/radiociutat.com\/es\/ultimas-noticias\/cronicas\/el-primer-restaurante-de-hard-rock-en-la-provincia-abrira-este-verano-en-portaventura\/#primaryimage","url":"https:\/\/files.radiociutat.com\/rctgn\/wp-content\/uploads\/2026\/04\/Hard-Rock-Cafe.png","contentUrl":"https:\/\/files.radiociutat.com\/rctgn\/wp-content\/uploads\/2026\/04\/Hard-Rock-Cafe.png","width":792,"height":498},{"@type":"BreadcrumbList","@id":"https:\/\/radiociutat.com\/es\/ultimas-noticias\/cronicas\/el-primer-restaurante-de-hard-rock-en-la-provincia-abrira-este-verano-en-portaventura\/#breadcrumb","itemListElement":[{"@type":"ListItem","position":1,"name":"Inici","item":"https:\/\/radiociutat.com\/es\/"},{"@type":"ListItem","position":2,"name":"El primer restaurante de Hard Rock en la provincia abrir\u00e1 este verano en PortAventura"}]},{"@type":"WebSite","@id":"https:\/\/radiociutat.com\/es\/#website","url":"https:\/\/radiociutat.com\/es\/","name":"R\u00e0dio Ciutat de Tarragona","description":"R\u00e0dio Ciutat de Tarragona - RCTgn.cat R\u00e0dio Online","potentialAction":[{"@type":"SearchAction","target":{"@type":"EntryPoint","urlTemplate":"https:\/\/radiociutat.com\/es\/?s={search_term_string}"},"query-input":{"@type":"PropertyValueSpecification","valueRequired":true,"valueName":"search_term_string"}}],"inLanguage":"es"},{"@type":"Person","@id":"https:\/\/radiociutat.com\/es\/#\/schema\/person\/04b6638f9d2a9ea77408db76c5d8f0b5","name":"Redacci\u00f3","sameAs":["https:\/\/radiociutat.com\/wp-content\/uploads\/2023\/09\/LOGO-RCTGN-CUADRAT.png"],"url":"https:\/\/radiociutat.com\/es\/author\/jespinosa\/"}]}},"_links":{"self":[{"href":"https:\/\/radiociutat.com\/es\/wp-json\/wp\/v2\/posts\/377800","targetHints":{"allow":["GET"]}}],"collection":[{"href":"https:\/\/radiociutat.com\/es\/wp-json\/wp\/v2\/posts"}],"about":[{"href":"https:\/\/radiociutat.com\/es\/wp-json\/wp\/v2\/types\/post"}],"author":[{"embeddable":true,"href":"https:\/\/radiociutat.com\/es\/wp-json\/wp\/v2\/users\/1"}],"replies":[{"embeddable":true,"href":"https:\/\/radiociutat.com\/es\/wp-json\/wp\/v2\/comments?post=377800"}],"version-history":[{"count":0,"href":"https:\/\/radiociutat.com\/es\/wp-json\/wp\/v2\/posts\/377800\/revisions"}],"wp:featuredmedia":[{"embeddable":true,"href":"https:\/\/radiociutat.com\/es\/wp-json\/wp\/v2\/media\/377781"}],"wp:attachment":[{"href":"https:\/\/radiociutat.com\/es\/wp-json\/wp\/v2\/media?parent=377800"}],"wp:term":[{"taxonomy":"category","embeddable":true,"href":"https:\/\/radiociutat.com\/es\/wp-json\/wp\/v2\/categories?post=377800"},{"taxonomy":"post_tag","embeddable":true,"href":"https:\/\/radiociutat.com\/es\/wp-json\/wp\/v2\/tags?post=377800"}],"curies":[{"name":"wp","href":"https:\/\/api.w.org\/{rel}","templated":true}]}}