{"id":377793,"date":"2026-04-24T12:58:34","date_gmt":"2026-04-24T10:58:34","guid":{"rendered":"https:\/\/radiociutat.com\/programes-podcast\/permanencia-o-violencia-una-pancarta-y-una-pintada-en-el-entorno-del-nou-estadi\/"},"modified":"2026-04-24T12:58:34","modified_gmt":"2026-04-24T10:58:34","slug":"permanencia-o-violencia-una-pancarta-y-una-pintada-en-el-entorno-del-nou-estadi","status":"publish","type":"post","link":"https:\/\/radiociutat.com\/es\/ultimas-noticias\/cronicas-deportes\/permanencia-o-violencia-una-pancarta-y-una-pintada-en-el-entorno-del-nou-estadi\/","title":{"rendered":"\u00abPermanencia o violencia\u00bb: una pancarta y una pintada en el entorno del Nou Estadi"},"content":{"rendered":"\n<p>La situaci\u00f3n que vive el N\u00e0stic genera tensiones y algunos aficionados han dejado este jueves un mensaje en una pancarta y tambi\u00e9n en una pintada en los alrededores del Nou Estadi. \u00abPermanencia o violencia\u00bb, estas han sido las palabras elegidas en un evidente tono amenazante de un mensaje absolutamente condenable.<\/p>\n\n\n\n<p>El escenario del equipo y del club provoca crispaci\u00f3n entre diversos sectores de aficionados, alejados de c\u00f3mo se est\u00e1 gestionando el club desde hace a\u00f1os, pero se hace dif\u00edcil recordar alg\u00fan mensaje de este estilo. Adem\u00e1s, la pancarta luci\u00f3 en el bar ubicado frente al aparcamiento del Nou Estadi, pero los aficionados tambi\u00e9n consiguieron entrar al campo y colocarla en la grada de preferente.<\/p>\n\n\n\n<p>Y hay que sumar una pintada en uno de los muros ubicados cerca del mismo bar donde luc\u00eda la pancarta, con exactamente el mismo mensaje. Quedan cinco jornadas para el final del campeonato, pero todo apunta a que ser\u00e1 un final de temporada y unos pr\u00f3ximos meses complicados en Can N\u00e0stic. <\/p>\n\n\n\n<figure class=\"wp-block-gallery has-nested-images columns-default is-cropped wp-block-gallery-1 is-layout-flex wp-block-gallery-is-layout-flex\">\n<figure class=\"wp-block-image size-large\"><img loading=\"lazy\" decoding=\"async\" width=\"461\" height=\"1024\" data-id=\"377788\" src=\"https:\/\/files.radiociutat.com\/rctgn\/wp-content\/uploads\/2026\/04\/WhatsApp-Image-2026-04-24-at-11.35.15-461x1024.jpeg\" alt=\"\" class=\"wp-image-377788\" \/><figcaption class=\"wp-element-caption\">Foto: Cedida<\/figcaption><\/figure>\n\n\n\n<figure class=\"wp-block-image size-large\"><img loading=\"lazy\" decoding=\"async\" width=\"461\" height=\"1024\" data-id=\"377785\" src=\"https:\/\/files.radiociutat.com\/rctgn\/wp-content\/uploads\/2026\/04\/WhatsApp-Image-2026-04-24-at-11.35.15-1-461x1024.jpeg\" alt=\"\" class=\"wp-image-377785\" \/><figcaption class=\"wp-element-caption\">Foto: Cedida<\/figcaption><\/figure>\n<\/figure>\n","protected":false},"excerpt":{"rendered":"<p>La situaci\u00f3n que vive el N\u00e0stic genera tensiones y algunos aficionados han dejado este jueves un mensaje en una pancarta y tambi\u00e9n en una pintada en los alrededores del Nou Estadi. \u00abPermanencia o violencia\u00bb, estas han sido las palabras elegidas en un evidente tono amenazante de un mensaje absolutamente condenable. El escenario del equipo y [&hellip;]<\/p>\n","protected":false},"author":33,"featured_media":377787,"comment_status":"closed","ping_status":"closed","sticky":false,"template":"","format":"standard","meta":{"footnotes":""},"categories":[13674],"tags":[128,110,109,47,19,218],"class_list":["post-377793","post","type-post","status-publish","format-standard","has-post-thumbnail","hentry","category-cronicas-deportes","tag-actualitat","tag-esports","tag-futbol","tag-nastic-3","tag-tarragona","tag-tgn"],"yoast_head":"<!-- This site is optimized with the Yoast SEO Premium plugin v27.4 (Yoast SEO v27.5) - https:\/\/yoast.com\/product\/yoast-seo-premium-wordpress\/ -->\n<title>&quot;Permanencia o violencia&quot;: una pancarta y una pintada en el entorno del Nou Estadi - R\u00e0dio Ciutat de Tarragona<\/title>\n<meta name=\"robots\" content=\"index, follow, max-snippet:-1, max-image-preview:large, max-video-preview:-1\" \/>\n<link rel=\"canonical\" href=\"https:\/\/radiociutat.com\/es\/ultimas-noticias\/cronicas-deportes\/permanencia-o-violencia-una-pancarta-y-una-pintada-en-el-entorno-del-nou-estadi\/\" \/>\n<meta property=\"og:locale\" content=\"es_ES\" \/>\n<meta property=\"og:type\" content=\"article\" \/>\n<meta property=\"og:title\" content=\"&quot;Permanencia o violencia&quot;: una pancarta y una pintada en el entorno del Nou Estadi\" \/>\n<meta property=\"og:description\" content=\"La situaci\u00f3n que vive el N\u00e0stic genera tensiones y algunos aficionados han dejado este jueves un mensaje en una pancarta y tambi\u00e9n en una pintada en los alrededores del Nou Estadi. \u00abPermanencia o violencia\u00bb, estas han sido las palabras elegidas en un evidente tono amenazante de un mensaje absolutamente condenable. El escenario del equipo y [&hellip;]\" \/>\n<meta property=\"og:url\" content=\"https:\/\/radiociutat.com\/es\/ultimas-noticias\/cronicas-deportes\/permanencia-o-violencia-una-pancarta-y-una-pintada-en-el-entorno-del-nou-estadi\/\" \/>\n<meta property=\"og:site_name\" content=\"R\u00e0dio Ciutat de Tarragona\" \/>\n<meta property=\"article:publisher\" content=\"https:\/\/www.facebook.com\/rctgn\" \/>\n<meta property=\"article:published_time\" content=\"2026-04-24T10:58:34+00:00\" \/>\n<meta property=\"og:image\" content=\"https:\/\/files.radiociutat.com\/rctgn\/wp-content\/uploads\/2026\/04\/WhatsApp-Image-2026-04-24-at-11.35.15-1-e1777027174607.jpeg\" \/>\n\t<meta property=\"og:image:width\" content=\"720\" \/>\n\t<meta property=\"og:image:height\" content=\"1600\" \/>\n\t<meta property=\"og:image:type\" content=\"image\/jpeg\" \/>\n<meta name=\"author\" content=\"Adri\u00e0 Tella\" \/>\n<meta name=\"twitter:card\" content=\"summary_large_image\" \/>\n<meta name=\"twitter:creator\" content=\"@RCTgn\" \/>\n<meta name=\"twitter:site\" content=\"@RCTgn\" \/>\n<meta name=\"twitter:label1\" content=\"Escrito por\" \/>\n\t<meta name=\"twitter:data1\" content=\"Adri\u00e0 Tella\" \/>\n\t<meta name=\"twitter:label2\" content=\"Tiempo de lectura\" \/>\n\t<meta name=\"twitter:data2\" content=\"1 minuto\" \/>\n<script type=\"application\/ld+json\" class=\"yoast-schema-graph\">{\"@context\":\"https:\\\/\\\/schema.org\",\"@graph\":[{\"@type\":\"Article\",\"@id\":\"https:\\\/\\\/radiociutat.com\\\/es\\\/ultimas-noticias\\\/cronicas-deportes\\\/permanencia-o-violencia-una-pancarta-y-una-pintada-en-el-entorno-del-nou-estadi\\\/#article\",\"isPartOf\":{\"@id\":\"https:\\\/\\\/radiociutat.com\\\/es\\\/ultimas-noticias\\\/cronicas-deportes\\\/permanencia-o-violencia-una-pancarta-y-una-pintada-en-el-entorno-del-nou-estadi\\\/\"},\"author\":{\"name\":\"Adri\u00e0 Tella\",\"@id\":\"https:\\\/\\\/radiociutat.com\\\/es\\\/#\\\/schema\\\/person\\\/3086c6cfd718c2c9cb3329ff2a2ed197\"},\"headline\":\"\u00abPermanencia o violencia\u00bb: una pancarta y una pintada en el entorno del Nou Estadi\",\"datePublished\":\"2026-04-24T10:58:34+00:00\",\"mainEntityOfPage\":{\"@id\":\"https:\\\/\\\/radiociutat.com\\\/es\\\/ultimas-noticias\\\/cronicas-deportes\\\/permanencia-o-violencia-una-pancarta-y-una-pintada-en-el-entorno-del-nou-estadi\\\/\"},\"wordCount\":196,\"image\":{\"@id\":\"https:\\\/\\\/radiociutat.com\\\/es\\\/ultimas-noticias\\\/cronicas-deportes\\\/permanencia-o-violencia-una-pancarta-y-una-pintada-en-el-entorno-del-nou-estadi\\\/#primaryimage\"},\"thumbnailUrl\":\"https:\\\/\\\/files.radiociutat.com\\\/rctgn\\\/wp-content\\\/uploads\\\/2026\\\/04\\\/WhatsApp-Image-2026-04-24-at-11.35.15-1-e1777027174607.jpeg\",\"keywords\":[\"Actualitat\",\"Esports\",\"Futbol\",\"N\u00e0stic\",\"Tarragona\",\"TGN\"],\"articleSection\":[\"Cr\u00f3nicas Deportes\"],\"inLanguage\":\"es\"},{\"@type\":\"WebPage\",\"@id\":\"https:\\\/\\\/radiociutat.com\\\/es\\\/ultimas-noticias\\\/cronicas-deportes\\\/permanencia-o-violencia-una-pancarta-y-una-pintada-en-el-entorno-del-nou-estadi\\\/\",\"url\":\"https:\\\/\\\/radiociutat.com\\\/es\\\/ultimas-noticias\\\/cronicas-deportes\\\/permanencia-o-violencia-una-pancarta-y-una-pintada-en-el-entorno-del-nou-estadi\\\/\",\"name\":\"\\\"Permanencia o violencia\\\": una pancarta y una pintada en el entorno del Nou Estadi - R\u00e0dio Ciutat de Tarragona\",\"isPartOf\":{\"@id\":\"https:\\\/\\\/radiociutat.com\\\/es\\\/#website\"},\"primaryImageOfPage\":{\"@id\":\"https:\\\/\\\/radiociutat.com\\\/es\\\/ultimas-noticias\\\/cronicas-deportes\\\/permanencia-o-violencia-una-pancarta-y-una-pintada-en-el-entorno-del-nou-estadi\\\/#primaryimage\"},\"image\":{\"@id\":\"https:\\\/\\\/radiociutat.com\\\/es\\\/ultimas-noticias\\\/cronicas-deportes\\\/permanencia-o-violencia-una-pancarta-y-una-pintada-en-el-entorno-del-nou-estadi\\\/#primaryimage\"},\"thumbnailUrl\":\"https:\\\/\\\/files.radiociutat.com\\\/rctgn\\\/wp-content\\\/uploads\\\/2026\\\/04\\\/WhatsApp-Image-2026-04-24-at-11.35.15-1-e1777027174607.jpeg\",\"datePublished\":\"2026-04-24T10:58:34+00:00\",\"author\":{\"@id\":\"https:\\\/\\\/radiociutat.com\\\/es\\\/#\\\/schema\\\/person\\\/3086c6cfd718c2c9cb3329ff2a2ed197\"},\"breadcrumb\":{\"@id\":\"https:\\\/\\\/radiociutat.com\\\/es\\\/ultimas-noticias\\\/cronicas-deportes\\\/permanencia-o-violencia-una-pancarta-y-una-pintada-en-el-entorno-del-nou-estadi\\\/#breadcrumb\"},\"inLanguage\":\"es\",\"potentialAction\":[{\"@type\":\"ReadAction\",\"target\":[\"https:\\\/\\\/radiociutat.com\\\/es\\\/ultimas-noticias\\\/cronicas-deportes\\\/permanencia-o-violencia-una-pancarta-y-una-pintada-en-el-entorno-del-nou-estadi\\\/\"]}]},{\"@type\":\"ImageObject\",\"inLanguage\":\"es\",\"@id\":\"https:\\\/\\\/radiociutat.com\\\/es\\\/ultimas-noticias\\\/cronicas-deportes\\\/permanencia-o-violencia-una-pancarta-y-una-pintada-en-el-entorno-del-nou-estadi\\\/#primaryimage\",\"url\":\"https:\\\/\\\/files.radiociutat.com\\\/rctgn\\\/wp-content\\\/uploads\\\/2026\\\/04\\\/WhatsApp-Image-2026-04-24-at-11.35.15-1-e1777027174607.jpeg\",\"contentUrl\":\"https:\\\/\\\/files.radiociutat.com\\\/rctgn\\\/wp-content\\\/uploads\\\/2026\\\/04\\\/WhatsApp-Image-2026-04-24-at-11.35.15-1-e1777027174607.jpeg\",\"width\":720,\"height\":1600,\"caption\":\"Foto: Cedida\"},{\"@type\":\"BreadcrumbList\",\"@id\":\"https:\\\/\\\/radiociutat.com\\\/es\\\/ultimas-noticias\\\/cronicas-deportes\\\/permanencia-o-violencia-una-pancarta-y-una-pintada-en-el-entorno-del-nou-estadi\\\/#breadcrumb\",\"itemListElement\":[{\"@type\":\"ListItem\",\"position\":1,\"name\":\"Inici\",\"item\":\"https:\\\/\\\/radiociutat.com\\\/es\\\/\"},{\"@type\":\"ListItem\",\"position\":2,\"name\":\"&#8220;Permanencia o violencia&#8221;: una pancarta y una pintada en el entorno del Nou Estadi\"}]},{\"@type\":\"WebSite\",\"@id\":\"https:\\\/\\\/radiociutat.com\\\/es\\\/#website\",\"url\":\"https:\\\/\\\/radiociutat.com\\\/es\\\/\",\"name\":\"R\u00e0dio Ciutat de Tarragona\",\"description\":\"R\u00e0dio Ciutat de Tarragona - RCTgn.cat R\u00e0dio Online\",\"potentialAction\":[{\"@type\":\"SearchAction\",\"target\":{\"@type\":\"EntryPoint\",\"urlTemplate\":\"https:\\\/\\\/radiociutat.com\\\/es\\\/?s={search_term_string}\"},\"query-input\":{\"@type\":\"PropertyValueSpecification\",\"valueRequired\":true,\"valueName\":\"search_term_string\"}}],\"inLanguage\":\"es\"},{\"@type\":\"Person\",\"@id\":\"https:\\\/\\\/radiociutat.com\\\/es\\\/#\\\/schema\\\/person\\\/3086c6cfd718c2c9cb3329ff2a2ed197\",\"name\":\"Adri\u00e0 Tella\",\"sameAs\":[\"https:\\\/\\\/radiociutat.com\\\/wp-content\\\/uploads\\\/2023\\\/09\\\/adri-tella-1-1-e1694013359760.png\"],\"url\":\"https:\\\/\\\/radiociutat.com\\\/es\\\/author\\\/atella\\\/\"}]}<\/script>\n<!-- \/ Yoast SEO Premium plugin. -->","yoast_head_json":{"title":"\"Permanencia o violencia\": una pancarta y una pintada en el entorno del Nou Estadi - R\u00e0dio Ciutat de Tarragona","robots":{"index":"index","follow":"follow","max-snippet":"max-snippet:-1","max-image-preview":"max-image-preview:large","max-video-preview":"max-video-preview:-1"},"canonical":"https:\/\/radiociutat.com\/es\/ultimas-noticias\/cronicas-deportes\/permanencia-o-violencia-una-pancarta-y-una-pintada-en-el-entorno-del-nou-estadi\/","og_locale":"es_ES","og_type":"article","og_title":"\"Permanencia o violencia\": una pancarta y una pintada en el entorno del Nou Estadi","og_description":"La situaci\u00f3n que vive el N\u00e0stic genera tensiones y algunos aficionados han dejado este jueves un mensaje en una pancarta y tambi\u00e9n en una pintada en los alrededores del Nou Estadi. \u00abPermanencia o violencia\u00bb, estas han sido las palabras elegidas en un evidente tono amenazante de un mensaje absolutamente condenable. El escenario del equipo y [&hellip;]","og_url":"https:\/\/radiociutat.com\/es\/ultimas-noticias\/cronicas-deportes\/permanencia-o-violencia-una-pancarta-y-una-pintada-en-el-entorno-del-nou-estadi\/","og_site_name":"R\u00e0dio Ciutat de Tarragona","article_publisher":"https:\/\/www.facebook.com\/rctgn","article_published_time":"2026-04-24T10:58:34+00:00","og_image":[{"width":720,"height":1600,"url":"https:\/\/files.radiociutat.com\/rctgn\/wp-content\/uploads\/2026\/04\/WhatsApp-Image-2026-04-24-at-11.35.15-1-e1777027174607.jpeg","type":"image\/jpeg"}],"author":"Adri\u00e0 Tella","twitter_card":"summary_large_image","twitter_creator":"@RCTgn","twitter_site":"@RCTgn","twitter_misc":{"Escrito por":"Adri\u00e0 Tella","Tiempo de lectura":"1 minuto"},"schema":{"@context":"https:\/\/schema.org","@graph":[{"@type":"Article","@id":"https:\/\/radiociutat.com\/es\/ultimas-noticias\/cronicas-deportes\/permanencia-o-violencia-una-pancarta-y-una-pintada-en-el-entorno-del-nou-estadi\/#article","isPartOf":{"@id":"https:\/\/radiociutat.com\/es\/ultimas-noticias\/cronicas-deportes\/permanencia-o-violencia-una-pancarta-y-una-pintada-en-el-entorno-del-nou-estadi\/"},"author":{"name":"Adri\u00e0 Tella","@id":"https:\/\/radiociutat.com\/es\/#\/schema\/person\/3086c6cfd718c2c9cb3329ff2a2ed197"},"headline":"\u00abPermanencia o violencia\u00bb: una pancarta y una pintada en el entorno del Nou Estadi","datePublished":"2026-04-24T10:58:34+00:00","mainEntityOfPage":{"@id":"https:\/\/radiociutat.com\/es\/ultimas-noticias\/cronicas-deportes\/permanencia-o-violencia-una-pancarta-y-una-pintada-en-el-entorno-del-nou-estadi\/"},"wordCount":196,"image":{"@id":"https:\/\/radiociutat.com\/es\/ultimas-noticias\/cronicas-deportes\/permanencia-o-violencia-una-pancarta-y-una-pintada-en-el-entorno-del-nou-estadi\/#primaryimage"},"thumbnailUrl":"https:\/\/files.radiociutat.com\/rctgn\/wp-content\/uploads\/2026\/04\/WhatsApp-Image-2026-04-24-at-11.35.15-1-e1777027174607.jpeg","keywords":["Actualitat","Esports","Futbol","N\u00e0stic","Tarragona","TGN"],"articleSection":["Cr\u00f3nicas Deportes"],"inLanguage":"es"},{"@type":"WebPage","@id":"https:\/\/radiociutat.com\/es\/ultimas-noticias\/cronicas-deportes\/permanencia-o-violencia-una-pancarta-y-una-pintada-en-el-entorno-del-nou-estadi\/","url":"https:\/\/radiociutat.com\/es\/ultimas-noticias\/cronicas-deportes\/permanencia-o-violencia-una-pancarta-y-una-pintada-en-el-entorno-del-nou-estadi\/","name":"\"Permanencia o violencia\": una pancarta y una pintada en el entorno del Nou Estadi - R\u00e0dio Ciutat de Tarragona","isPartOf":{"@id":"https:\/\/radiociutat.com\/es\/#website"},"primaryImageOfPage":{"@id":"https:\/\/radiociutat.com\/es\/ultimas-noticias\/cronicas-deportes\/permanencia-o-violencia-una-pancarta-y-una-pintada-en-el-entorno-del-nou-estadi\/#primaryimage"},"image":{"@id":"https:\/\/radiociutat.com\/es\/ultimas-noticias\/cronicas-deportes\/permanencia-o-violencia-una-pancarta-y-una-pintada-en-el-entorno-del-nou-estadi\/#primaryimage"},"thumbnailUrl":"https:\/\/files.radiociutat.com\/rctgn\/wp-content\/uploads\/2026\/04\/WhatsApp-Image-2026-04-24-at-11.35.15-1-e1777027174607.jpeg","datePublished":"2026-04-24T10:58:34+00:00","author":{"@id":"https:\/\/radiociutat.com\/es\/#\/schema\/person\/3086c6cfd718c2c9cb3329ff2a2ed197"},"breadcrumb":{"@id":"https:\/\/radiociutat.com\/es\/ultimas-noticias\/cronicas-deportes\/permanencia-o-violencia-una-pancarta-y-una-pintada-en-el-entorno-del-nou-estadi\/#breadcrumb"},"inLanguage":"es","potentialAction":[{"@type":"ReadAction","target":["https:\/\/radiociutat.com\/es\/ultimas-noticias\/cronicas-deportes\/permanencia-o-violencia-una-pancarta-y-una-pintada-en-el-entorno-del-nou-estadi\/"]}]},{"@type":"ImageObject","inLanguage":"es","@id":"https:\/\/radiociutat.com\/es\/ultimas-noticias\/cronicas-deportes\/permanencia-o-violencia-una-pancarta-y-una-pintada-en-el-entorno-del-nou-estadi\/#primaryimage","url":"https:\/\/files.radiociutat.com\/rctgn\/wp-content\/uploads\/2026\/04\/WhatsApp-Image-2026-04-24-at-11.35.15-1-e1777027174607.jpeg","contentUrl":"https:\/\/files.radiociutat.com\/rctgn\/wp-content\/uploads\/2026\/04\/WhatsApp-Image-2026-04-24-at-11.35.15-1-e1777027174607.jpeg","width":720,"height":1600,"caption":"Foto: Cedida"},{"@type":"BreadcrumbList","@id":"https:\/\/radiociutat.com\/es\/ultimas-noticias\/cronicas-deportes\/permanencia-o-violencia-una-pancarta-y-una-pintada-en-el-entorno-del-nou-estadi\/#breadcrumb","itemListElement":[{"@type":"ListItem","position":1,"name":"Inici","item":"https:\/\/radiociutat.com\/es\/"},{"@type":"ListItem","position":2,"name":"&#8220;Permanencia o violencia&#8221;: una pancarta y una pintada en el entorno del Nou Estadi"}]},{"@type":"WebSite","@id":"https:\/\/radiociutat.com\/es\/#website","url":"https:\/\/radiociutat.com\/es\/","name":"R\u00e0dio Ciutat de Tarragona","description":"R\u00e0dio Ciutat de Tarragona - RCTgn.cat R\u00e0dio Online","potentialAction":[{"@type":"SearchAction","target":{"@type":"EntryPoint","urlTemplate":"https:\/\/radiociutat.com\/es\/?s={search_term_string}"},"query-input":{"@type":"PropertyValueSpecification","valueRequired":true,"valueName":"search_term_string"}}],"inLanguage":"es"},{"@type":"Person","@id":"https:\/\/radiociutat.com\/es\/#\/schema\/person\/3086c6cfd718c2c9cb3329ff2a2ed197","name":"Adri\u00e0 Tella","sameAs":["https:\/\/radiociutat.com\/wp-content\/uploads\/2023\/09\/adri-tella-1-1-e1694013359760.png"],"url":"https:\/\/radiociutat.com\/es\/author\/atella\/"}]}},"_links":{"self":[{"href":"https:\/\/radiociutat.com\/es\/wp-json\/wp\/v2\/posts\/377793","targetHints":{"allow":["GET"]}}],"collection":[{"href":"https:\/\/radiociutat.com\/es\/wp-json\/wp\/v2\/posts"}],"about":[{"href":"https:\/\/radiociutat.com\/es\/wp-json\/wp\/v2\/types\/post"}],"author":[{"embeddable":true,"href":"https:\/\/radiociutat.com\/es\/wp-json\/wp\/v2\/users\/33"}],"replies":[{"embeddable":true,"href":"https:\/\/radiociutat.com\/es\/wp-json\/wp\/v2\/comments?post=377793"}],"version-history":[{"count":0,"href":"https:\/\/radiociutat.com\/es\/wp-json\/wp\/v2\/posts\/377793\/revisions"}],"wp:featuredmedia":[{"embeddable":true,"href":"https:\/\/radiociutat.com\/es\/wp-json\/wp\/v2\/media\/377787"}],"wp:attachment":[{"href":"https:\/\/radiociutat.com\/es\/wp-json\/wp\/v2\/media?parent=377793"}],"wp:term":[{"taxonomy":"category","embeddable":true,"href":"https:\/\/radiociutat.com\/es\/wp-json\/wp\/v2\/categories?post=377793"},{"taxonomy":"post_tag","embeddable":true,"href":"https:\/\/radiociutat.com\/es\/wp-json\/wp\/v2\/tags?post=377793"}],"curies":[{"name":"wp","href":"https:\/\/api.w.org\/{rel}","templated":true}]}}