{"id":377775,"date":"2026-04-24T12:10:56","date_gmt":"2026-04-24T10:10:56","guid":{"rendered":"https:\/\/radiociutat.com\/programes-podcast\/tarragona-registra-mas-bajas-y-siniestros-laborales-en-2025\/"},"modified":"2026-04-24T12:10:56","modified_gmt":"2026-04-24T10:10:56","slug":"tarragona-registra-mas-bajas-y-siniestros-laborales-en-2025","status":"publish","type":"post","link":"https:\/\/radiociutat.com\/es\/ultimas-noticias\/cronicas\/tarragona-registra-mas-bajas-y-siniestros-laborales-en-2025\/","title":{"rendered":"Tarragona registra m\u00e1s bajas y siniestros laborales en 2025"},"content":{"rendered":"\n<p>CCOO de Tarragona ha presentado esta ma\u00f1ana, con motivo del <strong>D\u00eda Mundial de la Seguridad y la Salud en el Trabajo (28 de abril)<\/strong>, el <strong>informe anual de salud laboral de Catalu\u00f1a 2025<\/strong>. En rueda de prensa, las responsables sindicales han alertado de una evoluci\u00f3n <strong>\u201cpreocupante\u201d de la siniestralidad<\/strong>, especialmente en la demarcaci\u00f3n.<\/p>\n\n\n\n<p>Seg\u00fan los datos expuestos, <strong>los accidentes de trabajo han aumentado<\/strong>, con un incremento destacado de los <strong>siniestros m\u00e1s graves (9,61%)<\/strong>. Tambi\u00e9n se ha registrado un <strong>fuerte crecimiento de las enfermedades profesionales (20,92%)<\/strong>, especialmente entre los hombres, as\u00ed como un aumento de la duraci\u00f3n de las bajas m\u00e9dicas. <strong>Tarragona lidera el n\u00famero de d\u00edas de incapacidad temporal<\/strong>, con <strong>17,5 d\u00edas por persona al a\u00f1o<\/strong>.<\/p>\n\n\n\n<p>Ante esta situaci\u00f3n, el sindicato reclama <strong>medidas urgentes<\/strong>, como la <strong>reducci\u00f3n de la jornada laboral sin p\u00e9rdida salarial<\/strong>, una <strong>reforma de la ley de prevenci\u00f3n de riesgos<\/strong> y <strong>m\u00e1s inversi\u00f3n en sanidad p\u00fablica<\/strong>. Asimismo, denuncian la <strong>manca de implicaci\u00f3n de las empresas en la prevenci\u00f3n<\/strong>.<\/p>\n\n\n\n<figure class=\"wp-block-audio\"><audio controls src=\"https:\/\/files.radiociutat.com\/rctgn\/wp-content\/uploads\/2026\/04\/Tall-bELEN-lOPEZ-ccoo.mp3\"><\/audio><\/figure>\n\n\n\n<p>En este contexto, CCOO rebutja el discurso que se\u00f1ala el <strong>absentismo como problema central<\/strong> y el cualifica de <strong>\u201cfalso debate\u201d<\/strong>. Defienden que la clave es la <strong>manca de prevenci\u00f3n<\/strong> y alertan de un <strong>modelo laboral que deteriora la salud de las personas trabajadoras<\/strong>.<\/p>\n","protected":false},"excerpt":{"rendered":"<p>CCOO de Tarragona ha presentado esta ma\u00f1ana, con motivo del D\u00eda Mundial de la Seguridad y la Salud en el Trabajo (28 de abril), el informe anual de salud laboral de Catalu\u00f1a 2025. En rueda de prensa, las responsables sindicales han alertado de una evoluci\u00f3n \u201cpreocupante\u201d de la siniestralidad, especialmente en la demarcaci\u00f3n. Seg\u00fan los [&hellip;]<\/p>\n","protected":false},"author":84,"featured_media":377768,"comment_status":"closed","ping_status":"closed","sticky":false,"template":"","format":"standard","meta":{"footnotes":""},"categories":[13688],"tags":[409,19],"class_list":["post-377775","post","type-post","status-publish","format-standard","has-post-thumbnail","hentry","category-cronicas","tag-ccoo","tag-tarragona"],"yoast_head":"<!-- This site is optimized with the Yoast SEO Premium plugin v27.4 (Yoast SEO v27.4) - https:\/\/yoast.com\/product\/yoast-seo-premium-wordpress\/ -->\n<title>Tarragona registra m\u00e1s bajas y siniestros laborales en 2025 - R\u00e0dio Ciutat de Tarragona<\/title>\n<meta name=\"robots\" content=\"index, follow, max-snippet:-1, max-image-preview:large, max-video-preview:-1\" \/>\n<link rel=\"canonical\" href=\"https:\/\/radiociutat.com\/es\/ultimas-noticias\/cronicas\/tarragona-registra-mas-bajas-y-siniestros-laborales-en-2025\/\" \/>\n<meta property=\"og:locale\" content=\"es_ES\" \/>\n<meta property=\"og:type\" content=\"article\" \/>\n<meta property=\"og:title\" content=\"Tarragona registra m\u00e1s bajas y siniestros laborales en 2025\" \/>\n<meta property=\"og:description\" content=\"CCOO de Tarragona ha presentado esta ma\u00f1ana, con motivo del D\u00eda Mundial de la Seguridad y la Salud en el Trabajo (28 de abril), el informe anual de salud laboral de Catalu\u00f1a 2025. En rueda de prensa, las responsables sindicales han alertado de una evoluci\u00f3n \u201cpreocupante\u201d de la siniestralidad, especialmente en la demarcaci\u00f3n. Seg\u00fan los [&hellip;]\" \/>\n<meta property=\"og:url\" content=\"https:\/\/radiociutat.com\/es\/ultimas-noticias\/cronicas\/tarragona-registra-mas-bajas-y-siniestros-laborales-en-2025\/\" \/>\n<meta property=\"og:site_name\" content=\"R\u00e0dio Ciutat de Tarragona\" \/>\n<meta property=\"article:publisher\" content=\"https:\/\/www.facebook.com\/rctgn\" \/>\n<meta property=\"article:published_time\" content=\"2026-04-24T10:10:56+00:00\" \/>\n<meta property=\"og:image\" content=\"https:\/\/files.radiociutat.com\/rctgn\/wp-content\/uploads\/2021\/03\/LOGO-RCTGN-RADIO-CIUTAT-DE-TARRAGONA-TRANSPARENTE-TARRAGONA-2020-3000X3000-Redes1-copia.png\" \/>\n\t<meta property=\"og:image:width\" content=\"3000\" \/>\n\t<meta property=\"og:image:height\" content=\"3000\" \/>\n\t<meta property=\"og:image:type\" content=\"image\/png\" \/>\n<meta name=\"author\" content=\"Adri\u00e0 Duch\" \/>\n<meta name=\"twitter:card\" content=\"summary_large_image\" \/>\n<meta name=\"twitter:creator\" content=\"@RCTgn\" \/>\n<meta name=\"twitter:site\" content=\"@RCTgn\" \/>\n<meta name=\"twitter:label1\" content=\"Escrito por\" \/>\n\t<meta name=\"twitter:data1\" content=\"Adri\u00e0 Duch\" \/>\n\t<meta name=\"twitter:label2\" content=\"Tiempo de lectura\" \/>\n\t<meta name=\"twitter:data2\" content=\"1 minuto\" \/>\n<script type=\"application\/ld+json\" class=\"yoast-schema-graph\">{\"@context\":\"https:\\\/\\\/schema.org\",\"@graph\":[{\"@type\":\"Article\",\"@id\":\"https:\\\/\\\/radiociutat.com\\\/es\\\/ultimas-noticias\\\/cronicas\\\/tarragona-registra-mas-bajas-y-siniestros-laborales-en-2025\\\/#article\",\"isPartOf\":{\"@id\":\"https:\\\/\\\/radiociutat.com\\\/es\\\/ultimas-noticias\\\/cronicas\\\/tarragona-registra-mas-bajas-y-siniestros-laborales-en-2025\\\/\"},\"author\":{\"name\":\"Adri\u00e0 Duch\",\"@id\":\"https:\\\/\\\/radiociutat.com\\\/es\\\/#\\\/schema\\\/person\\\/daeecbc4942e3432e8d8b8663bf7d714\"},\"headline\":\"Tarragona registra m\u00e1s bajas y siniestros laborales en 2025\",\"datePublished\":\"2026-04-24T10:10:56+00:00\",\"mainEntityOfPage\":{\"@id\":\"https:\\\/\\\/radiociutat.com\\\/es\\\/ultimas-noticias\\\/cronicas\\\/tarragona-registra-mas-bajas-y-siniestros-laborales-en-2025\\\/\"},\"wordCount\":233,\"image\":{\"@id\":\"https:\\\/\\\/radiociutat.com\\\/es\\\/ultimas-noticias\\\/cronicas\\\/tarragona-registra-mas-bajas-y-siniestros-laborales-en-2025\\\/#primaryimage\"},\"thumbnailUrl\":\"https:\\\/\\\/files.radiociutat.com\\\/rctgn\\\/wp-content\\\/uploads\\\/2026\\\/04\\\/CCOO-Tarragona-scaled.jpeg\",\"keywords\":[\"CCOO\",\"Tarragona\"],\"articleSection\":[\"Cr\u00f3nicas\"],\"inLanguage\":\"es\"},{\"@type\":\"WebPage\",\"@id\":\"https:\\\/\\\/radiociutat.com\\\/es\\\/ultimas-noticias\\\/cronicas\\\/tarragona-registra-mas-bajas-y-siniestros-laborales-en-2025\\\/\",\"url\":\"https:\\\/\\\/radiociutat.com\\\/es\\\/ultimas-noticias\\\/cronicas\\\/tarragona-registra-mas-bajas-y-siniestros-laborales-en-2025\\\/\",\"name\":\"Tarragona registra m\u00e1s bajas y siniestros laborales en 2025 - R\u00e0dio Ciutat de Tarragona\",\"isPartOf\":{\"@id\":\"https:\\\/\\\/radiociutat.com\\\/es\\\/#website\"},\"primaryImageOfPage\":{\"@id\":\"https:\\\/\\\/radiociutat.com\\\/es\\\/ultimas-noticias\\\/cronicas\\\/tarragona-registra-mas-bajas-y-siniestros-laborales-en-2025\\\/#primaryimage\"},\"image\":{\"@id\":\"https:\\\/\\\/radiociutat.com\\\/es\\\/ultimas-noticias\\\/cronicas\\\/tarragona-registra-mas-bajas-y-siniestros-laborales-en-2025\\\/#primaryimage\"},\"thumbnailUrl\":\"https:\\\/\\\/files.radiociutat.com\\\/rctgn\\\/wp-content\\\/uploads\\\/2026\\\/04\\\/CCOO-Tarragona-scaled.jpeg\",\"datePublished\":\"2026-04-24T10:10:56+00:00\",\"author\":{\"@id\":\"https:\\\/\\\/radiociutat.com\\\/es\\\/#\\\/schema\\\/person\\\/daeecbc4942e3432e8d8b8663bf7d714\"},\"breadcrumb\":{\"@id\":\"https:\\\/\\\/radiociutat.com\\\/es\\\/ultimas-noticias\\\/cronicas\\\/tarragona-registra-mas-bajas-y-siniestros-laborales-en-2025\\\/#breadcrumb\"},\"inLanguage\":\"es\",\"potentialAction\":[{\"@type\":\"ReadAction\",\"target\":[\"https:\\\/\\\/radiociutat.com\\\/es\\\/ultimas-noticias\\\/cronicas\\\/tarragona-registra-mas-bajas-y-siniestros-laborales-en-2025\\\/\"]}]},{\"@type\":\"ImageObject\",\"inLanguage\":\"es\",\"@id\":\"https:\\\/\\\/radiociutat.com\\\/es\\\/ultimas-noticias\\\/cronicas\\\/tarragona-registra-mas-bajas-y-siniestros-laborales-en-2025\\\/#primaryimage\",\"url\":\"https:\\\/\\\/files.radiociutat.com\\\/rctgn\\\/wp-content\\\/uploads\\\/2026\\\/04\\\/CCOO-Tarragona-scaled.jpeg\",\"contentUrl\":\"https:\\\/\\\/files.radiociutat.com\\\/rctgn\\\/wp-content\\\/uploads\\\/2026\\\/04\\\/CCOO-Tarragona-scaled.jpeg\",\"width\":2560,\"height\":1920},{\"@type\":\"BreadcrumbList\",\"@id\":\"https:\\\/\\\/radiociutat.com\\\/es\\\/ultimas-noticias\\\/cronicas\\\/tarragona-registra-mas-bajas-y-siniestros-laborales-en-2025\\\/#breadcrumb\",\"itemListElement\":[{\"@type\":\"ListItem\",\"position\":1,\"name\":\"Inici\",\"item\":\"https:\\\/\\\/radiociutat.com\\\/es\\\/\"},{\"@type\":\"ListItem\",\"position\":2,\"name\":\"Tarragona registra m\u00e1s bajas y siniestros laborales en 2025\"}]},{\"@type\":\"WebSite\",\"@id\":\"https:\\\/\\\/radiociutat.com\\\/es\\\/#website\",\"url\":\"https:\\\/\\\/radiociutat.com\\\/es\\\/\",\"name\":\"R\u00e0dio Ciutat de Tarragona\",\"description\":\"R\u00e0dio Ciutat de Tarragona - RCTgn.cat R\u00e0dio Online\",\"potentialAction\":[{\"@type\":\"SearchAction\",\"target\":{\"@type\":\"EntryPoint\",\"urlTemplate\":\"https:\\\/\\\/radiociutat.com\\\/es\\\/?s={search_term_string}\"},\"query-input\":{\"@type\":\"PropertyValueSpecification\",\"valueRequired\":true,\"valueName\":\"search_term_string\"}}],\"inLanguage\":\"es\"},{\"@type\":\"Person\",\"@id\":\"https:\\\/\\\/radiociutat.com\\\/es\\\/#\\\/schema\\\/person\\\/daeecbc4942e3432e8d8b8663bf7d714\",\"name\":\"Adri\u00e0 Duch\",\"sameAs\":[\"https:\\\/\\\/radiociutat.com\\\/wp-content\\\/uploads\\\/2024\\\/02\\\/ADRIA-DUCH.png\"],\"url\":\"https:\\\/\\\/radiociutat.com\\\/es\\\/author\\\/adria-duch\\\/\"}]}<\/script>\n<!-- \/ Yoast SEO Premium plugin. -->","yoast_head_json":{"title":"Tarragona registra m\u00e1s bajas y siniestros laborales en 2025 - R\u00e0dio Ciutat de Tarragona","robots":{"index":"index","follow":"follow","max-snippet":"max-snippet:-1","max-image-preview":"max-image-preview:large","max-video-preview":"max-video-preview:-1"},"canonical":"https:\/\/radiociutat.com\/es\/ultimas-noticias\/cronicas\/tarragona-registra-mas-bajas-y-siniestros-laborales-en-2025\/","og_locale":"es_ES","og_type":"article","og_title":"Tarragona registra m\u00e1s bajas y siniestros laborales en 2025","og_description":"CCOO de Tarragona ha presentado esta ma\u00f1ana, con motivo del D\u00eda Mundial de la Seguridad y la Salud en el Trabajo (28 de abril), el informe anual de salud laboral de Catalu\u00f1a 2025. En rueda de prensa, las responsables sindicales han alertado de una evoluci\u00f3n \u201cpreocupante\u201d de la siniestralidad, especialmente en la demarcaci\u00f3n. Seg\u00fan los [&hellip;]","og_url":"https:\/\/radiociutat.com\/es\/ultimas-noticias\/cronicas\/tarragona-registra-mas-bajas-y-siniestros-laborales-en-2025\/","og_site_name":"R\u00e0dio Ciutat de Tarragona","article_publisher":"https:\/\/www.facebook.com\/rctgn","article_published_time":"2026-04-24T10:10:56+00:00","og_image":[{"width":3000,"height":3000,"url":"https:\/\/files.radiociutat.com\/rctgn\/wp-content\/uploads\/2021\/03\/LOGO-RCTGN-RADIO-CIUTAT-DE-TARRAGONA-TRANSPARENTE-TARRAGONA-2020-3000X3000-Redes1-copia.png","type":"image\/png"}],"author":"Adri\u00e0 Duch","twitter_card":"summary_large_image","twitter_creator":"@RCTgn","twitter_site":"@RCTgn","twitter_misc":{"Escrito por":"Adri\u00e0 Duch","Tiempo de lectura":"1 minuto"},"schema":{"@context":"https:\/\/schema.org","@graph":[{"@type":"Article","@id":"https:\/\/radiociutat.com\/es\/ultimas-noticias\/cronicas\/tarragona-registra-mas-bajas-y-siniestros-laborales-en-2025\/#article","isPartOf":{"@id":"https:\/\/radiociutat.com\/es\/ultimas-noticias\/cronicas\/tarragona-registra-mas-bajas-y-siniestros-laborales-en-2025\/"},"author":{"name":"Adri\u00e0 Duch","@id":"https:\/\/radiociutat.com\/es\/#\/schema\/person\/daeecbc4942e3432e8d8b8663bf7d714"},"headline":"Tarragona registra m\u00e1s bajas y siniestros laborales en 2025","datePublished":"2026-04-24T10:10:56+00:00","mainEntityOfPage":{"@id":"https:\/\/radiociutat.com\/es\/ultimas-noticias\/cronicas\/tarragona-registra-mas-bajas-y-siniestros-laborales-en-2025\/"},"wordCount":233,"image":{"@id":"https:\/\/radiociutat.com\/es\/ultimas-noticias\/cronicas\/tarragona-registra-mas-bajas-y-siniestros-laborales-en-2025\/#primaryimage"},"thumbnailUrl":"https:\/\/files.radiociutat.com\/rctgn\/wp-content\/uploads\/2026\/04\/CCOO-Tarragona-scaled.jpeg","keywords":["CCOO","Tarragona"],"articleSection":["Cr\u00f3nicas"],"inLanguage":"es"},{"@type":"WebPage","@id":"https:\/\/radiociutat.com\/es\/ultimas-noticias\/cronicas\/tarragona-registra-mas-bajas-y-siniestros-laborales-en-2025\/","url":"https:\/\/radiociutat.com\/es\/ultimas-noticias\/cronicas\/tarragona-registra-mas-bajas-y-siniestros-laborales-en-2025\/","name":"Tarragona registra m\u00e1s bajas y siniestros laborales en 2025 - R\u00e0dio Ciutat de Tarragona","isPartOf":{"@id":"https:\/\/radiociutat.com\/es\/#website"},"primaryImageOfPage":{"@id":"https:\/\/radiociutat.com\/es\/ultimas-noticias\/cronicas\/tarragona-registra-mas-bajas-y-siniestros-laborales-en-2025\/#primaryimage"},"image":{"@id":"https:\/\/radiociutat.com\/es\/ultimas-noticias\/cronicas\/tarragona-registra-mas-bajas-y-siniestros-laborales-en-2025\/#primaryimage"},"thumbnailUrl":"https:\/\/files.radiociutat.com\/rctgn\/wp-content\/uploads\/2026\/04\/CCOO-Tarragona-scaled.jpeg","datePublished":"2026-04-24T10:10:56+00:00","author":{"@id":"https:\/\/radiociutat.com\/es\/#\/schema\/person\/daeecbc4942e3432e8d8b8663bf7d714"},"breadcrumb":{"@id":"https:\/\/radiociutat.com\/es\/ultimas-noticias\/cronicas\/tarragona-registra-mas-bajas-y-siniestros-laborales-en-2025\/#breadcrumb"},"inLanguage":"es","potentialAction":[{"@type":"ReadAction","target":["https:\/\/radiociutat.com\/es\/ultimas-noticias\/cronicas\/tarragona-registra-mas-bajas-y-siniestros-laborales-en-2025\/"]}]},{"@type":"ImageObject","inLanguage":"es","@id":"https:\/\/radiociutat.com\/es\/ultimas-noticias\/cronicas\/tarragona-registra-mas-bajas-y-siniestros-laborales-en-2025\/#primaryimage","url":"https:\/\/files.radiociutat.com\/rctgn\/wp-content\/uploads\/2026\/04\/CCOO-Tarragona-scaled.jpeg","contentUrl":"https:\/\/files.radiociutat.com\/rctgn\/wp-content\/uploads\/2026\/04\/CCOO-Tarragona-scaled.jpeg","width":2560,"height":1920},{"@type":"BreadcrumbList","@id":"https:\/\/radiociutat.com\/es\/ultimas-noticias\/cronicas\/tarragona-registra-mas-bajas-y-siniestros-laborales-en-2025\/#breadcrumb","itemListElement":[{"@type":"ListItem","position":1,"name":"Inici","item":"https:\/\/radiociutat.com\/es\/"},{"@type":"ListItem","position":2,"name":"Tarragona registra m\u00e1s bajas y siniestros laborales en 2025"}]},{"@type":"WebSite","@id":"https:\/\/radiociutat.com\/es\/#website","url":"https:\/\/radiociutat.com\/es\/","name":"R\u00e0dio Ciutat de Tarragona","description":"R\u00e0dio Ciutat de Tarragona - RCTgn.cat R\u00e0dio Online","potentialAction":[{"@type":"SearchAction","target":{"@type":"EntryPoint","urlTemplate":"https:\/\/radiociutat.com\/es\/?s={search_term_string}"},"query-input":{"@type":"PropertyValueSpecification","valueRequired":true,"valueName":"search_term_string"}}],"inLanguage":"es"},{"@type":"Person","@id":"https:\/\/radiociutat.com\/es\/#\/schema\/person\/daeecbc4942e3432e8d8b8663bf7d714","name":"Adri\u00e0 Duch","sameAs":["https:\/\/radiociutat.com\/wp-content\/uploads\/2024\/02\/ADRIA-DUCH.png"],"url":"https:\/\/radiociutat.com\/es\/author\/adria-duch\/"}]}},"_links":{"self":[{"href":"https:\/\/radiociutat.com\/es\/wp-json\/wp\/v2\/posts\/377775","targetHints":{"allow":["GET"]}}],"collection":[{"href":"https:\/\/radiociutat.com\/es\/wp-json\/wp\/v2\/posts"}],"about":[{"href":"https:\/\/radiociutat.com\/es\/wp-json\/wp\/v2\/types\/post"}],"author":[{"embeddable":true,"href":"https:\/\/radiociutat.com\/es\/wp-json\/wp\/v2\/users\/84"}],"replies":[{"embeddable":true,"href":"https:\/\/radiociutat.com\/es\/wp-json\/wp\/v2\/comments?post=377775"}],"version-history":[{"count":0,"href":"https:\/\/radiociutat.com\/es\/wp-json\/wp\/v2\/posts\/377775\/revisions"}],"wp:featuredmedia":[{"embeddable":true,"href":"https:\/\/radiociutat.com\/es\/wp-json\/wp\/v2\/media\/377768"}],"wp:attachment":[{"href":"https:\/\/radiociutat.com\/es\/wp-json\/wp\/v2\/media?parent=377775"}],"wp:term":[{"taxonomy":"category","embeddable":true,"href":"https:\/\/radiociutat.com\/es\/wp-json\/wp\/v2\/categories?post=377775"},{"taxonomy":"post_tag","embeddable":true,"href":"https:\/\/radiociutat.com\/es\/wp-json\/wp\/v2\/tags?post=377775"}],"curies":[{"name":"wp","href":"https:\/\/api.w.org\/{rel}","templated":true}]}}