{"id":376849,"date":"2026-04-21T10:34:53","date_gmt":"2026-04-21T08:34:53","guid":{"rendered":"https:\/\/radiociutat.com\/programes-podcast\/pica-lletres-7-institut-escola-sant-hilari-vs-institut-mediterrania-del-vendrell\/"},"modified":"2026-04-21T10:34:53","modified_gmt":"2026-04-21T08:34:53","slug":"pica-lletres-7-institut-escola-sant-hilari-vs-institut-mediterrania-del-vendrell","status":"publish","type":"post","link":"https:\/\/radiociutat.com\/es\/pica-lletres\/pica-lletres-7-institut-escola-sant-hilari-vs-institut-mediterrania-del-vendrell\/","title":{"rendered":"Pica Lletres 7: Institut Escola Sant Hilari vs Institut Mediterr\u00e0nia del Vendrell"},"content":{"rendered":"\n<p>Alumnos de 2\u00ba de ESO del Institut Escola Sant Hilari de Sant Hilari Sacalm compiten con estudiantes del Institut Mediterr\u00e0nia del Vendrell del mismo nivel. Lo hacen desde R\u00e0dio Sant Hilari y R\u00e0dio El Vendrell respectivamente. &#8216;Pica Lletres&#8217; es un concurso de lengua para competir deletreando de La Xarxa con la colaboraci\u00f3n de Ant\u00e0rtida Produccions y el apoyo del Institut d&#8217;Estudis Catalans y el TERMCAT.<\/p>\n","protected":false},"excerpt":{"rendered":"<p>Alumnos de 2\u00ba de ESO del Institut Escola Sant Hilari de Sant Hilari Sacalm compiten con estudiantes del Institut Mediterr\u00e0nia del Vendrell del mismo nivel. Lo hacen desde R\u00e0dio Sant Hilari y R\u00e0dio El Vendrell respectivamente. &#8216;Pica Lletres&#8217; es un concurso de lengua para competir deletreando de La Xarxa con la colaboraci\u00f3n de Ant\u00e0rtida Produccions [&hellip;]<\/p>\n","protected":false},"author":1,"featured_media":371593,"comment_status":"closed","ping_status":"closed","sticky":false,"template":"","format":"standard","meta":{"footnotes":""},"categories":[14455],"tags":[14819,1192],"class_list":["post-376849","post","type-post","status-publish","format-standard","has-post-thumbnail","hentry","category-pica-lletres","tag-pica-lletres","tag-xarxa"],"yoast_head":"<!-- This site is optimized with the Yoast SEO Premium plugin v27.4 (Yoast SEO v27.5) - https:\/\/yoast.com\/product\/yoast-seo-premium-wordpress\/ -->\n<title>Pica Lletres 7: Institut Escola Sant Hilari vs Institut Mediterr\u00e0nia del Vendrell - R\u00e0dio Ciutat de Tarragona<\/title>\n<meta name=\"robots\" content=\"index, follow, max-snippet:-1, max-image-preview:large, max-video-preview:-1\" \/>\n<link rel=\"canonical\" href=\"https:\/\/radiociutat.com\/es\/pica-lletres\/pica-lletres-7-institut-escola-sant-hilari-vs-institut-mediterrania-del-vendrell\/\" \/>\n<meta property=\"og:locale\" content=\"es_ES\" \/>\n<meta property=\"og:type\" content=\"article\" \/>\n<meta property=\"og:title\" content=\"Pica Lletres 7: Institut Escola Sant Hilari vs Institut Mediterr\u00e0nia del Vendrell\" \/>\n<meta property=\"og:description\" content=\"Alumnos de 2\u00ba de ESO del Institut Escola Sant Hilari de Sant Hilari Sacalm compiten con estudiantes del Institut Mediterr\u00e0nia del Vendrell del mismo nivel. Lo hacen desde R\u00e0dio Sant Hilari y R\u00e0dio El Vendrell respectivamente. &#8216;Pica Lletres&#8217; es un concurso de lengua para competir deletreando de La Xarxa con la colaboraci\u00f3n de Ant\u00e0rtida Produccions [&hellip;]\" \/>\n<meta property=\"og:url\" content=\"https:\/\/radiociutat.com\/es\/pica-lletres\/pica-lletres-7-institut-escola-sant-hilari-vs-institut-mediterrania-del-vendrell\/\" \/>\n<meta property=\"og:site_name\" content=\"R\u00e0dio Ciutat de Tarragona\" \/>\n<meta property=\"article:publisher\" content=\"https:\/\/www.facebook.com\/rctgn\" \/>\n<meta property=\"article:published_time\" content=\"2026-04-21T08:34:53+00:00\" \/>\n<meta property=\"og:image\" content=\"https:\/\/files.radiociutat.com\/rctgn\/wp-content\/uploads\/2021\/03\/LOGO-RCTGN-RADIO-CIUTAT-DE-TARRAGONA-TRANSPARENTE-TARRAGONA-2020-3000X3000-Redes1-copia.png\" \/>\n\t<meta property=\"og:image:width\" content=\"3000\" \/>\n\t<meta property=\"og:image:height\" content=\"3000\" \/>\n\t<meta property=\"og:image:type\" content=\"image\/png\" \/>\n<meta name=\"author\" content=\"Redacci\u00f3\" \/>\n<meta name=\"twitter:card\" content=\"summary_large_image\" \/>\n<meta name=\"twitter:creator\" content=\"@RCTgn\" \/>\n<meta name=\"twitter:site\" content=\"@RCTgn\" \/>\n<meta name=\"twitter:label1\" content=\"Escrito por\" \/>\n\t<meta name=\"twitter:data1\" content=\"Redacci\u00f3\" \/>\n<script type=\"application\/ld+json\" class=\"yoast-schema-graph\">{\"@context\":\"https:\\\/\\\/schema.org\",\"@graph\":[{\"@type\":\"Article\",\"@id\":\"https:\\\/\\\/radiociutat.com\\\/es\\\/pica-lletres\\\/pica-lletres-7-institut-escola-sant-hilari-vs-institut-mediterrania-del-vendrell\\\/#article\",\"isPartOf\":{\"@id\":\"https:\\\/\\\/radiociutat.com\\\/es\\\/pica-lletres\\\/pica-lletres-7-institut-escola-sant-hilari-vs-institut-mediterrania-del-vendrell\\\/\"},\"author\":{\"name\":\"Redacci\u00f3\",\"@id\":\"https:\\\/\\\/radiociutat.com\\\/es\\\/#\\\/schema\\\/person\\\/04b6638f9d2a9ea77408db76c5d8f0b5\"},\"headline\":\"Pica Lletres 7: Institut Escola Sant Hilari vs Institut Mediterr\u00e0nia del Vendrell\",\"datePublished\":\"2026-04-21T08:34:53+00:00\",\"mainEntityOfPage\":{\"@id\":\"https:\\\/\\\/radiociutat.com\\\/es\\\/pica-lletres\\\/pica-lletres-7-institut-escola-sant-hilari-vs-institut-mediterrania-del-vendrell\\\/\"},\"wordCount\":82,\"image\":{\"@id\":\"https:\\\/\\\/radiociutat.com\\\/es\\\/pica-lletres\\\/pica-lletres-7-institut-escola-sant-hilari-vs-institut-mediterrania-del-vendrell\\\/#primaryimage\"},\"thumbnailUrl\":\"https:\\\/\\\/files.radiociutat.com\\\/rctgn\\\/wp-content\\\/uploads\\\/2026\\\/03\\\/Picalletres-radio-e1774282772120.jpg\",\"keywords\":[\"Pica Lletres\",\"Xarxa\"],\"articleSection\":[\"Pica Lletres\"],\"inLanguage\":\"es\"},{\"@type\":\"WebPage\",\"@id\":\"https:\\\/\\\/radiociutat.com\\\/es\\\/pica-lletres\\\/pica-lletres-7-institut-escola-sant-hilari-vs-institut-mediterrania-del-vendrell\\\/\",\"url\":\"https:\\\/\\\/radiociutat.com\\\/es\\\/pica-lletres\\\/pica-lletres-7-institut-escola-sant-hilari-vs-institut-mediterrania-del-vendrell\\\/\",\"name\":\"Pica Lletres 7: Institut Escola Sant Hilari vs Institut Mediterr\u00e0nia del Vendrell - R\u00e0dio Ciutat de Tarragona\",\"isPartOf\":{\"@id\":\"https:\\\/\\\/radiociutat.com\\\/es\\\/#website\"},\"primaryImageOfPage\":{\"@id\":\"https:\\\/\\\/radiociutat.com\\\/es\\\/pica-lletres\\\/pica-lletres-7-institut-escola-sant-hilari-vs-institut-mediterrania-del-vendrell\\\/#primaryimage\"},\"image\":{\"@id\":\"https:\\\/\\\/radiociutat.com\\\/es\\\/pica-lletres\\\/pica-lletres-7-institut-escola-sant-hilari-vs-institut-mediterrania-del-vendrell\\\/#primaryimage\"},\"thumbnailUrl\":\"https:\\\/\\\/files.radiociutat.com\\\/rctgn\\\/wp-content\\\/uploads\\\/2026\\\/03\\\/Picalletres-radio-e1774282772120.jpg\",\"datePublished\":\"2026-04-21T08:34:53+00:00\",\"author\":{\"@id\":\"https:\\\/\\\/radiociutat.com\\\/es\\\/#\\\/schema\\\/person\\\/04b6638f9d2a9ea77408db76c5d8f0b5\"},\"breadcrumb\":{\"@id\":\"https:\\\/\\\/radiociutat.com\\\/es\\\/pica-lletres\\\/pica-lletres-7-institut-escola-sant-hilari-vs-institut-mediterrania-del-vendrell\\\/#breadcrumb\"},\"inLanguage\":\"es\",\"potentialAction\":[{\"@type\":\"ReadAction\",\"target\":[\"https:\\\/\\\/radiociutat.com\\\/es\\\/pica-lletres\\\/pica-lletres-7-institut-escola-sant-hilari-vs-institut-mediterrania-del-vendrell\\\/\"]}]},{\"@type\":\"ImageObject\",\"inLanguage\":\"es\",\"@id\":\"https:\\\/\\\/radiociutat.com\\\/es\\\/pica-lletres\\\/pica-lletres-7-institut-escola-sant-hilari-vs-institut-mediterrania-del-vendrell\\\/#primaryimage\",\"url\":\"https:\\\/\\\/files.radiociutat.com\\\/rctgn\\\/wp-content\\\/uploads\\\/2026\\\/03\\\/Picalletres-radio-e1774282772120.jpg\",\"contentUrl\":\"https:\\\/\\\/files.radiociutat.com\\\/rctgn\\\/wp-content\\\/uploads\\\/2026\\\/03\\\/Picalletres-radio-e1774282772120.jpg\",\"width\":1064,\"height\":609},{\"@type\":\"BreadcrumbList\",\"@id\":\"https:\\\/\\\/radiociutat.com\\\/es\\\/pica-lletres\\\/pica-lletres-7-institut-escola-sant-hilari-vs-institut-mediterrania-del-vendrell\\\/#breadcrumb\",\"itemListElement\":[{\"@type\":\"ListItem\",\"position\":1,\"name\":\"Inici\",\"item\":\"https:\\\/\\\/radiociutat.com\\\/es\\\/\"},{\"@type\":\"ListItem\",\"position\":2,\"name\":\"Pica Lletres 7: Institut Escola Sant Hilari vs Institut Mediterr\u00e0nia del Vendrell\"}]},{\"@type\":\"WebSite\",\"@id\":\"https:\\\/\\\/radiociutat.com\\\/es\\\/#website\",\"url\":\"https:\\\/\\\/radiociutat.com\\\/es\\\/\",\"name\":\"R\u00e0dio Ciutat de Tarragona\",\"description\":\"R\u00e0dio Ciutat de Tarragona - RCTgn.cat R\u00e0dio Online\",\"potentialAction\":[{\"@type\":\"SearchAction\",\"target\":{\"@type\":\"EntryPoint\",\"urlTemplate\":\"https:\\\/\\\/radiociutat.com\\\/es\\\/?s={search_term_string}\"},\"query-input\":{\"@type\":\"PropertyValueSpecification\",\"valueRequired\":true,\"valueName\":\"search_term_string\"}}],\"inLanguage\":\"es\"},{\"@type\":\"Person\",\"@id\":\"https:\\\/\\\/radiociutat.com\\\/es\\\/#\\\/schema\\\/person\\\/04b6638f9d2a9ea77408db76c5d8f0b5\",\"name\":\"Redacci\u00f3\",\"sameAs\":[\"https:\\\/\\\/radiociutat.com\\\/wp-content\\\/uploads\\\/2023\\\/09\\\/LOGO-RCTGN-CUADRAT.png\"],\"url\":\"https:\\\/\\\/radiociutat.com\\\/es\\\/author\\\/jespinosa\\\/\"}]}<\/script>\n<!-- \/ Yoast SEO Premium plugin. -->","yoast_head_json":{"title":"Pica Lletres 7: Institut Escola Sant Hilari vs Institut Mediterr\u00e0nia del Vendrell - R\u00e0dio Ciutat de Tarragona","robots":{"index":"index","follow":"follow","max-snippet":"max-snippet:-1","max-image-preview":"max-image-preview:large","max-video-preview":"max-video-preview:-1"},"canonical":"https:\/\/radiociutat.com\/es\/pica-lletres\/pica-lletres-7-institut-escola-sant-hilari-vs-institut-mediterrania-del-vendrell\/","og_locale":"es_ES","og_type":"article","og_title":"Pica Lletres 7: Institut Escola Sant Hilari vs Institut Mediterr\u00e0nia del Vendrell","og_description":"Alumnos de 2\u00ba de ESO del Institut Escola Sant Hilari de Sant Hilari Sacalm compiten con estudiantes del Institut Mediterr\u00e0nia del Vendrell del mismo nivel. Lo hacen desde R\u00e0dio Sant Hilari y R\u00e0dio El Vendrell respectivamente. &#8216;Pica Lletres&#8217; es un concurso de lengua para competir deletreando de La Xarxa con la colaboraci\u00f3n de Ant\u00e0rtida Produccions [&hellip;]","og_url":"https:\/\/radiociutat.com\/es\/pica-lletres\/pica-lletres-7-institut-escola-sant-hilari-vs-institut-mediterrania-del-vendrell\/","og_site_name":"R\u00e0dio Ciutat de Tarragona","article_publisher":"https:\/\/www.facebook.com\/rctgn","article_published_time":"2026-04-21T08:34:53+00:00","og_image":[{"width":3000,"height":3000,"url":"https:\/\/files.radiociutat.com\/rctgn\/wp-content\/uploads\/2021\/03\/LOGO-RCTGN-RADIO-CIUTAT-DE-TARRAGONA-TRANSPARENTE-TARRAGONA-2020-3000X3000-Redes1-copia.png","type":"image\/png"}],"author":"Redacci\u00f3","twitter_card":"summary_large_image","twitter_creator":"@RCTgn","twitter_site":"@RCTgn","twitter_misc":{"Escrito por":"Redacci\u00f3"},"schema":{"@context":"https:\/\/schema.org","@graph":[{"@type":"Article","@id":"https:\/\/radiociutat.com\/es\/pica-lletres\/pica-lletres-7-institut-escola-sant-hilari-vs-institut-mediterrania-del-vendrell\/#article","isPartOf":{"@id":"https:\/\/radiociutat.com\/es\/pica-lletres\/pica-lletres-7-institut-escola-sant-hilari-vs-institut-mediterrania-del-vendrell\/"},"author":{"name":"Redacci\u00f3","@id":"https:\/\/radiociutat.com\/es\/#\/schema\/person\/04b6638f9d2a9ea77408db76c5d8f0b5"},"headline":"Pica Lletres 7: Institut Escola Sant Hilari vs Institut Mediterr\u00e0nia del Vendrell","datePublished":"2026-04-21T08:34:53+00:00","mainEntityOfPage":{"@id":"https:\/\/radiociutat.com\/es\/pica-lletres\/pica-lletres-7-institut-escola-sant-hilari-vs-institut-mediterrania-del-vendrell\/"},"wordCount":82,"image":{"@id":"https:\/\/radiociutat.com\/es\/pica-lletres\/pica-lletres-7-institut-escola-sant-hilari-vs-institut-mediterrania-del-vendrell\/#primaryimage"},"thumbnailUrl":"https:\/\/files.radiociutat.com\/rctgn\/wp-content\/uploads\/2026\/03\/Picalletres-radio-e1774282772120.jpg","keywords":["Pica Lletres","Xarxa"],"articleSection":["Pica Lletres"],"inLanguage":"es"},{"@type":"WebPage","@id":"https:\/\/radiociutat.com\/es\/pica-lletres\/pica-lletres-7-institut-escola-sant-hilari-vs-institut-mediterrania-del-vendrell\/","url":"https:\/\/radiociutat.com\/es\/pica-lletres\/pica-lletres-7-institut-escola-sant-hilari-vs-institut-mediterrania-del-vendrell\/","name":"Pica Lletres 7: Institut Escola Sant Hilari vs Institut Mediterr\u00e0nia del Vendrell - R\u00e0dio Ciutat de Tarragona","isPartOf":{"@id":"https:\/\/radiociutat.com\/es\/#website"},"primaryImageOfPage":{"@id":"https:\/\/radiociutat.com\/es\/pica-lletres\/pica-lletres-7-institut-escola-sant-hilari-vs-institut-mediterrania-del-vendrell\/#primaryimage"},"image":{"@id":"https:\/\/radiociutat.com\/es\/pica-lletres\/pica-lletres-7-institut-escola-sant-hilari-vs-institut-mediterrania-del-vendrell\/#primaryimage"},"thumbnailUrl":"https:\/\/files.radiociutat.com\/rctgn\/wp-content\/uploads\/2026\/03\/Picalletres-radio-e1774282772120.jpg","datePublished":"2026-04-21T08:34:53+00:00","author":{"@id":"https:\/\/radiociutat.com\/es\/#\/schema\/person\/04b6638f9d2a9ea77408db76c5d8f0b5"},"breadcrumb":{"@id":"https:\/\/radiociutat.com\/es\/pica-lletres\/pica-lletres-7-institut-escola-sant-hilari-vs-institut-mediterrania-del-vendrell\/#breadcrumb"},"inLanguage":"es","potentialAction":[{"@type":"ReadAction","target":["https:\/\/radiociutat.com\/es\/pica-lletres\/pica-lletres-7-institut-escola-sant-hilari-vs-institut-mediterrania-del-vendrell\/"]}]},{"@type":"ImageObject","inLanguage":"es","@id":"https:\/\/radiociutat.com\/es\/pica-lletres\/pica-lletres-7-institut-escola-sant-hilari-vs-institut-mediterrania-del-vendrell\/#primaryimage","url":"https:\/\/files.radiociutat.com\/rctgn\/wp-content\/uploads\/2026\/03\/Picalletres-radio-e1774282772120.jpg","contentUrl":"https:\/\/files.radiociutat.com\/rctgn\/wp-content\/uploads\/2026\/03\/Picalletres-radio-e1774282772120.jpg","width":1064,"height":609},{"@type":"BreadcrumbList","@id":"https:\/\/radiociutat.com\/es\/pica-lletres\/pica-lletres-7-institut-escola-sant-hilari-vs-institut-mediterrania-del-vendrell\/#breadcrumb","itemListElement":[{"@type":"ListItem","position":1,"name":"Inici","item":"https:\/\/radiociutat.com\/es\/"},{"@type":"ListItem","position":2,"name":"Pica Lletres 7: Institut Escola Sant Hilari vs Institut Mediterr\u00e0nia del Vendrell"}]},{"@type":"WebSite","@id":"https:\/\/radiociutat.com\/es\/#website","url":"https:\/\/radiociutat.com\/es\/","name":"R\u00e0dio Ciutat de Tarragona","description":"R\u00e0dio Ciutat de Tarragona - RCTgn.cat R\u00e0dio Online","potentialAction":[{"@type":"SearchAction","target":{"@type":"EntryPoint","urlTemplate":"https:\/\/radiociutat.com\/es\/?s={search_term_string}"},"query-input":{"@type":"PropertyValueSpecification","valueRequired":true,"valueName":"search_term_string"}}],"inLanguage":"es"},{"@type":"Person","@id":"https:\/\/radiociutat.com\/es\/#\/schema\/person\/04b6638f9d2a9ea77408db76c5d8f0b5","name":"Redacci\u00f3","sameAs":["https:\/\/radiociutat.com\/wp-content\/uploads\/2023\/09\/LOGO-RCTGN-CUADRAT.png"],"url":"https:\/\/radiociutat.com\/es\/author\/jespinosa\/"}]}},"_links":{"self":[{"href":"https:\/\/radiociutat.com\/es\/wp-json\/wp\/v2\/posts\/376849","targetHints":{"allow":["GET"]}}],"collection":[{"href":"https:\/\/radiociutat.com\/es\/wp-json\/wp\/v2\/posts"}],"about":[{"href":"https:\/\/radiociutat.com\/es\/wp-json\/wp\/v2\/types\/post"}],"author":[{"embeddable":true,"href":"https:\/\/radiociutat.com\/es\/wp-json\/wp\/v2\/users\/1"}],"replies":[{"embeddable":true,"href":"https:\/\/radiociutat.com\/es\/wp-json\/wp\/v2\/comments?post=376849"}],"version-history":[{"count":0,"href":"https:\/\/radiociutat.com\/es\/wp-json\/wp\/v2\/posts\/376849\/revisions"}],"wp:featuredmedia":[{"embeddable":true,"href":"https:\/\/radiociutat.com\/es\/wp-json\/wp\/v2\/media\/371593"}],"wp:attachment":[{"href":"https:\/\/radiociutat.com\/es\/wp-json\/wp\/v2\/media?parent=376849"}],"wp:term":[{"taxonomy":"category","embeddable":true,"href":"https:\/\/radiociutat.com\/es\/wp-json\/wp\/v2\/categories?post=376849"},{"taxonomy":"post_tag","embeddable":true,"href":"https:\/\/radiociutat.com\/es\/wp-json\/wp\/v2\/tags?post=376849"}],"curies":[{"name":"wp","href":"https:\/\/api.w.org\/{rel}","templated":true}]}}