{"id":370816,"date":"2026-03-19T10:40:05","date_gmt":"2026-03-19T09:40:05","guid":{"rendered":"https:\/\/radiociutat.com\/programes-podcast\/junts-reclama-un-plan-para-dignificar-la-casa-de-la-festa\/"},"modified":"2026-03-19T10:40:05","modified_gmt":"2026-03-19T09:40:05","slug":"junts-reclama-un-plan-para-dignificar-la-casa-de-la-festa","status":"publish","type":"post","link":"https:\/\/radiociutat.com\/es\/ultimas-noticias\/cronicas\/junts-reclama-un-plan-para-dignificar-la-casa-de-la-festa\/","title":{"rendered":"Junts reclama un plan para dignificar la Casa de la Festa"},"content":{"rendered":"\n<p>El grupo municipal de Junts per Catalunya en Tarragona pide un plan integral para la Casa de la Festa, destacando la necesidad de poner al d\u00eda lo que consideran un \u00abespacio esencial para el patrimonio festivo de la ciudad\u00bb. El portavoz de Junts, Jordi Sendra, ha denunciado los problemas estructurales y la falta de mantenimiento del edificio, que afectan a la conservaci\u00f3n de los elementos del Seguici Popular y la museograf\u00eda.<\/p>\n\n\n\n<p>Junts llevar\u00e1 al pleno del lunes esta demanda, que propone un diagn\u00f3stico t\u00e9cnico completo y un plan que abarque tanto el edificio como su proyecci\u00f3n cultural, con el objetivo de hacer de la Casa de la Festa un espacio vivo, abierto todo el a\u00f1o y con una programaci\u00f3n estable. Adem\u00e1s, el grupo pide la dignificaci\u00f3n de los Jardines de la Reconciliaci\u00f3n, que afirman que actualmente sufren problemas de mantenimiento e inseguridad.<\/p>\n\n\n\n<p>Junts reclama \u00abun proyecto ambicioso, planificado y compartido con las entidades del Seguici Popular, que sit\u00fae la Casa de la Festa al nivel que Tarragona merece\u00bb.<\/p>\n","protected":false},"excerpt":{"rendered":"<p>El grupo municipal de Junts per Catalunya en Tarragona pide un plan integral para la Casa de la Festa, destacando la necesidad de poner al d\u00eda lo que consideran un \u00abespacio esencial para el patrimonio festivo de la ciudad\u00bb. El portavoz de Junts, Jordi Sendra, ha denunciado los problemas estructurales y la falta de mantenimiento [&hellip;]<\/p>\n","protected":false},"author":1,"featured_media":315726,"comment_status":"closed","ping_status":"closed","sticky":false,"template":"","format":"standard","meta":{"footnotes":""},"categories":[13688],"tags":[128,3817,88,14113,260,432,129,19,218],"class_list":["post-370816","post","type-post","status-publish","format-standard","has-post-thumbnail","hentry","category-cronicas","tag-actualitat","tag-casa-de-la-festa","tag-info","tag-junts","tag-noticies","tag-plenari","tag-societat","tag-tarragona","tag-tgn"],"yoast_head":"<!-- This site is optimized with the Yoast SEO Premium plugin v27.4 (Yoast SEO v27.5) - https:\/\/yoast.com\/product\/yoast-seo-premium-wordpress\/ -->\n<title>Junts reclama un plan para dignificar la Casa de la Festa - R\u00e0dio Ciutat de Tarragona<\/title>\n<meta name=\"robots\" content=\"index, follow, max-snippet:-1, max-image-preview:large, max-video-preview:-1\" \/>\n<link rel=\"canonical\" href=\"https:\/\/radiociutat.com\/es\/ultimas-noticias\/cronicas\/junts-reclama-un-plan-para-dignificar-la-casa-de-la-festa\/\" \/>\n<meta property=\"og:locale\" content=\"es_ES\" \/>\n<meta property=\"og:type\" content=\"article\" \/>\n<meta property=\"og:title\" content=\"Junts reclama un plan para dignificar la Casa de la Festa\" \/>\n<meta property=\"og:description\" content=\"El grupo municipal de Junts per Catalunya en Tarragona pide un plan integral para la Casa de la Festa, destacando la necesidad de poner al d\u00eda lo que consideran un \u00abespacio esencial para el patrimonio festivo de la ciudad\u00bb. El portavoz de Junts, Jordi Sendra, ha denunciado los problemas estructurales y la falta de mantenimiento [&hellip;]\" \/>\n<meta property=\"og:url\" content=\"https:\/\/radiociutat.com\/es\/ultimas-noticias\/cronicas\/junts-reclama-un-plan-para-dignificar-la-casa-de-la-festa\/\" \/>\n<meta property=\"og:site_name\" content=\"R\u00e0dio Ciutat de Tarragona\" \/>\n<meta property=\"article:publisher\" content=\"https:\/\/www.facebook.com\/rctgn\" \/>\n<meta property=\"article:published_time\" content=\"2026-03-19T09:40:05+00:00\" \/>\n<meta property=\"og:image\" content=\"https:\/\/files.radiociutat.com\/rctgn\/wp-content\/uploads\/2021\/03\/LOGO-RCTGN-RADIO-CIUTAT-DE-TARRAGONA-TRANSPARENTE-TARRAGONA-2020-3000X3000-Redes1-copia.png\" \/>\n\t<meta property=\"og:image:width\" content=\"3000\" \/>\n\t<meta property=\"og:image:height\" content=\"3000\" \/>\n\t<meta property=\"og:image:type\" content=\"image\/png\" \/>\n<meta name=\"author\" content=\"Redacci\u00f3\" \/>\n<meta name=\"twitter:card\" content=\"summary_large_image\" \/>\n<meta name=\"twitter:creator\" content=\"@RCTgn\" \/>\n<meta name=\"twitter:site\" content=\"@RCTgn\" \/>\n<meta name=\"twitter:label1\" content=\"Escrito por\" \/>\n\t<meta name=\"twitter:data1\" content=\"Redacci\u00f3\" \/>\n\t<meta name=\"twitter:label2\" content=\"Tiempo de lectura\" \/>\n\t<meta name=\"twitter:data2\" content=\"1 minuto\" \/>\n<script type=\"application\/ld+json\" class=\"yoast-schema-graph\">{\"@context\":\"https:\\\/\\\/schema.org\",\"@graph\":[{\"@type\":\"Article\",\"@id\":\"https:\\\/\\\/radiociutat.com\\\/es\\\/ultimas-noticias\\\/cronicas\\\/junts-reclama-un-plan-para-dignificar-la-casa-de-la-festa\\\/#article\",\"isPartOf\":{\"@id\":\"https:\\\/\\\/radiociutat.com\\\/es\\\/ultimas-noticias\\\/cronicas\\\/junts-reclama-un-plan-para-dignificar-la-casa-de-la-festa\\\/\"},\"author\":{\"name\":\"Redacci\u00f3\",\"@id\":\"https:\\\/\\\/radiociutat.com\\\/es\\\/#\\\/schema\\\/person\\\/04b6638f9d2a9ea77408db76c5d8f0b5\"},\"headline\":\"Junts reclama un plan para dignificar la Casa de la Festa\",\"datePublished\":\"2026-03-19T09:40:05+00:00\",\"mainEntityOfPage\":{\"@id\":\"https:\\\/\\\/radiociutat.com\\\/es\\\/ultimas-noticias\\\/cronicas\\\/junts-reclama-un-plan-para-dignificar-la-casa-de-la-festa\\\/\"},\"wordCount\":191,\"image\":{\"@id\":\"https:\\\/\\\/radiociutat.com\\\/es\\\/ultimas-noticias\\\/cronicas\\\/junts-reclama-un-plan-para-dignificar-la-casa-de-la-festa\\\/#primaryimage\"},\"thumbnailUrl\":\"https:\\\/\\\/files.radiociutat.com\\\/rctgn\\\/wp-content\\\/uploads\\\/2022\\\/06\\\/casa-de-la-festa-e1773913155455.jpeg\",\"keywords\":[\"Actualitat\",\"Casa de la Festa\",\"Info\",\"Junts\",\"not\u00edcies\",\"Plenari\",\"Societat\",\"Tarragona\",\"TGN\"],\"articleSection\":[\"Cr\u00f3nicas\"],\"inLanguage\":\"es\"},{\"@type\":\"WebPage\",\"@id\":\"https:\\\/\\\/radiociutat.com\\\/es\\\/ultimas-noticias\\\/cronicas\\\/junts-reclama-un-plan-para-dignificar-la-casa-de-la-festa\\\/\",\"url\":\"https:\\\/\\\/radiociutat.com\\\/es\\\/ultimas-noticias\\\/cronicas\\\/junts-reclama-un-plan-para-dignificar-la-casa-de-la-festa\\\/\",\"name\":\"Junts reclama un plan para dignificar la Casa de la Festa - R\u00e0dio Ciutat de Tarragona\",\"isPartOf\":{\"@id\":\"https:\\\/\\\/radiociutat.com\\\/es\\\/#website\"},\"primaryImageOfPage\":{\"@id\":\"https:\\\/\\\/radiociutat.com\\\/es\\\/ultimas-noticias\\\/cronicas\\\/junts-reclama-un-plan-para-dignificar-la-casa-de-la-festa\\\/#primaryimage\"},\"image\":{\"@id\":\"https:\\\/\\\/radiociutat.com\\\/es\\\/ultimas-noticias\\\/cronicas\\\/junts-reclama-un-plan-para-dignificar-la-casa-de-la-festa\\\/#primaryimage\"},\"thumbnailUrl\":\"https:\\\/\\\/files.radiociutat.com\\\/rctgn\\\/wp-content\\\/uploads\\\/2022\\\/06\\\/casa-de-la-festa-e1773913155455.jpeg\",\"datePublished\":\"2026-03-19T09:40:05+00:00\",\"author\":{\"@id\":\"https:\\\/\\\/radiociutat.com\\\/es\\\/#\\\/schema\\\/person\\\/04b6638f9d2a9ea77408db76c5d8f0b5\"},\"breadcrumb\":{\"@id\":\"https:\\\/\\\/radiociutat.com\\\/es\\\/ultimas-noticias\\\/cronicas\\\/junts-reclama-un-plan-para-dignificar-la-casa-de-la-festa\\\/#breadcrumb\"},\"inLanguage\":\"es\",\"potentialAction\":[{\"@type\":\"ReadAction\",\"target\":[\"https:\\\/\\\/radiociutat.com\\\/es\\\/ultimas-noticias\\\/cronicas\\\/junts-reclama-un-plan-para-dignificar-la-casa-de-la-festa\\\/\"]}]},{\"@type\":\"ImageObject\",\"inLanguage\":\"es\",\"@id\":\"https:\\\/\\\/radiociutat.com\\\/es\\\/ultimas-noticias\\\/cronicas\\\/junts-reclama-un-plan-para-dignificar-la-casa-de-la-festa\\\/#primaryimage\",\"url\":\"https:\\\/\\\/files.radiociutat.com\\\/rctgn\\\/wp-content\\\/uploads\\\/2022\\\/06\\\/casa-de-la-festa-e1773913155455.jpeg\",\"contentUrl\":\"https:\\\/\\\/files.radiociutat.com\\\/rctgn\\\/wp-content\\\/uploads\\\/2022\\\/06\\\/casa-de-la-festa-e1773913155455.jpeg\",\"width\":1000,\"height\":750},{\"@type\":\"BreadcrumbList\",\"@id\":\"https:\\\/\\\/radiociutat.com\\\/es\\\/ultimas-noticias\\\/cronicas\\\/junts-reclama-un-plan-para-dignificar-la-casa-de-la-festa\\\/#breadcrumb\",\"itemListElement\":[{\"@type\":\"ListItem\",\"position\":1,\"name\":\"Inici\",\"item\":\"https:\\\/\\\/radiociutat.com\\\/es\\\/\"},{\"@type\":\"ListItem\",\"position\":2,\"name\":\"Junts reclama un plan para dignificar la Casa de la Festa\"}]},{\"@type\":\"WebSite\",\"@id\":\"https:\\\/\\\/radiociutat.com\\\/es\\\/#website\",\"url\":\"https:\\\/\\\/radiociutat.com\\\/es\\\/\",\"name\":\"R\u00e0dio Ciutat de Tarragona\",\"description\":\"R\u00e0dio Ciutat de Tarragona - RCTgn.cat R\u00e0dio Online\",\"potentialAction\":[{\"@type\":\"SearchAction\",\"target\":{\"@type\":\"EntryPoint\",\"urlTemplate\":\"https:\\\/\\\/radiociutat.com\\\/es\\\/?s={search_term_string}\"},\"query-input\":{\"@type\":\"PropertyValueSpecification\",\"valueRequired\":true,\"valueName\":\"search_term_string\"}}],\"inLanguage\":\"es\"},{\"@type\":\"Person\",\"@id\":\"https:\\\/\\\/radiociutat.com\\\/es\\\/#\\\/schema\\\/person\\\/04b6638f9d2a9ea77408db76c5d8f0b5\",\"name\":\"Redacci\u00f3\",\"sameAs\":[\"https:\\\/\\\/radiociutat.com\\\/wp-content\\\/uploads\\\/2023\\\/09\\\/LOGO-RCTGN-CUADRAT.png\"],\"url\":\"https:\\\/\\\/radiociutat.com\\\/es\\\/author\\\/jespinosa\\\/\"}]}<\/script>\n<!-- \/ Yoast SEO Premium plugin. -->","yoast_head_json":{"title":"Junts reclama un plan para dignificar la Casa de la Festa - R\u00e0dio Ciutat de Tarragona","robots":{"index":"index","follow":"follow","max-snippet":"max-snippet:-1","max-image-preview":"max-image-preview:large","max-video-preview":"max-video-preview:-1"},"canonical":"https:\/\/radiociutat.com\/es\/ultimas-noticias\/cronicas\/junts-reclama-un-plan-para-dignificar-la-casa-de-la-festa\/","og_locale":"es_ES","og_type":"article","og_title":"Junts reclama un plan para dignificar la Casa de la Festa","og_description":"El grupo municipal de Junts per Catalunya en Tarragona pide un plan integral para la Casa de la Festa, destacando la necesidad de poner al d\u00eda lo que consideran un \u00abespacio esencial para el patrimonio festivo de la ciudad\u00bb. El portavoz de Junts, Jordi Sendra, ha denunciado los problemas estructurales y la falta de mantenimiento [&hellip;]","og_url":"https:\/\/radiociutat.com\/es\/ultimas-noticias\/cronicas\/junts-reclama-un-plan-para-dignificar-la-casa-de-la-festa\/","og_site_name":"R\u00e0dio Ciutat de Tarragona","article_publisher":"https:\/\/www.facebook.com\/rctgn","article_published_time":"2026-03-19T09:40:05+00:00","og_image":[{"width":3000,"height":3000,"url":"https:\/\/files.radiociutat.com\/rctgn\/wp-content\/uploads\/2021\/03\/LOGO-RCTGN-RADIO-CIUTAT-DE-TARRAGONA-TRANSPARENTE-TARRAGONA-2020-3000X3000-Redes1-copia.png","type":"image\/png"}],"author":"Redacci\u00f3","twitter_card":"summary_large_image","twitter_creator":"@RCTgn","twitter_site":"@RCTgn","twitter_misc":{"Escrito por":"Redacci\u00f3","Tiempo de lectura":"1 minuto"},"schema":{"@context":"https:\/\/schema.org","@graph":[{"@type":"Article","@id":"https:\/\/radiociutat.com\/es\/ultimas-noticias\/cronicas\/junts-reclama-un-plan-para-dignificar-la-casa-de-la-festa\/#article","isPartOf":{"@id":"https:\/\/radiociutat.com\/es\/ultimas-noticias\/cronicas\/junts-reclama-un-plan-para-dignificar-la-casa-de-la-festa\/"},"author":{"name":"Redacci\u00f3","@id":"https:\/\/radiociutat.com\/es\/#\/schema\/person\/04b6638f9d2a9ea77408db76c5d8f0b5"},"headline":"Junts reclama un plan para dignificar la Casa de la Festa","datePublished":"2026-03-19T09:40:05+00:00","mainEntityOfPage":{"@id":"https:\/\/radiociutat.com\/es\/ultimas-noticias\/cronicas\/junts-reclama-un-plan-para-dignificar-la-casa-de-la-festa\/"},"wordCount":191,"image":{"@id":"https:\/\/radiociutat.com\/es\/ultimas-noticias\/cronicas\/junts-reclama-un-plan-para-dignificar-la-casa-de-la-festa\/#primaryimage"},"thumbnailUrl":"https:\/\/files.radiociutat.com\/rctgn\/wp-content\/uploads\/2022\/06\/casa-de-la-festa-e1773913155455.jpeg","keywords":["Actualitat","Casa de la Festa","Info","Junts","not\u00edcies","Plenari","Societat","Tarragona","TGN"],"articleSection":["Cr\u00f3nicas"],"inLanguage":"es"},{"@type":"WebPage","@id":"https:\/\/radiociutat.com\/es\/ultimas-noticias\/cronicas\/junts-reclama-un-plan-para-dignificar-la-casa-de-la-festa\/","url":"https:\/\/radiociutat.com\/es\/ultimas-noticias\/cronicas\/junts-reclama-un-plan-para-dignificar-la-casa-de-la-festa\/","name":"Junts reclama un plan para dignificar la Casa de la Festa - R\u00e0dio Ciutat de Tarragona","isPartOf":{"@id":"https:\/\/radiociutat.com\/es\/#website"},"primaryImageOfPage":{"@id":"https:\/\/radiociutat.com\/es\/ultimas-noticias\/cronicas\/junts-reclama-un-plan-para-dignificar-la-casa-de-la-festa\/#primaryimage"},"image":{"@id":"https:\/\/radiociutat.com\/es\/ultimas-noticias\/cronicas\/junts-reclama-un-plan-para-dignificar-la-casa-de-la-festa\/#primaryimage"},"thumbnailUrl":"https:\/\/files.radiociutat.com\/rctgn\/wp-content\/uploads\/2022\/06\/casa-de-la-festa-e1773913155455.jpeg","datePublished":"2026-03-19T09:40:05+00:00","author":{"@id":"https:\/\/radiociutat.com\/es\/#\/schema\/person\/04b6638f9d2a9ea77408db76c5d8f0b5"},"breadcrumb":{"@id":"https:\/\/radiociutat.com\/es\/ultimas-noticias\/cronicas\/junts-reclama-un-plan-para-dignificar-la-casa-de-la-festa\/#breadcrumb"},"inLanguage":"es","potentialAction":[{"@type":"ReadAction","target":["https:\/\/radiociutat.com\/es\/ultimas-noticias\/cronicas\/junts-reclama-un-plan-para-dignificar-la-casa-de-la-festa\/"]}]},{"@type":"ImageObject","inLanguage":"es","@id":"https:\/\/radiociutat.com\/es\/ultimas-noticias\/cronicas\/junts-reclama-un-plan-para-dignificar-la-casa-de-la-festa\/#primaryimage","url":"https:\/\/files.radiociutat.com\/rctgn\/wp-content\/uploads\/2022\/06\/casa-de-la-festa-e1773913155455.jpeg","contentUrl":"https:\/\/files.radiociutat.com\/rctgn\/wp-content\/uploads\/2022\/06\/casa-de-la-festa-e1773913155455.jpeg","width":1000,"height":750},{"@type":"BreadcrumbList","@id":"https:\/\/radiociutat.com\/es\/ultimas-noticias\/cronicas\/junts-reclama-un-plan-para-dignificar-la-casa-de-la-festa\/#breadcrumb","itemListElement":[{"@type":"ListItem","position":1,"name":"Inici","item":"https:\/\/radiociutat.com\/es\/"},{"@type":"ListItem","position":2,"name":"Junts reclama un plan para dignificar la Casa de la Festa"}]},{"@type":"WebSite","@id":"https:\/\/radiociutat.com\/es\/#website","url":"https:\/\/radiociutat.com\/es\/","name":"R\u00e0dio Ciutat de Tarragona","description":"R\u00e0dio Ciutat de Tarragona - RCTgn.cat R\u00e0dio Online","potentialAction":[{"@type":"SearchAction","target":{"@type":"EntryPoint","urlTemplate":"https:\/\/radiociutat.com\/es\/?s={search_term_string}"},"query-input":{"@type":"PropertyValueSpecification","valueRequired":true,"valueName":"search_term_string"}}],"inLanguage":"es"},{"@type":"Person","@id":"https:\/\/radiociutat.com\/es\/#\/schema\/person\/04b6638f9d2a9ea77408db76c5d8f0b5","name":"Redacci\u00f3","sameAs":["https:\/\/radiociutat.com\/wp-content\/uploads\/2023\/09\/LOGO-RCTGN-CUADRAT.png"],"url":"https:\/\/radiociutat.com\/es\/author\/jespinosa\/"}]}},"_links":{"self":[{"href":"https:\/\/radiociutat.com\/es\/wp-json\/wp\/v2\/posts\/370816","targetHints":{"allow":["GET"]}}],"collection":[{"href":"https:\/\/radiociutat.com\/es\/wp-json\/wp\/v2\/posts"}],"about":[{"href":"https:\/\/radiociutat.com\/es\/wp-json\/wp\/v2\/types\/post"}],"author":[{"embeddable":true,"href":"https:\/\/radiociutat.com\/es\/wp-json\/wp\/v2\/users\/1"}],"replies":[{"embeddable":true,"href":"https:\/\/radiociutat.com\/es\/wp-json\/wp\/v2\/comments?post=370816"}],"version-history":[{"count":0,"href":"https:\/\/radiociutat.com\/es\/wp-json\/wp\/v2\/posts\/370816\/revisions"}],"wp:featuredmedia":[{"embeddable":true,"href":"https:\/\/radiociutat.com\/es\/wp-json\/wp\/v2\/media\/315726"}],"wp:attachment":[{"href":"https:\/\/radiociutat.com\/es\/wp-json\/wp\/v2\/media?parent=370816"}],"wp:term":[{"taxonomy":"category","embeddable":true,"href":"https:\/\/radiociutat.com\/es\/wp-json\/wp\/v2\/categories?post=370816"},{"taxonomy":"post_tag","embeddable":true,"href":"https:\/\/radiociutat.com\/es\/wp-json\/wp\/v2\/tags?post=370816"}],"curies":[{"name":"wp","href":"https:\/\/api.w.org\/{rel}","templated":true}]}}