{"id":370800,"date":"2026-03-19T09:39:22","date_gmt":"2026-03-19T08:39:22","guid":{"rendered":"https:\/\/radiociutat.com\/programes-podcast\/vinuales-tilda-de-ridiculo-la-manifestacion-de-vox-en-bonavista\/"},"modified":"2026-03-19T09:39:22","modified_gmt":"2026-03-19T08:39:22","slug":"vinuales-tilda-de-ridiculo-la-manifestacion-de-vox-en-bonavista","status":"publish","type":"post","link":"https:\/\/radiociutat.com\/es\/ultimas-noticias\/cronicas\/vinuales-tilda-de-ridiculo-la-manifestacion-de-vox-en-bonavista\/","title":{"rendered":"Vi\u00f1uales tilda de \u00abrid\u00edculo\u00bb la manifestaci\u00f3n de VOX en Bonavista"},"content":{"rendered":"\n<p>El alcalde de Tarragona, Rub\u00e9n Vi\u00f1uales, ha asegurado que \u00abVOX hizo el rid\u00edculo\u00bb con la manifestaci\u00f3n que convocaron la pasada tarde de mi\u00e9rcoles en el barrio de Bonavista. La formaci\u00f3n reuni\u00f3 a un centenar de manifestantes en una movilizaci\u00f3n contra la inmigraci\u00f3n y con todo tipo de proclamas racistas.<\/p>\n\n\n\n<p>El primer edil asegura que, adem\u00e1s de la baja participaci\u00f3n, hubo \u00abuna ausencia pr\u00e1cticamente total de vecinos y vecinas de Bonavista\u00bb, dejando claro que \u00abesta iniciativa no responde a una preocupaci\u00f3n real del barrio\u00bb. Vi\u00f1uales asegura que \u00abBonavista es un barrio vivo, diverso y con una convivencia que funciona\u00bb. <\/p>\n\n\n\n<p>El alcalde ha remarcado que \u00ablo que s\u00ed es preocupante es el intento de algunos de generar divisi\u00f3n y alarma all\u00ed donde no la hay. Tarragona es una ciudad abierta y cohesionada, y no permitiremos que discursos que buscan confrontar rompan esta realidad.\u00bb<\/p>\n\n\n\n<p>Los de ultraderecha quer\u00edan llegar a la nueva mezquita de Bonavista coincidiendo con el final del Ramad\u00e1n, pero los Mossos d&#8217;Esquadra lo impidieron ante la concentraci\u00f3n de unas 300 personas de colectivos antifascistas de la ciudad que mostraron su rechazo. Durante el recorrido se vivieron momentos de tensi\u00f3n con vecinos que recriminaron la presencia de la formaci\u00f3n de extrema derecha. Algunos lanzaron huevos a los manifestantes desde los balcones y los ultraderechistas respondieron con empujones a varias personas, algunas de ellas menores de edad.<\/p>\n","protected":false},"excerpt":{"rendered":"<p>El alcalde de Tarragona, Rub\u00e9n Vi\u00f1uales, ha asegurado que \u00abVOX hizo el rid\u00edculo\u00bb con la manifestaci\u00f3n que convocaron la pasada tarde de mi\u00e9rcoles en el barrio de Bonavista. La formaci\u00f3n reuni\u00f3 a un centenar de manifestantes en una movilizaci\u00f3n contra la inmigraci\u00f3n y con todo tipo de proclamas racistas. El primer edil asegura que, adem\u00e1s [&hellip;]<\/p>\n","protected":false},"author":1,"featured_media":370797,"comment_status":"closed","ping_status":"closed","sticky":false,"template":"","format":"standard","meta":{"footnotes":""},"categories":[13688],"tags":[128,88,260,129,19,218,3612],"class_list":["post-370800","post","type-post","status-publish","format-standard","has-post-thumbnail","hentry","category-cronicas","tag-actualitat","tag-info","tag-noticies","tag-societat","tag-tarragona","tag-tgn","tag-vox"],"yoast_head":"<!-- This site is optimized with the Yoast SEO Premium plugin v27.4 (Yoast SEO v27.5) - https:\/\/yoast.com\/product\/yoast-seo-premium-wordpress\/ -->\n<title>Vi\u00f1uales tilda de &quot;rid\u00edculo&quot; la manifestaci\u00f3n de VOX en Bonavista - R\u00e0dio Ciutat de Tarragona<\/title>\n<meta name=\"robots\" content=\"index, follow, max-snippet:-1, max-image-preview:large, max-video-preview:-1\" \/>\n<link rel=\"canonical\" href=\"https:\/\/radiociutat.com\/es\/ultimas-noticias\/cronicas\/vinuales-tilda-de-ridiculo-la-manifestacion-de-vox-en-bonavista\/\" \/>\n<meta property=\"og:locale\" content=\"es_ES\" \/>\n<meta property=\"og:type\" content=\"article\" \/>\n<meta property=\"og:title\" content=\"Vi\u00f1uales tilda de &quot;rid\u00edculo&quot; la manifestaci\u00f3n de VOX en Bonavista\" \/>\n<meta property=\"og:description\" content=\"El alcalde de Tarragona, Rub\u00e9n Vi\u00f1uales, ha asegurado que \u00abVOX hizo el rid\u00edculo\u00bb con la manifestaci\u00f3n que convocaron la pasada tarde de mi\u00e9rcoles en el barrio de Bonavista. La formaci\u00f3n reuni\u00f3 a un centenar de manifestantes en una movilizaci\u00f3n contra la inmigraci\u00f3n y con todo tipo de proclamas racistas. El primer edil asegura que, adem\u00e1s [&hellip;]\" \/>\n<meta property=\"og:url\" content=\"https:\/\/radiociutat.com\/es\/ultimas-noticias\/cronicas\/vinuales-tilda-de-ridiculo-la-manifestacion-de-vox-en-bonavista\/\" \/>\n<meta property=\"og:site_name\" content=\"R\u00e0dio Ciutat de Tarragona\" \/>\n<meta property=\"article:publisher\" content=\"https:\/\/www.facebook.com\/rctgn\" \/>\n<meta property=\"article:published_time\" content=\"2026-03-19T08:39:22+00:00\" \/>\n<meta property=\"og:image\" content=\"https:\/\/files.radiociutat.com\/rctgn\/wp-content\/uploads\/2026\/03\/MANI-VOX-BONAVISTA-scaled-e1773909531892.jpg\" \/>\n\t<meta property=\"og:image:width\" content=\"2560\" \/>\n\t<meta property=\"og:image:height\" content=\"1707\" \/>\n\t<meta property=\"og:image:type\" content=\"image\/jpeg\" \/>\n<meta name=\"author\" content=\"Redacci\u00f3\" \/>\n<meta name=\"twitter:card\" content=\"summary_large_image\" \/>\n<meta name=\"twitter:creator\" content=\"@RCTgn\" \/>\n<meta name=\"twitter:site\" content=\"@RCTgn\" \/>\n<meta name=\"twitter:label1\" content=\"Escrito por\" \/>\n\t<meta name=\"twitter:data1\" content=\"Redacci\u00f3\" \/>\n\t<meta name=\"twitter:label2\" content=\"Tiempo de lectura\" \/>\n\t<meta name=\"twitter:data2\" content=\"1 minuto\" \/>\n<script type=\"application\/ld+json\" class=\"yoast-schema-graph\">{\"@context\":\"https:\\\/\\\/schema.org\",\"@graph\":[{\"@type\":\"Article\",\"@id\":\"https:\\\/\\\/radiociutat.com\\\/es\\\/ultimas-noticias\\\/cronicas\\\/vinuales-tilda-de-ridiculo-la-manifestacion-de-vox-en-bonavista\\\/#article\",\"isPartOf\":{\"@id\":\"https:\\\/\\\/radiociutat.com\\\/es\\\/ultimas-noticias\\\/cronicas\\\/vinuales-tilda-de-ridiculo-la-manifestacion-de-vox-en-bonavista\\\/\"},\"author\":{\"name\":\"Redacci\u00f3\",\"@id\":\"https:\\\/\\\/radiociutat.com\\\/es\\\/#\\\/schema\\\/person\\\/04b6638f9d2a9ea77408db76c5d8f0b5\"},\"headline\":\"Vi\u00f1uales tilda de \u00abrid\u00edculo\u00bb la manifestaci\u00f3n de VOX en Bonavista\",\"datePublished\":\"2026-03-19T08:39:22+00:00\",\"mainEntityOfPage\":{\"@id\":\"https:\\\/\\\/radiociutat.com\\\/es\\\/ultimas-noticias\\\/cronicas\\\/vinuales-tilda-de-ridiculo-la-manifestacion-de-vox-en-bonavista\\\/\"},\"wordCount\":257,\"image\":{\"@id\":\"https:\\\/\\\/radiociutat.com\\\/es\\\/ultimas-noticias\\\/cronicas\\\/vinuales-tilda-de-ridiculo-la-manifestacion-de-vox-en-bonavista\\\/#primaryimage\"},\"thumbnailUrl\":\"https:\\\/\\\/files.radiociutat.com\\\/rctgn\\\/wp-content\\\/uploads\\\/2026\\\/03\\\/MANI-VOX-BONAVISTA-scaled-e1773909531892.jpg\",\"keywords\":[\"Actualitat\",\"Info\",\"not\u00edcies\",\"Societat\",\"Tarragona\",\"TGN\",\"VOX\"],\"articleSection\":[\"Cr\u00f3nicas\"],\"inLanguage\":\"es\"},{\"@type\":\"WebPage\",\"@id\":\"https:\\\/\\\/radiociutat.com\\\/es\\\/ultimas-noticias\\\/cronicas\\\/vinuales-tilda-de-ridiculo-la-manifestacion-de-vox-en-bonavista\\\/\",\"url\":\"https:\\\/\\\/radiociutat.com\\\/es\\\/ultimas-noticias\\\/cronicas\\\/vinuales-tilda-de-ridiculo-la-manifestacion-de-vox-en-bonavista\\\/\",\"name\":\"Vi\u00f1uales tilda de \\\"rid\u00edculo\\\" la manifestaci\u00f3n de VOX en Bonavista - R\u00e0dio Ciutat de Tarragona\",\"isPartOf\":{\"@id\":\"https:\\\/\\\/radiociutat.com\\\/es\\\/#website\"},\"primaryImageOfPage\":{\"@id\":\"https:\\\/\\\/radiociutat.com\\\/es\\\/ultimas-noticias\\\/cronicas\\\/vinuales-tilda-de-ridiculo-la-manifestacion-de-vox-en-bonavista\\\/#primaryimage\"},\"image\":{\"@id\":\"https:\\\/\\\/radiociutat.com\\\/es\\\/ultimas-noticias\\\/cronicas\\\/vinuales-tilda-de-ridiculo-la-manifestacion-de-vox-en-bonavista\\\/#primaryimage\"},\"thumbnailUrl\":\"https:\\\/\\\/files.radiociutat.com\\\/rctgn\\\/wp-content\\\/uploads\\\/2026\\\/03\\\/MANI-VOX-BONAVISTA-scaled-e1773909531892.jpg\",\"datePublished\":\"2026-03-19T08:39:22+00:00\",\"author\":{\"@id\":\"https:\\\/\\\/radiociutat.com\\\/es\\\/#\\\/schema\\\/person\\\/04b6638f9d2a9ea77408db76c5d8f0b5\"},\"breadcrumb\":{\"@id\":\"https:\\\/\\\/radiociutat.com\\\/es\\\/ultimas-noticias\\\/cronicas\\\/vinuales-tilda-de-ridiculo-la-manifestacion-de-vox-en-bonavista\\\/#breadcrumb\"},\"inLanguage\":\"es\",\"potentialAction\":[{\"@type\":\"ReadAction\",\"target\":[\"https:\\\/\\\/radiociutat.com\\\/es\\\/ultimas-noticias\\\/cronicas\\\/vinuales-tilda-de-ridiculo-la-manifestacion-de-vox-en-bonavista\\\/\"]}]},{\"@type\":\"ImageObject\",\"inLanguage\":\"es\",\"@id\":\"https:\\\/\\\/radiociutat.com\\\/es\\\/ultimas-noticias\\\/cronicas\\\/vinuales-tilda-de-ridiculo-la-manifestacion-de-vox-en-bonavista\\\/#primaryimage\",\"url\":\"https:\\\/\\\/files.radiociutat.com\\\/rctgn\\\/wp-content\\\/uploads\\\/2026\\\/03\\\/MANI-VOX-BONAVISTA-scaled-e1773909531892.jpg\",\"contentUrl\":\"https:\\\/\\\/files.radiociutat.com\\\/rctgn\\\/wp-content\\\/uploads\\\/2026\\\/03\\\/MANI-VOX-BONAVISTA-scaled-e1773909531892.jpg\",\"width\":2560,\"height\":1707,\"caption\":\"Foto: Arnau Mart\u00ednez \\\/ Eloi Tost, ACN\"},{\"@type\":\"BreadcrumbList\",\"@id\":\"https:\\\/\\\/radiociutat.com\\\/es\\\/ultimas-noticias\\\/cronicas\\\/vinuales-tilda-de-ridiculo-la-manifestacion-de-vox-en-bonavista\\\/#breadcrumb\",\"itemListElement\":[{\"@type\":\"ListItem\",\"position\":1,\"name\":\"Inici\",\"item\":\"https:\\\/\\\/radiociutat.com\\\/es\\\/\"},{\"@type\":\"ListItem\",\"position\":2,\"name\":\"Vi\u00f1uales tilda de &#8220;rid\u00edculo&#8221; la manifestaci\u00f3n de VOX en Bonavista\"}]},{\"@type\":\"WebSite\",\"@id\":\"https:\\\/\\\/radiociutat.com\\\/es\\\/#website\",\"url\":\"https:\\\/\\\/radiociutat.com\\\/es\\\/\",\"name\":\"R\u00e0dio Ciutat de Tarragona\",\"description\":\"R\u00e0dio Ciutat de Tarragona - RCTgn.cat R\u00e0dio Online\",\"potentialAction\":[{\"@type\":\"SearchAction\",\"target\":{\"@type\":\"EntryPoint\",\"urlTemplate\":\"https:\\\/\\\/radiociutat.com\\\/es\\\/?s={search_term_string}\"},\"query-input\":{\"@type\":\"PropertyValueSpecification\",\"valueRequired\":true,\"valueName\":\"search_term_string\"}}],\"inLanguage\":\"es\"},{\"@type\":\"Person\",\"@id\":\"https:\\\/\\\/radiociutat.com\\\/es\\\/#\\\/schema\\\/person\\\/04b6638f9d2a9ea77408db76c5d8f0b5\",\"name\":\"Redacci\u00f3\",\"sameAs\":[\"https:\\\/\\\/radiociutat.com\\\/wp-content\\\/uploads\\\/2023\\\/09\\\/LOGO-RCTGN-CUADRAT.png\"],\"url\":\"https:\\\/\\\/radiociutat.com\\\/es\\\/author\\\/jespinosa\\\/\"}]}<\/script>\n<!-- \/ Yoast SEO Premium plugin. -->","yoast_head_json":{"title":"Vi\u00f1uales tilda de \"rid\u00edculo\" la manifestaci\u00f3n de VOX en Bonavista - R\u00e0dio Ciutat de Tarragona","robots":{"index":"index","follow":"follow","max-snippet":"max-snippet:-1","max-image-preview":"max-image-preview:large","max-video-preview":"max-video-preview:-1"},"canonical":"https:\/\/radiociutat.com\/es\/ultimas-noticias\/cronicas\/vinuales-tilda-de-ridiculo-la-manifestacion-de-vox-en-bonavista\/","og_locale":"es_ES","og_type":"article","og_title":"Vi\u00f1uales tilda de \"rid\u00edculo\" la manifestaci\u00f3n de VOX en Bonavista","og_description":"El alcalde de Tarragona, Rub\u00e9n Vi\u00f1uales, ha asegurado que \u00abVOX hizo el rid\u00edculo\u00bb con la manifestaci\u00f3n que convocaron la pasada tarde de mi\u00e9rcoles en el barrio de Bonavista. La formaci\u00f3n reuni\u00f3 a un centenar de manifestantes en una movilizaci\u00f3n contra la inmigraci\u00f3n y con todo tipo de proclamas racistas. El primer edil asegura que, adem\u00e1s [&hellip;]","og_url":"https:\/\/radiociutat.com\/es\/ultimas-noticias\/cronicas\/vinuales-tilda-de-ridiculo-la-manifestacion-de-vox-en-bonavista\/","og_site_name":"R\u00e0dio Ciutat de Tarragona","article_publisher":"https:\/\/www.facebook.com\/rctgn","article_published_time":"2026-03-19T08:39:22+00:00","og_image":[{"width":2560,"height":1707,"url":"https:\/\/files.radiociutat.com\/rctgn\/wp-content\/uploads\/2026\/03\/MANI-VOX-BONAVISTA-scaled-e1773909531892.jpg","type":"image\/jpeg"}],"author":"Redacci\u00f3","twitter_card":"summary_large_image","twitter_creator":"@RCTgn","twitter_site":"@RCTgn","twitter_misc":{"Escrito por":"Redacci\u00f3","Tiempo de lectura":"1 minuto"},"schema":{"@context":"https:\/\/schema.org","@graph":[{"@type":"Article","@id":"https:\/\/radiociutat.com\/es\/ultimas-noticias\/cronicas\/vinuales-tilda-de-ridiculo-la-manifestacion-de-vox-en-bonavista\/#article","isPartOf":{"@id":"https:\/\/radiociutat.com\/es\/ultimas-noticias\/cronicas\/vinuales-tilda-de-ridiculo-la-manifestacion-de-vox-en-bonavista\/"},"author":{"name":"Redacci\u00f3","@id":"https:\/\/radiociutat.com\/es\/#\/schema\/person\/04b6638f9d2a9ea77408db76c5d8f0b5"},"headline":"Vi\u00f1uales tilda de \u00abrid\u00edculo\u00bb la manifestaci\u00f3n de VOX en Bonavista","datePublished":"2026-03-19T08:39:22+00:00","mainEntityOfPage":{"@id":"https:\/\/radiociutat.com\/es\/ultimas-noticias\/cronicas\/vinuales-tilda-de-ridiculo-la-manifestacion-de-vox-en-bonavista\/"},"wordCount":257,"image":{"@id":"https:\/\/radiociutat.com\/es\/ultimas-noticias\/cronicas\/vinuales-tilda-de-ridiculo-la-manifestacion-de-vox-en-bonavista\/#primaryimage"},"thumbnailUrl":"https:\/\/files.radiociutat.com\/rctgn\/wp-content\/uploads\/2026\/03\/MANI-VOX-BONAVISTA-scaled-e1773909531892.jpg","keywords":["Actualitat","Info","not\u00edcies","Societat","Tarragona","TGN","VOX"],"articleSection":["Cr\u00f3nicas"],"inLanguage":"es"},{"@type":"WebPage","@id":"https:\/\/radiociutat.com\/es\/ultimas-noticias\/cronicas\/vinuales-tilda-de-ridiculo-la-manifestacion-de-vox-en-bonavista\/","url":"https:\/\/radiociutat.com\/es\/ultimas-noticias\/cronicas\/vinuales-tilda-de-ridiculo-la-manifestacion-de-vox-en-bonavista\/","name":"Vi\u00f1uales tilda de \"rid\u00edculo\" la manifestaci\u00f3n de VOX en Bonavista - R\u00e0dio Ciutat de Tarragona","isPartOf":{"@id":"https:\/\/radiociutat.com\/es\/#website"},"primaryImageOfPage":{"@id":"https:\/\/radiociutat.com\/es\/ultimas-noticias\/cronicas\/vinuales-tilda-de-ridiculo-la-manifestacion-de-vox-en-bonavista\/#primaryimage"},"image":{"@id":"https:\/\/radiociutat.com\/es\/ultimas-noticias\/cronicas\/vinuales-tilda-de-ridiculo-la-manifestacion-de-vox-en-bonavista\/#primaryimage"},"thumbnailUrl":"https:\/\/files.radiociutat.com\/rctgn\/wp-content\/uploads\/2026\/03\/MANI-VOX-BONAVISTA-scaled-e1773909531892.jpg","datePublished":"2026-03-19T08:39:22+00:00","author":{"@id":"https:\/\/radiociutat.com\/es\/#\/schema\/person\/04b6638f9d2a9ea77408db76c5d8f0b5"},"breadcrumb":{"@id":"https:\/\/radiociutat.com\/es\/ultimas-noticias\/cronicas\/vinuales-tilda-de-ridiculo-la-manifestacion-de-vox-en-bonavista\/#breadcrumb"},"inLanguage":"es","potentialAction":[{"@type":"ReadAction","target":["https:\/\/radiociutat.com\/es\/ultimas-noticias\/cronicas\/vinuales-tilda-de-ridiculo-la-manifestacion-de-vox-en-bonavista\/"]}]},{"@type":"ImageObject","inLanguage":"es","@id":"https:\/\/radiociutat.com\/es\/ultimas-noticias\/cronicas\/vinuales-tilda-de-ridiculo-la-manifestacion-de-vox-en-bonavista\/#primaryimage","url":"https:\/\/files.radiociutat.com\/rctgn\/wp-content\/uploads\/2026\/03\/MANI-VOX-BONAVISTA-scaled-e1773909531892.jpg","contentUrl":"https:\/\/files.radiociutat.com\/rctgn\/wp-content\/uploads\/2026\/03\/MANI-VOX-BONAVISTA-scaled-e1773909531892.jpg","width":2560,"height":1707,"caption":"Foto: Arnau Mart\u00ednez \/ Eloi Tost, ACN"},{"@type":"BreadcrumbList","@id":"https:\/\/radiociutat.com\/es\/ultimas-noticias\/cronicas\/vinuales-tilda-de-ridiculo-la-manifestacion-de-vox-en-bonavista\/#breadcrumb","itemListElement":[{"@type":"ListItem","position":1,"name":"Inici","item":"https:\/\/radiociutat.com\/es\/"},{"@type":"ListItem","position":2,"name":"Vi\u00f1uales tilda de &#8220;rid\u00edculo&#8221; la manifestaci\u00f3n de VOX en Bonavista"}]},{"@type":"WebSite","@id":"https:\/\/radiociutat.com\/es\/#website","url":"https:\/\/radiociutat.com\/es\/","name":"R\u00e0dio Ciutat de Tarragona","description":"R\u00e0dio Ciutat de Tarragona - RCTgn.cat R\u00e0dio Online","potentialAction":[{"@type":"SearchAction","target":{"@type":"EntryPoint","urlTemplate":"https:\/\/radiociutat.com\/es\/?s={search_term_string}"},"query-input":{"@type":"PropertyValueSpecification","valueRequired":true,"valueName":"search_term_string"}}],"inLanguage":"es"},{"@type":"Person","@id":"https:\/\/radiociutat.com\/es\/#\/schema\/person\/04b6638f9d2a9ea77408db76c5d8f0b5","name":"Redacci\u00f3","sameAs":["https:\/\/radiociutat.com\/wp-content\/uploads\/2023\/09\/LOGO-RCTGN-CUADRAT.png"],"url":"https:\/\/radiociutat.com\/es\/author\/jespinosa\/"}]}},"_links":{"self":[{"href":"https:\/\/radiociutat.com\/es\/wp-json\/wp\/v2\/posts\/370800","targetHints":{"allow":["GET"]}}],"collection":[{"href":"https:\/\/radiociutat.com\/es\/wp-json\/wp\/v2\/posts"}],"about":[{"href":"https:\/\/radiociutat.com\/es\/wp-json\/wp\/v2\/types\/post"}],"author":[{"embeddable":true,"href":"https:\/\/radiociutat.com\/es\/wp-json\/wp\/v2\/users\/1"}],"replies":[{"embeddable":true,"href":"https:\/\/radiociutat.com\/es\/wp-json\/wp\/v2\/comments?post=370800"}],"version-history":[{"count":0,"href":"https:\/\/radiociutat.com\/es\/wp-json\/wp\/v2\/posts\/370800\/revisions"}],"wp:featuredmedia":[{"embeddable":true,"href":"https:\/\/radiociutat.com\/es\/wp-json\/wp\/v2\/media\/370797"}],"wp:attachment":[{"href":"https:\/\/radiociutat.com\/es\/wp-json\/wp\/v2\/media?parent=370800"}],"wp:term":[{"taxonomy":"category","embeddable":true,"href":"https:\/\/radiociutat.com\/es\/wp-json\/wp\/v2\/categories?post=370800"},{"taxonomy":"post_tag","embeddable":true,"href":"https:\/\/radiociutat.com\/es\/wp-json\/wp\/v2\/tags?post=370800"}],"curies":[{"name":"wp","href":"https:\/\/api.w.org\/{rel}","templated":true}]}}