{"id":370743,"date":"2026-03-18T14:15:39","date_gmt":"2026-03-18T13:15:39","guid":{"rendered":"https:\/\/radiociutat.com\/programes-podcast\/nuevo-paso-adelante-del-area-metropolitana-se-impulsa-la-creacion-del-organo-ejecutivo-del-proyecto\/"},"modified":"2026-03-18T14:15:39","modified_gmt":"2026-03-18T13:15:39","slug":"nuevo-paso-adelante-del-area-metropolitana-se-impulsa-la-creacion-del-organo-ejecutivo-del-proyecto","status":"publish","type":"post","link":"https:\/\/radiociutat.com\/es\/ultimas-noticias\/cronicas\/nuevo-paso-adelante-del-area-metropolitana-se-impulsa-la-creacion-del-organo-ejecutivo-del-proyecto\/","title":{"rendered":"Nuevo paso adelante del \u00c1rea Metropolitana: se impulsa la creaci\u00f3n del \u00f3rgano ejecutivo del proyecto"},"content":{"rendered":"\n<p>La futura \u00c1rea Metropolitana del Camp de Tarragona contin\u00faa avanzando. La Asociaci\u00f3n para el Impulso Metropolitano ha dado un paso m\u00e1s para consolidar el proyecto con la adjudicaci\u00f3n de los trabajos para definir la formulaci\u00f3n jur\u00eddica de la Agencia para el Desarrollo y la Competitividad del Camp de Tarragona. Esta Agencia ser\u00e1 el \u00f3rgano ejecutivo del proyecto, con el objetivo de coordinar e impulsar iniciativas estrat\u00e9gicas en toda la regi\u00f3n.<\/p>\n\n\n\n<p>Esta iniciativa forma parte de un proceso m\u00e1s amplio que busca establecer un model organizativo s\u00f3lido para el territorio. Por un lado, ya se hab\u00eda adjudicado anteriormente la definici\u00f3n del contenido estrat\u00e9gico de la Agencia, y por otro lado, ahora se define el marco jur\u00eddico que permitir\u00e1 su creaci\u00f3n y operatividad.<\/p>\n\n\n\n<p>Los trabajos jur\u00eddicos han sido encargados a la C\u00e1tedra de Estudios Jur\u00eddicos Locales M\u00e0rius Viadel i Mart\u00edn de la Universitat Rovira i Virgili, bajo la direcci\u00f3n del Dr. Josep Ramon Fuentes i Gas\u00f3. Este equipo acad\u00e9mico de referencia aporta el rigor necesario para garantizar una formulaci\u00f3n jur\u00eddica s\u00f3lida para la futura Agencia.<\/p>\n\n\n\n<p>El objetivo principal de esta Agencia es potenciar el desarrollo econ\u00f3mico y territorial del Camp de Tarragona, con especial atenci\u00f3n a la captaci\u00f3n de inversiones y proyectos estrat\u00e9gicos. La creaci\u00f3n de este \u00f3rgano ejecutivo es un elemento clave para la cooperaci\u00f3n institucional, en \u00e1mbitos como la movilidad, la sostenibilidad y la proyecci\u00f3n econ\u00f3mica de la zona.<\/p>\n\n\n\n<p>Este proceso de trabajo tambi\u00e9n incluye la participaci\u00f3n activa de los ayuntamientos de la zona, con reuniones t\u00e9cnicas para garantizar un encaje institucional s\u00f3lido y compartido.<\/p>\n","protected":false},"excerpt":{"rendered":"<p>La futura \u00c1rea Metropolitana del Camp de Tarragona contin\u00faa avanzando. La Asociaci\u00f3n para el Impulso Metropolitano ha dado un paso m\u00e1s para consolidar el proyecto con la adjudicaci\u00f3n de los trabajos para definir la formulaci\u00f3n jur\u00eddica de la Agencia para el Desarrollo y la Competitividad del Camp de Tarragona. Esta Agencia ser\u00e1 el \u00f3rgano ejecutivo [&hellip;]<\/p>\n","protected":false},"author":1,"featured_media":223638,"comment_status":"closed","ping_status":"closed","sticky":false,"template":"","format":"standard","meta":{"footnotes":""},"categories":[14057,13688],"tags":[128,5720,88,260,129,19,218],"class_list":["post-370743","post","type-post","status-publish","format-standard","has-post-thumbnail","hentry","category-area-metropolitana-de-tarragona","category-cronicas","tag-actualitat","tag-area-metropolitana","tag-info","tag-noticies","tag-societat","tag-tarragona","tag-tgn"],"yoast_head":"<!-- This site is optimized with the Yoast SEO Premium plugin v27.4 (Yoast SEO v27.5) - https:\/\/yoast.com\/product\/yoast-seo-premium-wordpress\/ -->\n<title>Nuevo paso adelante del \u00c1rea Metropolitana: se impulsa la creaci\u00f3n del \u00f3rgano ejecutivo del proyecto - R\u00e0dio Ciutat de Tarragona<\/title>\n<meta name=\"robots\" content=\"index, follow, max-snippet:-1, max-image-preview:large, max-video-preview:-1\" \/>\n<link rel=\"canonical\" href=\"https:\/\/radiociutat.com\/es\/ultimas-noticias\/cronicas\/nuevo-paso-adelante-del-area-metropolitana-se-impulsa-la-creacion-del-organo-ejecutivo-del-proyecto\/\" \/>\n<meta property=\"og:locale\" content=\"es_ES\" \/>\n<meta property=\"og:type\" content=\"article\" \/>\n<meta property=\"og:title\" content=\"Nuevo paso adelante del \u00c1rea Metropolitana: se impulsa la creaci\u00f3n del \u00f3rgano ejecutivo del proyecto\" \/>\n<meta property=\"og:description\" content=\"La futura \u00c1rea Metropolitana del Camp de Tarragona contin\u00faa avanzando. La Asociaci\u00f3n para el Impulso Metropolitano ha dado un paso m\u00e1s para consolidar el proyecto con la adjudicaci\u00f3n de los trabajos para definir la formulaci\u00f3n jur\u00eddica de la Agencia para el Desarrollo y la Competitividad del Camp de Tarragona. Esta Agencia ser\u00e1 el \u00f3rgano ejecutivo [&hellip;]\" \/>\n<meta property=\"og:url\" content=\"https:\/\/radiociutat.com\/es\/ultimas-noticias\/cronicas\/nuevo-paso-adelante-del-area-metropolitana-se-impulsa-la-creacion-del-organo-ejecutivo-del-proyecto\/\" \/>\n<meta property=\"og:site_name\" content=\"R\u00e0dio Ciutat de Tarragona\" \/>\n<meta property=\"article:publisher\" content=\"https:\/\/www.facebook.com\/rctgn\" \/>\n<meta property=\"article:published_time\" content=\"2026-03-18T13:15:39+00:00\" \/>\n<meta property=\"og:image\" content=\"https:\/\/files.radiociutat.com\/rctgn\/wp-content\/uploads\/2025\/10\/Constitucio-area-metropolitana-7-alcaldes.jpeg\" \/>\n\t<meta property=\"og:image:width\" content=\"1600\" \/>\n\t<meta property=\"og:image:height\" content=\"1200\" \/>\n\t<meta property=\"og:image:type\" content=\"image\/jpeg\" \/>\n<meta name=\"author\" content=\"Redacci\u00f3\" \/>\n<meta name=\"twitter:card\" content=\"summary_large_image\" \/>\n<meta name=\"twitter:creator\" content=\"@RCTgn\" \/>\n<meta name=\"twitter:site\" content=\"@RCTgn\" \/>\n<meta name=\"twitter:label1\" content=\"Escrito por\" \/>\n\t<meta name=\"twitter:data1\" content=\"Redacci\u00f3\" \/>\n\t<meta name=\"twitter:label2\" content=\"Tiempo de lectura\" \/>\n\t<meta name=\"twitter:data2\" content=\"1 minuto\" \/>\n<script type=\"application\/ld+json\" class=\"yoast-schema-graph\">{\"@context\":\"https:\\\/\\\/schema.org\",\"@graph\":[{\"@type\":\"Article\",\"@id\":\"https:\\\/\\\/radiociutat.com\\\/es\\\/ultimas-noticias\\\/cronicas\\\/nuevo-paso-adelante-del-area-metropolitana-se-impulsa-la-creacion-del-organo-ejecutivo-del-proyecto\\\/#article\",\"isPartOf\":{\"@id\":\"https:\\\/\\\/radiociutat.com\\\/es\\\/ultimas-noticias\\\/cronicas\\\/nuevo-paso-adelante-del-area-metropolitana-se-impulsa-la-creacion-del-organo-ejecutivo-del-proyecto\\\/\"},\"author\":{\"name\":\"Redacci\u00f3\",\"@id\":\"https:\\\/\\\/radiociutat.com\\\/es\\\/#\\\/schema\\\/person\\\/04b6638f9d2a9ea77408db76c5d8f0b5\"},\"headline\":\"Nuevo paso adelante del \u00c1rea Metropolitana: se impulsa la creaci\u00f3n del \u00f3rgano ejecutivo del proyecto\",\"datePublished\":\"2026-03-18T13:15:39+00:00\",\"mainEntityOfPage\":{\"@id\":\"https:\\\/\\\/radiociutat.com\\\/es\\\/ultimas-noticias\\\/cronicas\\\/nuevo-paso-adelante-del-area-metropolitana-se-impulsa-la-creacion-del-organo-ejecutivo-del-proyecto\\\/\"},\"wordCount\":308,\"image\":{\"@id\":\"https:\\\/\\\/radiociutat.com\\\/es\\\/ultimas-noticias\\\/cronicas\\\/nuevo-paso-adelante-del-area-metropolitana-se-impulsa-la-creacion-del-organo-ejecutivo-del-proyecto\\\/#primaryimage\"},\"thumbnailUrl\":\"https:\\\/\\\/files.radiociutat.com\\\/rctgn\\\/wp-content\\\/uploads\\\/2025\\\/10\\\/Constitucio-area-metropolitana-7-alcaldes.jpeg\",\"keywords\":[\"Actualitat\",\"\u00c0rea metropolitana\",\"Info\",\"not\u00edcies\",\"Societat\",\"Tarragona\",\"TGN\"],\"articleSection\":[\"\u00c1rea Metropolitana de Tarragona\",\"Cr\u00f3nicas\"],\"inLanguage\":\"es\"},{\"@type\":\"WebPage\",\"@id\":\"https:\\\/\\\/radiociutat.com\\\/es\\\/ultimas-noticias\\\/cronicas\\\/nuevo-paso-adelante-del-area-metropolitana-se-impulsa-la-creacion-del-organo-ejecutivo-del-proyecto\\\/\",\"url\":\"https:\\\/\\\/radiociutat.com\\\/es\\\/ultimas-noticias\\\/cronicas\\\/nuevo-paso-adelante-del-area-metropolitana-se-impulsa-la-creacion-del-organo-ejecutivo-del-proyecto\\\/\",\"name\":\"Nuevo paso adelante del \u00c1rea Metropolitana: se impulsa la creaci\u00f3n del \u00f3rgano ejecutivo del proyecto - R\u00e0dio Ciutat de Tarragona\",\"isPartOf\":{\"@id\":\"https:\\\/\\\/radiociutat.com\\\/es\\\/#website\"},\"primaryImageOfPage\":{\"@id\":\"https:\\\/\\\/radiociutat.com\\\/es\\\/ultimas-noticias\\\/cronicas\\\/nuevo-paso-adelante-del-area-metropolitana-se-impulsa-la-creacion-del-organo-ejecutivo-del-proyecto\\\/#primaryimage\"},\"image\":{\"@id\":\"https:\\\/\\\/radiociutat.com\\\/es\\\/ultimas-noticias\\\/cronicas\\\/nuevo-paso-adelante-del-area-metropolitana-se-impulsa-la-creacion-del-organo-ejecutivo-del-proyecto\\\/#primaryimage\"},\"thumbnailUrl\":\"https:\\\/\\\/files.radiociutat.com\\\/rctgn\\\/wp-content\\\/uploads\\\/2025\\\/10\\\/Constitucio-area-metropolitana-7-alcaldes.jpeg\",\"datePublished\":\"2026-03-18T13:15:39+00:00\",\"author\":{\"@id\":\"https:\\\/\\\/radiociutat.com\\\/es\\\/#\\\/schema\\\/person\\\/04b6638f9d2a9ea77408db76c5d8f0b5\"},\"breadcrumb\":{\"@id\":\"https:\\\/\\\/radiociutat.com\\\/es\\\/ultimas-noticias\\\/cronicas\\\/nuevo-paso-adelante-del-area-metropolitana-se-impulsa-la-creacion-del-organo-ejecutivo-del-proyecto\\\/#breadcrumb\"},\"inLanguage\":\"es\",\"potentialAction\":[{\"@type\":\"ReadAction\",\"target\":[\"https:\\\/\\\/radiociutat.com\\\/es\\\/ultimas-noticias\\\/cronicas\\\/nuevo-paso-adelante-del-area-metropolitana-se-impulsa-la-creacion-del-organo-ejecutivo-del-proyecto\\\/\"]}]},{\"@type\":\"ImageObject\",\"inLanguage\":\"es\",\"@id\":\"https:\\\/\\\/radiociutat.com\\\/es\\\/ultimas-noticias\\\/cronicas\\\/nuevo-paso-adelante-del-area-metropolitana-se-impulsa-la-creacion-del-organo-ejecutivo-del-proyecto\\\/#primaryimage\",\"url\":\"https:\\\/\\\/files.radiociutat.com\\\/rctgn\\\/wp-content\\\/uploads\\\/2025\\\/10\\\/Constitucio-area-metropolitana-7-alcaldes.jpeg\",\"contentUrl\":\"https:\\\/\\\/files.radiociutat.com\\\/rctgn\\\/wp-content\\\/uploads\\\/2025\\\/10\\\/Constitucio-area-metropolitana-7-alcaldes.jpeg\",\"width\":1600,\"height\":1200},{\"@type\":\"BreadcrumbList\",\"@id\":\"https:\\\/\\\/radiociutat.com\\\/es\\\/ultimas-noticias\\\/cronicas\\\/nuevo-paso-adelante-del-area-metropolitana-se-impulsa-la-creacion-del-organo-ejecutivo-del-proyecto\\\/#breadcrumb\",\"itemListElement\":[{\"@type\":\"ListItem\",\"position\":1,\"name\":\"Inici\",\"item\":\"https:\\\/\\\/radiociutat.com\\\/es\\\/\"},{\"@type\":\"ListItem\",\"position\":2,\"name\":\"Nuevo paso adelante del \u00c1rea Metropolitana: se impulsa la creaci\u00f3n del \u00f3rgano ejecutivo del proyecto\"}]},{\"@type\":\"WebSite\",\"@id\":\"https:\\\/\\\/radiociutat.com\\\/es\\\/#website\",\"url\":\"https:\\\/\\\/radiociutat.com\\\/es\\\/\",\"name\":\"R\u00e0dio Ciutat de Tarragona\",\"description\":\"R\u00e0dio Ciutat de Tarragona - RCTgn.cat R\u00e0dio Online\",\"potentialAction\":[{\"@type\":\"SearchAction\",\"target\":{\"@type\":\"EntryPoint\",\"urlTemplate\":\"https:\\\/\\\/radiociutat.com\\\/es\\\/?s={search_term_string}\"},\"query-input\":{\"@type\":\"PropertyValueSpecification\",\"valueRequired\":true,\"valueName\":\"search_term_string\"}}],\"inLanguage\":\"es\"},{\"@type\":\"Person\",\"@id\":\"https:\\\/\\\/radiociutat.com\\\/es\\\/#\\\/schema\\\/person\\\/04b6638f9d2a9ea77408db76c5d8f0b5\",\"name\":\"Redacci\u00f3\",\"sameAs\":[\"https:\\\/\\\/radiociutat.com\\\/wp-content\\\/uploads\\\/2023\\\/09\\\/LOGO-RCTGN-CUADRAT.png\"],\"url\":\"https:\\\/\\\/radiociutat.com\\\/es\\\/author\\\/jespinosa\\\/\"}]}<\/script>\n<!-- \/ Yoast SEO Premium plugin. -->","yoast_head_json":{"title":"Nuevo paso adelante del \u00c1rea Metropolitana: se impulsa la creaci\u00f3n del \u00f3rgano ejecutivo del proyecto - R\u00e0dio Ciutat de Tarragona","robots":{"index":"index","follow":"follow","max-snippet":"max-snippet:-1","max-image-preview":"max-image-preview:large","max-video-preview":"max-video-preview:-1"},"canonical":"https:\/\/radiociutat.com\/es\/ultimas-noticias\/cronicas\/nuevo-paso-adelante-del-area-metropolitana-se-impulsa-la-creacion-del-organo-ejecutivo-del-proyecto\/","og_locale":"es_ES","og_type":"article","og_title":"Nuevo paso adelante del \u00c1rea Metropolitana: se impulsa la creaci\u00f3n del \u00f3rgano ejecutivo del proyecto","og_description":"La futura \u00c1rea Metropolitana del Camp de Tarragona contin\u00faa avanzando. La Asociaci\u00f3n para el Impulso Metropolitano ha dado un paso m\u00e1s para consolidar el proyecto con la adjudicaci\u00f3n de los trabajos para definir la formulaci\u00f3n jur\u00eddica de la Agencia para el Desarrollo y la Competitividad del Camp de Tarragona. Esta Agencia ser\u00e1 el \u00f3rgano ejecutivo [&hellip;]","og_url":"https:\/\/radiociutat.com\/es\/ultimas-noticias\/cronicas\/nuevo-paso-adelante-del-area-metropolitana-se-impulsa-la-creacion-del-organo-ejecutivo-del-proyecto\/","og_site_name":"R\u00e0dio Ciutat de Tarragona","article_publisher":"https:\/\/www.facebook.com\/rctgn","article_published_time":"2026-03-18T13:15:39+00:00","og_image":[{"width":1600,"height":1200,"url":"https:\/\/files.radiociutat.com\/rctgn\/wp-content\/uploads\/2025\/10\/Constitucio-area-metropolitana-7-alcaldes.jpeg","type":"image\/jpeg"}],"author":"Redacci\u00f3","twitter_card":"summary_large_image","twitter_creator":"@RCTgn","twitter_site":"@RCTgn","twitter_misc":{"Escrito por":"Redacci\u00f3","Tiempo de lectura":"1 minuto"},"schema":{"@context":"https:\/\/schema.org","@graph":[{"@type":"Article","@id":"https:\/\/radiociutat.com\/es\/ultimas-noticias\/cronicas\/nuevo-paso-adelante-del-area-metropolitana-se-impulsa-la-creacion-del-organo-ejecutivo-del-proyecto\/#article","isPartOf":{"@id":"https:\/\/radiociutat.com\/es\/ultimas-noticias\/cronicas\/nuevo-paso-adelante-del-area-metropolitana-se-impulsa-la-creacion-del-organo-ejecutivo-del-proyecto\/"},"author":{"name":"Redacci\u00f3","@id":"https:\/\/radiociutat.com\/es\/#\/schema\/person\/04b6638f9d2a9ea77408db76c5d8f0b5"},"headline":"Nuevo paso adelante del \u00c1rea Metropolitana: se impulsa la creaci\u00f3n del \u00f3rgano ejecutivo del proyecto","datePublished":"2026-03-18T13:15:39+00:00","mainEntityOfPage":{"@id":"https:\/\/radiociutat.com\/es\/ultimas-noticias\/cronicas\/nuevo-paso-adelante-del-area-metropolitana-se-impulsa-la-creacion-del-organo-ejecutivo-del-proyecto\/"},"wordCount":308,"image":{"@id":"https:\/\/radiociutat.com\/es\/ultimas-noticias\/cronicas\/nuevo-paso-adelante-del-area-metropolitana-se-impulsa-la-creacion-del-organo-ejecutivo-del-proyecto\/#primaryimage"},"thumbnailUrl":"https:\/\/files.radiociutat.com\/rctgn\/wp-content\/uploads\/2025\/10\/Constitucio-area-metropolitana-7-alcaldes.jpeg","keywords":["Actualitat","\u00c0rea metropolitana","Info","not\u00edcies","Societat","Tarragona","TGN"],"articleSection":["\u00c1rea Metropolitana de Tarragona","Cr\u00f3nicas"],"inLanguage":"es"},{"@type":"WebPage","@id":"https:\/\/radiociutat.com\/es\/ultimas-noticias\/cronicas\/nuevo-paso-adelante-del-area-metropolitana-se-impulsa-la-creacion-del-organo-ejecutivo-del-proyecto\/","url":"https:\/\/radiociutat.com\/es\/ultimas-noticias\/cronicas\/nuevo-paso-adelante-del-area-metropolitana-se-impulsa-la-creacion-del-organo-ejecutivo-del-proyecto\/","name":"Nuevo paso adelante del \u00c1rea Metropolitana: se impulsa la creaci\u00f3n del \u00f3rgano ejecutivo del proyecto - R\u00e0dio Ciutat de Tarragona","isPartOf":{"@id":"https:\/\/radiociutat.com\/es\/#website"},"primaryImageOfPage":{"@id":"https:\/\/radiociutat.com\/es\/ultimas-noticias\/cronicas\/nuevo-paso-adelante-del-area-metropolitana-se-impulsa-la-creacion-del-organo-ejecutivo-del-proyecto\/#primaryimage"},"image":{"@id":"https:\/\/radiociutat.com\/es\/ultimas-noticias\/cronicas\/nuevo-paso-adelante-del-area-metropolitana-se-impulsa-la-creacion-del-organo-ejecutivo-del-proyecto\/#primaryimage"},"thumbnailUrl":"https:\/\/files.radiociutat.com\/rctgn\/wp-content\/uploads\/2025\/10\/Constitucio-area-metropolitana-7-alcaldes.jpeg","datePublished":"2026-03-18T13:15:39+00:00","author":{"@id":"https:\/\/radiociutat.com\/es\/#\/schema\/person\/04b6638f9d2a9ea77408db76c5d8f0b5"},"breadcrumb":{"@id":"https:\/\/radiociutat.com\/es\/ultimas-noticias\/cronicas\/nuevo-paso-adelante-del-area-metropolitana-se-impulsa-la-creacion-del-organo-ejecutivo-del-proyecto\/#breadcrumb"},"inLanguage":"es","potentialAction":[{"@type":"ReadAction","target":["https:\/\/radiociutat.com\/es\/ultimas-noticias\/cronicas\/nuevo-paso-adelante-del-area-metropolitana-se-impulsa-la-creacion-del-organo-ejecutivo-del-proyecto\/"]}]},{"@type":"ImageObject","inLanguage":"es","@id":"https:\/\/radiociutat.com\/es\/ultimas-noticias\/cronicas\/nuevo-paso-adelante-del-area-metropolitana-se-impulsa-la-creacion-del-organo-ejecutivo-del-proyecto\/#primaryimage","url":"https:\/\/files.radiociutat.com\/rctgn\/wp-content\/uploads\/2025\/10\/Constitucio-area-metropolitana-7-alcaldes.jpeg","contentUrl":"https:\/\/files.radiociutat.com\/rctgn\/wp-content\/uploads\/2025\/10\/Constitucio-area-metropolitana-7-alcaldes.jpeg","width":1600,"height":1200},{"@type":"BreadcrumbList","@id":"https:\/\/radiociutat.com\/es\/ultimas-noticias\/cronicas\/nuevo-paso-adelante-del-area-metropolitana-se-impulsa-la-creacion-del-organo-ejecutivo-del-proyecto\/#breadcrumb","itemListElement":[{"@type":"ListItem","position":1,"name":"Inici","item":"https:\/\/radiociutat.com\/es\/"},{"@type":"ListItem","position":2,"name":"Nuevo paso adelante del \u00c1rea Metropolitana: se impulsa la creaci\u00f3n del \u00f3rgano ejecutivo del proyecto"}]},{"@type":"WebSite","@id":"https:\/\/radiociutat.com\/es\/#website","url":"https:\/\/radiociutat.com\/es\/","name":"R\u00e0dio Ciutat de Tarragona","description":"R\u00e0dio Ciutat de Tarragona - RCTgn.cat R\u00e0dio Online","potentialAction":[{"@type":"SearchAction","target":{"@type":"EntryPoint","urlTemplate":"https:\/\/radiociutat.com\/es\/?s={search_term_string}"},"query-input":{"@type":"PropertyValueSpecification","valueRequired":true,"valueName":"search_term_string"}}],"inLanguage":"es"},{"@type":"Person","@id":"https:\/\/radiociutat.com\/es\/#\/schema\/person\/04b6638f9d2a9ea77408db76c5d8f0b5","name":"Redacci\u00f3","sameAs":["https:\/\/radiociutat.com\/wp-content\/uploads\/2023\/09\/LOGO-RCTGN-CUADRAT.png"],"url":"https:\/\/radiociutat.com\/es\/author\/jespinosa\/"}]}},"_links":{"self":[{"href":"https:\/\/radiociutat.com\/es\/wp-json\/wp\/v2\/posts\/370743","targetHints":{"allow":["GET"]}}],"collection":[{"href":"https:\/\/radiociutat.com\/es\/wp-json\/wp\/v2\/posts"}],"about":[{"href":"https:\/\/radiociutat.com\/es\/wp-json\/wp\/v2\/types\/post"}],"author":[{"embeddable":true,"href":"https:\/\/radiociutat.com\/es\/wp-json\/wp\/v2\/users\/1"}],"replies":[{"embeddable":true,"href":"https:\/\/radiociutat.com\/es\/wp-json\/wp\/v2\/comments?post=370743"}],"version-history":[{"count":0,"href":"https:\/\/radiociutat.com\/es\/wp-json\/wp\/v2\/posts\/370743\/revisions"}],"wp:featuredmedia":[{"embeddable":true,"href":"https:\/\/radiociutat.com\/es\/wp-json\/wp\/v2\/media\/223638"}],"wp:attachment":[{"href":"https:\/\/radiociutat.com\/es\/wp-json\/wp\/v2\/media?parent=370743"}],"wp:term":[{"taxonomy":"category","embeddable":true,"href":"https:\/\/radiociutat.com\/es\/wp-json\/wp\/v2\/categories?post=370743"},{"taxonomy":"post_tag","embeddable":true,"href":"https:\/\/radiociutat.com\/es\/wp-json\/wp\/v2\/tags?post=370743"}],"curies":[{"name":"wp","href":"https:\/\/api.w.org\/{rel}","templated":true}]}}