{"id":370560,"date":"2026-03-18T09:35:57","date_gmt":"2026-03-18T08:35:57","guid":{"rendered":"https:\/\/radiociutat.com\/programes-podcast\/unio-de-pagesos-alerta-de-un-bloqueo-de-las-exportaciones-de-forrajes-por-la-guerra-en-oriente-medio\/"},"modified":"2026-03-18T09:35:57","modified_gmt":"2026-03-18T08:35:57","slug":"unio-de-pagesos-alerta-de-un-bloqueo-de-las-exportaciones-de-forrajes-por-la-guerra-en-oriente-medio","status":"publish","type":"post","link":"https:\/\/radiociutat.com\/es\/ultimas-noticias\/cronicas\/unio-de-pagesos-alerta-de-un-bloqueo-de-las-exportaciones-de-forrajes-por-la-guerra-en-oriente-medio\/","title":{"rendered":"Uni\u00f3 de Pagesos alerta de un bloqueo de las exportaciones de forrajes por la guerra en Oriente Medio"},"content":{"rendered":"\n<p>Uni\u00f3 de Pagesos alerta de que las exportaciones de forrajes deshidratados producidos en Catalu\u00f1a est\u00e1n bloqueadas por las restricciones al transporte mar\u00edtimo internacional en puntos estrat\u00e9gicos como el estrecho de Ormuz a ra\u00edz de la guerra en Oriente Medio. En un comunicado, la organizaci\u00f3n destaca que el forraje de esta campa\u00f1a ya estaba vendido y embarcado cuando estall\u00f3 el conflicto, y que hay cargamentos que ya est\u00e1n en el mar con destino a puertos de los Emiratos \u00c1rabes Unidos y de otros pa\u00edses del Golfo P\u00e9rsico. Seg\u00fan el sindicato, los productores viven con la incertidumbre de no saber cu\u00e1l ser\u00e1 el recorrido final de estos barcos, si podr\u00e1n llegar a su destino o si habr\u00e1 que desviarlos, ni tampoco cu\u00e1ndo se podr\u00e1 completar la entrega de las mercanc\u00edas.<\/p>\n\n\n\n<p>Adem\u00e1s, a\u00f1ade la organizaci\u00f3n agraria, cerca de un 7% del volumen anual de forrajes de exportaci\u00f3n catalanes sigue pendiente de embarcar rumbo a los pa\u00edses compradores. Si el conflicto se alarga, esta producci\u00f3n podr\u00eda tener que quedarse en el mercado nacional o tendr\u00eda que buscar rutas alternativas, lo que har\u00eda que se tuviera que vender a un precio inferior al previsto, alerta el sindicato.&nbsp;<\/p>\n\n\n\n<p>Por todo ello, Uni\u00f3 de Pagesos reclama a las administraciones que habiliten herramientas para hacer frente a crisis derivadas de la inestabilidad internacional y las perturbaciones de los mercados, en la l\u00ednea de las medidas urgentes que ya reclam\u00f3 el pasado viernes para compensar el aumento de los costes de producci\u00f3n, sobre todo por el encarecimiento del gas\u00f3leo agr\u00edcola y los fertilizantes.<\/p>\n\n\n\n<h2 class=\"wp-block-heading\" id=\"h-preocupacio-pel-futur-immediat\"><strong>Preocupaci\u00f3n por el futuro inmediato<\/strong><\/h2>\n\n\n\n<p>M\u00e1s all\u00e1 de la situaci\u00f3n actual, Uni\u00f3 de Pagesos centra su preocupaci\u00f3n en la pr\u00f3xima campa\u00f1a. \u00abSi el conflicto se prolonga y las rutas comerciales siguen cerradas, el sector exportador podr\u00eda quedar muy tocado, ya que la exportaci\u00f3n es una salida esencial para el forraje local y permite equilibrar el mercado y mantener la rentabilidad de muchas explotaciones y plantas deshidratadoras\u00bb, asegura.<\/p>\n\n\n\n<p>Y es que una interrupci\u00f3n prolongada de los flujos comerciales, a\u00f1ade la organizaci\u00f3n, podr\u00eda provocar una acumulaci\u00f3n de stock y nuevas presiones a la baja sobre el precio del producto. El sindicato recuerda que, este a\u00f1o, el sector ven\u00eda de un periodo de precios bajos y que la exportaci\u00f3n se hab\u00eda erigido en una de las v\u00edas para recuperar una parte de la viabilidad econ\u00f3mica perdida.<\/p>\n","protected":false},"excerpt":{"rendered":"<p>Uni\u00f3 de Pagesos alerta de que las exportaciones de forrajes deshidratados producidos en Catalu\u00f1a est\u00e1n bloqueadas por las restricciones al transporte mar\u00edtimo internacional en puntos estrat\u00e9gicos como el estrecho de Ormuz a ra\u00edz de la guerra en Oriente Medio. En un comunicado, la organizaci\u00f3n destaca que el forraje de esta campa\u00f1a ya estaba vendido y [&hellip;]<\/p>\n","protected":false},"author":57,"featured_media":370553,"comment_status":"closed","ping_status":"closed","sticky":false,"template":"","format":"standard","meta":{"footnotes":""},"categories":[13688],"tags":[19,14092],"class_list":["post-370560","post","type-post","status-publish","format-standard","has-post-thumbnail","hentry","category-cronicas","tag-tarragona","tag-unio-de-pagesos"],"yoast_head":"<!-- This site is optimized with the Yoast SEO Premium plugin v27.4 (Yoast SEO v27.5) - https:\/\/yoast.com\/product\/yoast-seo-premium-wordpress\/ -->\n<title>Uni\u00f3 de Pagesos alerta de un bloqueo de las exportaciones de forrajes por la guerra en Oriente Medio - R\u00e0dio Ciutat de Tarragona<\/title>\n<meta name=\"robots\" content=\"index, follow, max-snippet:-1, max-image-preview:large, max-video-preview:-1\" \/>\n<link rel=\"canonical\" href=\"https:\/\/radiociutat.com\/es\/ultimas-noticias\/cronicas\/unio-de-pagesos-alerta-de-un-bloqueo-de-las-exportaciones-de-forrajes-por-la-guerra-en-oriente-medio\/\" \/>\n<meta property=\"og:locale\" content=\"es_ES\" \/>\n<meta property=\"og:type\" content=\"article\" \/>\n<meta property=\"og:title\" content=\"Uni\u00f3 de Pagesos alerta de un bloqueo de las exportaciones de forrajes por la guerra en Oriente Medio\" \/>\n<meta property=\"og:description\" content=\"Uni\u00f3 de Pagesos alerta de que las exportaciones de forrajes deshidratados producidos en Catalu\u00f1a est\u00e1n bloqueadas por las restricciones al transporte mar\u00edtimo internacional en puntos estrat\u00e9gicos como el estrecho de Ormuz a ra\u00edz de la guerra en Oriente Medio. En un comunicado, la organizaci\u00f3n destaca que el forraje de esta campa\u00f1a ya estaba vendido y [&hellip;]\" \/>\n<meta property=\"og:url\" content=\"https:\/\/radiociutat.com\/es\/ultimas-noticias\/cronicas\/unio-de-pagesos-alerta-de-un-bloqueo-de-las-exportaciones-de-forrajes-por-la-guerra-en-oriente-medio\/\" \/>\n<meta property=\"og:site_name\" content=\"R\u00e0dio Ciutat de Tarragona\" \/>\n<meta property=\"article:publisher\" content=\"https:\/\/www.facebook.com\/rctgn\" \/>\n<meta property=\"article:published_time\" content=\"2026-03-18T08:35:57+00:00\" \/>\n<meta property=\"og:image\" content=\"https:\/\/files.radiociutat.com\/rctgn\/wp-content\/uploads\/2026\/03\/Farratges-scaled.jpg\" \/>\n\t<meta property=\"og:image:width\" content=\"2560\" \/>\n\t<meta property=\"og:image:height\" content=\"1706\" \/>\n\t<meta property=\"og:image:type\" content=\"image\/jpeg\" \/>\n<meta name=\"author\" content=\"ACN\" \/>\n<meta name=\"twitter:card\" content=\"summary_large_image\" \/>\n<meta name=\"twitter:creator\" content=\"@RCTgn\" \/>\n<meta name=\"twitter:site\" content=\"@RCTgn\" \/>\n<meta name=\"twitter:label1\" content=\"Escrito por\" \/>\n\t<meta name=\"twitter:data1\" content=\"ACN\" \/>\n\t<meta name=\"twitter:label2\" content=\"Tiempo de lectura\" \/>\n\t<meta name=\"twitter:data2\" content=\"2 minutos\" \/>\n<script type=\"application\/ld+json\" class=\"yoast-schema-graph\">{\"@context\":\"https:\\\/\\\/schema.org\",\"@graph\":[{\"@type\":\"Article\",\"@id\":\"https:\\\/\\\/radiociutat.com\\\/es\\\/ultimas-noticias\\\/cronicas\\\/unio-de-pagesos-alerta-de-un-bloqueo-de-las-exportaciones-de-forrajes-por-la-guerra-en-oriente-medio\\\/#article\",\"isPartOf\":{\"@id\":\"https:\\\/\\\/radiociutat.com\\\/es\\\/ultimas-noticias\\\/cronicas\\\/unio-de-pagesos-alerta-de-un-bloqueo-de-las-exportaciones-de-forrajes-por-la-guerra-en-oriente-medio\\\/\"},\"author\":{\"name\":\"ACN\",\"@id\":\"https:\\\/\\\/radiociutat.com\\\/es\\\/#\\\/schema\\\/person\\\/ea8722499f2255e1477bd2975629dc71\"},\"headline\":\"Uni\u00f3 de Pagesos alerta de un bloqueo de las exportaciones de forrajes por la guerra en Oriente Medio\",\"datePublished\":\"2026-03-18T08:35:57+00:00\",\"mainEntityOfPage\":{\"@id\":\"https:\\\/\\\/radiociutat.com\\\/es\\\/ultimas-noticias\\\/cronicas\\\/unio-de-pagesos-alerta-de-un-bloqueo-de-las-exportaciones-de-forrajes-por-la-guerra-en-oriente-medio\\\/\"},\"wordCount\":452,\"image\":{\"@id\":\"https:\\\/\\\/radiociutat.com\\\/es\\\/ultimas-noticias\\\/cronicas\\\/unio-de-pagesos-alerta-de-un-bloqueo-de-las-exportaciones-de-forrajes-por-la-guerra-en-oriente-medio\\\/#primaryimage\"},\"thumbnailUrl\":\"https:\\\/\\\/files.radiociutat.com\\\/rctgn\\\/wp-content\\\/uploads\\\/2026\\\/03\\\/Farratges-scaled.jpg\",\"keywords\":[\"Tarragona\",\"Uni\u00f3 de Pagesos\"],\"articleSection\":[\"Cr\u00f3nicas\"],\"inLanguage\":\"es\"},{\"@type\":\"WebPage\",\"@id\":\"https:\\\/\\\/radiociutat.com\\\/es\\\/ultimas-noticias\\\/cronicas\\\/unio-de-pagesos-alerta-de-un-bloqueo-de-las-exportaciones-de-forrajes-por-la-guerra-en-oriente-medio\\\/\",\"url\":\"https:\\\/\\\/radiociutat.com\\\/es\\\/ultimas-noticias\\\/cronicas\\\/unio-de-pagesos-alerta-de-un-bloqueo-de-las-exportaciones-de-forrajes-por-la-guerra-en-oriente-medio\\\/\",\"name\":\"Uni\u00f3 de Pagesos alerta de un bloqueo de las exportaciones de forrajes por la guerra en Oriente Medio - R\u00e0dio Ciutat de Tarragona\",\"isPartOf\":{\"@id\":\"https:\\\/\\\/radiociutat.com\\\/es\\\/#website\"},\"primaryImageOfPage\":{\"@id\":\"https:\\\/\\\/radiociutat.com\\\/es\\\/ultimas-noticias\\\/cronicas\\\/unio-de-pagesos-alerta-de-un-bloqueo-de-las-exportaciones-de-forrajes-por-la-guerra-en-oriente-medio\\\/#primaryimage\"},\"image\":{\"@id\":\"https:\\\/\\\/radiociutat.com\\\/es\\\/ultimas-noticias\\\/cronicas\\\/unio-de-pagesos-alerta-de-un-bloqueo-de-las-exportaciones-de-forrajes-por-la-guerra-en-oriente-medio\\\/#primaryimage\"},\"thumbnailUrl\":\"https:\\\/\\\/files.radiociutat.com\\\/rctgn\\\/wp-content\\\/uploads\\\/2026\\\/03\\\/Farratges-scaled.jpg\",\"datePublished\":\"2026-03-18T08:35:57+00:00\",\"author\":{\"@id\":\"https:\\\/\\\/radiociutat.com\\\/es\\\/#\\\/schema\\\/person\\\/ea8722499f2255e1477bd2975629dc71\"},\"breadcrumb\":{\"@id\":\"https:\\\/\\\/radiociutat.com\\\/es\\\/ultimas-noticias\\\/cronicas\\\/unio-de-pagesos-alerta-de-un-bloqueo-de-las-exportaciones-de-forrajes-por-la-guerra-en-oriente-medio\\\/#breadcrumb\"},\"inLanguage\":\"es\",\"potentialAction\":[{\"@type\":\"ReadAction\",\"target\":[\"https:\\\/\\\/radiociutat.com\\\/es\\\/ultimas-noticias\\\/cronicas\\\/unio-de-pagesos-alerta-de-un-bloqueo-de-las-exportaciones-de-forrajes-por-la-guerra-en-oriente-medio\\\/\"]}]},{\"@type\":\"ImageObject\",\"inLanguage\":\"es\",\"@id\":\"https:\\\/\\\/radiociutat.com\\\/es\\\/ultimas-noticias\\\/cronicas\\\/unio-de-pagesos-alerta-de-un-bloqueo-de-las-exportaciones-de-forrajes-por-la-guerra-en-oriente-medio\\\/#primaryimage\",\"url\":\"https:\\\/\\\/files.radiociutat.com\\\/rctgn\\\/wp-content\\\/uploads\\\/2026\\\/03\\\/Farratges-scaled.jpg\",\"contentUrl\":\"https:\\\/\\\/files.radiociutat.com\\\/rctgn\\\/wp-content\\\/uploads\\\/2026\\\/03\\\/Farratges-scaled.jpg\",\"width\":2560,\"height\":1706},{\"@type\":\"BreadcrumbList\",\"@id\":\"https:\\\/\\\/radiociutat.com\\\/es\\\/ultimas-noticias\\\/cronicas\\\/unio-de-pagesos-alerta-de-un-bloqueo-de-las-exportaciones-de-forrajes-por-la-guerra-en-oriente-medio\\\/#breadcrumb\",\"itemListElement\":[{\"@type\":\"ListItem\",\"position\":1,\"name\":\"Inici\",\"item\":\"https:\\\/\\\/radiociutat.com\\\/es\\\/\"},{\"@type\":\"ListItem\",\"position\":2,\"name\":\"Uni\u00f3 de Pagesos alerta de un bloqueo de las exportaciones de forrajes por la guerra en Oriente Medio\"}]},{\"@type\":\"WebSite\",\"@id\":\"https:\\\/\\\/radiociutat.com\\\/es\\\/#website\",\"url\":\"https:\\\/\\\/radiociutat.com\\\/es\\\/\",\"name\":\"R\u00e0dio Ciutat de Tarragona\",\"description\":\"R\u00e0dio Ciutat de Tarragona - RCTgn.cat R\u00e0dio Online\",\"potentialAction\":[{\"@type\":\"SearchAction\",\"target\":{\"@type\":\"EntryPoint\",\"urlTemplate\":\"https:\\\/\\\/radiociutat.com\\\/es\\\/?s={search_term_string}\"},\"query-input\":{\"@type\":\"PropertyValueSpecification\",\"valueRequired\":true,\"valueName\":\"search_term_string\"}}],\"inLanguage\":\"es\"},{\"@type\":\"Person\",\"@id\":\"https:\\\/\\\/radiociutat.com\\\/es\\\/#\\\/schema\\\/person\\\/ea8722499f2255e1477bd2975629dc71\",\"name\":\"ACN\",\"sameAs\":[\"https:\\\/\\\/radiociutat.com\\\/wp-content\\\/uploads\\\/2023\\\/09\\\/acn-e1694789176650.png\"],\"url\":\"https:\\\/\\\/radiociutat.com\\\/es\\\/author\\\/acn\\\/\"}]}<\/script>\n<!-- \/ Yoast SEO Premium plugin. -->","yoast_head_json":{"title":"Uni\u00f3 de Pagesos alerta de un bloqueo de las exportaciones de forrajes por la guerra en Oriente Medio - R\u00e0dio Ciutat de Tarragona","robots":{"index":"index","follow":"follow","max-snippet":"max-snippet:-1","max-image-preview":"max-image-preview:large","max-video-preview":"max-video-preview:-1"},"canonical":"https:\/\/radiociutat.com\/es\/ultimas-noticias\/cronicas\/unio-de-pagesos-alerta-de-un-bloqueo-de-las-exportaciones-de-forrajes-por-la-guerra-en-oriente-medio\/","og_locale":"es_ES","og_type":"article","og_title":"Uni\u00f3 de Pagesos alerta de un bloqueo de las exportaciones de forrajes por la guerra en Oriente Medio","og_description":"Uni\u00f3 de Pagesos alerta de que las exportaciones de forrajes deshidratados producidos en Catalu\u00f1a est\u00e1n bloqueadas por las restricciones al transporte mar\u00edtimo internacional en puntos estrat\u00e9gicos como el estrecho de Ormuz a ra\u00edz de la guerra en Oriente Medio. En un comunicado, la organizaci\u00f3n destaca que el forraje de esta campa\u00f1a ya estaba vendido y [&hellip;]","og_url":"https:\/\/radiociutat.com\/es\/ultimas-noticias\/cronicas\/unio-de-pagesos-alerta-de-un-bloqueo-de-las-exportaciones-de-forrajes-por-la-guerra-en-oriente-medio\/","og_site_name":"R\u00e0dio Ciutat de Tarragona","article_publisher":"https:\/\/www.facebook.com\/rctgn","article_published_time":"2026-03-18T08:35:57+00:00","og_image":[{"width":2560,"height":1706,"url":"https:\/\/files.radiociutat.com\/rctgn\/wp-content\/uploads\/2026\/03\/Farratges-scaled.jpg","type":"image\/jpeg"}],"author":"ACN","twitter_card":"summary_large_image","twitter_creator":"@RCTgn","twitter_site":"@RCTgn","twitter_misc":{"Escrito por":"ACN","Tiempo de lectura":"2 minutos"},"schema":{"@context":"https:\/\/schema.org","@graph":[{"@type":"Article","@id":"https:\/\/radiociutat.com\/es\/ultimas-noticias\/cronicas\/unio-de-pagesos-alerta-de-un-bloqueo-de-las-exportaciones-de-forrajes-por-la-guerra-en-oriente-medio\/#article","isPartOf":{"@id":"https:\/\/radiociutat.com\/es\/ultimas-noticias\/cronicas\/unio-de-pagesos-alerta-de-un-bloqueo-de-las-exportaciones-de-forrajes-por-la-guerra-en-oriente-medio\/"},"author":{"name":"ACN","@id":"https:\/\/radiociutat.com\/es\/#\/schema\/person\/ea8722499f2255e1477bd2975629dc71"},"headline":"Uni\u00f3 de Pagesos alerta de un bloqueo de las exportaciones de forrajes por la guerra en Oriente Medio","datePublished":"2026-03-18T08:35:57+00:00","mainEntityOfPage":{"@id":"https:\/\/radiociutat.com\/es\/ultimas-noticias\/cronicas\/unio-de-pagesos-alerta-de-un-bloqueo-de-las-exportaciones-de-forrajes-por-la-guerra-en-oriente-medio\/"},"wordCount":452,"image":{"@id":"https:\/\/radiociutat.com\/es\/ultimas-noticias\/cronicas\/unio-de-pagesos-alerta-de-un-bloqueo-de-las-exportaciones-de-forrajes-por-la-guerra-en-oriente-medio\/#primaryimage"},"thumbnailUrl":"https:\/\/files.radiociutat.com\/rctgn\/wp-content\/uploads\/2026\/03\/Farratges-scaled.jpg","keywords":["Tarragona","Uni\u00f3 de Pagesos"],"articleSection":["Cr\u00f3nicas"],"inLanguage":"es"},{"@type":"WebPage","@id":"https:\/\/radiociutat.com\/es\/ultimas-noticias\/cronicas\/unio-de-pagesos-alerta-de-un-bloqueo-de-las-exportaciones-de-forrajes-por-la-guerra-en-oriente-medio\/","url":"https:\/\/radiociutat.com\/es\/ultimas-noticias\/cronicas\/unio-de-pagesos-alerta-de-un-bloqueo-de-las-exportaciones-de-forrajes-por-la-guerra-en-oriente-medio\/","name":"Uni\u00f3 de Pagesos alerta de un bloqueo de las exportaciones de forrajes por la guerra en Oriente Medio - R\u00e0dio Ciutat de Tarragona","isPartOf":{"@id":"https:\/\/radiociutat.com\/es\/#website"},"primaryImageOfPage":{"@id":"https:\/\/radiociutat.com\/es\/ultimas-noticias\/cronicas\/unio-de-pagesos-alerta-de-un-bloqueo-de-las-exportaciones-de-forrajes-por-la-guerra-en-oriente-medio\/#primaryimage"},"image":{"@id":"https:\/\/radiociutat.com\/es\/ultimas-noticias\/cronicas\/unio-de-pagesos-alerta-de-un-bloqueo-de-las-exportaciones-de-forrajes-por-la-guerra-en-oriente-medio\/#primaryimage"},"thumbnailUrl":"https:\/\/files.radiociutat.com\/rctgn\/wp-content\/uploads\/2026\/03\/Farratges-scaled.jpg","datePublished":"2026-03-18T08:35:57+00:00","author":{"@id":"https:\/\/radiociutat.com\/es\/#\/schema\/person\/ea8722499f2255e1477bd2975629dc71"},"breadcrumb":{"@id":"https:\/\/radiociutat.com\/es\/ultimas-noticias\/cronicas\/unio-de-pagesos-alerta-de-un-bloqueo-de-las-exportaciones-de-forrajes-por-la-guerra-en-oriente-medio\/#breadcrumb"},"inLanguage":"es","potentialAction":[{"@type":"ReadAction","target":["https:\/\/radiociutat.com\/es\/ultimas-noticias\/cronicas\/unio-de-pagesos-alerta-de-un-bloqueo-de-las-exportaciones-de-forrajes-por-la-guerra-en-oriente-medio\/"]}]},{"@type":"ImageObject","inLanguage":"es","@id":"https:\/\/radiociutat.com\/es\/ultimas-noticias\/cronicas\/unio-de-pagesos-alerta-de-un-bloqueo-de-las-exportaciones-de-forrajes-por-la-guerra-en-oriente-medio\/#primaryimage","url":"https:\/\/files.radiociutat.com\/rctgn\/wp-content\/uploads\/2026\/03\/Farratges-scaled.jpg","contentUrl":"https:\/\/files.radiociutat.com\/rctgn\/wp-content\/uploads\/2026\/03\/Farratges-scaled.jpg","width":2560,"height":1706},{"@type":"BreadcrumbList","@id":"https:\/\/radiociutat.com\/es\/ultimas-noticias\/cronicas\/unio-de-pagesos-alerta-de-un-bloqueo-de-las-exportaciones-de-forrajes-por-la-guerra-en-oriente-medio\/#breadcrumb","itemListElement":[{"@type":"ListItem","position":1,"name":"Inici","item":"https:\/\/radiociutat.com\/es\/"},{"@type":"ListItem","position":2,"name":"Uni\u00f3 de Pagesos alerta de un bloqueo de las exportaciones de forrajes por la guerra en Oriente Medio"}]},{"@type":"WebSite","@id":"https:\/\/radiociutat.com\/es\/#website","url":"https:\/\/radiociutat.com\/es\/","name":"R\u00e0dio Ciutat de Tarragona","description":"R\u00e0dio Ciutat de Tarragona - RCTgn.cat R\u00e0dio Online","potentialAction":[{"@type":"SearchAction","target":{"@type":"EntryPoint","urlTemplate":"https:\/\/radiociutat.com\/es\/?s={search_term_string}"},"query-input":{"@type":"PropertyValueSpecification","valueRequired":true,"valueName":"search_term_string"}}],"inLanguage":"es"},{"@type":"Person","@id":"https:\/\/radiociutat.com\/es\/#\/schema\/person\/ea8722499f2255e1477bd2975629dc71","name":"ACN","sameAs":["https:\/\/radiociutat.com\/wp-content\/uploads\/2023\/09\/acn-e1694789176650.png"],"url":"https:\/\/radiociutat.com\/es\/author\/acn\/"}]}},"_links":{"self":[{"href":"https:\/\/radiociutat.com\/es\/wp-json\/wp\/v2\/posts\/370560","targetHints":{"allow":["GET"]}}],"collection":[{"href":"https:\/\/radiociutat.com\/es\/wp-json\/wp\/v2\/posts"}],"about":[{"href":"https:\/\/radiociutat.com\/es\/wp-json\/wp\/v2\/types\/post"}],"author":[{"embeddable":true,"href":"https:\/\/radiociutat.com\/es\/wp-json\/wp\/v2\/users\/57"}],"replies":[{"embeddable":true,"href":"https:\/\/radiociutat.com\/es\/wp-json\/wp\/v2\/comments?post=370560"}],"version-history":[{"count":0,"href":"https:\/\/radiociutat.com\/es\/wp-json\/wp\/v2\/posts\/370560\/revisions"}],"wp:featuredmedia":[{"embeddable":true,"href":"https:\/\/radiociutat.com\/es\/wp-json\/wp\/v2\/media\/370553"}],"wp:attachment":[{"href":"https:\/\/radiociutat.com\/es\/wp-json\/wp\/v2\/media?parent=370560"}],"wp:term":[{"taxonomy":"category","embeddable":true,"href":"https:\/\/radiociutat.com\/es\/wp-json\/wp\/v2\/categories?post=370560"},{"taxonomy":"post_tag","embeddable":true,"href":"https:\/\/radiociutat.com\/es\/wp-json\/wp\/v2\/tags?post=370560"}],"curies":[{"name":"wp","href":"https:\/\/api.w.org\/{rel}","templated":true}]}}