{"id":370464,"date":"2026-03-17T13:44:44","date_gmt":"2026-03-17T12:44:44","guid":{"rendered":"https:\/\/radiociutat.com\/programes-podcast\/una-hoja-de-ruta-para-reforzar-tarragona-como-destino-cultural-y-mediterraneo\/"},"modified":"2026-03-17T13:44:44","modified_gmt":"2026-03-17T12:44:44","slug":"una-hoja-de-ruta-para-reforzar-tarragona-como-destino-cultural-y-mediterraneo","status":"publish","type":"post","link":"https:\/\/radiociutat.com\/es\/ultimas-noticias\/cronicas\/una-hoja-de-ruta-para-reforzar-tarragona-como-destino-cultural-y-mediterraneo\/","title":{"rendered":"Una hoja de ruta para reforzar Tarragona como destino cultural y mediterr\u00e1neo"},"content":{"rendered":"\n<p>Tarragona ha presentado su <strong>Plan de Marketing Tur\u00edstico Operativo<\/strong>, una hoja de ruta que busca <strong>redefinir el modelo tur\u00edstico de la ciudad<\/strong> y convertir su potencial en resultados tangibles. El documento se\u00f1ala que Tarragona es <strong>una de las capitales catalanas con m\u00e1s visitantes despu\u00e9s de Barcelona<\/strong>, pero tambi\u00e9n evidencia que este potencial est\u00e1 todav\u00eda infrautilizado.<\/p>\n\n\n\n<p>El alcalde, Rub\u00e9n Vi\u00f1uales, ha remarcado el cambio de enfoque que supone el plan, asegurando que <strong>\u201cno es un plan estrat\u00e9gico, es un plan de marketing tur\u00edstico operativo\u201d<\/strong> y que debe tener <strong>\u201cefectos directos en la realidad\u201d<\/strong>. En este sentido, ha insistido en que <strong>\u201cno se trata de inventar una nueva Tarragona, sino de ordenar, gestionar y poner en valor aquello que ya nos hace \u00fanicos\u201d<\/strong>. Tambi\u00e9n ha defendido un modelo en el que el turismo <strong>genere retorno econ\u00f3mico y social<\/strong> y mejore la calidad de vida de la ciudadan\u00eda.<\/p>\n\n\n\n<figure class=\"wp-block-audio\"><audio controls src=\"https:\/\/files.radiociutat.com\/rctgn\/wp-content\/uploads\/2026\/03\/Tall-Vinuales-Turisme.mp3\"><\/audio><\/figure>\n\n\n\n<p>El plan, elaborado por el consultor Jaume Mar\u00edn, se basa en un an\u00e1lisis exhaustivo con datos estad\u00edsticos, Big Data y trabajo de campo. Identifica retos como la <strong>desconexi\u00f3n entre recursos<\/strong>, la <strong>falta de productos tur\u00edsticos definidos<\/strong> o la <strong>fuerte estacionalidad<\/strong>, y plantea pasar de tener activos dispersos a generar <strong>experiencias estructuradas y competitivas<\/strong>.<\/p>\n\n\n\n<p>La estrategia se articula en cuatro grandes \u00e1mbitos: <strong>gobernanza tur\u00edstica<\/strong>, <strong>puesta en valor del patrimonio<\/strong>, <strong>mejora de infraestructuras<\/strong> y <strong>comunicaci\u00f3n y posicionamiento<\/strong>. El objetivo final es avanzar hacia un modelo <strong>m\u00e1s sostenible, ordenado y basado en datos<\/strong>, capaz de reforzar la marca Tarragona y consolidarla como una destinaci\u00f3n que, m\u00e1s all\u00e1 de visitarse, <strong>se vive<\/strong>.<\/p>\n\n\n\n<p><\/p>\n","protected":false},"excerpt":{"rendered":"<p>Tarragona ha presentado su Plan de Marketing Tur\u00edstico Operativo, una hoja de ruta que busca redefinir el modelo tur\u00edstico de la ciudad y convertir su potencial en resultados tangibles. El documento se\u00f1ala que Tarragona es una de las capitales catalanas con m\u00e1s visitantes despu\u00e9s de Barcelona, pero tambi\u00e9n evidencia que este potencial est\u00e1 todav\u00eda infrautilizado. [&hellip;]<\/p>\n","protected":false},"author":84,"featured_media":370452,"comment_status":"closed","ping_status":"closed","sticky":false,"template":"","format":"standard","meta":{"footnotes":""},"categories":[13688],"tags":[19,448],"class_list":["post-370464","post","type-post","status-publish","format-standard","has-post-thumbnail","hentry","category-cronicas","tag-tarragona","tag-turisme"],"yoast_head":"<!-- This site is optimized with the Yoast SEO Premium plugin v27.4 (Yoast SEO v27.5) - https:\/\/yoast.com\/product\/yoast-seo-premium-wordpress\/ -->\n<title>Una hoja de ruta para reforzar Tarragona como destino cultural y mediterr\u00e1neo - R\u00e0dio Ciutat de Tarragona<\/title>\n<meta name=\"robots\" content=\"index, follow, max-snippet:-1, max-image-preview:large, max-video-preview:-1\" \/>\n<link rel=\"canonical\" href=\"https:\/\/radiociutat.com\/es\/ultimas-noticias\/cronicas\/una-hoja-de-ruta-para-reforzar-tarragona-como-destino-cultural-y-mediterraneo\/\" \/>\n<meta property=\"og:locale\" content=\"es_ES\" \/>\n<meta property=\"og:type\" content=\"article\" \/>\n<meta property=\"og:title\" content=\"Una hoja de ruta para reforzar Tarragona como destino cultural y mediterr\u00e1neo\" \/>\n<meta property=\"og:description\" content=\"Tarragona ha presentado su Plan de Marketing Tur\u00edstico Operativo, una hoja de ruta que busca redefinir el modelo tur\u00edstico de la ciudad y convertir su potencial en resultados tangibles. El documento se\u00f1ala que Tarragona es una de las capitales catalanas con m\u00e1s visitantes despu\u00e9s de Barcelona, pero tambi\u00e9n evidencia que este potencial est\u00e1 todav\u00eda infrautilizado. [&hellip;]\" \/>\n<meta property=\"og:url\" content=\"https:\/\/radiociutat.com\/es\/ultimas-noticias\/cronicas\/una-hoja-de-ruta-para-reforzar-tarragona-como-destino-cultural-y-mediterraneo\/\" \/>\n<meta property=\"og:site_name\" content=\"R\u00e0dio Ciutat de Tarragona\" \/>\n<meta property=\"article:publisher\" content=\"https:\/\/www.facebook.com\/rctgn\" \/>\n<meta property=\"article:published_time\" content=\"2026-03-17T12:44:44+00:00\" \/>\n<meta property=\"og:image\" content=\"https:\/\/files.radiociutat.com\/rctgn\/wp-content\/uploads\/2026\/03\/Pla-Turisme-TGN-scaled.jpeg\" \/>\n\t<meta property=\"og:image:width\" content=\"2560\" \/>\n\t<meta property=\"og:image:height\" content=\"1920\" \/>\n\t<meta property=\"og:image:type\" content=\"image\/jpeg\" \/>\n<meta name=\"author\" content=\"Adri\u00e0 Duch\" \/>\n<meta name=\"twitter:card\" content=\"summary_large_image\" \/>\n<meta name=\"twitter:creator\" content=\"@RCTgn\" \/>\n<meta name=\"twitter:site\" content=\"@RCTgn\" \/>\n<meta name=\"twitter:label1\" content=\"Escrito por\" \/>\n\t<meta name=\"twitter:data1\" content=\"Adri\u00e0 Duch\" \/>\n\t<meta name=\"twitter:label2\" content=\"Tiempo de lectura\" \/>\n\t<meta name=\"twitter:data2\" content=\"1 minuto\" \/>\n<script type=\"application\/ld+json\" class=\"yoast-schema-graph\">{\"@context\":\"https:\\\/\\\/schema.org\",\"@graph\":[{\"@type\":\"Article\",\"@id\":\"https:\\\/\\\/radiociutat.com\\\/es\\\/ultimas-noticias\\\/cronicas\\\/una-hoja-de-ruta-para-reforzar-tarragona-como-destino-cultural-y-mediterraneo\\\/#article\",\"isPartOf\":{\"@id\":\"https:\\\/\\\/radiociutat.com\\\/es\\\/ultimas-noticias\\\/cronicas\\\/una-hoja-de-ruta-para-reforzar-tarragona-como-destino-cultural-y-mediterraneo\\\/\"},\"author\":{\"name\":\"Adri\u00e0 Duch\",\"@id\":\"https:\\\/\\\/radiociutat.com\\\/es\\\/#\\\/schema\\\/person\\\/daeecbc4942e3432e8d8b8663bf7d714\"},\"headline\":\"Una hoja de ruta para reforzar Tarragona como destino cultural y mediterr\u00e1neo\",\"datePublished\":\"2026-03-17T12:44:44+00:00\",\"mainEntityOfPage\":{\"@id\":\"https:\\\/\\\/radiociutat.com\\\/es\\\/ultimas-noticias\\\/cronicas\\\/una-hoja-de-ruta-para-reforzar-tarragona-como-destino-cultural-y-mediterraneo\\\/\"},\"wordCount\":290,\"image\":{\"@id\":\"https:\\\/\\\/radiociutat.com\\\/es\\\/ultimas-noticias\\\/cronicas\\\/una-hoja-de-ruta-para-reforzar-tarragona-como-destino-cultural-y-mediterraneo\\\/#primaryimage\"},\"thumbnailUrl\":\"https:\\\/\\\/files.radiociutat.com\\\/rctgn\\\/wp-content\\\/uploads\\\/2026\\\/03\\\/Pla-Turisme-TGN-scaled.jpeg\",\"keywords\":[\"Tarragona\",\"Turisme\"],\"articleSection\":[\"Cr\u00f3nicas\"],\"inLanguage\":\"es\"},{\"@type\":\"WebPage\",\"@id\":\"https:\\\/\\\/radiociutat.com\\\/es\\\/ultimas-noticias\\\/cronicas\\\/una-hoja-de-ruta-para-reforzar-tarragona-como-destino-cultural-y-mediterraneo\\\/\",\"url\":\"https:\\\/\\\/radiociutat.com\\\/es\\\/ultimas-noticias\\\/cronicas\\\/una-hoja-de-ruta-para-reforzar-tarragona-como-destino-cultural-y-mediterraneo\\\/\",\"name\":\"Una hoja de ruta para reforzar Tarragona como destino cultural y mediterr\u00e1neo - R\u00e0dio Ciutat de Tarragona\",\"isPartOf\":{\"@id\":\"https:\\\/\\\/radiociutat.com\\\/es\\\/#website\"},\"primaryImageOfPage\":{\"@id\":\"https:\\\/\\\/radiociutat.com\\\/es\\\/ultimas-noticias\\\/cronicas\\\/una-hoja-de-ruta-para-reforzar-tarragona-como-destino-cultural-y-mediterraneo\\\/#primaryimage\"},\"image\":{\"@id\":\"https:\\\/\\\/radiociutat.com\\\/es\\\/ultimas-noticias\\\/cronicas\\\/una-hoja-de-ruta-para-reforzar-tarragona-como-destino-cultural-y-mediterraneo\\\/#primaryimage\"},\"thumbnailUrl\":\"https:\\\/\\\/files.radiociutat.com\\\/rctgn\\\/wp-content\\\/uploads\\\/2026\\\/03\\\/Pla-Turisme-TGN-scaled.jpeg\",\"datePublished\":\"2026-03-17T12:44:44+00:00\",\"author\":{\"@id\":\"https:\\\/\\\/radiociutat.com\\\/es\\\/#\\\/schema\\\/person\\\/daeecbc4942e3432e8d8b8663bf7d714\"},\"breadcrumb\":{\"@id\":\"https:\\\/\\\/radiociutat.com\\\/es\\\/ultimas-noticias\\\/cronicas\\\/una-hoja-de-ruta-para-reforzar-tarragona-como-destino-cultural-y-mediterraneo\\\/#breadcrumb\"},\"inLanguage\":\"es\",\"potentialAction\":[{\"@type\":\"ReadAction\",\"target\":[\"https:\\\/\\\/radiociutat.com\\\/es\\\/ultimas-noticias\\\/cronicas\\\/una-hoja-de-ruta-para-reforzar-tarragona-como-destino-cultural-y-mediterraneo\\\/\"]}]},{\"@type\":\"ImageObject\",\"inLanguage\":\"es\",\"@id\":\"https:\\\/\\\/radiociutat.com\\\/es\\\/ultimas-noticias\\\/cronicas\\\/una-hoja-de-ruta-para-reforzar-tarragona-como-destino-cultural-y-mediterraneo\\\/#primaryimage\",\"url\":\"https:\\\/\\\/files.radiociutat.com\\\/rctgn\\\/wp-content\\\/uploads\\\/2026\\\/03\\\/Pla-Turisme-TGN-scaled.jpeg\",\"contentUrl\":\"https:\\\/\\\/files.radiociutat.com\\\/rctgn\\\/wp-content\\\/uploads\\\/2026\\\/03\\\/Pla-Turisme-TGN-scaled.jpeg\",\"width\":2560,\"height\":1920},{\"@type\":\"BreadcrumbList\",\"@id\":\"https:\\\/\\\/radiociutat.com\\\/es\\\/ultimas-noticias\\\/cronicas\\\/una-hoja-de-ruta-para-reforzar-tarragona-como-destino-cultural-y-mediterraneo\\\/#breadcrumb\",\"itemListElement\":[{\"@type\":\"ListItem\",\"position\":1,\"name\":\"Inici\",\"item\":\"https:\\\/\\\/radiociutat.com\\\/es\\\/\"},{\"@type\":\"ListItem\",\"position\":2,\"name\":\"Una hoja de ruta para reforzar Tarragona como destino cultural y mediterr\u00e1neo\"}]},{\"@type\":\"WebSite\",\"@id\":\"https:\\\/\\\/radiociutat.com\\\/es\\\/#website\",\"url\":\"https:\\\/\\\/radiociutat.com\\\/es\\\/\",\"name\":\"R\u00e0dio Ciutat de Tarragona\",\"description\":\"R\u00e0dio Ciutat de Tarragona - RCTgn.cat R\u00e0dio Online\",\"potentialAction\":[{\"@type\":\"SearchAction\",\"target\":{\"@type\":\"EntryPoint\",\"urlTemplate\":\"https:\\\/\\\/radiociutat.com\\\/es\\\/?s={search_term_string}\"},\"query-input\":{\"@type\":\"PropertyValueSpecification\",\"valueRequired\":true,\"valueName\":\"search_term_string\"}}],\"inLanguage\":\"es\"},{\"@type\":\"Person\",\"@id\":\"https:\\\/\\\/radiociutat.com\\\/es\\\/#\\\/schema\\\/person\\\/daeecbc4942e3432e8d8b8663bf7d714\",\"name\":\"Adri\u00e0 Duch\",\"sameAs\":[\"https:\\\/\\\/radiociutat.com\\\/wp-content\\\/uploads\\\/2024\\\/02\\\/ADRIA-DUCH.png\"],\"url\":\"https:\\\/\\\/radiociutat.com\\\/es\\\/author\\\/adria-duch\\\/\"}]}<\/script>\n<!-- \/ Yoast SEO Premium plugin. -->","yoast_head_json":{"title":"Una hoja de ruta para reforzar Tarragona como destino cultural y mediterr\u00e1neo - R\u00e0dio Ciutat de Tarragona","robots":{"index":"index","follow":"follow","max-snippet":"max-snippet:-1","max-image-preview":"max-image-preview:large","max-video-preview":"max-video-preview:-1"},"canonical":"https:\/\/radiociutat.com\/es\/ultimas-noticias\/cronicas\/una-hoja-de-ruta-para-reforzar-tarragona-como-destino-cultural-y-mediterraneo\/","og_locale":"es_ES","og_type":"article","og_title":"Una hoja de ruta para reforzar Tarragona como destino cultural y mediterr\u00e1neo","og_description":"Tarragona ha presentado su Plan de Marketing Tur\u00edstico Operativo, una hoja de ruta que busca redefinir el modelo tur\u00edstico de la ciudad y convertir su potencial en resultados tangibles. El documento se\u00f1ala que Tarragona es una de las capitales catalanas con m\u00e1s visitantes despu\u00e9s de Barcelona, pero tambi\u00e9n evidencia que este potencial est\u00e1 todav\u00eda infrautilizado. [&hellip;]","og_url":"https:\/\/radiociutat.com\/es\/ultimas-noticias\/cronicas\/una-hoja-de-ruta-para-reforzar-tarragona-como-destino-cultural-y-mediterraneo\/","og_site_name":"R\u00e0dio Ciutat de Tarragona","article_publisher":"https:\/\/www.facebook.com\/rctgn","article_published_time":"2026-03-17T12:44:44+00:00","og_image":[{"width":2560,"height":1920,"url":"https:\/\/files.radiociutat.com\/rctgn\/wp-content\/uploads\/2026\/03\/Pla-Turisme-TGN-scaled.jpeg","type":"image\/jpeg"}],"author":"Adri\u00e0 Duch","twitter_card":"summary_large_image","twitter_creator":"@RCTgn","twitter_site":"@RCTgn","twitter_misc":{"Escrito por":"Adri\u00e0 Duch","Tiempo de lectura":"1 minuto"},"schema":{"@context":"https:\/\/schema.org","@graph":[{"@type":"Article","@id":"https:\/\/radiociutat.com\/es\/ultimas-noticias\/cronicas\/una-hoja-de-ruta-para-reforzar-tarragona-como-destino-cultural-y-mediterraneo\/#article","isPartOf":{"@id":"https:\/\/radiociutat.com\/es\/ultimas-noticias\/cronicas\/una-hoja-de-ruta-para-reforzar-tarragona-como-destino-cultural-y-mediterraneo\/"},"author":{"name":"Adri\u00e0 Duch","@id":"https:\/\/radiociutat.com\/es\/#\/schema\/person\/daeecbc4942e3432e8d8b8663bf7d714"},"headline":"Una hoja de ruta para reforzar Tarragona como destino cultural y mediterr\u00e1neo","datePublished":"2026-03-17T12:44:44+00:00","mainEntityOfPage":{"@id":"https:\/\/radiociutat.com\/es\/ultimas-noticias\/cronicas\/una-hoja-de-ruta-para-reforzar-tarragona-como-destino-cultural-y-mediterraneo\/"},"wordCount":290,"image":{"@id":"https:\/\/radiociutat.com\/es\/ultimas-noticias\/cronicas\/una-hoja-de-ruta-para-reforzar-tarragona-como-destino-cultural-y-mediterraneo\/#primaryimage"},"thumbnailUrl":"https:\/\/files.radiociutat.com\/rctgn\/wp-content\/uploads\/2026\/03\/Pla-Turisme-TGN-scaled.jpeg","keywords":["Tarragona","Turisme"],"articleSection":["Cr\u00f3nicas"],"inLanguage":"es"},{"@type":"WebPage","@id":"https:\/\/radiociutat.com\/es\/ultimas-noticias\/cronicas\/una-hoja-de-ruta-para-reforzar-tarragona-como-destino-cultural-y-mediterraneo\/","url":"https:\/\/radiociutat.com\/es\/ultimas-noticias\/cronicas\/una-hoja-de-ruta-para-reforzar-tarragona-como-destino-cultural-y-mediterraneo\/","name":"Una hoja de ruta para reforzar Tarragona como destino cultural y mediterr\u00e1neo - R\u00e0dio Ciutat de Tarragona","isPartOf":{"@id":"https:\/\/radiociutat.com\/es\/#website"},"primaryImageOfPage":{"@id":"https:\/\/radiociutat.com\/es\/ultimas-noticias\/cronicas\/una-hoja-de-ruta-para-reforzar-tarragona-como-destino-cultural-y-mediterraneo\/#primaryimage"},"image":{"@id":"https:\/\/radiociutat.com\/es\/ultimas-noticias\/cronicas\/una-hoja-de-ruta-para-reforzar-tarragona-como-destino-cultural-y-mediterraneo\/#primaryimage"},"thumbnailUrl":"https:\/\/files.radiociutat.com\/rctgn\/wp-content\/uploads\/2026\/03\/Pla-Turisme-TGN-scaled.jpeg","datePublished":"2026-03-17T12:44:44+00:00","author":{"@id":"https:\/\/radiociutat.com\/es\/#\/schema\/person\/daeecbc4942e3432e8d8b8663bf7d714"},"breadcrumb":{"@id":"https:\/\/radiociutat.com\/es\/ultimas-noticias\/cronicas\/una-hoja-de-ruta-para-reforzar-tarragona-como-destino-cultural-y-mediterraneo\/#breadcrumb"},"inLanguage":"es","potentialAction":[{"@type":"ReadAction","target":["https:\/\/radiociutat.com\/es\/ultimas-noticias\/cronicas\/una-hoja-de-ruta-para-reforzar-tarragona-como-destino-cultural-y-mediterraneo\/"]}]},{"@type":"ImageObject","inLanguage":"es","@id":"https:\/\/radiociutat.com\/es\/ultimas-noticias\/cronicas\/una-hoja-de-ruta-para-reforzar-tarragona-como-destino-cultural-y-mediterraneo\/#primaryimage","url":"https:\/\/files.radiociutat.com\/rctgn\/wp-content\/uploads\/2026\/03\/Pla-Turisme-TGN-scaled.jpeg","contentUrl":"https:\/\/files.radiociutat.com\/rctgn\/wp-content\/uploads\/2026\/03\/Pla-Turisme-TGN-scaled.jpeg","width":2560,"height":1920},{"@type":"BreadcrumbList","@id":"https:\/\/radiociutat.com\/es\/ultimas-noticias\/cronicas\/una-hoja-de-ruta-para-reforzar-tarragona-como-destino-cultural-y-mediterraneo\/#breadcrumb","itemListElement":[{"@type":"ListItem","position":1,"name":"Inici","item":"https:\/\/radiociutat.com\/es\/"},{"@type":"ListItem","position":2,"name":"Una hoja de ruta para reforzar Tarragona como destino cultural y mediterr\u00e1neo"}]},{"@type":"WebSite","@id":"https:\/\/radiociutat.com\/es\/#website","url":"https:\/\/radiociutat.com\/es\/","name":"R\u00e0dio Ciutat de Tarragona","description":"R\u00e0dio Ciutat de Tarragona - RCTgn.cat R\u00e0dio Online","potentialAction":[{"@type":"SearchAction","target":{"@type":"EntryPoint","urlTemplate":"https:\/\/radiociutat.com\/es\/?s={search_term_string}"},"query-input":{"@type":"PropertyValueSpecification","valueRequired":true,"valueName":"search_term_string"}}],"inLanguage":"es"},{"@type":"Person","@id":"https:\/\/radiociutat.com\/es\/#\/schema\/person\/daeecbc4942e3432e8d8b8663bf7d714","name":"Adri\u00e0 Duch","sameAs":["https:\/\/radiociutat.com\/wp-content\/uploads\/2024\/02\/ADRIA-DUCH.png"],"url":"https:\/\/radiociutat.com\/es\/author\/adria-duch\/"}]}},"_links":{"self":[{"href":"https:\/\/radiociutat.com\/es\/wp-json\/wp\/v2\/posts\/370464","targetHints":{"allow":["GET"]}}],"collection":[{"href":"https:\/\/radiociutat.com\/es\/wp-json\/wp\/v2\/posts"}],"about":[{"href":"https:\/\/radiociutat.com\/es\/wp-json\/wp\/v2\/types\/post"}],"author":[{"embeddable":true,"href":"https:\/\/radiociutat.com\/es\/wp-json\/wp\/v2\/users\/84"}],"replies":[{"embeddable":true,"href":"https:\/\/radiociutat.com\/es\/wp-json\/wp\/v2\/comments?post=370464"}],"version-history":[{"count":0,"href":"https:\/\/radiociutat.com\/es\/wp-json\/wp\/v2\/posts\/370464\/revisions"}],"wp:featuredmedia":[{"embeddable":true,"href":"https:\/\/radiociutat.com\/es\/wp-json\/wp\/v2\/media\/370452"}],"wp:attachment":[{"href":"https:\/\/radiociutat.com\/es\/wp-json\/wp\/v2\/media?parent=370464"}],"wp:term":[{"taxonomy":"category","embeddable":true,"href":"https:\/\/radiociutat.com\/es\/wp-json\/wp\/v2\/categories?post=370464"},{"taxonomy":"post_tag","embeddable":true,"href":"https:\/\/radiociutat.com\/es\/wp-json\/wp\/v2\/tags?post=370464"}],"curies":[{"name":"wp","href":"https:\/\/api.w.org\/{rel}","templated":true}]}}