{"id":370374,"date":"2026-03-17T11:45:03","date_gmt":"2026-03-17T10:45:03","guid":{"rendered":"https:\/\/radiociutat.com\/programes-podcast\/la-urv-analiza-como-utilizar-tecnologias-de-monitorizacion-en-espacios-naturales-protegidos\/"},"modified":"2026-03-17T11:45:03","modified_gmt":"2026-03-17T10:45:03","slug":"la-urv-analiza-como-utilizar-tecnologias-de-monitorizacion-en-espacios-naturales-protegidos","status":"publish","type":"post","link":"https:\/\/radiociutat.com\/es\/ultimas-noticias\/la-urv-analiza-como-utilizar-tecnologias-de-monitorizacion-en-espacios-naturales-protegidos\/","title":{"rendered":"La URV analiza c\u00f3mo utilizar tecnolog\u00edas de monitorizaci\u00f3n en espacios naturales protegidos"},"content":{"rendered":"\n<p>Una investigaci\u00f3n de la <strong>URV<\/strong> desarrollada en el marco del proyecto internacional <strong>Tech4Nature<\/strong> aporta orientaciones para compatibilizar la innovaci\u00f3n tecnol\u00f3gica con la protecci\u00f3n de la biodiversidad y los derechos de las personas.<\/p>\n\n\n\n<p>El estudio analiza el marco normativo internacional, europeo y estatal en relaci\u00f3n al uso de tecnolog\u00edas de monitorizaci\u00f3n en estos espacios, y presta especial atenci\u00f3n a la protecci\u00f3n de datos personales y a los derechos fundamentales cuando los sistemas pueden captar informaci\u00f3n relativa a personas que los visitan.<\/p>\n\n\n\n<p>La investigaci\u00f3n concluye que <strong>la tecnolog\u00eda puede convertirse en una aliada de la conservaci\u00f3n<\/strong> siempre que su uso se base en principios como la legalidad, la transparencia, la proporcionalidad y el respeto a los derechos humanos. Tambi\u00e9n destaca la necesidad de integrar la protecci\u00f3n de datos y la \u00e9tica digital en todo el ciclo de vida de la informaci\u00f3n, desde el dise\u00f1o de los sistemas de monitorizaci\u00f3n hasta la gesti\u00f3n y eliminaci\u00f3n de los datos.<\/p>\n\n\n\n<p>El estudio tambi\u00e9n propone una gu\u00eda de buenas pr\u00e1cticas y herramientas operativas que pueden facilitar a los gestores de los espacios naturales la selecci\u00f3n y la aplicaci\u00f3n de tecnolog\u00edas de monitorizaci\u00f3n de manera compatible con los objetivos de conservaci\u00f3n y con la protecci\u00f3n de los derechos de las personas.<\/p>\n","protected":false},"excerpt":{"rendered":"<p>Una investigaci\u00f3n de la URV desarrollada en el marco del proyecto internacional Tech4Nature aporta orientaciones para compatibilizar la innovaci\u00f3n tecnol\u00f3gica con la protecci\u00f3n de la biodiversidad y los derechos de las personas. El estudio analiza el marco normativo internacional, europeo y estatal en relaci\u00f3n al uso de tecnolog\u00edas de monitorizaci\u00f3n en estos espacios, y presta [&hellip;]<\/p>\n","protected":false},"author":1,"featured_media":370367,"comment_status":"closed","ping_status":"closed","sticky":false,"template":"","format":"standard","meta":{"footnotes":""},"categories":[13688,13716],"tags":[19,429],"class_list":["post-370374","post","type-post","status-publish","format-standard","has-post-thumbnail","hentry","category-cronicas","category-ultimas-noticias","tag-tarragona","tag-urv"],"yoast_head":"<!-- This site is optimized with the Yoast SEO Premium plugin v27.4 (Yoast SEO v27.5) - https:\/\/yoast.com\/product\/yoast-seo-premium-wordpress\/ -->\n<title>La URV analiza c\u00f3mo utilizar tecnolog\u00edas de monitorizaci\u00f3n en espacios naturales protegidos - R\u00e0dio Ciutat de Tarragona<\/title>\n<meta name=\"robots\" content=\"index, follow, max-snippet:-1, max-image-preview:large, max-video-preview:-1\" \/>\n<link rel=\"canonical\" href=\"https:\/\/radiociutat.com\/es\/ultimas-noticias\/la-urv-analiza-como-utilizar-tecnologias-de-monitorizacion-en-espacios-naturales-protegidos\/\" \/>\n<meta property=\"og:locale\" content=\"es_ES\" \/>\n<meta property=\"og:type\" content=\"article\" \/>\n<meta property=\"og:title\" content=\"La URV analiza c\u00f3mo utilizar tecnolog\u00edas de monitorizaci\u00f3n en espacios naturales protegidos\" \/>\n<meta property=\"og:description\" content=\"Una investigaci\u00f3n de la URV desarrollada en el marco del proyecto internacional Tech4Nature aporta orientaciones para compatibilizar la innovaci\u00f3n tecnol\u00f3gica con la protecci\u00f3n de la biodiversidad y los derechos de las personas. El estudio analiza el marco normativo internacional, europeo y estatal en relaci\u00f3n al uso de tecnolog\u00edas de monitorizaci\u00f3n en estos espacios, y presta [&hellip;]\" \/>\n<meta property=\"og:url\" content=\"https:\/\/radiociutat.com\/es\/ultimas-noticias\/la-urv-analiza-como-utilizar-tecnologias-de-monitorizacion-en-espacios-naturales-protegidos\/\" \/>\n<meta property=\"og:site_name\" content=\"R\u00e0dio Ciutat de Tarragona\" \/>\n<meta property=\"article:publisher\" content=\"https:\/\/www.facebook.com\/rctgn\" \/>\n<meta property=\"article:published_time\" content=\"2026-03-17T10:45:03+00:00\" \/>\n<meta property=\"og:image\" content=\"https:\/\/files.radiociutat.com\/rctgn\/wp-content\/uploads\/2026\/03\/WhatsApp_Image_2025-08-04_at_10.49.20-e1773744090709.jpeg\" \/>\n\t<meta property=\"og:image:width\" content=\"900\" \/>\n\t<meta property=\"og:image:height\" content=\"891\" \/>\n\t<meta property=\"og:image:type\" content=\"image\/jpeg\" \/>\n<meta name=\"author\" content=\"Redacci\u00f3\" \/>\n<meta name=\"twitter:card\" content=\"summary_large_image\" \/>\n<meta name=\"twitter:creator\" content=\"@RCTgn\" \/>\n<meta name=\"twitter:site\" content=\"@RCTgn\" \/>\n<meta name=\"twitter:label1\" content=\"Escrito por\" \/>\n\t<meta name=\"twitter:data1\" content=\"Redacci\u00f3\" \/>\n\t<meta name=\"twitter:label2\" content=\"Tiempo de lectura\" \/>\n\t<meta name=\"twitter:data2\" content=\"1 minuto\" \/>\n<script type=\"application\/ld+json\" class=\"yoast-schema-graph\">{\"@context\":\"https:\\\/\\\/schema.org\",\"@graph\":[{\"@type\":\"Article\",\"@id\":\"https:\\\/\\\/radiociutat.com\\\/es\\\/ultimas-noticias\\\/la-urv-analiza-como-utilizar-tecnologias-de-monitorizacion-en-espacios-naturales-protegidos\\\/#article\",\"isPartOf\":{\"@id\":\"https:\\\/\\\/radiociutat.com\\\/es\\\/ultimas-noticias\\\/la-urv-analiza-como-utilizar-tecnologias-de-monitorizacion-en-espacios-naturales-protegidos\\\/\"},\"author\":{\"name\":\"Redacci\u00f3\",\"@id\":\"https:\\\/\\\/radiociutat.com\\\/es\\\/#\\\/schema\\\/person\\\/04b6638f9d2a9ea77408db76c5d8f0b5\"},\"headline\":\"La URV analiza c\u00f3mo utilizar tecnolog\u00edas de monitorizaci\u00f3n en espacios naturales protegidos\",\"datePublished\":\"2026-03-17T10:45:03+00:00\",\"mainEntityOfPage\":{\"@id\":\"https:\\\/\\\/radiociutat.com\\\/es\\\/ultimas-noticias\\\/la-urv-analiza-como-utilizar-tecnologias-de-monitorizacion-en-espacios-naturales-protegidos\\\/\"},\"wordCount\":249,\"image\":{\"@id\":\"https:\\\/\\\/radiociutat.com\\\/es\\\/ultimas-noticias\\\/la-urv-analiza-como-utilizar-tecnologias-de-monitorizacion-en-espacios-naturales-protegidos\\\/#primaryimage\"},\"thumbnailUrl\":\"https:\\\/\\\/files.radiociutat.com\\\/rctgn\\\/wp-content\\\/uploads\\\/2026\\\/03\\\/WhatsApp_Image_2025-08-04_at_10.49.20-e1773744090709.jpeg\",\"keywords\":[\"Tarragona\",\"URV\"],\"articleSection\":[\"Cr\u00f3nicas\",\"\u00daltimas noticias\"],\"inLanguage\":\"es\"},{\"@type\":\"WebPage\",\"@id\":\"https:\\\/\\\/radiociutat.com\\\/es\\\/ultimas-noticias\\\/la-urv-analiza-como-utilizar-tecnologias-de-monitorizacion-en-espacios-naturales-protegidos\\\/\",\"url\":\"https:\\\/\\\/radiociutat.com\\\/es\\\/ultimas-noticias\\\/la-urv-analiza-como-utilizar-tecnologias-de-monitorizacion-en-espacios-naturales-protegidos\\\/\",\"name\":\"La URV analiza c\u00f3mo utilizar tecnolog\u00edas de monitorizaci\u00f3n en espacios naturales protegidos - R\u00e0dio Ciutat de Tarragona\",\"isPartOf\":{\"@id\":\"https:\\\/\\\/radiociutat.com\\\/es\\\/#website\"},\"primaryImageOfPage\":{\"@id\":\"https:\\\/\\\/radiociutat.com\\\/es\\\/ultimas-noticias\\\/la-urv-analiza-como-utilizar-tecnologias-de-monitorizacion-en-espacios-naturales-protegidos\\\/#primaryimage\"},\"image\":{\"@id\":\"https:\\\/\\\/radiociutat.com\\\/es\\\/ultimas-noticias\\\/la-urv-analiza-como-utilizar-tecnologias-de-monitorizacion-en-espacios-naturales-protegidos\\\/#primaryimage\"},\"thumbnailUrl\":\"https:\\\/\\\/files.radiociutat.com\\\/rctgn\\\/wp-content\\\/uploads\\\/2026\\\/03\\\/WhatsApp_Image_2025-08-04_at_10.49.20-e1773744090709.jpeg\",\"datePublished\":\"2026-03-17T10:45:03+00:00\",\"author\":{\"@id\":\"https:\\\/\\\/radiociutat.com\\\/es\\\/#\\\/schema\\\/person\\\/04b6638f9d2a9ea77408db76c5d8f0b5\"},\"breadcrumb\":{\"@id\":\"https:\\\/\\\/radiociutat.com\\\/es\\\/ultimas-noticias\\\/la-urv-analiza-como-utilizar-tecnologias-de-monitorizacion-en-espacios-naturales-protegidos\\\/#breadcrumb\"},\"inLanguage\":\"es\",\"potentialAction\":[{\"@type\":\"ReadAction\",\"target\":[\"https:\\\/\\\/radiociutat.com\\\/es\\\/ultimas-noticias\\\/la-urv-analiza-como-utilizar-tecnologias-de-monitorizacion-en-espacios-naturales-protegidos\\\/\"]}]},{\"@type\":\"ImageObject\",\"inLanguage\":\"es\",\"@id\":\"https:\\\/\\\/radiociutat.com\\\/es\\\/ultimas-noticias\\\/la-urv-analiza-como-utilizar-tecnologias-de-monitorizacion-en-espacios-naturales-protegidos\\\/#primaryimage\",\"url\":\"https:\\\/\\\/files.radiociutat.com\\\/rctgn\\\/wp-content\\\/uploads\\\/2026\\\/03\\\/WhatsApp_Image_2025-08-04_at_10.49.20-e1773744090709.jpeg\",\"contentUrl\":\"https:\\\/\\\/files.radiociutat.com\\\/rctgn\\\/wp-content\\\/uploads\\\/2026\\\/03\\\/WhatsApp_Image_2025-08-04_at_10.49.20-e1773744090709.jpeg\",\"width\":900,\"height\":891},{\"@type\":\"BreadcrumbList\",\"@id\":\"https:\\\/\\\/radiociutat.com\\\/es\\\/ultimas-noticias\\\/la-urv-analiza-como-utilizar-tecnologias-de-monitorizacion-en-espacios-naturales-protegidos\\\/#breadcrumb\",\"itemListElement\":[{\"@type\":\"ListItem\",\"position\":1,\"name\":\"Inici\",\"item\":\"https:\\\/\\\/radiociutat.com\\\/es\\\/\"},{\"@type\":\"ListItem\",\"position\":2,\"name\":\"La URV analiza c\u00f3mo utilizar tecnolog\u00edas de monitorizaci\u00f3n en espacios naturales protegidos\"}]},{\"@type\":\"WebSite\",\"@id\":\"https:\\\/\\\/radiociutat.com\\\/es\\\/#website\",\"url\":\"https:\\\/\\\/radiociutat.com\\\/es\\\/\",\"name\":\"R\u00e0dio Ciutat de Tarragona\",\"description\":\"R\u00e0dio Ciutat de Tarragona - RCTgn.cat R\u00e0dio Online\",\"potentialAction\":[{\"@type\":\"SearchAction\",\"target\":{\"@type\":\"EntryPoint\",\"urlTemplate\":\"https:\\\/\\\/radiociutat.com\\\/es\\\/?s={search_term_string}\"},\"query-input\":{\"@type\":\"PropertyValueSpecification\",\"valueRequired\":true,\"valueName\":\"search_term_string\"}}],\"inLanguage\":\"es\"},{\"@type\":\"Person\",\"@id\":\"https:\\\/\\\/radiociutat.com\\\/es\\\/#\\\/schema\\\/person\\\/04b6638f9d2a9ea77408db76c5d8f0b5\",\"name\":\"Redacci\u00f3\",\"sameAs\":[\"https:\\\/\\\/radiociutat.com\\\/wp-content\\\/uploads\\\/2023\\\/09\\\/LOGO-RCTGN-CUADRAT.png\"],\"url\":\"https:\\\/\\\/radiociutat.com\\\/es\\\/author\\\/jespinosa\\\/\"}]}<\/script>\n<!-- \/ Yoast SEO Premium plugin. -->","yoast_head_json":{"title":"La URV analiza c\u00f3mo utilizar tecnolog\u00edas de monitorizaci\u00f3n en espacios naturales protegidos - R\u00e0dio Ciutat de Tarragona","robots":{"index":"index","follow":"follow","max-snippet":"max-snippet:-1","max-image-preview":"max-image-preview:large","max-video-preview":"max-video-preview:-1"},"canonical":"https:\/\/radiociutat.com\/es\/ultimas-noticias\/la-urv-analiza-como-utilizar-tecnologias-de-monitorizacion-en-espacios-naturales-protegidos\/","og_locale":"es_ES","og_type":"article","og_title":"La URV analiza c\u00f3mo utilizar tecnolog\u00edas de monitorizaci\u00f3n en espacios naturales protegidos","og_description":"Una investigaci\u00f3n de la URV desarrollada en el marco del proyecto internacional Tech4Nature aporta orientaciones para compatibilizar la innovaci\u00f3n tecnol\u00f3gica con la protecci\u00f3n de la biodiversidad y los derechos de las personas. El estudio analiza el marco normativo internacional, europeo y estatal en relaci\u00f3n al uso de tecnolog\u00edas de monitorizaci\u00f3n en estos espacios, y presta [&hellip;]","og_url":"https:\/\/radiociutat.com\/es\/ultimas-noticias\/la-urv-analiza-como-utilizar-tecnologias-de-monitorizacion-en-espacios-naturales-protegidos\/","og_site_name":"R\u00e0dio Ciutat de Tarragona","article_publisher":"https:\/\/www.facebook.com\/rctgn","article_published_time":"2026-03-17T10:45:03+00:00","og_image":[{"width":900,"height":891,"url":"https:\/\/files.radiociutat.com\/rctgn\/wp-content\/uploads\/2026\/03\/WhatsApp_Image_2025-08-04_at_10.49.20-e1773744090709.jpeg","type":"image\/jpeg"}],"author":"Redacci\u00f3","twitter_card":"summary_large_image","twitter_creator":"@RCTgn","twitter_site":"@RCTgn","twitter_misc":{"Escrito por":"Redacci\u00f3","Tiempo de lectura":"1 minuto"},"schema":{"@context":"https:\/\/schema.org","@graph":[{"@type":"Article","@id":"https:\/\/radiociutat.com\/es\/ultimas-noticias\/la-urv-analiza-como-utilizar-tecnologias-de-monitorizacion-en-espacios-naturales-protegidos\/#article","isPartOf":{"@id":"https:\/\/radiociutat.com\/es\/ultimas-noticias\/la-urv-analiza-como-utilizar-tecnologias-de-monitorizacion-en-espacios-naturales-protegidos\/"},"author":{"name":"Redacci\u00f3","@id":"https:\/\/radiociutat.com\/es\/#\/schema\/person\/04b6638f9d2a9ea77408db76c5d8f0b5"},"headline":"La URV analiza c\u00f3mo utilizar tecnolog\u00edas de monitorizaci\u00f3n en espacios naturales protegidos","datePublished":"2026-03-17T10:45:03+00:00","mainEntityOfPage":{"@id":"https:\/\/radiociutat.com\/es\/ultimas-noticias\/la-urv-analiza-como-utilizar-tecnologias-de-monitorizacion-en-espacios-naturales-protegidos\/"},"wordCount":249,"image":{"@id":"https:\/\/radiociutat.com\/es\/ultimas-noticias\/la-urv-analiza-como-utilizar-tecnologias-de-monitorizacion-en-espacios-naturales-protegidos\/#primaryimage"},"thumbnailUrl":"https:\/\/files.radiociutat.com\/rctgn\/wp-content\/uploads\/2026\/03\/WhatsApp_Image_2025-08-04_at_10.49.20-e1773744090709.jpeg","keywords":["Tarragona","URV"],"articleSection":["Cr\u00f3nicas","\u00daltimas noticias"],"inLanguage":"es"},{"@type":"WebPage","@id":"https:\/\/radiociutat.com\/es\/ultimas-noticias\/la-urv-analiza-como-utilizar-tecnologias-de-monitorizacion-en-espacios-naturales-protegidos\/","url":"https:\/\/radiociutat.com\/es\/ultimas-noticias\/la-urv-analiza-como-utilizar-tecnologias-de-monitorizacion-en-espacios-naturales-protegidos\/","name":"La URV analiza c\u00f3mo utilizar tecnolog\u00edas de monitorizaci\u00f3n en espacios naturales protegidos - R\u00e0dio Ciutat de Tarragona","isPartOf":{"@id":"https:\/\/radiociutat.com\/es\/#website"},"primaryImageOfPage":{"@id":"https:\/\/radiociutat.com\/es\/ultimas-noticias\/la-urv-analiza-como-utilizar-tecnologias-de-monitorizacion-en-espacios-naturales-protegidos\/#primaryimage"},"image":{"@id":"https:\/\/radiociutat.com\/es\/ultimas-noticias\/la-urv-analiza-como-utilizar-tecnologias-de-monitorizacion-en-espacios-naturales-protegidos\/#primaryimage"},"thumbnailUrl":"https:\/\/files.radiociutat.com\/rctgn\/wp-content\/uploads\/2026\/03\/WhatsApp_Image_2025-08-04_at_10.49.20-e1773744090709.jpeg","datePublished":"2026-03-17T10:45:03+00:00","author":{"@id":"https:\/\/radiociutat.com\/es\/#\/schema\/person\/04b6638f9d2a9ea77408db76c5d8f0b5"},"breadcrumb":{"@id":"https:\/\/radiociutat.com\/es\/ultimas-noticias\/la-urv-analiza-como-utilizar-tecnologias-de-monitorizacion-en-espacios-naturales-protegidos\/#breadcrumb"},"inLanguage":"es","potentialAction":[{"@type":"ReadAction","target":["https:\/\/radiociutat.com\/es\/ultimas-noticias\/la-urv-analiza-como-utilizar-tecnologias-de-monitorizacion-en-espacios-naturales-protegidos\/"]}]},{"@type":"ImageObject","inLanguage":"es","@id":"https:\/\/radiociutat.com\/es\/ultimas-noticias\/la-urv-analiza-como-utilizar-tecnologias-de-monitorizacion-en-espacios-naturales-protegidos\/#primaryimage","url":"https:\/\/files.radiociutat.com\/rctgn\/wp-content\/uploads\/2026\/03\/WhatsApp_Image_2025-08-04_at_10.49.20-e1773744090709.jpeg","contentUrl":"https:\/\/files.radiociutat.com\/rctgn\/wp-content\/uploads\/2026\/03\/WhatsApp_Image_2025-08-04_at_10.49.20-e1773744090709.jpeg","width":900,"height":891},{"@type":"BreadcrumbList","@id":"https:\/\/radiociutat.com\/es\/ultimas-noticias\/la-urv-analiza-como-utilizar-tecnologias-de-monitorizacion-en-espacios-naturales-protegidos\/#breadcrumb","itemListElement":[{"@type":"ListItem","position":1,"name":"Inici","item":"https:\/\/radiociutat.com\/es\/"},{"@type":"ListItem","position":2,"name":"La URV analiza c\u00f3mo utilizar tecnolog\u00edas de monitorizaci\u00f3n en espacios naturales protegidos"}]},{"@type":"WebSite","@id":"https:\/\/radiociutat.com\/es\/#website","url":"https:\/\/radiociutat.com\/es\/","name":"R\u00e0dio Ciutat de Tarragona","description":"R\u00e0dio Ciutat de Tarragona - RCTgn.cat R\u00e0dio Online","potentialAction":[{"@type":"SearchAction","target":{"@type":"EntryPoint","urlTemplate":"https:\/\/radiociutat.com\/es\/?s={search_term_string}"},"query-input":{"@type":"PropertyValueSpecification","valueRequired":true,"valueName":"search_term_string"}}],"inLanguage":"es"},{"@type":"Person","@id":"https:\/\/radiociutat.com\/es\/#\/schema\/person\/04b6638f9d2a9ea77408db76c5d8f0b5","name":"Redacci\u00f3","sameAs":["https:\/\/radiociutat.com\/wp-content\/uploads\/2023\/09\/LOGO-RCTGN-CUADRAT.png"],"url":"https:\/\/radiociutat.com\/es\/author\/jespinosa\/"}]}},"_links":{"self":[{"href":"https:\/\/radiociutat.com\/es\/wp-json\/wp\/v2\/posts\/370374","targetHints":{"allow":["GET"]}}],"collection":[{"href":"https:\/\/radiociutat.com\/es\/wp-json\/wp\/v2\/posts"}],"about":[{"href":"https:\/\/radiociutat.com\/es\/wp-json\/wp\/v2\/types\/post"}],"author":[{"embeddable":true,"href":"https:\/\/radiociutat.com\/es\/wp-json\/wp\/v2\/users\/1"}],"replies":[{"embeddable":true,"href":"https:\/\/radiociutat.com\/es\/wp-json\/wp\/v2\/comments?post=370374"}],"version-history":[{"count":0,"href":"https:\/\/radiociutat.com\/es\/wp-json\/wp\/v2\/posts\/370374\/revisions"}],"wp:featuredmedia":[{"embeddable":true,"href":"https:\/\/radiociutat.com\/es\/wp-json\/wp\/v2\/media\/370367"}],"wp:attachment":[{"href":"https:\/\/radiociutat.com\/es\/wp-json\/wp\/v2\/media?parent=370374"}],"wp:term":[{"taxonomy":"category","embeddable":true,"href":"https:\/\/radiociutat.com\/es\/wp-json\/wp\/v2\/categories?post=370374"},{"taxonomy":"post_tag","embeddable":true,"href":"https:\/\/radiociutat.com\/es\/wp-json\/wp\/v2\/tags?post=370374"}],"curies":[{"name":"wp","href":"https:\/\/api.w.org\/{rel}","templated":true}]}}