{"id":370253,"date":"2026-03-16T16:10:51","date_gmt":"2026-03-16T15:10:51","guid":{"rendered":"https:\/\/radiociutat.com\/programes-podcast\/salou-refuerza-su-litoral-verde-con-la-plantacion-de-3-800-plantas-autoctonas\/"},"modified":"2026-03-16T16:10:51","modified_gmt":"2026-03-16T15:10:51","slug":"salou-refuerza-su-litoral-verde-con-la-plantacion-de-3-800-plantas-autoctonas","status":"publish","type":"post","link":"https:\/\/radiociutat.com\/es\/ultimas-noticias\/cronicas\/salou-refuerza-su-litoral-verde-con-la-plantacion-de-3-800-plantas-autoctonas\/","title":{"rendered":"Salou refuerza su litoral verde con la plantaci\u00f3n de 3.800 plantas aut\u00f3ctonas"},"content":{"rendered":"\n<p>El <strong>Ayuntamiento de Salou<\/strong> contin\u00faa avanzando en su modelo de municipio sostenible y comprometido con la preservaci\u00f3n del medio natural con un nuevo proyecto de renaturalizaci\u00f3n que actuar\u00e1 en once puntos del litoral, especialmente en la zona de Cap Salou.<\/p>\n\n\n\n<p>La iniciativa cuenta con una inversi\u00f3n superior a los <strong>260.000 euros<\/strong> y permitir\u00e1 recuperar vegetaci\u00f3n aut\u00f3ctona y mejorar la calidad paisaj\u00edstica de espacios que, con el paso del tiempo, se han visto degradados por la actividad humana.<\/p>\n\n\n\n<p>El proyecto prev\u00e9 la plantaci\u00f3n de cerca de <strong>3.800 nuevas plantas<\/strong>, con el objetivo de reforzar la biodiversidad, incrementar la sombra natural y crear entornos m\u00e1s agradables tanto para la ciudadan\u00eda como para los visitantes.<\/p>\n\n\n\n<p>Este proyecto forma parte de la estrategia municipal para compatibilizar la preservaci\u00f3n del patrimonio natural con la actividad tur\u00edstica, reforzando el posicionamiento de Salou como destino sostenible y respetuoso con el entorno.<\/p>\n\n\n\n<p>Las actuaciones, financiadas con fondos europeos Next Generation, tienen un <strong>plazo de ejecuci\u00f3n aproximado de dos meses<\/strong> desde el inicio de las obras y permitir\u00e1n mejorar la calidad ambiental del litoral, al tiempo que enriquecer\u00e1n la experiencia de las personas que disfrutan de los espacios naturales del municipio.<\/p>\n","protected":false},"excerpt":{"rendered":"<p>El Ayuntamiento de Salou contin\u00faa avanzando en su modelo de municipio sostenible y comprometido con la preservaci\u00f3n del medio natural con un nuevo proyecto de renaturalizaci\u00f3n que actuar\u00e1 en once puntos del litoral, especialmente en la zona de Cap Salou. La iniciativa cuenta con una inversi\u00f3n superior a los 260.000 euros y permitir\u00e1 recuperar vegetaci\u00f3n [&hellip;]<\/p>\n","protected":false},"author":1,"featured_media":370251,"comment_status":"closed","ping_status":"closed","sticky":false,"template":"","format":"standard","meta":{"footnotes":""},"categories":[13688,13716],"tags":[10755,795,13749],"class_list":["post-370253","post","type-post","status-publish","format-standard","has-post-thumbnail","hentry","category-cronicas","category-ultimas-noticias","tag-ajuntament-de-salou","tag-medi-ambient","tag-salou-2"],"yoast_head":"<!-- This site is optimized with the Yoast SEO Premium plugin v27.4 (Yoast SEO v27.5) - https:\/\/yoast.com\/product\/yoast-seo-premium-wordpress\/ -->\n<title>Salou refuerza su litoral verde con la plantaci\u00f3n de 3.800 plantas aut\u00f3ctonas - R\u00e0dio Ciutat de Tarragona<\/title>\n<meta name=\"robots\" content=\"index, follow, max-snippet:-1, max-image-preview:large, max-video-preview:-1\" \/>\n<link rel=\"canonical\" href=\"https:\/\/radiociutat.com\/es\/ultimas-noticias\/cronicas\/salou-refuerza-su-litoral-verde-con-la-plantacion-de-3-800-plantas-autoctonas\/\" \/>\n<meta property=\"og:locale\" content=\"es_ES\" \/>\n<meta property=\"og:type\" content=\"article\" \/>\n<meta property=\"og:title\" content=\"Salou refuerza su litoral verde con la plantaci\u00f3n de 3.800 plantas aut\u00f3ctonas\" \/>\n<meta property=\"og:description\" content=\"El Ayuntamiento de Salou contin\u00faa avanzando en su modelo de municipio sostenible y comprometido con la preservaci\u00f3n del medio natural con un nuevo proyecto de renaturalizaci\u00f3n que actuar\u00e1 en once puntos del litoral, especialmente en la zona de Cap Salou. La iniciativa cuenta con una inversi\u00f3n superior a los 260.000 euros y permitir\u00e1 recuperar vegetaci\u00f3n [&hellip;]\" \/>\n<meta property=\"og:url\" content=\"https:\/\/radiociutat.com\/es\/ultimas-noticias\/cronicas\/salou-refuerza-su-litoral-verde-con-la-plantacion-de-3-800-plantas-autoctonas\/\" \/>\n<meta property=\"og:site_name\" content=\"R\u00e0dio Ciutat de Tarragona\" \/>\n<meta property=\"article:publisher\" content=\"https:\/\/www.facebook.com\/rctgn\" \/>\n<meta property=\"article:published_time\" content=\"2026-03-16T15:10:51+00:00\" \/>\n<meta property=\"og:image\" content=\"https:\/\/files.radiociutat.com\/rctgn\/wp-content\/uploads\/2021\/03\/LOGO-RCTGN-RADIO-CIUTAT-DE-TARRAGONA-TRANSPARENTE-TARRAGONA-2020-3000X3000-Redes1-copia.png\" \/>\n\t<meta property=\"og:image:width\" content=\"3000\" \/>\n\t<meta property=\"og:image:height\" content=\"3000\" \/>\n\t<meta property=\"og:image:type\" content=\"image\/png\" \/>\n<meta name=\"author\" content=\"Redacci\u00f3\" \/>\n<meta name=\"twitter:card\" content=\"summary_large_image\" \/>\n<meta name=\"twitter:creator\" content=\"@RCTgn\" \/>\n<meta name=\"twitter:site\" content=\"@RCTgn\" \/>\n<meta name=\"twitter:label1\" content=\"Escrito por\" \/>\n\t<meta name=\"twitter:data1\" content=\"Redacci\u00f3\" \/>\n\t<meta name=\"twitter:label2\" content=\"Tiempo de lectura\" \/>\n\t<meta name=\"twitter:data2\" content=\"1 minuto\" \/>\n<script type=\"application\/ld+json\" class=\"yoast-schema-graph\">{\"@context\":\"https:\\\/\\\/schema.org\",\"@graph\":[{\"@type\":\"Article\",\"@id\":\"https:\\\/\\\/radiociutat.com\\\/es\\\/ultimas-noticias\\\/cronicas\\\/salou-refuerza-su-litoral-verde-con-la-plantacion-de-3-800-plantas-autoctonas\\\/#article\",\"isPartOf\":{\"@id\":\"https:\\\/\\\/radiociutat.com\\\/es\\\/ultimas-noticias\\\/cronicas\\\/salou-refuerza-su-litoral-verde-con-la-plantacion-de-3-800-plantas-autoctonas\\\/\"},\"author\":{\"name\":\"Redacci\u00f3\",\"@id\":\"https:\\\/\\\/radiociutat.com\\\/es\\\/#\\\/schema\\\/person\\\/04b6638f9d2a9ea77408db76c5d8f0b5\"},\"headline\":\"Salou refuerza su litoral verde con la plantaci\u00f3n de 3.800 plantas aut\u00f3ctonas\",\"datePublished\":\"2026-03-16T15:10:51+00:00\",\"mainEntityOfPage\":{\"@id\":\"https:\\\/\\\/radiociutat.com\\\/es\\\/ultimas-noticias\\\/cronicas\\\/salou-refuerza-su-litoral-verde-con-la-plantacion-de-3-800-plantas-autoctonas\\\/\"},\"wordCount\":218,\"image\":{\"@id\":\"https:\\\/\\\/radiociutat.com\\\/es\\\/ultimas-noticias\\\/cronicas\\\/salou-refuerza-su-litoral-verde-con-la-plantacion-de-3-800-plantas-autoctonas\\\/#primaryimage\"},\"thumbnailUrl\":\"https:\\\/\\\/files.radiociutat.com\\\/rctgn\\\/wp-content\\\/uploads\\\/2026\\\/03\\\/ajuntament-salou-_8_-e1773673575205.jpg\",\"keywords\":[\"Ajuntament de Salou\",\"medi ambient\",\"Salou\"],\"articleSection\":[\"Cr\u00f3nicas\",\"\u00daltimas noticias\"],\"inLanguage\":\"es\"},{\"@type\":\"WebPage\",\"@id\":\"https:\\\/\\\/radiociutat.com\\\/es\\\/ultimas-noticias\\\/cronicas\\\/salou-refuerza-su-litoral-verde-con-la-plantacion-de-3-800-plantas-autoctonas\\\/\",\"url\":\"https:\\\/\\\/radiociutat.com\\\/es\\\/ultimas-noticias\\\/cronicas\\\/salou-refuerza-su-litoral-verde-con-la-plantacion-de-3-800-plantas-autoctonas\\\/\",\"name\":\"Salou refuerza su litoral verde con la plantaci\u00f3n de 3.800 plantas aut\u00f3ctonas - R\u00e0dio Ciutat de Tarragona\",\"isPartOf\":{\"@id\":\"https:\\\/\\\/radiociutat.com\\\/es\\\/#website\"},\"primaryImageOfPage\":{\"@id\":\"https:\\\/\\\/radiociutat.com\\\/es\\\/ultimas-noticias\\\/cronicas\\\/salou-refuerza-su-litoral-verde-con-la-plantacion-de-3-800-plantas-autoctonas\\\/#primaryimage\"},\"image\":{\"@id\":\"https:\\\/\\\/radiociutat.com\\\/es\\\/ultimas-noticias\\\/cronicas\\\/salou-refuerza-su-litoral-verde-con-la-plantacion-de-3-800-plantas-autoctonas\\\/#primaryimage\"},\"thumbnailUrl\":\"https:\\\/\\\/files.radiociutat.com\\\/rctgn\\\/wp-content\\\/uploads\\\/2026\\\/03\\\/ajuntament-salou-_8_-e1773673575205.jpg\",\"datePublished\":\"2026-03-16T15:10:51+00:00\",\"author\":{\"@id\":\"https:\\\/\\\/radiociutat.com\\\/es\\\/#\\\/schema\\\/person\\\/04b6638f9d2a9ea77408db76c5d8f0b5\"},\"breadcrumb\":{\"@id\":\"https:\\\/\\\/radiociutat.com\\\/es\\\/ultimas-noticias\\\/cronicas\\\/salou-refuerza-su-litoral-verde-con-la-plantacion-de-3-800-plantas-autoctonas\\\/#breadcrumb\"},\"inLanguage\":\"es\",\"potentialAction\":[{\"@type\":\"ReadAction\",\"target\":[\"https:\\\/\\\/radiociutat.com\\\/es\\\/ultimas-noticias\\\/cronicas\\\/salou-refuerza-su-litoral-verde-con-la-plantacion-de-3-800-plantas-autoctonas\\\/\"]}]},{\"@type\":\"ImageObject\",\"inLanguage\":\"es\",\"@id\":\"https:\\\/\\\/radiociutat.com\\\/es\\\/ultimas-noticias\\\/cronicas\\\/salou-refuerza-su-litoral-verde-con-la-plantacion-de-3-800-plantas-autoctonas\\\/#primaryimage\",\"url\":\"https:\\\/\\\/files.radiociutat.com\\\/rctgn\\\/wp-content\\\/uploads\\\/2026\\\/03\\\/ajuntament-salou-_8_-e1773673575205.jpg\",\"contentUrl\":\"https:\\\/\\\/files.radiociutat.com\\\/rctgn\\\/wp-content\\\/uploads\\\/2026\\\/03\\\/ajuntament-salou-_8_-e1773673575205.jpg\",\"width\":1024,\"height\":768},{\"@type\":\"BreadcrumbList\",\"@id\":\"https:\\\/\\\/radiociutat.com\\\/es\\\/ultimas-noticias\\\/cronicas\\\/salou-refuerza-su-litoral-verde-con-la-plantacion-de-3-800-plantas-autoctonas\\\/#breadcrumb\",\"itemListElement\":[{\"@type\":\"ListItem\",\"position\":1,\"name\":\"Inici\",\"item\":\"https:\\\/\\\/radiociutat.com\\\/es\\\/\"},{\"@type\":\"ListItem\",\"position\":2,\"name\":\"Salou refuerza su litoral verde con la plantaci\u00f3n de 3.800 plantas aut\u00f3ctonas\"}]},{\"@type\":\"WebSite\",\"@id\":\"https:\\\/\\\/radiociutat.com\\\/es\\\/#website\",\"url\":\"https:\\\/\\\/radiociutat.com\\\/es\\\/\",\"name\":\"R\u00e0dio Ciutat de Tarragona\",\"description\":\"R\u00e0dio Ciutat de Tarragona - RCTgn.cat R\u00e0dio Online\",\"potentialAction\":[{\"@type\":\"SearchAction\",\"target\":{\"@type\":\"EntryPoint\",\"urlTemplate\":\"https:\\\/\\\/radiociutat.com\\\/es\\\/?s={search_term_string}\"},\"query-input\":{\"@type\":\"PropertyValueSpecification\",\"valueRequired\":true,\"valueName\":\"search_term_string\"}}],\"inLanguage\":\"es\"},{\"@type\":\"Person\",\"@id\":\"https:\\\/\\\/radiociutat.com\\\/es\\\/#\\\/schema\\\/person\\\/04b6638f9d2a9ea77408db76c5d8f0b5\",\"name\":\"Redacci\u00f3\",\"sameAs\":[\"https:\\\/\\\/radiociutat.com\\\/wp-content\\\/uploads\\\/2023\\\/09\\\/LOGO-RCTGN-CUADRAT.png\"],\"url\":\"https:\\\/\\\/radiociutat.com\\\/es\\\/author\\\/jespinosa\\\/\"}]}<\/script>\n<!-- \/ Yoast SEO Premium plugin. -->","yoast_head_json":{"title":"Salou refuerza su litoral verde con la plantaci\u00f3n de 3.800 plantas aut\u00f3ctonas - R\u00e0dio Ciutat de Tarragona","robots":{"index":"index","follow":"follow","max-snippet":"max-snippet:-1","max-image-preview":"max-image-preview:large","max-video-preview":"max-video-preview:-1"},"canonical":"https:\/\/radiociutat.com\/es\/ultimas-noticias\/cronicas\/salou-refuerza-su-litoral-verde-con-la-plantacion-de-3-800-plantas-autoctonas\/","og_locale":"es_ES","og_type":"article","og_title":"Salou refuerza su litoral verde con la plantaci\u00f3n de 3.800 plantas aut\u00f3ctonas","og_description":"El Ayuntamiento de Salou contin\u00faa avanzando en su modelo de municipio sostenible y comprometido con la preservaci\u00f3n del medio natural con un nuevo proyecto de renaturalizaci\u00f3n que actuar\u00e1 en once puntos del litoral, especialmente en la zona de Cap Salou. La iniciativa cuenta con una inversi\u00f3n superior a los 260.000 euros y permitir\u00e1 recuperar vegetaci\u00f3n [&hellip;]","og_url":"https:\/\/radiociutat.com\/es\/ultimas-noticias\/cronicas\/salou-refuerza-su-litoral-verde-con-la-plantacion-de-3-800-plantas-autoctonas\/","og_site_name":"R\u00e0dio Ciutat de Tarragona","article_publisher":"https:\/\/www.facebook.com\/rctgn","article_published_time":"2026-03-16T15:10:51+00:00","og_image":[{"width":3000,"height":3000,"url":"https:\/\/files.radiociutat.com\/rctgn\/wp-content\/uploads\/2021\/03\/LOGO-RCTGN-RADIO-CIUTAT-DE-TARRAGONA-TRANSPARENTE-TARRAGONA-2020-3000X3000-Redes1-copia.png","type":"image\/png"}],"author":"Redacci\u00f3","twitter_card":"summary_large_image","twitter_creator":"@RCTgn","twitter_site":"@RCTgn","twitter_misc":{"Escrito por":"Redacci\u00f3","Tiempo de lectura":"1 minuto"},"schema":{"@context":"https:\/\/schema.org","@graph":[{"@type":"Article","@id":"https:\/\/radiociutat.com\/es\/ultimas-noticias\/cronicas\/salou-refuerza-su-litoral-verde-con-la-plantacion-de-3-800-plantas-autoctonas\/#article","isPartOf":{"@id":"https:\/\/radiociutat.com\/es\/ultimas-noticias\/cronicas\/salou-refuerza-su-litoral-verde-con-la-plantacion-de-3-800-plantas-autoctonas\/"},"author":{"name":"Redacci\u00f3","@id":"https:\/\/radiociutat.com\/es\/#\/schema\/person\/04b6638f9d2a9ea77408db76c5d8f0b5"},"headline":"Salou refuerza su litoral verde con la plantaci\u00f3n de 3.800 plantas aut\u00f3ctonas","datePublished":"2026-03-16T15:10:51+00:00","mainEntityOfPage":{"@id":"https:\/\/radiociutat.com\/es\/ultimas-noticias\/cronicas\/salou-refuerza-su-litoral-verde-con-la-plantacion-de-3-800-plantas-autoctonas\/"},"wordCount":218,"image":{"@id":"https:\/\/radiociutat.com\/es\/ultimas-noticias\/cronicas\/salou-refuerza-su-litoral-verde-con-la-plantacion-de-3-800-plantas-autoctonas\/#primaryimage"},"thumbnailUrl":"https:\/\/files.radiociutat.com\/rctgn\/wp-content\/uploads\/2026\/03\/ajuntament-salou-_8_-e1773673575205.jpg","keywords":["Ajuntament de Salou","medi ambient","Salou"],"articleSection":["Cr\u00f3nicas","\u00daltimas noticias"],"inLanguage":"es"},{"@type":"WebPage","@id":"https:\/\/radiociutat.com\/es\/ultimas-noticias\/cronicas\/salou-refuerza-su-litoral-verde-con-la-plantacion-de-3-800-plantas-autoctonas\/","url":"https:\/\/radiociutat.com\/es\/ultimas-noticias\/cronicas\/salou-refuerza-su-litoral-verde-con-la-plantacion-de-3-800-plantas-autoctonas\/","name":"Salou refuerza su litoral verde con la plantaci\u00f3n de 3.800 plantas aut\u00f3ctonas - R\u00e0dio Ciutat de Tarragona","isPartOf":{"@id":"https:\/\/radiociutat.com\/es\/#website"},"primaryImageOfPage":{"@id":"https:\/\/radiociutat.com\/es\/ultimas-noticias\/cronicas\/salou-refuerza-su-litoral-verde-con-la-plantacion-de-3-800-plantas-autoctonas\/#primaryimage"},"image":{"@id":"https:\/\/radiociutat.com\/es\/ultimas-noticias\/cronicas\/salou-refuerza-su-litoral-verde-con-la-plantacion-de-3-800-plantas-autoctonas\/#primaryimage"},"thumbnailUrl":"https:\/\/files.radiociutat.com\/rctgn\/wp-content\/uploads\/2026\/03\/ajuntament-salou-_8_-e1773673575205.jpg","datePublished":"2026-03-16T15:10:51+00:00","author":{"@id":"https:\/\/radiociutat.com\/es\/#\/schema\/person\/04b6638f9d2a9ea77408db76c5d8f0b5"},"breadcrumb":{"@id":"https:\/\/radiociutat.com\/es\/ultimas-noticias\/cronicas\/salou-refuerza-su-litoral-verde-con-la-plantacion-de-3-800-plantas-autoctonas\/#breadcrumb"},"inLanguage":"es","potentialAction":[{"@type":"ReadAction","target":["https:\/\/radiociutat.com\/es\/ultimas-noticias\/cronicas\/salou-refuerza-su-litoral-verde-con-la-plantacion-de-3-800-plantas-autoctonas\/"]}]},{"@type":"ImageObject","inLanguage":"es","@id":"https:\/\/radiociutat.com\/es\/ultimas-noticias\/cronicas\/salou-refuerza-su-litoral-verde-con-la-plantacion-de-3-800-plantas-autoctonas\/#primaryimage","url":"https:\/\/files.radiociutat.com\/rctgn\/wp-content\/uploads\/2026\/03\/ajuntament-salou-_8_-e1773673575205.jpg","contentUrl":"https:\/\/files.radiociutat.com\/rctgn\/wp-content\/uploads\/2026\/03\/ajuntament-salou-_8_-e1773673575205.jpg","width":1024,"height":768},{"@type":"BreadcrumbList","@id":"https:\/\/radiociutat.com\/es\/ultimas-noticias\/cronicas\/salou-refuerza-su-litoral-verde-con-la-plantacion-de-3-800-plantas-autoctonas\/#breadcrumb","itemListElement":[{"@type":"ListItem","position":1,"name":"Inici","item":"https:\/\/radiociutat.com\/es\/"},{"@type":"ListItem","position":2,"name":"Salou refuerza su litoral verde con la plantaci\u00f3n de 3.800 plantas aut\u00f3ctonas"}]},{"@type":"WebSite","@id":"https:\/\/radiociutat.com\/es\/#website","url":"https:\/\/radiociutat.com\/es\/","name":"R\u00e0dio Ciutat de Tarragona","description":"R\u00e0dio Ciutat de Tarragona - RCTgn.cat R\u00e0dio Online","potentialAction":[{"@type":"SearchAction","target":{"@type":"EntryPoint","urlTemplate":"https:\/\/radiociutat.com\/es\/?s={search_term_string}"},"query-input":{"@type":"PropertyValueSpecification","valueRequired":true,"valueName":"search_term_string"}}],"inLanguage":"es"},{"@type":"Person","@id":"https:\/\/radiociutat.com\/es\/#\/schema\/person\/04b6638f9d2a9ea77408db76c5d8f0b5","name":"Redacci\u00f3","sameAs":["https:\/\/radiociutat.com\/wp-content\/uploads\/2023\/09\/LOGO-RCTGN-CUADRAT.png"],"url":"https:\/\/radiociutat.com\/es\/author\/jespinosa\/"}]}},"_links":{"self":[{"href":"https:\/\/radiociutat.com\/es\/wp-json\/wp\/v2\/posts\/370253","targetHints":{"allow":["GET"]}}],"collection":[{"href":"https:\/\/radiociutat.com\/es\/wp-json\/wp\/v2\/posts"}],"about":[{"href":"https:\/\/radiociutat.com\/es\/wp-json\/wp\/v2\/types\/post"}],"author":[{"embeddable":true,"href":"https:\/\/radiociutat.com\/es\/wp-json\/wp\/v2\/users\/1"}],"replies":[{"embeddable":true,"href":"https:\/\/radiociutat.com\/es\/wp-json\/wp\/v2\/comments?post=370253"}],"version-history":[{"count":0,"href":"https:\/\/radiociutat.com\/es\/wp-json\/wp\/v2\/posts\/370253\/revisions"}],"wp:featuredmedia":[{"embeddable":true,"href":"https:\/\/radiociutat.com\/es\/wp-json\/wp\/v2\/media\/370251"}],"wp:attachment":[{"href":"https:\/\/radiociutat.com\/es\/wp-json\/wp\/v2\/media?parent=370253"}],"wp:term":[{"taxonomy":"category","embeddable":true,"href":"https:\/\/radiociutat.com\/es\/wp-json\/wp\/v2\/categories?post=370253"},{"taxonomy":"post_tag","embeddable":true,"href":"https:\/\/radiociutat.com\/es\/wp-json\/wp\/v2\/tags?post=370253"}],"curies":[{"name":"wp","href":"https:\/\/api.w.org\/{rel}","templated":true}]}}