{"id":370246,"date":"2026-03-16T15:58:32","date_gmt":"2026-03-16T14:58:32","guid":{"rendered":"https:\/\/radiociutat.com\/programes-podcast\/tarragona-promueve-una-futura-red-de-ciudades-para-el-impulso-de-los-derechos-culturales\/"},"modified":"2026-03-16T15:58:32","modified_gmt":"2026-03-16T14:58:32","slug":"tarragona-promueve-una-futura-red-de-ciudades-para-el-impulso-de-los-derechos-culturales","status":"publish","type":"post","link":"https:\/\/radiociutat.com\/es\/ultimas-noticias\/cronicas\/tarragona-promueve-una-futura-red-de-ciudades-para-el-impulso-de-los-derechos-culturales\/","title":{"rendered":"Tarragona promueve una futura red de ciudades para el impulso de los derechos culturales"},"content":{"rendered":"\n<p>El Ayuntamiento de Tarragona ha participado en el <strong>primer encuentro de Jefes de Cultura<\/strong>, con los Ayuntamientos de Granollers, Lleida, Manresa, El Prat, Sabadell, Olot y Vic, celebrado en El C\u00e8ntric. Espacio Cultural de El Prat de Llobregat.<\/p>\n\n\n\n<p>Se trata de una sesi\u00f3n de trabajo para compartir experiencias y reflexiones sobre los retos actuales de la gesti\u00f3n cultural en el mundo local. El encuentro ha puesto en valor la centralidad de las <strong>pol\u00edticas culturales<\/strong> en el \u00e1mbito municipal y la necesidad de reforzarlas con nuevas miradas e instrumentos comunes.<\/p>\n\n\n\n<p>Durante la sesi\u00f3n se ha destacado la importancia de garantizar los derechos culturales de la ciudadan\u00eda, participar y avanzar en el despliegue de la futura ley de derechos culturales y situar la mediaci\u00f3n como herramienta transversal clave. Los participantes han expresado tambi\u00e9n su preocupaci\u00f3n por el incremento y la complejidad administrativa y burocr\u00e1tica que dificulta el desarrollo de las pol\u00edticas culturales, la necesidad de mejorar el funcionamiento de los servicios culturales, situando a las personas en el centro y mejorando sus condiciones de vida. Se ha insistido tambi\u00e9n en que hay que buscar mecanismos para combatir la precarizaci\u00f3n estructural de las trabajadoras culturales.<\/p>\n\n\n\n<p>El grupo de trabajo pretende consolidarse e interlocutar con las diferentes instituciones, as\u00ed como abrirse a nuevas incorporaciones de jefes de cultura que compartan las mismas inquietudes con la voluntad de fortalecer la vida cultural y comunitaria de nuestras ciudades.<\/p>\n","protected":false},"excerpt":{"rendered":"<p>El Ayuntamiento de Tarragona ha participado en el primer encuentro de Jefes de Cultura, con los Ayuntamientos de Granollers, Lleida, Manresa, El Prat, Sabadell, Olot y Vic, celebrado en El C\u00e8ntric. Espacio Cultural de El Prat de Llobregat. Se trata de una sesi\u00f3n de trabajo para compartir experiencias y reflexiones sobre los retos actuales de [&hellip;]<\/p>\n","protected":false},"author":1,"featured_media":370244,"comment_status":"closed","ping_status":"closed","sticky":false,"template":"","format":"standard","meta":{"footnotes":""},"categories":[13688,13716],"tags":[144,19],"class_list":["post-370246","post","type-post","status-publish","format-standard","has-post-thumbnail","hentry","category-cronicas","category-ultimas-noticias","tag-cultura","tag-tarragona"],"yoast_head":"<!-- This site is optimized with the Yoast SEO Premium plugin v27.4 (Yoast SEO v27.5) - https:\/\/yoast.com\/product\/yoast-seo-premium-wordpress\/ -->\n<title>Tarragona promueve una futura red de ciudades para el impulso de los derechos culturales - R\u00e0dio Ciutat de Tarragona<\/title>\n<meta name=\"robots\" content=\"index, follow, max-snippet:-1, max-image-preview:large, max-video-preview:-1\" \/>\n<link rel=\"canonical\" href=\"https:\/\/radiociutat.com\/es\/ultimas-noticias\/cronicas\/tarragona-promueve-una-futura-red-de-ciudades-para-el-impulso-de-los-derechos-culturales\/\" \/>\n<meta property=\"og:locale\" content=\"es_ES\" \/>\n<meta property=\"og:type\" content=\"article\" \/>\n<meta property=\"og:title\" content=\"Tarragona promueve una futura red de ciudades para el impulso de los derechos culturales\" \/>\n<meta property=\"og:description\" content=\"El Ayuntamiento de Tarragona ha participado en el primer encuentro de Jefes de Cultura, con los Ayuntamientos de Granollers, Lleida, Manresa, El Prat, Sabadell, Olot y Vic, celebrado en El C\u00e8ntric. Espacio Cultural de El Prat de Llobregat. Se trata de una sesi\u00f3n de trabajo para compartir experiencias y reflexiones sobre los retos actuales de [&hellip;]\" \/>\n<meta property=\"og:url\" content=\"https:\/\/radiociutat.com\/es\/ultimas-noticias\/cronicas\/tarragona-promueve-una-futura-red-de-ciudades-para-el-impulso-de-los-derechos-culturales\/\" \/>\n<meta property=\"og:site_name\" content=\"R\u00e0dio Ciutat de Tarragona\" \/>\n<meta property=\"article:publisher\" content=\"https:\/\/www.facebook.com\/rctgn\" \/>\n<meta property=\"article:published_time\" content=\"2026-03-16T14:58:32+00:00\" \/>\n<meta property=\"og:image\" content=\"https:\/\/files.radiociutat.com\/rctgn\/wp-content\/uploads\/2021\/03\/LOGO-RCTGN-RADIO-CIUTAT-DE-TARRAGONA-TRANSPARENTE-TARRAGONA-2020-3000X3000-Redes1-copia.png\" \/>\n\t<meta property=\"og:image:width\" content=\"3000\" \/>\n\t<meta property=\"og:image:height\" content=\"3000\" \/>\n\t<meta property=\"og:image:type\" content=\"image\/png\" \/>\n<meta name=\"author\" content=\"Redacci\u00f3\" \/>\n<meta name=\"twitter:card\" content=\"summary_large_image\" \/>\n<meta name=\"twitter:creator\" content=\"@RCTgn\" \/>\n<meta name=\"twitter:site\" content=\"@RCTgn\" \/>\n<meta name=\"twitter:label1\" content=\"Escrito por\" \/>\n\t<meta name=\"twitter:data1\" content=\"Redacci\u00f3\" \/>\n\t<meta name=\"twitter:label2\" content=\"Tiempo de lectura\" \/>\n\t<meta name=\"twitter:data2\" content=\"1 minuto\" \/>\n<script type=\"application\/ld+json\" class=\"yoast-schema-graph\">{\"@context\":\"https:\\\/\\\/schema.org\",\"@graph\":[{\"@type\":\"Article\",\"@id\":\"https:\\\/\\\/radiociutat.com\\\/es\\\/ultimas-noticias\\\/cronicas\\\/tarragona-promueve-una-futura-red-de-ciudades-para-el-impulso-de-los-derechos-culturales\\\/#article\",\"isPartOf\":{\"@id\":\"https:\\\/\\\/radiociutat.com\\\/es\\\/ultimas-noticias\\\/cronicas\\\/tarragona-promueve-una-futura-red-de-ciudades-para-el-impulso-de-los-derechos-culturales\\\/\"},\"author\":{\"name\":\"Redacci\u00f3\",\"@id\":\"https:\\\/\\\/radiociutat.com\\\/es\\\/#\\\/schema\\\/person\\\/04b6638f9d2a9ea77408db76c5d8f0b5\"},\"headline\":\"Tarragona promueve una futura red de ciudades para el impulso de los derechos culturales\",\"datePublished\":\"2026-03-16T14:58:32+00:00\",\"mainEntityOfPage\":{\"@id\":\"https:\\\/\\\/radiociutat.com\\\/es\\\/ultimas-noticias\\\/cronicas\\\/tarragona-promueve-una-futura-red-de-ciudades-para-el-impulso-de-los-derechos-culturales\\\/\"},\"wordCount\":259,\"image\":{\"@id\":\"https:\\\/\\\/radiociutat.com\\\/es\\\/ultimas-noticias\\\/cronicas\\\/tarragona-promueve-una-futura-red-de-ciudades-para-el-impulso-de-los-derechos-culturales\\\/#primaryimage\"},\"thumbnailUrl\":\"https:\\\/\\\/files.radiociutat.com\\\/rctgn\\\/wp-content\\\/uploads\\\/2026\\\/03\\\/Caps-de-Cultura-scaled-e1773672797216.jpg\",\"keywords\":[\"Cultura\",\"Tarragona\"],\"articleSection\":[\"Cr\u00f3nicas\",\"\u00daltimas noticias\"],\"inLanguage\":\"es\"},{\"@type\":\"WebPage\",\"@id\":\"https:\\\/\\\/radiociutat.com\\\/es\\\/ultimas-noticias\\\/cronicas\\\/tarragona-promueve-una-futura-red-de-ciudades-para-el-impulso-de-los-derechos-culturales\\\/\",\"url\":\"https:\\\/\\\/radiociutat.com\\\/es\\\/ultimas-noticias\\\/cronicas\\\/tarragona-promueve-una-futura-red-de-ciudades-para-el-impulso-de-los-derechos-culturales\\\/\",\"name\":\"Tarragona promueve una futura red de ciudades para el impulso de los derechos culturales - R\u00e0dio Ciutat de Tarragona\",\"isPartOf\":{\"@id\":\"https:\\\/\\\/radiociutat.com\\\/es\\\/#website\"},\"primaryImageOfPage\":{\"@id\":\"https:\\\/\\\/radiociutat.com\\\/es\\\/ultimas-noticias\\\/cronicas\\\/tarragona-promueve-una-futura-red-de-ciudades-para-el-impulso-de-los-derechos-culturales\\\/#primaryimage\"},\"image\":{\"@id\":\"https:\\\/\\\/radiociutat.com\\\/es\\\/ultimas-noticias\\\/cronicas\\\/tarragona-promueve-una-futura-red-de-ciudades-para-el-impulso-de-los-derechos-culturales\\\/#primaryimage\"},\"thumbnailUrl\":\"https:\\\/\\\/files.radiociutat.com\\\/rctgn\\\/wp-content\\\/uploads\\\/2026\\\/03\\\/Caps-de-Cultura-scaled-e1773672797216.jpg\",\"datePublished\":\"2026-03-16T14:58:32+00:00\",\"author\":{\"@id\":\"https:\\\/\\\/radiociutat.com\\\/es\\\/#\\\/schema\\\/person\\\/04b6638f9d2a9ea77408db76c5d8f0b5\"},\"breadcrumb\":{\"@id\":\"https:\\\/\\\/radiociutat.com\\\/es\\\/ultimas-noticias\\\/cronicas\\\/tarragona-promueve-una-futura-red-de-ciudades-para-el-impulso-de-los-derechos-culturales\\\/#breadcrumb\"},\"inLanguage\":\"es\",\"potentialAction\":[{\"@type\":\"ReadAction\",\"target\":[\"https:\\\/\\\/radiociutat.com\\\/es\\\/ultimas-noticias\\\/cronicas\\\/tarragona-promueve-una-futura-red-de-ciudades-para-el-impulso-de-los-derechos-culturales\\\/\"]}]},{\"@type\":\"ImageObject\",\"inLanguage\":\"es\",\"@id\":\"https:\\\/\\\/radiociutat.com\\\/es\\\/ultimas-noticias\\\/cronicas\\\/tarragona-promueve-una-futura-red-de-ciudades-para-el-impulso-de-los-derechos-culturales\\\/#primaryimage\",\"url\":\"https:\\\/\\\/files.radiociutat.com\\\/rctgn\\\/wp-content\\\/uploads\\\/2026\\\/03\\\/Caps-de-Cultura-scaled-e1773672797216.jpg\",\"contentUrl\":\"https:\\\/\\\/files.radiociutat.com\\\/rctgn\\\/wp-content\\\/uploads\\\/2026\\\/03\\\/Caps-de-Cultura-scaled-e1773672797216.jpg\",\"width\":2560,\"height\":1920},{\"@type\":\"BreadcrumbList\",\"@id\":\"https:\\\/\\\/radiociutat.com\\\/es\\\/ultimas-noticias\\\/cronicas\\\/tarragona-promueve-una-futura-red-de-ciudades-para-el-impulso-de-los-derechos-culturales\\\/#breadcrumb\",\"itemListElement\":[{\"@type\":\"ListItem\",\"position\":1,\"name\":\"Inici\",\"item\":\"https:\\\/\\\/radiociutat.com\\\/es\\\/\"},{\"@type\":\"ListItem\",\"position\":2,\"name\":\"Tarragona promueve una futura red de ciudades para el impulso de los derechos culturales\"}]},{\"@type\":\"WebSite\",\"@id\":\"https:\\\/\\\/radiociutat.com\\\/es\\\/#website\",\"url\":\"https:\\\/\\\/radiociutat.com\\\/es\\\/\",\"name\":\"R\u00e0dio Ciutat de Tarragona\",\"description\":\"R\u00e0dio Ciutat de Tarragona - RCTgn.cat R\u00e0dio Online\",\"potentialAction\":[{\"@type\":\"SearchAction\",\"target\":{\"@type\":\"EntryPoint\",\"urlTemplate\":\"https:\\\/\\\/radiociutat.com\\\/es\\\/?s={search_term_string}\"},\"query-input\":{\"@type\":\"PropertyValueSpecification\",\"valueRequired\":true,\"valueName\":\"search_term_string\"}}],\"inLanguage\":\"es\"},{\"@type\":\"Person\",\"@id\":\"https:\\\/\\\/radiociutat.com\\\/es\\\/#\\\/schema\\\/person\\\/04b6638f9d2a9ea77408db76c5d8f0b5\",\"name\":\"Redacci\u00f3\",\"sameAs\":[\"https:\\\/\\\/radiociutat.com\\\/wp-content\\\/uploads\\\/2023\\\/09\\\/LOGO-RCTGN-CUADRAT.png\"],\"url\":\"https:\\\/\\\/radiociutat.com\\\/es\\\/author\\\/jespinosa\\\/\"}]}<\/script>\n<!-- \/ Yoast SEO Premium plugin. -->","yoast_head_json":{"title":"Tarragona promueve una futura red de ciudades para el impulso de los derechos culturales - R\u00e0dio Ciutat de Tarragona","robots":{"index":"index","follow":"follow","max-snippet":"max-snippet:-1","max-image-preview":"max-image-preview:large","max-video-preview":"max-video-preview:-1"},"canonical":"https:\/\/radiociutat.com\/es\/ultimas-noticias\/cronicas\/tarragona-promueve-una-futura-red-de-ciudades-para-el-impulso-de-los-derechos-culturales\/","og_locale":"es_ES","og_type":"article","og_title":"Tarragona promueve una futura red de ciudades para el impulso de los derechos culturales","og_description":"El Ayuntamiento de Tarragona ha participado en el primer encuentro de Jefes de Cultura, con los Ayuntamientos de Granollers, Lleida, Manresa, El Prat, Sabadell, Olot y Vic, celebrado en El C\u00e8ntric. Espacio Cultural de El Prat de Llobregat. Se trata de una sesi\u00f3n de trabajo para compartir experiencias y reflexiones sobre los retos actuales de [&hellip;]","og_url":"https:\/\/radiociutat.com\/es\/ultimas-noticias\/cronicas\/tarragona-promueve-una-futura-red-de-ciudades-para-el-impulso-de-los-derechos-culturales\/","og_site_name":"R\u00e0dio Ciutat de Tarragona","article_publisher":"https:\/\/www.facebook.com\/rctgn","article_published_time":"2026-03-16T14:58:32+00:00","og_image":[{"width":3000,"height":3000,"url":"https:\/\/files.radiociutat.com\/rctgn\/wp-content\/uploads\/2021\/03\/LOGO-RCTGN-RADIO-CIUTAT-DE-TARRAGONA-TRANSPARENTE-TARRAGONA-2020-3000X3000-Redes1-copia.png","type":"image\/png"}],"author":"Redacci\u00f3","twitter_card":"summary_large_image","twitter_creator":"@RCTgn","twitter_site":"@RCTgn","twitter_misc":{"Escrito por":"Redacci\u00f3","Tiempo de lectura":"1 minuto"},"schema":{"@context":"https:\/\/schema.org","@graph":[{"@type":"Article","@id":"https:\/\/radiociutat.com\/es\/ultimas-noticias\/cronicas\/tarragona-promueve-una-futura-red-de-ciudades-para-el-impulso-de-los-derechos-culturales\/#article","isPartOf":{"@id":"https:\/\/radiociutat.com\/es\/ultimas-noticias\/cronicas\/tarragona-promueve-una-futura-red-de-ciudades-para-el-impulso-de-los-derechos-culturales\/"},"author":{"name":"Redacci\u00f3","@id":"https:\/\/radiociutat.com\/es\/#\/schema\/person\/04b6638f9d2a9ea77408db76c5d8f0b5"},"headline":"Tarragona promueve una futura red de ciudades para el impulso de los derechos culturales","datePublished":"2026-03-16T14:58:32+00:00","mainEntityOfPage":{"@id":"https:\/\/radiociutat.com\/es\/ultimas-noticias\/cronicas\/tarragona-promueve-una-futura-red-de-ciudades-para-el-impulso-de-los-derechos-culturales\/"},"wordCount":259,"image":{"@id":"https:\/\/radiociutat.com\/es\/ultimas-noticias\/cronicas\/tarragona-promueve-una-futura-red-de-ciudades-para-el-impulso-de-los-derechos-culturales\/#primaryimage"},"thumbnailUrl":"https:\/\/files.radiociutat.com\/rctgn\/wp-content\/uploads\/2026\/03\/Caps-de-Cultura-scaled-e1773672797216.jpg","keywords":["Cultura","Tarragona"],"articleSection":["Cr\u00f3nicas","\u00daltimas noticias"],"inLanguage":"es"},{"@type":"WebPage","@id":"https:\/\/radiociutat.com\/es\/ultimas-noticias\/cronicas\/tarragona-promueve-una-futura-red-de-ciudades-para-el-impulso-de-los-derechos-culturales\/","url":"https:\/\/radiociutat.com\/es\/ultimas-noticias\/cronicas\/tarragona-promueve-una-futura-red-de-ciudades-para-el-impulso-de-los-derechos-culturales\/","name":"Tarragona promueve una futura red de ciudades para el impulso de los derechos culturales - R\u00e0dio Ciutat de Tarragona","isPartOf":{"@id":"https:\/\/radiociutat.com\/es\/#website"},"primaryImageOfPage":{"@id":"https:\/\/radiociutat.com\/es\/ultimas-noticias\/cronicas\/tarragona-promueve-una-futura-red-de-ciudades-para-el-impulso-de-los-derechos-culturales\/#primaryimage"},"image":{"@id":"https:\/\/radiociutat.com\/es\/ultimas-noticias\/cronicas\/tarragona-promueve-una-futura-red-de-ciudades-para-el-impulso-de-los-derechos-culturales\/#primaryimage"},"thumbnailUrl":"https:\/\/files.radiociutat.com\/rctgn\/wp-content\/uploads\/2026\/03\/Caps-de-Cultura-scaled-e1773672797216.jpg","datePublished":"2026-03-16T14:58:32+00:00","author":{"@id":"https:\/\/radiociutat.com\/es\/#\/schema\/person\/04b6638f9d2a9ea77408db76c5d8f0b5"},"breadcrumb":{"@id":"https:\/\/radiociutat.com\/es\/ultimas-noticias\/cronicas\/tarragona-promueve-una-futura-red-de-ciudades-para-el-impulso-de-los-derechos-culturales\/#breadcrumb"},"inLanguage":"es","potentialAction":[{"@type":"ReadAction","target":["https:\/\/radiociutat.com\/es\/ultimas-noticias\/cronicas\/tarragona-promueve-una-futura-red-de-ciudades-para-el-impulso-de-los-derechos-culturales\/"]}]},{"@type":"ImageObject","inLanguage":"es","@id":"https:\/\/radiociutat.com\/es\/ultimas-noticias\/cronicas\/tarragona-promueve-una-futura-red-de-ciudades-para-el-impulso-de-los-derechos-culturales\/#primaryimage","url":"https:\/\/files.radiociutat.com\/rctgn\/wp-content\/uploads\/2026\/03\/Caps-de-Cultura-scaled-e1773672797216.jpg","contentUrl":"https:\/\/files.radiociutat.com\/rctgn\/wp-content\/uploads\/2026\/03\/Caps-de-Cultura-scaled-e1773672797216.jpg","width":2560,"height":1920},{"@type":"BreadcrumbList","@id":"https:\/\/radiociutat.com\/es\/ultimas-noticias\/cronicas\/tarragona-promueve-una-futura-red-de-ciudades-para-el-impulso-de-los-derechos-culturales\/#breadcrumb","itemListElement":[{"@type":"ListItem","position":1,"name":"Inici","item":"https:\/\/radiociutat.com\/es\/"},{"@type":"ListItem","position":2,"name":"Tarragona promueve una futura red de ciudades para el impulso de los derechos culturales"}]},{"@type":"WebSite","@id":"https:\/\/radiociutat.com\/es\/#website","url":"https:\/\/radiociutat.com\/es\/","name":"R\u00e0dio Ciutat de Tarragona","description":"R\u00e0dio Ciutat de Tarragona - RCTgn.cat R\u00e0dio Online","potentialAction":[{"@type":"SearchAction","target":{"@type":"EntryPoint","urlTemplate":"https:\/\/radiociutat.com\/es\/?s={search_term_string}"},"query-input":{"@type":"PropertyValueSpecification","valueRequired":true,"valueName":"search_term_string"}}],"inLanguage":"es"},{"@type":"Person","@id":"https:\/\/radiociutat.com\/es\/#\/schema\/person\/04b6638f9d2a9ea77408db76c5d8f0b5","name":"Redacci\u00f3","sameAs":["https:\/\/radiociutat.com\/wp-content\/uploads\/2023\/09\/LOGO-RCTGN-CUADRAT.png"],"url":"https:\/\/radiociutat.com\/es\/author\/jespinosa\/"}]}},"_links":{"self":[{"href":"https:\/\/radiociutat.com\/es\/wp-json\/wp\/v2\/posts\/370246","targetHints":{"allow":["GET"]}}],"collection":[{"href":"https:\/\/radiociutat.com\/es\/wp-json\/wp\/v2\/posts"}],"about":[{"href":"https:\/\/radiociutat.com\/es\/wp-json\/wp\/v2\/types\/post"}],"author":[{"embeddable":true,"href":"https:\/\/radiociutat.com\/es\/wp-json\/wp\/v2\/users\/1"}],"replies":[{"embeddable":true,"href":"https:\/\/radiociutat.com\/es\/wp-json\/wp\/v2\/comments?post=370246"}],"version-history":[{"count":0,"href":"https:\/\/radiociutat.com\/es\/wp-json\/wp\/v2\/posts\/370246\/revisions"}],"wp:featuredmedia":[{"embeddable":true,"href":"https:\/\/radiociutat.com\/es\/wp-json\/wp\/v2\/media\/370244"}],"wp:attachment":[{"href":"https:\/\/radiociutat.com\/es\/wp-json\/wp\/v2\/media?parent=370246"}],"wp:term":[{"taxonomy":"category","embeddable":true,"href":"https:\/\/radiociutat.com\/es\/wp-json\/wp\/v2\/categories?post=370246"},{"taxonomy":"post_tag","embeddable":true,"href":"https:\/\/radiociutat.com\/es\/wp-json\/wp\/v2\/tags?post=370246"}],"curies":[{"name":"wp","href":"https:\/\/api.w.org\/{rel}","templated":true}]}}