{"id":370238,"date":"2026-03-16T13:49:03","date_gmt":"2026-03-16T12:49:03","guid":{"rendered":"https:\/\/radiociutat.com\/programes-podcast\/dignitat-a-les-vies-asegura-que-los-retrasos-en-rodalies-se-deben-a-que-no-se-han-adaptado-los-horarios-de-los-maquinistas\/"},"modified":"2026-03-16T13:49:03","modified_gmt":"2026-03-16T12:49:03","slug":"dignitat-a-les-vies-asegura-que-los-retrasos-en-rodalies-se-deben-a-que-no-se-han-adaptado-los-horarios-de-los-maquinistas","status":"publish","type":"post","link":"https:\/\/radiociutat.com\/es\/ultimas-noticias\/cronicas\/dignitat-a-les-vies-asegura-que-los-retrasos-en-rodalies-se-deben-a-que-no-se-han-adaptado-los-horarios-de-los-maquinistas\/","title":{"rendered":"Dignitat a les Vies asegura que los retrasos en Rodalies se deben a que no se han adaptado los horarios de los maquinistas"},"content":{"rendered":"\n<p>La Plataforma Dignitat a les Vies asegura que los trenes de Rodalies acumulan retrasos porque no se han adaptado los horarios de los maquinistas en la reprogramaci\u00f3n del servicio ferroviario por las obras en el t\u00fanel del Garraf. <\/p>\n\n\n\n<p>As\u00ed lo ha subrayado el miembro de la plataforma, \u00d2scar Rovira. <\/p>\n\n\n\n<figure class=\"wp-block-audio\"><audio controls src=\"https:\/\/files.radiociutat.com\/rctgn\/wp-content\/uploads\/2026\/03\/TALL-OSCAR-DIGNITAT-VIES.mp3\"><\/audio><\/figure>\n\n\n\n<p>En el primer d\u00eda de los trabajos, diversos usuarios de la estaci\u00f3n de Sant Vicen\u00e7 han mostrado su malestar por las demoras, algunas de las cuales han llegado a casi una hora.<\/p>\n","protected":false},"excerpt":{"rendered":"<p>La Plataforma Dignitat a les Vies asegura que los trenes de Rodalies acumulan retrasos porque no se han adaptado los horarios de los maquinistas en la reprogramaci\u00f3n del servicio ferroviario por las obras en el t\u00fanel del Garraf. As\u00ed lo ha subrayado el miembro de la plataforma, \u00d2scar Rovira. En el primer d\u00eda de los [&hellip;]<\/p>\n","protected":false},"author":33,"featured_media":370225,"comment_status":"closed","ping_status":"closed","sticky":false,"template":"","format":"standard","meta":{"footnotes":""},"categories":[13688,13773],"tags":[],"class_list":["post-370238","post","type-post","status-publish","format-standard","has-post-thumbnail","hentry","category-cronicas","category-sin-categoria-es"],"yoast_head":"<!-- This site is optimized with the Yoast SEO Premium plugin v27.4 (Yoast SEO v27.5) - https:\/\/yoast.com\/product\/yoast-seo-premium-wordpress\/ -->\n<title>Dignitat a les Vies asegura que los retrasos en Rodalies se deben a que no se han adaptado los horarios de los maquinistas - R\u00e0dio Ciutat de Tarragona<\/title>\n<meta name=\"robots\" content=\"index, follow, max-snippet:-1, max-image-preview:large, max-video-preview:-1\" \/>\n<link rel=\"canonical\" href=\"https:\/\/radiociutat.com\/es\/ultimas-noticias\/cronicas\/dignitat-a-les-vies-asegura-que-los-retrasos-en-rodalies-se-deben-a-que-no-se-han-adaptado-los-horarios-de-los-maquinistas\/\" \/>\n<meta property=\"og:locale\" content=\"es_ES\" \/>\n<meta property=\"og:type\" content=\"article\" \/>\n<meta property=\"og:title\" content=\"Dignitat a les Vies asegura que los retrasos en Rodalies se deben a que no se han adaptado los horarios de los maquinistas\" \/>\n<meta property=\"og:description\" content=\"La Plataforma Dignitat a les Vies asegura que los trenes de Rodalies acumulan retrasos porque no se han adaptado los horarios de los maquinistas en la reprogramaci\u00f3n del servicio ferroviario por las obras en el t\u00fanel del Garraf. As\u00ed lo ha subrayado el miembro de la plataforma, \u00d2scar Rovira. En el primer d\u00eda de los [&hellip;]\" \/>\n<meta property=\"og:url\" content=\"https:\/\/radiociutat.com\/es\/ultimas-noticias\/cronicas\/dignitat-a-les-vies-asegura-que-los-retrasos-en-rodalies-se-deben-a-que-no-se-han-adaptado-los-horarios-de-los-maquinistas\/\" \/>\n<meta property=\"og:site_name\" content=\"R\u00e0dio Ciutat de Tarragona\" \/>\n<meta property=\"article:publisher\" content=\"https:\/\/www.facebook.com\/rctgn\" \/>\n<meta property=\"article:published_time\" content=\"2026-03-16T12:49:03+00:00\" \/>\n<meta property=\"og:image\" content=\"https:\/\/files.radiociutat.com\/rctgn\/wp-content\/uploads\/2026\/03\/Retards-trens-dignitat-vies-scaled-e1773665184854.jpg\" \/>\n\t<meta property=\"og:image:width\" content=\"2560\" \/>\n\t<meta property=\"og:image:height\" content=\"1707\" \/>\n\t<meta property=\"og:image:type\" content=\"image\/jpeg\" \/>\n<meta name=\"author\" content=\"Adri\u00e0 Tella\" \/>\n<meta name=\"twitter:card\" content=\"summary_large_image\" \/>\n<meta name=\"twitter:creator\" content=\"@RCTgn\" \/>\n<meta name=\"twitter:site\" content=\"@RCTgn\" \/>\n<meta name=\"twitter:label1\" content=\"Escrito por\" \/>\n\t<meta name=\"twitter:data1\" content=\"Adri\u00e0 Tella\" \/>\n<script type=\"application\/ld+json\" class=\"yoast-schema-graph\">{\"@context\":\"https:\\\/\\\/schema.org\",\"@graph\":[{\"@type\":\"Article\",\"@id\":\"https:\\\/\\\/radiociutat.com\\\/es\\\/ultimas-noticias\\\/cronicas\\\/dignitat-a-les-vies-asegura-que-los-retrasos-en-rodalies-se-deben-a-que-no-se-han-adaptado-los-horarios-de-los-maquinistas\\\/#article\",\"isPartOf\":{\"@id\":\"https:\\\/\\\/radiociutat.com\\\/es\\\/ultimas-noticias\\\/cronicas\\\/dignitat-a-les-vies-asegura-que-los-retrasos-en-rodalies-se-deben-a-que-no-se-han-adaptado-los-horarios-de-los-maquinistas\\\/\"},\"author\":{\"name\":\"Adri\u00e0 Tella\",\"@id\":\"https:\\\/\\\/radiociutat.com\\\/es\\\/#\\\/schema\\\/person\\\/3086c6cfd718c2c9cb3329ff2a2ed197\"},\"headline\":\"Dignitat a les Vies asegura que los retrasos en Rodalies se deben a que no se han adaptado los horarios de los maquinistas\",\"datePublished\":\"2026-03-16T12:49:03+00:00\",\"mainEntityOfPage\":{\"@id\":\"https:\\\/\\\/radiociutat.com\\\/es\\\/ultimas-noticias\\\/cronicas\\\/dignitat-a-les-vies-asegura-que-los-retrasos-en-rodalies-se-deben-a-que-no-se-han-adaptado-los-horarios-de-los-maquinistas\\\/\"},\"wordCount\":108,\"image\":{\"@id\":\"https:\\\/\\\/radiociutat.com\\\/es\\\/ultimas-noticias\\\/cronicas\\\/dignitat-a-les-vies-asegura-que-los-retrasos-en-rodalies-se-deben-a-que-no-se-han-adaptado-los-horarios-de-los-maquinistas\\\/#primaryimage\"},\"thumbnailUrl\":\"https:\\\/\\\/files.radiociutat.com\\\/rctgn\\\/wp-content\\\/uploads\\\/2026\\\/03\\\/Retards-trens-dignitat-vies-scaled-e1773665184854.jpg\",\"articleSection\":[\"Cr\u00f3nicas\"],\"inLanguage\":\"es\"},{\"@type\":\"WebPage\",\"@id\":\"https:\\\/\\\/radiociutat.com\\\/es\\\/ultimas-noticias\\\/cronicas\\\/dignitat-a-les-vies-asegura-que-los-retrasos-en-rodalies-se-deben-a-que-no-se-han-adaptado-los-horarios-de-los-maquinistas\\\/\",\"url\":\"https:\\\/\\\/radiociutat.com\\\/es\\\/ultimas-noticias\\\/cronicas\\\/dignitat-a-les-vies-asegura-que-los-retrasos-en-rodalies-se-deben-a-que-no-se-han-adaptado-los-horarios-de-los-maquinistas\\\/\",\"name\":\"Dignitat a les Vies asegura que los retrasos en Rodalies se deben a que no se han adaptado los horarios de los maquinistas - R\u00e0dio Ciutat de Tarragona\",\"isPartOf\":{\"@id\":\"https:\\\/\\\/radiociutat.com\\\/es\\\/#website\"},\"primaryImageOfPage\":{\"@id\":\"https:\\\/\\\/radiociutat.com\\\/es\\\/ultimas-noticias\\\/cronicas\\\/dignitat-a-les-vies-asegura-que-los-retrasos-en-rodalies-se-deben-a-que-no-se-han-adaptado-los-horarios-de-los-maquinistas\\\/#primaryimage\"},\"image\":{\"@id\":\"https:\\\/\\\/radiociutat.com\\\/es\\\/ultimas-noticias\\\/cronicas\\\/dignitat-a-les-vies-asegura-que-los-retrasos-en-rodalies-se-deben-a-que-no-se-han-adaptado-los-horarios-de-los-maquinistas\\\/#primaryimage\"},\"thumbnailUrl\":\"https:\\\/\\\/files.radiociutat.com\\\/rctgn\\\/wp-content\\\/uploads\\\/2026\\\/03\\\/Retards-trens-dignitat-vies-scaled-e1773665184854.jpg\",\"datePublished\":\"2026-03-16T12:49:03+00:00\",\"author\":{\"@id\":\"https:\\\/\\\/radiociutat.com\\\/es\\\/#\\\/schema\\\/person\\\/3086c6cfd718c2c9cb3329ff2a2ed197\"},\"breadcrumb\":{\"@id\":\"https:\\\/\\\/radiociutat.com\\\/es\\\/ultimas-noticias\\\/cronicas\\\/dignitat-a-les-vies-asegura-que-los-retrasos-en-rodalies-se-deben-a-que-no-se-han-adaptado-los-horarios-de-los-maquinistas\\\/#breadcrumb\"},\"inLanguage\":\"es\",\"potentialAction\":[{\"@type\":\"ReadAction\",\"target\":[\"https:\\\/\\\/radiociutat.com\\\/es\\\/ultimas-noticias\\\/cronicas\\\/dignitat-a-les-vies-asegura-que-los-retrasos-en-rodalies-se-deben-a-que-no-se-han-adaptado-los-horarios-de-los-maquinistas\\\/\"]}]},{\"@type\":\"ImageObject\",\"inLanguage\":\"es\",\"@id\":\"https:\\\/\\\/radiociutat.com\\\/es\\\/ultimas-noticias\\\/cronicas\\\/dignitat-a-les-vies-asegura-que-los-retrasos-en-rodalies-se-deben-a-que-no-se-han-adaptado-los-horarios-de-los-maquinistas\\\/#primaryimage\",\"url\":\"https:\\\/\\\/files.radiociutat.com\\\/rctgn\\\/wp-content\\\/uploads\\\/2026\\\/03\\\/Retards-trens-dignitat-vies-scaled-e1773665184854.jpg\",\"contentUrl\":\"https:\\\/\\\/files.radiociutat.com\\\/rctgn\\\/wp-content\\\/uploads\\\/2026\\\/03\\\/Retards-trens-dignitat-vies-scaled-e1773665184854.jpg\",\"width\":2560,\"height\":1707,\"caption\":\"Foto: ACN\"},{\"@type\":\"BreadcrumbList\",\"@id\":\"https:\\\/\\\/radiociutat.com\\\/es\\\/ultimas-noticias\\\/cronicas\\\/dignitat-a-les-vies-asegura-que-los-retrasos-en-rodalies-se-deben-a-que-no-se-han-adaptado-los-horarios-de-los-maquinistas\\\/#breadcrumb\",\"itemListElement\":[{\"@type\":\"ListItem\",\"position\":1,\"name\":\"Inici\",\"item\":\"https:\\\/\\\/radiociutat.com\\\/es\\\/\"},{\"@type\":\"ListItem\",\"position\":2,\"name\":\"Dignitat a les Vies asegura que los retrasos en Rodalies se deben a que no se han adaptado los horarios de los maquinistas\"}]},{\"@type\":\"WebSite\",\"@id\":\"https:\\\/\\\/radiociutat.com\\\/es\\\/#website\",\"url\":\"https:\\\/\\\/radiociutat.com\\\/es\\\/\",\"name\":\"R\u00e0dio Ciutat de Tarragona\",\"description\":\"R\u00e0dio Ciutat de Tarragona - RCTgn.cat R\u00e0dio Online\",\"potentialAction\":[{\"@type\":\"SearchAction\",\"target\":{\"@type\":\"EntryPoint\",\"urlTemplate\":\"https:\\\/\\\/radiociutat.com\\\/es\\\/?s={search_term_string}\"},\"query-input\":{\"@type\":\"PropertyValueSpecification\",\"valueRequired\":true,\"valueName\":\"search_term_string\"}}],\"inLanguage\":\"es\"},{\"@type\":\"Person\",\"@id\":\"https:\\\/\\\/radiociutat.com\\\/es\\\/#\\\/schema\\\/person\\\/3086c6cfd718c2c9cb3329ff2a2ed197\",\"name\":\"Adri\u00e0 Tella\",\"sameAs\":[\"https:\\\/\\\/radiociutat.com\\\/wp-content\\\/uploads\\\/2023\\\/09\\\/adri-tella-1-1-e1694013359760.png\"],\"url\":\"https:\\\/\\\/radiociutat.com\\\/es\\\/author\\\/atella\\\/\"}]}<\/script>\n<!-- \/ Yoast SEO Premium plugin. -->","yoast_head_json":{"title":"Dignitat a les Vies asegura que los retrasos en Rodalies se deben a que no se han adaptado los horarios de los maquinistas - R\u00e0dio Ciutat de Tarragona","robots":{"index":"index","follow":"follow","max-snippet":"max-snippet:-1","max-image-preview":"max-image-preview:large","max-video-preview":"max-video-preview:-1"},"canonical":"https:\/\/radiociutat.com\/es\/ultimas-noticias\/cronicas\/dignitat-a-les-vies-asegura-que-los-retrasos-en-rodalies-se-deben-a-que-no-se-han-adaptado-los-horarios-de-los-maquinistas\/","og_locale":"es_ES","og_type":"article","og_title":"Dignitat a les Vies asegura que los retrasos en Rodalies se deben a que no se han adaptado los horarios de los maquinistas","og_description":"La Plataforma Dignitat a les Vies asegura que los trenes de Rodalies acumulan retrasos porque no se han adaptado los horarios de los maquinistas en la reprogramaci\u00f3n del servicio ferroviario por las obras en el t\u00fanel del Garraf. As\u00ed lo ha subrayado el miembro de la plataforma, \u00d2scar Rovira. En el primer d\u00eda de los [&hellip;]","og_url":"https:\/\/radiociutat.com\/es\/ultimas-noticias\/cronicas\/dignitat-a-les-vies-asegura-que-los-retrasos-en-rodalies-se-deben-a-que-no-se-han-adaptado-los-horarios-de-los-maquinistas\/","og_site_name":"R\u00e0dio Ciutat de Tarragona","article_publisher":"https:\/\/www.facebook.com\/rctgn","article_published_time":"2026-03-16T12:49:03+00:00","og_image":[{"width":2560,"height":1707,"url":"https:\/\/files.radiociutat.com\/rctgn\/wp-content\/uploads\/2026\/03\/Retards-trens-dignitat-vies-scaled-e1773665184854.jpg","type":"image\/jpeg"}],"author":"Adri\u00e0 Tella","twitter_card":"summary_large_image","twitter_creator":"@RCTgn","twitter_site":"@RCTgn","twitter_misc":{"Escrito por":"Adri\u00e0 Tella"},"schema":{"@context":"https:\/\/schema.org","@graph":[{"@type":"Article","@id":"https:\/\/radiociutat.com\/es\/ultimas-noticias\/cronicas\/dignitat-a-les-vies-asegura-que-los-retrasos-en-rodalies-se-deben-a-que-no-se-han-adaptado-los-horarios-de-los-maquinistas\/#article","isPartOf":{"@id":"https:\/\/radiociutat.com\/es\/ultimas-noticias\/cronicas\/dignitat-a-les-vies-asegura-que-los-retrasos-en-rodalies-se-deben-a-que-no-se-han-adaptado-los-horarios-de-los-maquinistas\/"},"author":{"name":"Adri\u00e0 Tella","@id":"https:\/\/radiociutat.com\/es\/#\/schema\/person\/3086c6cfd718c2c9cb3329ff2a2ed197"},"headline":"Dignitat a les Vies asegura que los retrasos en Rodalies se deben a que no se han adaptado los horarios de los maquinistas","datePublished":"2026-03-16T12:49:03+00:00","mainEntityOfPage":{"@id":"https:\/\/radiociutat.com\/es\/ultimas-noticias\/cronicas\/dignitat-a-les-vies-asegura-que-los-retrasos-en-rodalies-se-deben-a-que-no-se-han-adaptado-los-horarios-de-los-maquinistas\/"},"wordCount":108,"image":{"@id":"https:\/\/radiociutat.com\/es\/ultimas-noticias\/cronicas\/dignitat-a-les-vies-asegura-que-los-retrasos-en-rodalies-se-deben-a-que-no-se-han-adaptado-los-horarios-de-los-maquinistas\/#primaryimage"},"thumbnailUrl":"https:\/\/files.radiociutat.com\/rctgn\/wp-content\/uploads\/2026\/03\/Retards-trens-dignitat-vies-scaled-e1773665184854.jpg","articleSection":["Cr\u00f3nicas"],"inLanguage":"es"},{"@type":"WebPage","@id":"https:\/\/radiociutat.com\/es\/ultimas-noticias\/cronicas\/dignitat-a-les-vies-asegura-que-los-retrasos-en-rodalies-se-deben-a-que-no-se-han-adaptado-los-horarios-de-los-maquinistas\/","url":"https:\/\/radiociutat.com\/es\/ultimas-noticias\/cronicas\/dignitat-a-les-vies-asegura-que-los-retrasos-en-rodalies-se-deben-a-que-no-se-han-adaptado-los-horarios-de-los-maquinistas\/","name":"Dignitat a les Vies asegura que los retrasos en Rodalies se deben a que no se han adaptado los horarios de los maquinistas - R\u00e0dio Ciutat de Tarragona","isPartOf":{"@id":"https:\/\/radiociutat.com\/es\/#website"},"primaryImageOfPage":{"@id":"https:\/\/radiociutat.com\/es\/ultimas-noticias\/cronicas\/dignitat-a-les-vies-asegura-que-los-retrasos-en-rodalies-se-deben-a-que-no-se-han-adaptado-los-horarios-de-los-maquinistas\/#primaryimage"},"image":{"@id":"https:\/\/radiociutat.com\/es\/ultimas-noticias\/cronicas\/dignitat-a-les-vies-asegura-que-los-retrasos-en-rodalies-se-deben-a-que-no-se-han-adaptado-los-horarios-de-los-maquinistas\/#primaryimage"},"thumbnailUrl":"https:\/\/files.radiociutat.com\/rctgn\/wp-content\/uploads\/2026\/03\/Retards-trens-dignitat-vies-scaled-e1773665184854.jpg","datePublished":"2026-03-16T12:49:03+00:00","author":{"@id":"https:\/\/radiociutat.com\/es\/#\/schema\/person\/3086c6cfd718c2c9cb3329ff2a2ed197"},"breadcrumb":{"@id":"https:\/\/radiociutat.com\/es\/ultimas-noticias\/cronicas\/dignitat-a-les-vies-asegura-que-los-retrasos-en-rodalies-se-deben-a-que-no-se-han-adaptado-los-horarios-de-los-maquinistas\/#breadcrumb"},"inLanguage":"es","potentialAction":[{"@type":"ReadAction","target":["https:\/\/radiociutat.com\/es\/ultimas-noticias\/cronicas\/dignitat-a-les-vies-asegura-que-los-retrasos-en-rodalies-se-deben-a-que-no-se-han-adaptado-los-horarios-de-los-maquinistas\/"]}]},{"@type":"ImageObject","inLanguage":"es","@id":"https:\/\/radiociutat.com\/es\/ultimas-noticias\/cronicas\/dignitat-a-les-vies-asegura-que-los-retrasos-en-rodalies-se-deben-a-que-no-se-han-adaptado-los-horarios-de-los-maquinistas\/#primaryimage","url":"https:\/\/files.radiociutat.com\/rctgn\/wp-content\/uploads\/2026\/03\/Retards-trens-dignitat-vies-scaled-e1773665184854.jpg","contentUrl":"https:\/\/files.radiociutat.com\/rctgn\/wp-content\/uploads\/2026\/03\/Retards-trens-dignitat-vies-scaled-e1773665184854.jpg","width":2560,"height":1707,"caption":"Foto: ACN"},{"@type":"BreadcrumbList","@id":"https:\/\/radiociutat.com\/es\/ultimas-noticias\/cronicas\/dignitat-a-les-vies-asegura-que-los-retrasos-en-rodalies-se-deben-a-que-no-se-han-adaptado-los-horarios-de-los-maquinistas\/#breadcrumb","itemListElement":[{"@type":"ListItem","position":1,"name":"Inici","item":"https:\/\/radiociutat.com\/es\/"},{"@type":"ListItem","position":2,"name":"Dignitat a les Vies asegura que los retrasos en Rodalies se deben a que no se han adaptado los horarios de los maquinistas"}]},{"@type":"WebSite","@id":"https:\/\/radiociutat.com\/es\/#website","url":"https:\/\/radiociutat.com\/es\/","name":"R\u00e0dio Ciutat de Tarragona","description":"R\u00e0dio Ciutat de Tarragona - RCTgn.cat R\u00e0dio Online","potentialAction":[{"@type":"SearchAction","target":{"@type":"EntryPoint","urlTemplate":"https:\/\/radiociutat.com\/es\/?s={search_term_string}"},"query-input":{"@type":"PropertyValueSpecification","valueRequired":true,"valueName":"search_term_string"}}],"inLanguage":"es"},{"@type":"Person","@id":"https:\/\/radiociutat.com\/es\/#\/schema\/person\/3086c6cfd718c2c9cb3329ff2a2ed197","name":"Adri\u00e0 Tella","sameAs":["https:\/\/radiociutat.com\/wp-content\/uploads\/2023\/09\/adri-tella-1-1-e1694013359760.png"],"url":"https:\/\/radiociutat.com\/es\/author\/atella\/"}]}},"_links":{"self":[{"href":"https:\/\/radiociutat.com\/es\/wp-json\/wp\/v2\/posts\/370238","targetHints":{"allow":["GET"]}}],"collection":[{"href":"https:\/\/radiociutat.com\/es\/wp-json\/wp\/v2\/posts"}],"about":[{"href":"https:\/\/radiociutat.com\/es\/wp-json\/wp\/v2\/types\/post"}],"author":[{"embeddable":true,"href":"https:\/\/radiociutat.com\/es\/wp-json\/wp\/v2\/users\/33"}],"replies":[{"embeddable":true,"href":"https:\/\/radiociutat.com\/es\/wp-json\/wp\/v2\/comments?post=370238"}],"version-history":[{"count":0,"href":"https:\/\/radiociutat.com\/es\/wp-json\/wp\/v2\/posts\/370238\/revisions"}],"wp:featuredmedia":[{"embeddable":true,"href":"https:\/\/radiociutat.com\/es\/wp-json\/wp\/v2\/media\/370225"}],"wp:attachment":[{"href":"https:\/\/radiociutat.com\/es\/wp-json\/wp\/v2\/media?parent=370238"}],"wp:term":[{"taxonomy":"category","embeddable":true,"href":"https:\/\/radiociutat.com\/es\/wp-json\/wp\/v2\/categories?post=370238"},{"taxonomy":"post_tag","embeddable":true,"href":"https:\/\/radiociutat.com\/es\/wp-json\/wp\/v2\/tags?post=370238"}],"curies":[{"name":"wp","href":"https:\/\/api.w.org\/{rel}","templated":true}]}}