{"id":370190,"date":"2026-03-16T13:28:46","date_gmt":"2026-03-16T12:28:46","guid":{"rendered":"https:\/\/radiociutat.com\/programes-podcast\/doble-aniversario-en-los-mercados-de-tarragona\/"},"modified":"2026-03-16T13:28:46","modified_gmt":"2026-03-16T12:28:46","slug":"doble-aniversario-en-los-mercados-de-tarragona","status":"publish","type":"post","link":"https:\/\/radiociutat.com\/es\/ultimas-noticias\/cronicas\/doble-aniversario-en-los-mercados-de-tarragona\/","title":{"rendered":"Doble aniversario en los mercados de Tarragona"},"content":{"rendered":"\n<p>Los Mercados de Tarragona han celebrado este lunes 16 de marzo su <strong>doble aniversario<\/strong> con diversas iniciativas dirigidas a la ciudadan\u00eda. El <strong>Mercado Central conmemora los nueve a\u00f1os de la reforma del edificio<\/strong>, mientras que el<strong> Mercado de Torreforta celebra el 44\u00ba aniversario<\/strong> de su inauguraci\u00f3n, en el a\u00f1o 1982.<\/p>\n\n\n\n<h2 class=\"wp-block-heading\" id=\"h-acte-institucional-i-participacio-ciutadana\">Acto institucional y participaci\u00f3n ciudadana<\/h2>\n\n\n\n<p>El acto institucional se ha celebrado en el Mercado Central con un<strong> soplido simb\u00f3lico de velas<\/strong> con representantes de los dos equipamientos y la presidenta de Mercados de Tarragona y concejala de Comercio y Turismo del Ayuntamiento, Montse Adan. Durante el acto, Adan ha destacado la labor de los paradistas, el papel de los mercados en la vida cotidiana de la ciudad y ha puesto en valor que el Mercado Central de Tarragona es un \u00abreferente\u00bb.<\/p>\n\n\n\n<figure class=\"wp-block-audio\"><audio controls src=\"https:\/\/files.radiociutat.com\/rctgn\/wp-content\/uploads\/2026\/03\/Montse-Adan-aNiversari-Mercat.mp3\"><\/audio><\/figure>\n\n\n\n<h2 class=\"wp-block-heading\" id=\"h-presentacio-del-projecte-cuina-a-la-placa\">Presentaci\u00f3n del proyecto \u00abCuina a la Pla\u00e7a\u00bb<\/h2>\n\n\n\n<p>En el marco de esta conmemoraci\u00f3n tambi\u00e9n se ha presentado el proyecto <strong>\u201cCuina a la Pla\u00e7a\u201d<\/strong>, una serie audiovisual que reunir\u00e1 a chefs reconocidos con paradistas de los mercados y mercadillos de la ciudad para elaborar recetas con productos de proximidad. Para empezar, la iniciativa contar\u00e1 con la participaci\u00f3n de la cocinera Carme Ruscalleda y se desarrollar\u00e1 durante el pr\u00f3ximo a\u00f1o con la grabaci\u00f3n de diez recetas en diferentes espacios comerciales de la ciudad. El proyecto culminar\u00e1 en marzo de 2027 coincidiendo con el d\u00e9cimo aniversario del Mercado Central.<\/p>\n\n\n\n<h2 class=\"wp-block-heading\" id=\"h-sortejos-i-activitats-fins-a-finals-de-marc\">Sorteos y actividades hasta finales de marzo<\/h2>\n\n\n\n<p>La celebraci\u00f3n se completa con diversos sorteos y actividades promocionales en los dos mercados hasta finales de marzo.<\/p>\n","protected":false},"excerpt":{"rendered":"<p>Los Mercados de Tarragona han celebrado este lunes 16 de marzo su doble aniversario con diversas iniciativas dirigidas a la ciudadan\u00eda. El Mercado Central conmemora los nueve a\u00f1os de la reforma del edificio, mientras que el Mercado de Torreforta celebra el 44\u00ba aniversario de su inauguraci\u00f3n, en el a\u00f1o 1982. Acto institucional y participaci\u00f3n ciudadana [&hellip;]<\/p>\n","protected":false},"author":84,"featured_media":370188,"comment_status":"closed","ping_status":"closed","sticky":false,"template":"","format":"standard","meta":{"footnotes":""},"categories":[13688],"tags":[1180,13758,19],"class_list":["post-370190","post","type-post","status-publish","format-standard","has-post-thumbnail","hentry","category-cronicas","tag-aniversari","tag-mercados","tag-tarragona"],"yoast_head":"<!-- This site is optimized with the Yoast SEO Premium plugin v27.4 (Yoast SEO v27.5) - https:\/\/yoast.com\/product\/yoast-seo-premium-wordpress\/ -->\n<title>Doble aniversario en los mercados de Tarragona - R\u00e0dio Ciutat de Tarragona<\/title>\n<meta name=\"robots\" content=\"index, follow, max-snippet:-1, max-image-preview:large, max-video-preview:-1\" \/>\n<link rel=\"canonical\" href=\"https:\/\/radiociutat.com\/es\/ultimas-noticias\/cronicas\/doble-aniversario-en-los-mercados-de-tarragona\/\" \/>\n<meta property=\"og:locale\" content=\"es_ES\" \/>\n<meta property=\"og:type\" content=\"article\" \/>\n<meta property=\"og:title\" content=\"Doble aniversario en los mercados de Tarragona\" \/>\n<meta property=\"og:description\" content=\"Los Mercados de Tarragona han celebrado este lunes 16 de marzo su doble aniversario con diversas iniciativas dirigidas a la ciudadan\u00eda. El Mercado Central conmemora los nueve a\u00f1os de la reforma del edificio, mientras que el Mercado de Torreforta celebra el 44\u00ba aniversario de su inauguraci\u00f3n, en el a\u00f1o 1982. Acto institucional y participaci\u00f3n ciudadana [&hellip;]\" \/>\n<meta property=\"og:url\" content=\"https:\/\/radiociutat.com\/es\/ultimas-noticias\/cronicas\/doble-aniversario-en-los-mercados-de-tarragona\/\" \/>\n<meta property=\"og:site_name\" content=\"R\u00e0dio Ciutat de Tarragona\" \/>\n<meta property=\"article:publisher\" content=\"https:\/\/www.facebook.com\/rctgn\" \/>\n<meta property=\"article:published_time\" content=\"2026-03-16T12:28:46+00:00\" \/>\n<meta property=\"og:image\" content=\"https:\/\/files.radiociutat.com\/rctgn\/wp-content\/uploads\/2026\/03\/Aniversari-Mercats.jpeg\" \/>\n\t<meta property=\"og:image:width\" content=\"1170\" \/>\n\t<meta property=\"og:image:height\" content=\"646\" \/>\n\t<meta property=\"og:image:type\" content=\"image\/jpeg\" \/>\n<meta name=\"author\" content=\"Adri\u00e0 Duch\" \/>\n<meta name=\"twitter:card\" content=\"summary_large_image\" \/>\n<meta name=\"twitter:creator\" content=\"@RCTgn\" \/>\n<meta name=\"twitter:site\" content=\"@RCTgn\" \/>\n<meta name=\"twitter:label1\" content=\"Escrito por\" \/>\n\t<meta name=\"twitter:data1\" content=\"Adri\u00e0 Duch\" \/>\n\t<meta name=\"twitter:label2\" content=\"Tiempo de lectura\" \/>\n\t<meta name=\"twitter:data2\" content=\"1 minuto\" \/>\n<script type=\"application\/ld+json\" class=\"yoast-schema-graph\">{\"@context\":\"https:\\\/\\\/schema.org\",\"@graph\":[{\"@type\":\"Article\",\"@id\":\"https:\\\/\\\/radiociutat.com\\\/es\\\/ultimas-noticias\\\/cronicas\\\/doble-aniversario-en-los-mercados-de-tarragona\\\/#article\",\"isPartOf\":{\"@id\":\"https:\\\/\\\/radiociutat.com\\\/es\\\/ultimas-noticias\\\/cronicas\\\/doble-aniversario-en-los-mercados-de-tarragona\\\/\"},\"author\":{\"name\":\"Adri\u00e0 Duch\",\"@id\":\"https:\\\/\\\/radiociutat.com\\\/es\\\/#\\\/schema\\\/person\\\/daeecbc4942e3432e8d8b8663bf7d714\"},\"headline\":\"Doble aniversario en los mercados de Tarragona\",\"datePublished\":\"2026-03-16T12:28:46+00:00\",\"mainEntityOfPage\":{\"@id\":\"https:\\\/\\\/radiociutat.com\\\/es\\\/ultimas-noticias\\\/cronicas\\\/doble-aniversario-en-los-mercados-de-tarragona\\\/\"},\"wordCount\":272,\"image\":{\"@id\":\"https:\\\/\\\/radiociutat.com\\\/es\\\/ultimas-noticias\\\/cronicas\\\/doble-aniversario-en-los-mercados-de-tarragona\\\/#primaryimage\"},\"thumbnailUrl\":\"https:\\\/\\\/files.radiociutat.com\\\/rctgn\\\/wp-content\\\/uploads\\\/2026\\\/03\\\/Aniversari-Mercats.jpeg\",\"keywords\":[\"aniversari\",\"Mercados\",\"Tarragona\"],\"articleSection\":[\"Cr\u00f3nicas\"],\"inLanguage\":\"es\"},{\"@type\":\"WebPage\",\"@id\":\"https:\\\/\\\/radiociutat.com\\\/es\\\/ultimas-noticias\\\/cronicas\\\/doble-aniversario-en-los-mercados-de-tarragona\\\/\",\"url\":\"https:\\\/\\\/radiociutat.com\\\/es\\\/ultimas-noticias\\\/cronicas\\\/doble-aniversario-en-los-mercados-de-tarragona\\\/\",\"name\":\"Doble aniversario en los mercados de Tarragona - R\u00e0dio Ciutat de Tarragona\",\"isPartOf\":{\"@id\":\"https:\\\/\\\/radiociutat.com\\\/es\\\/#website\"},\"primaryImageOfPage\":{\"@id\":\"https:\\\/\\\/radiociutat.com\\\/es\\\/ultimas-noticias\\\/cronicas\\\/doble-aniversario-en-los-mercados-de-tarragona\\\/#primaryimage\"},\"image\":{\"@id\":\"https:\\\/\\\/radiociutat.com\\\/es\\\/ultimas-noticias\\\/cronicas\\\/doble-aniversario-en-los-mercados-de-tarragona\\\/#primaryimage\"},\"thumbnailUrl\":\"https:\\\/\\\/files.radiociutat.com\\\/rctgn\\\/wp-content\\\/uploads\\\/2026\\\/03\\\/Aniversari-Mercats.jpeg\",\"datePublished\":\"2026-03-16T12:28:46+00:00\",\"author\":{\"@id\":\"https:\\\/\\\/radiociutat.com\\\/es\\\/#\\\/schema\\\/person\\\/daeecbc4942e3432e8d8b8663bf7d714\"},\"breadcrumb\":{\"@id\":\"https:\\\/\\\/radiociutat.com\\\/es\\\/ultimas-noticias\\\/cronicas\\\/doble-aniversario-en-los-mercados-de-tarragona\\\/#breadcrumb\"},\"inLanguage\":\"es\",\"potentialAction\":[{\"@type\":\"ReadAction\",\"target\":[\"https:\\\/\\\/radiociutat.com\\\/es\\\/ultimas-noticias\\\/cronicas\\\/doble-aniversario-en-los-mercados-de-tarragona\\\/\"]}]},{\"@type\":\"ImageObject\",\"inLanguage\":\"es\",\"@id\":\"https:\\\/\\\/radiociutat.com\\\/es\\\/ultimas-noticias\\\/cronicas\\\/doble-aniversario-en-los-mercados-de-tarragona\\\/#primaryimage\",\"url\":\"https:\\\/\\\/files.radiociutat.com\\\/rctgn\\\/wp-content\\\/uploads\\\/2026\\\/03\\\/Aniversari-Mercats.jpeg\",\"contentUrl\":\"https:\\\/\\\/files.radiociutat.com\\\/rctgn\\\/wp-content\\\/uploads\\\/2026\\\/03\\\/Aniversari-Mercats.jpeg\",\"width\":1170,\"height\":646},{\"@type\":\"BreadcrumbList\",\"@id\":\"https:\\\/\\\/radiociutat.com\\\/es\\\/ultimas-noticias\\\/cronicas\\\/doble-aniversario-en-los-mercados-de-tarragona\\\/#breadcrumb\",\"itemListElement\":[{\"@type\":\"ListItem\",\"position\":1,\"name\":\"Inici\",\"item\":\"https:\\\/\\\/radiociutat.com\\\/es\\\/\"},{\"@type\":\"ListItem\",\"position\":2,\"name\":\"Doble aniversario en los mercados de Tarragona\"}]},{\"@type\":\"WebSite\",\"@id\":\"https:\\\/\\\/radiociutat.com\\\/es\\\/#website\",\"url\":\"https:\\\/\\\/radiociutat.com\\\/es\\\/\",\"name\":\"R\u00e0dio Ciutat de Tarragona\",\"description\":\"R\u00e0dio Ciutat de Tarragona - RCTgn.cat R\u00e0dio Online\",\"potentialAction\":[{\"@type\":\"SearchAction\",\"target\":{\"@type\":\"EntryPoint\",\"urlTemplate\":\"https:\\\/\\\/radiociutat.com\\\/es\\\/?s={search_term_string}\"},\"query-input\":{\"@type\":\"PropertyValueSpecification\",\"valueRequired\":true,\"valueName\":\"search_term_string\"}}],\"inLanguage\":\"es\"},{\"@type\":\"Person\",\"@id\":\"https:\\\/\\\/radiociutat.com\\\/es\\\/#\\\/schema\\\/person\\\/daeecbc4942e3432e8d8b8663bf7d714\",\"name\":\"Adri\u00e0 Duch\",\"sameAs\":[\"https:\\\/\\\/radiociutat.com\\\/wp-content\\\/uploads\\\/2024\\\/02\\\/ADRIA-DUCH.png\"],\"url\":\"https:\\\/\\\/radiociutat.com\\\/es\\\/author\\\/adria-duch\\\/\"}]}<\/script>\n<!-- \/ Yoast SEO Premium plugin. -->","yoast_head_json":{"title":"Doble aniversario en los mercados de Tarragona - R\u00e0dio Ciutat de Tarragona","robots":{"index":"index","follow":"follow","max-snippet":"max-snippet:-1","max-image-preview":"max-image-preview:large","max-video-preview":"max-video-preview:-1"},"canonical":"https:\/\/radiociutat.com\/es\/ultimas-noticias\/cronicas\/doble-aniversario-en-los-mercados-de-tarragona\/","og_locale":"es_ES","og_type":"article","og_title":"Doble aniversario en los mercados de Tarragona","og_description":"Los Mercados de Tarragona han celebrado este lunes 16 de marzo su doble aniversario con diversas iniciativas dirigidas a la ciudadan\u00eda. El Mercado Central conmemora los nueve a\u00f1os de la reforma del edificio, mientras que el Mercado de Torreforta celebra el 44\u00ba aniversario de su inauguraci\u00f3n, en el a\u00f1o 1982. Acto institucional y participaci\u00f3n ciudadana [&hellip;]","og_url":"https:\/\/radiociutat.com\/es\/ultimas-noticias\/cronicas\/doble-aniversario-en-los-mercados-de-tarragona\/","og_site_name":"R\u00e0dio Ciutat de Tarragona","article_publisher":"https:\/\/www.facebook.com\/rctgn","article_published_time":"2026-03-16T12:28:46+00:00","og_image":[{"width":1170,"height":646,"url":"https:\/\/files.radiociutat.com\/rctgn\/wp-content\/uploads\/2026\/03\/Aniversari-Mercats.jpeg","type":"image\/jpeg"}],"author":"Adri\u00e0 Duch","twitter_card":"summary_large_image","twitter_creator":"@RCTgn","twitter_site":"@RCTgn","twitter_misc":{"Escrito por":"Adri\u00e0 Duch","Tiempo de lectura":"1 minuto"},"schema":{"@context":"https:\/\/schema.org","@graph":[{"@type":"Article","@id":"https:\/\/radiociutat.com\/es\/ultimas-noticias\/cronicas\/doble-aniversario-en-los-mercados-de-tarragona\/#article","isPartOf":{"@id":"https:\/\/radiociutat.com\/es\/ultimas-noticias\/cronicas\/doble-aniversario-en-los-mercados-de-tarragona\/"},"author":{"name":"Adri\u00e0 Duch","@id":"https:\/\/radiociutat.com\/es\/#\/schema\/person\/daeecbc4942e3432e8d8b8663bf7d714"},"headline":"Doble aniversario en los mercados de Tarragona","datePublished":"2026-03-16T12:28:46+00:00","mainEntityOfPage":{"@id":"https:\/\/radiociutat.com\/es\/ultimas-noticias\/cronicas\/doble-aniversario-en-los-mercados-de-tarragona\/"},"wordCount":272,"image":{"@id":"https:\/\/radiociutat.com\/es\/ultimas-noticias\/cronicas\/doble-aniversario-en-los-mercados-de-tarragona\/#primaryimage"},"thumbnailUrl":"https:\/\/files.radiociutat.com\/rctgn\/wp-content\/uploads\/2026\/03\/Aniversari-Mercats.jpeg","keywords":["aniversari","Mercados","Tarragona"],"articleSection":["Cr\u00f3nicas"],"inLanguage":"es"},{"@type":"WebPage","@id":"https:\/\/radiociutat.com\/es\/ultimas-noticias\/cronicas\/doble-aniversario-en-los-mercados-de-tarragona\/","url":"https:\/\/radiociutat.com\/es\/ultimas-noticias\/cronicas\/doble-aniversario-en-los-mercados-de-tarragona\/","name":"Doble aniversario en los mercados de Tarragona - R\u00e0dio Ciutat de Tarragona","isPartOf":{"@id":"https:\/\/radiociutat.com\/es\/#website"},"primaryImageOfPage":{"@id":"https:\/\/radiociutat.com\/es\/ultimas-noticias\/cronicas\/doble-aniversario-en-los-mercados-de-tarragona\/#primaryimage"},"image":{"@id":"https:\/\/radiociutat.com\/es\/ultimas-noticias\/cronicas\/doble-aniversario-en-los-mercados-de-tarragona\/#primaryimage"},"thumbnailUrl":"https:\/\/files.radiociutat.com\/rctgn\/wp-content\/uploads\/2026\/03\/Aniversari-Mercats.jpeg","datePublished":"2026-03-16T12:28:46+00:00","author":{"@id":"https:\/\/radiociutat.com\/es\/#\/schema\/person\/daeecbc4942e3432e8d8b8663bf7d714"},"breadcrumb":{"@id":"https:\/\/radiociutat.com\/es\/ultimas-noticias\/cronicas\/doble-aniversario-en-los-mercados-de-tarragona\/#breadcrumb"},"inLanguage":"es","potentialAction":[{"@type":"ReadAction","target":["https:\/\/radiociutat.com\/es\/ultimas-noticias\/cronicas\/doble-aniversario-en-los-mercados-de-tarragona\/"]}]},{"@type":"ImageObject","inLanguage":"es","@id":"https:\/\/radiociutat.com\/es\/ultimas-noticias\/cronicas\/doble-aniversario-en-los-mercados-de-tarragona\/#primaryimage","url":"https:\/\/files.radiociutat.com\/rctgn\/wp-content\/uploads\/2026\/03\/Aniversari-Mercats.jpeg","contentUrl":"https:\/\/files.radiociutat.com\/rctgn\/wp-content\/uploads\/2026\/03\/Aniversari-Mercats.jpeg","width":1170,"height":646},{"@type":"BreadcrumbList","@id":"https:\/\/radiociutat.com\/es\/ultimas-noticias\/cronicas\/doble-aniversario-en-los-mercados-de-tarragona\/#breadcrumb","itemListElement":[{"@type":"ListItem","position":1,"name":"Inici","item":"https:\/\/radiociutat.com\/es\/"},{"@type":"ListItem","position":2,"name":"Doble aniversario en los mercados de Tarragona"}]},{"@type":"WebSite","@id":"https:\/\/radiociutat.com\/es\/#website","url":"https:\/\/radiociutat.com\/es\/","name":"R\u00e0dio Ciutat de Tarragona","description":"R\u00e0dio Ciutat de Tarragona - RCTgn.cat R\u00e0dio Online","potentialAction":[{"@type":"SearchAction","target":{"@type":"EntryPoint","urlTemplate":"https:\/\/radiociutat.com\/es\/?s={search_term_string}"},"query-input":{"@type":"PropertyValueSpecification","valueRequired":true,"valueName":"search_term_string"}}],"inLanguage":"es"},{"@type":"Person","@id":"https:\/\/radiociutat.com\/es\/#\/schema\/person\/daeecbc4942e3432e8d8b8663bf7d714","name":"Adri\u00e0 Duch","sameAs":["https:\/\/radiociutat.com\/wp-content\/uploads\/2024\/02\/ADRIA-DUCH.png"],"url":"https:\/\/radiociutat.com\/es\/author\/adria-duch\/"}]}},"_links":{"self":[{"href":"https:\/\/radiociutat.com\/es\/wp-json\/wp\/v2\/posts\/370190","targetHints":{"allow":["GET"]}}],"collection":[{"href":"https:\/\/radiociutat.com\/es\/wp-json\/wp\/v2\/posts"}],"about":[{"href":"https:\/\/radiociutat.com\/es\/wp-json\/wp\/v2\/types\/post"}],"author":[{"embeddable":true,"href":"https:\/\/radiociutat.com\/es\/wp-json\/wp\/v2\/users\/84"}],"replies":[{"embeddable":true,"href":"https:\/\/radiociutat.com\/es\/wp-json\/wp\/v2\/comments?post=370190"}],"version-history":[{"count":0,"href":"https:\/\/radiociutat.com\/es\/wp-json\/wp\/v2\/posts\/370190\/revisions"}],"wp:featuredmedia":[{"embeddable":true,"href":"https:\/\/radiociutat.com\/es\/wp-json\/wp\/v2\/media\/370188"}],"wp:attachment":[{"href":"https:\/\/radiociutat.com\/es\/wp-json\/wp\/v2\/media?parent=370190"}],"wp:term":[{"taxonomy":"category","embeddable":true,"href":"https:\/\/radiociutat.com\/es\/wp-json\/wp\/v2\/categories?post=370190"},{"taxonomy":"post_tag","embeddable":true,"href":"https:\/\/radiociutat.com\/es\/wp-json\/wp\/v2\/tags?post=370190"}],"curies":[{"name":"wp","href":"https:\/\/api.w.org\/{rel}","templated":true}]}}