{"id":370179,"date":"2026-03-16T13:19:19","date_gmt":"2026-03-16T12:19:19","guid":{"rendered":"https:\/\/radiociutat.com\/programes-podcast\/la-fim-de-vila-seca-programa-un-90-de-estrenos-en-un-cartel-con-61-actuaciones\/"},"modified":"2026-03-16T13:19:19","modified_gmt":"2026-03-16T12:19:19","slug":"la-fim-de-vila-seca-programa-un-90-de-estrenos-en-un-cartel-con-61-actuaciones","status":"publish","type":"post","link":"https:\/\/radiociutat.com\/es\/ultimas-noticias\/cronicas\/la-fim-de-vila-seca-programa-un-90-de-estrenos-en-un-cartel-con-61-actuaciones\/","title":{"rendered":"La FiM de Vila-seca programa un 90% de estrenos en un cartel con 61 actuaciones"},"content":{"rendered":"\n<p>La Feria de M\u00fasica Emergente y Familiar de Vila-seca (<strong>FiM<\/strong>) refuerza la apuesta por la innovaci\u00f3n con una programaci\u00f3n de <strong>61 actuaciones<\/strong>, m\u00e1s del <strong>90%<\/strong> de las cuales son estrenos.<\/p>\n\n\n\n<p>Llevar\u00e1 a los ocho escenarios y espacios habilitados en diferentes puntos del n\u00facleo urbano propuestas familiares de Reggae Per Xics, La Tresca i la Verdesca, Loldami, Divinas, N\u00faria Andorr\u00e0 o la Big Band de Granollers, adem\u00e1s de espect\u00e1culos de animaci\u00f3n a cargo de Pony Menut (versi\u00f3n familiar de Pony Pisador), Filomena, Sardines en Llauna o la Colla Pirata. En el cartel de la secci\u00f3n emergente Admire, X\u00e8nia Casad\u00f3, Stargirl, OKDW, Muniats, Makuka, La Publicitat y Sodi son algunas de las propuestas destacadas.<\/p>\n\n\n\n<p><strong>Manuela Moya<\/strong>, concejala de Cultura del Ayuntamiento de Vila-seca, destaca el retorno en t\u00e9rminos econ\u00f3micos y culturales de la feria.<\/p>\n\n\n\n<figure class=\"wp-block-audio\"><audio controls src=\"https:\/\/files.radiociutat.com\/rctgn\/wp-content\/uploads\/2026\/03\/TALL-MANUELA-MOYA.mp3\"><\/audio><\/figure>\n\n\n\n<p>La vigesimosegunda edici\u00f3n de la FiM tendr\u00e1 lugar entre los pr\u00f3ximos <strong>7 y 10 de junio<\/strong>.<\/p>\n","protected":false},"excerpt":{"rendered":"<p>La Feria de M\u00fasica Emergente y Familiar de Vila-seca (FiM) refuerza la apuesta por la innovaci\u00f3n con una programaci\u00f3n de 61 actuaciones, m\u00e1s del 90% de las cuales son estrenos. Llevar\u00e1 a los ocho escenarios y espacios habilitados en diferentes puntos del n\u00facleo urbano propuestas familiares de Reggae Per Xics, La Tresca i la Verdesca, [&hellip;]<\/p>\n","protected":false},"author":57,"featured_media":370173,"comment_status":"closed","ping_status":"closed","sticky":false,"template":"","format":"standard","meta":{"footnotes":""},"categories":[13688,13716],"tags":[14065,1052],"class_list":["post-370179","post","type-post","status-publish","format-standard","has-post-thumbnail","hentry","category-cronicas","category-ultimas-noticias","tag-fira-de-musica-emergent-i-familiar","tag-vila-seca"],"yoast_head":"<!-- This site is optimized with the Yoast SEO Premium plugin v27.4 (Yoast SEO v27.5) - https:\/\/yoast.com\/product\/yoast-seo-premium-wordpress\/ -->\n<title>La FiM de Vila-seca programa un 90% de estrenos en un cartel con 61 actuaciones - R\u00e0dio Ciutat de Tarragona<\/title>\n<meta name=\"robots\" content=\"index, follow, max-snippet:-1, max-image-preview:large, max-video-preview:-1\" \/>\n<link rel=\"canonical\" href=\"https:\/\/radiociutat.com\/es\/ultimas-noticias\/cronicas\/la-fim-de-vila-seca-programa-un-90-de-estrenos-en-un-cartel-con-61-actuaciones\/\" \/>\n<meta property=\"og:locale\" content=\"es_ES\" \/>\n<meta property=\"og:type\" content=\"article\" \/>\n<meta property=\"og:title\" content=\"La FiM de Vila-seca programa un 90% de estrenos en un cartel con 61 actuaciones\" \/>\n<meta property=\"og:description\" content=\"La Feria de M\u00fasica Emergente y Familiar de Vila-seca (FiM) refuerza la apuesta por la innovaci\u00f3n con una programaci\u00f3n de 61 actuaciones, m\u00e1s del 90% de las cuales son estrenos. Llevar\u00e1 a los ocho escenarios y espacios habilitados en diferentes puntos del n\u00facleo urbano propuestas familiares de Reggae Per Xics, La Tresca i la Verdesca, [&hellip;]\" \/>\n<meta property=\"og:url\" content=\"https:\/\/radiociutat.com\/es\/ultimas-noticias\/cronicas\/la-fim-de-vila-seca-programa-un-90-de-estrenos-en-un-cartel-con-61-actuaciones\/\" \/>\n<meta property=\"og:site_name\" content=\"R\u00e0dio Ciutat de Tarragona\" \/>\n<meta property=\"article:publisher\" content=\"https:\/\/www.facebook.com\/rctgn\" \/>\n<meta property=\"article:published_time\" content=\"2026-03-16T12:19:19+00:00\" \/>\n<meta property=\"og:image\" content=\"https:\/\/files.radiociutat.com\/rctgn\/wp-content\/uploads\/2021\/03\/LOGO-RCTGN-RADIO-CIUTAT-DE-TARRAGONA-TRANSPARENTE-TARRAGONA-2020-3000X3000-Redes1-copia.png\" \/>\n\t<meta property=\"og:image:width\" content=\"3000\" \/>\n\t<meta property=\"og:image:height\" content=\"3000\" \/>\n\t<meta property=\"og:image:type\" content=\"image\/png\" \/>\n<meta name=\"author\" content=\"ACN\" \/>\n<meta name=\"twitter:card\" content=\"summary_large_image\" \/>\n<meta name=\"twitter:creator\" content=\"@RCTgn\" \/>\n<meta name=\"twitter:site\" content=\"@RCTgn\" \/>\n<meta name=\"twitter:label1\" content=\"Escrito por\" \/>\n\t<meta name=\"twitter:data1\" content=\"ACN\" \/>\n\t<meta name=\"twitter:label2\" content=\"Tiempo de lectura\" \/>\n\t<meta name=\"twitter:data2\" content=\"1 minuto\" \/>\n<script type=\"application\/ld+json\" class=\"yoast-schema-graph\">{\"@context\":\"https:\\\/\\\/schema.org\",\"@graph\":[{\"@type\":\"Article\",\"@id\":\"https:\\\/\\\/radiociutat.com\\\/es\\\/ultimas-noticias\\\/cronicas\\\/la-fim-de-vila-seca-programa-un-90-de-estrenos-en-un-cartel-con-61-actuaciones\\\/#article\",\"isPartOf\":{\"@id\":\"https:\\\/\\\/radiociutat.com\\\/es\\\/ultimas-noticias\\\/cronicas\\\/la-fim-de-vila-seca-programa-un-90-de-estrenos-en-un-cartel-con-61-actuaciones\\\/\"},\"author\":{\"name\":\"ACN\",\"@id\":\"https:\\\/\\\/radiociutat.com\\\/es\\\/#\\\/schema\\\/person\\\/ea8722499f2255e1477bd2975629dc71\"},\"headline\":\"La FiM de Vila-seca programa un 90% de estrenos en un cartel con 61 actuaciones\",\"datePublished\":\"2026-03-16T12:19:19+00:00\",\"mainEntityOfPage\":{\"@id\":\"https:\\\/\\\/radiociutat.com\\\/es\\\/ultimas-noticias\\\/cronicas\\\/la-fim-de-vila-seca-programa-un-90-de-estrenos-en-un-cartel-con-61-actuaciones\\\/\"},\"wordCount\":173,\"image\":{\"@id\":\"https:\\\/\\\/radiociutat.com\\\/es\\\/ultimas-noticias\\\/cronicas\\\/la-fim-de-vila-seca-programa-un-90-de-estrenos-en-un-cartel-con-61-actuaciones\\\/#primaryimage\"},\"thumbnailUrl\":\"https:\\\/\\\/files.radiociutat.com\\\/rctgn\\\/wp-content\\\/uploads\\\/2026\\\/03\\\/FIM-Vila-seca-scaled-e1773662918385.jpg\",\"keywords\":[\"Fira de M\u00fasica Emergent i Familiar\",\"Vila-seca\"],\"articleSection\":[\"Cr\u00f3nicas\",\"\u00daltimas noticias\"],\"inLanguage\":\"es\"},{\"@type\":\"WebPage\",\"@id\":\"https:\\\/\\\/radiociutat.com\\\/es\\\/ultimas-noticias\\\/cronicas\\\/la-fim-de-vila-seca-programa-un-90-de-estrenos-en-un-cartel-con-61-actuaciones\\\/\",\"url\":\"https:\\\/\\\/radiociutat.com\\\/es\\\/ultimas-noticias\\\/cronicas\\\/la-fim-de-vila-seca-programa-un-90-de-estrenos-en-un-cartel-con-61-actuaciones\\\/\",\"name\":\"La FiM de Vila-seca programa un 90% de estrenos en un cartel con 61 actuaciones - R\u00e0dio Ciutat de Tarragona\",\"isPartOf\":{\"@id\":\"https:\\\/\\\/radiociutat.com\\\/es\\\/#website\"},\"primaryImageOfPage\":{\"@id\":\"https:\\\/\\\/radiociutat.com\\\/es\\\/ultimas-noticias\\\/cronicas\\\/la-fim-de-vila-seca-programa-un-90-de-estrenos-en-un-cartel-con-61-actuaciones\\\/#primaryimage\"},\"image\":{\"@id\":\"https:\\\/\\\/radiociutat.com\\\/es\\\/ultimas-noticias\\\/cronicas\\\/la-fim-de-vila-seca-programa-un-90-de-estrenos-en-un-cartel-con-61-actuaciones\\\/#primaryimage\"},\"thumbnailUrl\":\"https:\\\/\\\/files.radiociutat.com\\\/rctgn\\\/wp-content\\\/uploads\\\/2026\\\/03\\\/FIM-Vila-seca-scaled-e1773662918385.jpg\",\"datePublished\":\"2026-03-16T12:19:19+00:00\",\"author\":{\"@id\":\"https:\\\/\\\/radiociutat.com\\\/es\\\/#\\\/schema\\\/person\\\/ea8722499f2255e1477bd2975629dc71\"},\"breadcrumb\":{\"@id\":\"https:\\\/\\\/radiociutat.com\\\/es\\\/ultimas-noticias\\\/cronicas\\\/la-fim-de-vila-seca-programa-un-90-de-estrenos-en-un-cartel-con-61-actuaciones\\\/#breadcrumb\"},\"inLanguage\":\"es\",\"potentialAction\":[{\"@type\":\"ReadAction\",\"target\":[\"https:\\\/\\\/radiociutat.com\\\/es\\\/ultimas-noticias\\\/cronicas\\\/la-fim-de-vila-seca-programa-un-90-de-estrenos-en-un-cartel-con-61-actuaciones\\\/\"]}]},{\"@type\":\"ImageObject\",\"inLanguage\":\"es\",\"@id\":\"https:\\\/\\\/radiociutat.com\\\/es\\\/ultimas-noticias\\\/cronicas\\\/la-fim-de-vila-seca-programa-un-90-de-estrenos-en-un-cartel-con-61-actuaciones\\\/#primaryimage\",\"url\":\"https:\\\/\\\/files.radiociutat.com\\\/rctgn\\\/wp-content\\\/uploads\\\/2026\\\/03\\\/FIM-Vila-seca-scaled-e1773662918385.jpg\",\"contentUrl\":\"https:\\\/\\\/files.radiociutat.com\\\/rctgn\\\/wp-content\\\/uploads\\\/2026\\\/03\\\/FIM-Vila-seca-scaled-e1773662918385.jpg\",\"width\":2560,\"height\":1707,\"caption\":\"Foto: ACN\"},{\"@type\":\"BreadcrumbList\",\"@id\":\"https:\\\/\\\/radiociutat.com\\\/es\\\/ultimas-noticias\\\/cronicas\\\/la-fim-de-vila-seca-programa-un-90-de-estrenos-en-un-cartel-con-61-actuaciones\\\/#breadcrumb\",\"itemListElement\":[{\"@type\":\"ListItem\",\"position\":1,\"name\":\"Inici\",\"item\":\"https:\\\/\\\/radiociutat.com\\\/es\\\/\"},{\"@type\":\"ListItem\",\"position\":2,\"name\":\"La FiM de Vila-seca programa un 90% de estrenos en un cartel con 61 actuaciones\"}]},{\"@type\":\"WebSite\",\"@id\":\"https:\\\/\\\/radiociutat.com\\\/es\\\/#website\",\"url\":\"https:\\\/\\\/radiociutat.com\\\/es\\\/\",\"name\":\"R\u00e0dio Ciutat de Tarragona\",\"description\":\"R\u00e0dio Ciutat de Tarragona - RCTgn.cat R\u00e0dio Online\",\"potentialAction\":[{\"@type\":\"SearchAction\",\"target\":{\"@type\":\"EntryPoint\",\"urlTemplate\":\"https:\\\/\\\/radiociutat.com\\\/es\\\/?s={search_term_string}\"},\"query-input\":{\"@type\":\"PropertyValueSpecification\",\"valueRequired\":true,\"valueName\":\"search_term_string\"}}],\"inLanguage\":\"es\"},{\"@type\":\"Person\",\"@id\":\"https:\\\/\\\/radiociutat.com\\\/es\\\/#\\\/schema\\\/person\\\/ea8722499f2255e1477bd2975629dc71\",\"name\":\"ACN\",\"sameAs\":[\"https:\\\/\\\/radiociutat.com\\\/wp-content\\\/uploads\\\/2023\\\/09\\\/acn-e1694789176650.png\"],\"url\":\"https:\\\/\\\/radiociutat.com\\\/es\\\/author\\\/acn\\\/\"}]}<\/script>\n<!-- \/ Yoast SEO Premium plugin. -->","yoast_head_json":{"title":"La FiM de Vila-seca programa un 90% de estrenos en un cartel con 61 actuaciones - R\u00e0dio Ciutat de Tarragona","robots":{"index":"index","follow":"follow","max-snippet":"max-snippet:-1","max-image-preview":"max-image-preview:large","max-video-preview":"max-video-preview:-1"},"canonical":"https:\/\/radiociutat.com\/es\/ultimas-noticias\/cronicas\/la-fim-de-vila-seca-programa-un-90-de-estrenos-en-un-cartel-con-61-actuaciones\/","og_locale":"es_ES","og_type":"article","og_title":"La FiM de Vila-seca programa un 90% de estrenos en un cartel con 61 actuaciones","og_description":"La Feria de M\u00fasica Emergente y Familiar de Vila-seca (FiM) refuerza la apuesta por la innovaci\u00f3n con una programaci\u00f3n de 61 actuaciones, m\u00e1s del 90% de las cuales son estrenos. Llevar\u00e1 a los ocho escenarios y espacios habilitados en diferentes puntos del n\u00facleo urbano propuestas familiares de Reggae Per Xics, La Tresca i la Verdesca, [&hellip;]","og_url":"https:\/\/radiociutat.com\/es\/ultimas-noticias\/cronicas\/la-fim-de-vila-seca-programa-un-90-de-estrenos-en-un-cartel-con-61-actuaciones\/","og_site_name":"R\u00e0dio Ciutat de Tarragona","article_publisher":"https:\/\/www.facebook.com\/rctgn","article_published_time":"2026-03-16T12:19:19+00:00","og_image":[{"width":3000,"height":3000,"url":"https:\/\/files.radiociutat.com\/rctgn\/wp-content\/uploads\/2021\/03\/LOGO-RCTGN-RADIO-CIUTAT-DE-TARRAGONA-TRANSPARENTE-TARRAGONA-2020-3000X3000-Redes1-copia.png","type":"image\/png"}],"author":"ACN","twitter_card":"summary_large_image","twitter_creator":"@RCTgn","twitter_site":"@RCTgn","twitter_misc":{"Escrito por":"ACN","Tiempo de lectura":"1 minuto"},"schema":{"@context":"https:\/\/schema.org","@graph":[{"@type":"Article","@id":"https:\/\/radiociutat.com\/es\/ultimas-noticias\/cronicas\/la-fim-de-vila-seca-programa-un-90-de-estrenos-en-un-cartel-con-61-actuaciones\/#article","isPartOf":{"@id":"https:\/\/radiociutat.com\/es\/ultimas-noticias\/cronicas\/la-fim-de-vila-seca-programa-un-90-de-estrenos-en-un-cartel-con-61-actuaciones\/"},"author":{"name":"ACN","@id":"https:\/\/radiociutat.com\/es\/#\/schema\/person\/ea8722499f2255e1477bd2975629dc71"},"headline":"La FiM de Vila-seca programa un 90% de estrenos en un cartel con 61 actuaciones","datePublished":"2026-03-16T12:19:19+00:00","mainEntityOfPage":{"@id":"https:\/\/radiociutat.com\/es\/ultimas-noticias\/cronicas\/la-fim-de-vila-seca-programa-un-90-de-estrenos-en-un-cartel-con-61-actuaciones\/"},"wordCount":173,"image":{"@id":"https:\/\/radiociutat.com\/es\/ultimas-noticias\/cronicas\/la-fim-de-vila-seca-programa-un-90-de-estrenos-en-un-cartel-con-61-actuaciones\/#primaryimage"},"thumbnailUrl":"https:\/\/files.radiociutat.com\/rctgn\/wp-content\/uploads\/2026\/03\/FIM-Vila-seca-scaled-e1773662918385.jpg","keywords":["Fira de M\u00fasica Emergent i Familiar","Vila-seca"],"articleSection":["Cr\u00f3nicas","\u00daltimas noticias"],"inLanguage":"es"},{"@type":"WebPage","@id":"https:\/\/radiociutat.com\/es\/ultimas-noticias\/cronicas\/la-fim-de-vila-seca-programa-un-90-de-estrenos-en-un-cartel-con-61-actuaciones\/","url":"https:\/\/radiociutat.com\/es\/ultimas-noticias\/cronicas\/la-fim-de-vila-seca-programa-un-90-de-estrenos-en-un-cartel-con-61-actuaciones\/","name":"La FiM de Vila-seca programa un 90% de estrenos en un cartel con 61 actuaciones - R\u00e0dio Ciutat de Tarragona","isPartOf":{"@id":"https:\/\/radiociutat.com\/es\/#website"},"primaryImageOfPage":{"@id":"https:\/\/radiociutat.com\/es\/ultimas-noticias\/cronicas\/la-fim-de-vila-seca-programa-un-90-de-estrenos-en-un-cartel-con-61-actuaciones\/#primaryimage"},"image":{"@id":"https:\/\/radiociutat.com\/es\/ultimas-noticias\/cronicas\/la-fim-de-vila-seca-programa-un-90-de-estrenos-en-un-cartel-con-61-actuaciones\/#primaryimage"},"thumbnailUrl":"https:\/\/files.radiociutat.com\/rctgn\/wp-content\/uploads\/2026\/03\/FIM-Vila-seca-scaled-e1773662918385.jpg","datePublished":"2026-03-16T12:19:19+00:00","author":{"@id":"https:\/\/radiociutat.com\/es\/#\/schema\/person\/ea8722499f2255e1477bd2975629dc71"},"breadcrumb":{"@id":"https:\/\/radiociutat.com\/es\/ultimas-noticias\/cronicas\/la-fim-de-vila-seca-programa-un-90-de-estrenos-en-un-cartel-con-61-actuaciones\/#breadcrumb"},"inLanguage":"es","potentialAction":[{"@type":"ReadAction","target":["https:\/\/radiociutat.com\/es\/ultimas-noticias\/cronicas\/la-fim-de-vila-seca-programa-un-90-de-estrenos-en-un-cartel-con-61-actuaciones\/"]}]},{"@type":"ImageObject","inLanguage":"es","@id":"https:\/\/radiociutat.com\/es\/ultimas-noticias\/cronicas\/la-fim-de-vila-seca-programa-un-90-de-estrenos-en-un-cartel-con-61-actuaciones\/#primaryimage","url":"https:\/\/files.radiociutat.com\/rctgn\/wp-content\/uploads\/2026\/03\/FIM-Vila-seca-scaled-e1773662918385.jpg","contentUrl":"https:\/\/files.radiociutat.com\/rctgn\/wp-content\/uploads\/2026\/03\/FIM-Vila-seca-scaled-e1773662918385.jpg","width":2560,"height":1707,"caption":"Foto: ACN"},{"@type":"BreadcrumbList","@id":"https:\/\/radiociutat.com\/es\/ultimas-noticias\/cronicas\/la-fim-de-vila-seca-programa-un-90-de-estrenos-en-un-cartel-con-61-actuaciones\/#breadcrumb","itemListElement":[{"@type":"ListItem","position":1,"name":"Inici","item":"https:\/\/radiociutat.com\/es\/"},{"@type":"ListItem","position":2,"name":"La FiM de Vila-seca programa un 90% de estrenos en un cartel con 61 actuaciones"}]},{"@type":"WebSite","@id":"https:\/\/radiociutat.com\/es\/#website","url":"https:\/\/radiociutat.com\/es\/","name":"R\u00e0dio Ciutat de Tarragona","description":"R\u00e0dio Ciutat de Tarragona - RCTgn.cat R\u00e0dio Online","potentialAction":[{"@type":"SearchAction","target":{"@type":"EntryPoint","urlTemplate":"https:\/\/radiociutat.com\/es\/?s={search_term_string}"},"query-input":{"@type":"PropertyValueSpecification","valueRequired":true,"valueName":"search_term_string"}}],"inLanguage":"es"},{"@type":"Person","@id":"https:\/\/radiociutat.com\/es\/#\/schema\/person\/ea8722499f2255e1477bd2975629dc71","name":"ACN","sameAs":["https:\/\/radiociutat.com\/wp-content\/uploads\/2023\/09\/acn-e1694789176650.png"],"url":"https:\/\/radiociutat.com\/es\/author\/acn\/"}]}},"_links":{"self":[{"href":"https:\/\/radiociutat.com\/es\/wp-json\/wp\/v2\/posts\/370179","targetHints":{"allow":["GET"]}}],"collection":[{"href":"https:\/\/radiociutat.com\/es\/wp-json\/wp\/v2\/posts"}],"about":[{"href":"https:\/\/radiociutat.com\/es\/wp-json\/wp\/v2\/types\/post"}],"author":[{"embeddable":true,"href":"https:\/\/radiociutat.com\/es\/wp-json\/wp\/v2\/users\/57"}],"replies":[{"embeddable":true,"href":"https:\/\/radiociutat.com\/es\/wp-json\/wp\/v2\/comments?post=370179"}],"version-history":[{"count":0,"href":"https:\/\/radiociutat.com\/es\/wp-json\/wp\/v2\/posts\/370179\/revisions"}],"wp:featuredmedia":[{"embeddable":true,"href":"https:\/\/radiociutat.com\/es\/wp-json\/wp\/v2\/media\/370173"}],"wp:attachment":[{"href":"https:\/\/radiociutat.com\/es\/wp-json\/wp\/v2\/media?parent=370179"}],"wp:term":[{"taxonomy":"category","embeddable":true,"href":"https:\/\/radiociutat.com\/es\/wp-json\/wp\/v2\/categories?post=370179"},{"taxonomy":"post_tag","embeddable":true,"href":"https:\/\/radiociutat.com\/es\/wp-json\/wp\/v2\/tags?post=370179"}],"curies":[{"name":"wp","href":"https:\/\/api.w.org\/{rel}","templated":true}]}}