{"id":370152,"date":"2026-03-16T12:26:59","date_gmt":"2026-03-16T11:26:59","guid":{"rendered":"https:\/\/radiociutat.com\/programes-podcast\/el-tour-a-casa-la-previa-para-calentar-motores-hasta-el-5-de-julio\/"},"modified":"2026-03-16T12:26:59","modified_gmt":"2026-03-16T11:26:59","slug":"el-tour-a-casa-la-previa-para-calentar-motores-hasta-el-5-de-julio","status":"publish","type":"post","link":"https:\/\/radiociutat.com\/es\/ultimas-noticias\/el-tour-a-casa-la-previa-para-calentar-motores-hasta-el-5-de-julio\/","title":{"rendered":"\u00abEl Tour a casa\u00bb, la previa para calentar motores hasta el 5 de julio"},"content":{"rendered":"\n<p>Este lunes se ha presentado <strong>\u00abEl Tour a casa\u00bb<\/strong>, el conjunto de actividades que se convertir\u00e1n en el pre\u00e1mbulo de la llegada del <strong>Tour de Francia 2026<\/strong> a Tarragona. Hasta el <strong>5 de julio<\/strong>, la ciudad disfrutar\u00e1 de todo tipo de eventos deportivos, pero tambi\u00e9n divulgativos y culturales, para promocionar el paso por Tarragona de la carrera ciclista m\u00e1s importante del mundo.<\/p>\n\n\n\n<p>Con este conjunto de iniciativas, la ciudad quiere prepararse y vivir de cerca la llegada del Tour. La propuesta quiere implicar a toda la ciudadan\u00eda en este evento deportivo hist\u00f3rico, impulsando actividades que conecten la ciudad con el esp\u00edritu del Tour y generando un ambiente festivo y participativo.<\/p>\n\n\n\n<p>La presentaci\u00f3n ha contado con la presencia del alcalde <strong>Rub\u00e9n Vi\u00f1uales<\/strong>, la presidenta de la Diputaci\u00f3n de Tarragona, <strong>Noem\u00ed Llaurad\u00f3<\/strong>, y el concejal de Deportes, <strong>Mario Soler<\/strong>. Durante su intervenci\u00f3n, Vi\u00f1uales ha vuelto a destacar la gran relevancia que supondr\u00e1 para Tarragona el paso del Tour de Francia.<\/p>\n\n\n\n<figure class=\"wp-block-audio\"><audio controls src=\"https:\/\/files.radiociutat.com\/rctgn\/wp-content\/uploads\/2026\/03\/TALL-VINUALES-TOUR.mp3\"><\/audio><\/figure>\n\n\n\n<p>Entre los actos m\u00e1s destacados estar\u00e1 la fiesta en la Pla\u00e7a de la Font, el pr\u00f3ximo<strong> 26 de marzo<\/strong>, justo cuando faltar\u00e1n 100 d\u00edas para la llegada de la carrera, o el Dictado del Tour, un proyecto pedag\u00f3gico sobre el evento, que se celebrar\u00e1 el <strong>27 de marzo<\/strong>. En el \u00e1mbito deportivo, el <strong>31 de mayo<\/strong> se recuperar\u00e1 la <strong>Bicicletada Popular<\/strong>, que har\u00e1 el mismo recorrido por la ciudad que har\u00e1n los corredores durante la etapa.<\/p>\n\n\n\n<p>Adem\u00e1s, la Diputaci\u00f3n de Tarragona tambi\u00e9n adoptar\u00e1 una decoraci\u00f3n especial para la ocasi\u00f3n, tanto en la sede del Passeig de Sant Antoni como en la futura nueva sede operativa de la Pla\u00e7a Imperial T\u00e0rraco, donde se colgar\u00e1 un maillot gigante y un marcador con la cuenta atr\u00e1s hasta el d\u00eda de la carrera.<\/p>\n\n\n\n<p>Todas las actividades programadas se pueden consultar en el siguiente <a href=\"https:\/\/www.tarragona.cat\/esports\/activitats\/competicions\/pretour\">enlace<\/a>.<\/p>\n","protected":false},"excerpt":{"rendered":"<p>Este lunes se ha presentado \u00abEl Tour a casa\u00bb, el conjunto de actividades que se convertir\u00e1n en el pre\u00e1mbulo de la llegada del Tour de Francia 2026 a Tarragona. Hasta el 5 de julio, la ciudad disfrutar\u00e1 de todo tipo de eventos deportivos, pero tambi\u00e9n divulgativos y culturales, para promocionar el paso por Tarragona de [&hellip;]<\/p>\n","protected":false},"author":104,"featured_media":370118,"comment_status":"closed","ping_status":"closed","sticky":false,"template":"","format":"standard","meta":{"footnotes":""},"categories":[13688,13716],"tags":[14060,19,13419],"class_list":["post-370152","post","type-post","status-publish","format-standard","has-post-thumbnail","hentry","category-cronicas","category-ultimas-noticias","tag-el-tour-a-casa","tag-tarragona","tag-tour-de-franca-2026"],"yoast_head":"<!-- This site is optimized with the Yoast SEO Premium plugin v27.4 (Yoast SEO v27.5) - https:\/\/yoast.com\/product\/yoast-seo-premium-wordpress\/ -->\n<title>&quot;El Tour a casa&quot;, la previa para calentar motores hasta el 5 de julio - R\u00e0dio Ciutat de Tarragona<\/title>\n<meta name=\"robots\" content=\"index, follow, max-snippet:-1, max-image-preview:large, max-video-preview:-1\" \/>\n<link rel=\"canonical\" href=\"https:\/\/radiociutat.com\/es\/ultimas-noticias\/el-tour-a-casa-la-previa-para-calentar-motores-hasta-el-5-de-julio\/\" \/>\n<meta property=\"og:locale\" content=\"es_ES\" \/>\n<meta property=\"og:type\" content=\"article\" \/>\n<meta property=\"og:title\" content=\"&quot;El Tour a casa&quot;, la previa para calentar motores hasta el 5 de julio\" \/>\n<meta property=\"og:description\" content=\"Este lunes se ha presentado \u00abEl Tour a casa\u00bb, el conjunto de actividades que se convertir\u00e1n en el pre\u00e1mbulo de la llegada del Tour de Francia 2026 a Tarragona. Hasta el 5 de julio, la ciudad disfrutar\u00e1 de todo tipo de eventos deportivos, pero tambi\u00e9n divulgativos y culturales, para promocionar el paso por Tarragona de [&hellip;]\" \/>\n<meta property=\"og:url\" content=\"https:\/\/radiociutat.com\/es\/ultimas-noticias\/el-tour-a-casa-la-previa-para-calentar-motores-hasta-el-5-de-julio\/\" \/>\n<meta property=\"og:site_name\" content=\"R\u00e0dio Ciutat de Tarragona\" \/>\n<meta property=\"article:publisher\" content=\"https:\/\/www.facebook.com\/rctgn\" \/>\n<meta property=\"article:published_time\" content=\"2026-03-16T11:26:59+00:00\" \/>\n<meta property=\"og:image\" content=\"https:\/\/files.radiociutat.com\/rctgn\/wp-content\/uploads\/2026\/03\/Tour-a-Casa-e1773659021764.jpeg\" \/>\n\t<meta property=\"og:image:width\" content=\"2048\" \/>\n\t<meta property=\"og:image:height\" content=\"1536\" \/>\n\t<meta property=\"og:image:type\" content=\"image\/jpeg\" \/>\n<meta name=\"author\" content=\"Eduard Par\u00eds\" \/>\n<meta name=\"twitter:card\" content=\"summary_large_image\" \/>\n<meta name=\"twitter:creator\" content=\"@RCTgn\" \/>\n<meta name=\"twitter:site\" content=\"@RCTgn\" \/>\n<meta name=\"twitter:label1\" content=\"Escrito por\" \/>\n\t<meta name=\"twitter:data1\" content=\"Eduard Par\u00eds\" \/>\n\t<meta name=\"twitter:label2\" content=\"Tiempo de lectura\" \/>\n\t<meta name=\"twitter:data2\" content=\"2 minutos\" \/>\n<script type=\"application\/ld+json\" class=\"yoast-schema-graph\">{\"@context\":\"https:\\\/\\\/schema.org\",\"@graph\":[{\"@type\":\"Article\",\"@id\":\"https:\\\/\\\/radiociutat.com\\\/es\\\/ultimas-noticias\\\/el-tour-a-casa-la-previa-para-calentar-motores-hasta-el-5-de-julio\\\/#article\",\"isPartOf\":{\"@id\":\"https:\\\/\\\/radiociutat.com\\\/es\\\/ultimas-noticias\\\/el-tour-a-casa-la-previa-para-calentar-motores-hasta-el-5-de-julio\\\/\"},\"author\":{\"name\":\"Eduard Par\u00eds\",\"@id\":\"https:\\\/\\\/radiociutat.com\\\/es\\\/#\\\/schema\\\/person\\\/0e9e2a935ba5449ab0f804a7b413a7ca\"},\"headline\":\"\u00abEl Tour a casa\u00bb, la previa para calentar motores hasta el 5 de julio\",\"datePublished\":\"2026-03-16T11:26:59+00:00\",\"mainEntityOfPage\":{\"@id\":\"https:\\\/\\\/radiociutat.com\\\/es\\\/ultimas-noticias\\\/el-tour-a-casa-la-previa-para-calentar-motores-hasta-el-5-de-julio\\\/\"},\"wordCount\":334,\"image\":{\"@id\":\"https:\\\/\\\/radiociutat.com\\\/es\\\/ultimas-noticias\\\/el-tour-a-casa-la-previa-para-calentar-motores-hasta-el-5-de-julio\\\/#primaryimage\"},\"thumbnailUrl\":\"https:\\\/\\\/files.radiociutat.com\\\/rctgn\\\/wp-content\\\/uploads\\\/2026\\\/03\\\/Tour-a-Casa-e1773659021764.jpeg\",\"keywords\":[\"El Tour a casa\",\"Tarragona\",\"Tour de Fran\u00e7a 2026\"],\"articleSection\":[\"Cr\u00f3nicas\",\"\u00daltimas noticias\"],\"inLanguage\":\"es\"},{\"@type\":\"WebPage\",\"@id\":\"https:\\\/\\\/radiociutat.com\\\/es\\\/ultimas-noticias\\\/el-tour-a-casa-la-previa-para-calentar-motores-hasta-el-5-de-julio\\\/\",\"url\":\"https:\\\/\\\/radiociutat.com\\\/es\\\/ultimas-noticias\\\/el-tour-a-casa-la-previa-para-calentar-motores-hasta-el-5-de-julio\\\/\",\"name\":\"\\\"El Tour a casa\\\", la previa para calentar motores hasta el 5 de julio - R\u00e0dio Ciutat de Tarragona\",\"isPartOf\":{\"@id\":\"https:\\\/\\\/radiociutat.com\\\/es\\\/#website\"},\"primaryImageOfPage\":{\"@id\":\"https:\\\/\\\/radiociutat.com\\\/es\\\/ultimas-noticias\\\/el-tour-a-casa-la-previa-para-calentar-motores-hasta-el-5-de-julio\\\/#primaryimage\"},\"image\":{\"@id\":\"https:\\\/\\\/radiociutat.com\\\/es\\\/ultimas-noticias\\\/el-tour-a-casa-la-previa-para-calentar-motores-hasta-el-5-de-julio\\\/#primaryimage\"},\"thumbnailUrl\":\"https:\\\/\\\/files.radiociutat.com\\\/rctgn\\\/wp-content\\\/uploads\\\/2026\\\/03\\\/Tour-a-Casa-e1773659021764.jpeg\",\"datePublished\":\"2026-03-16T11:26:59+00:00\",\"author\":{\"@id\":\"https:\\\/\\\/radiociutat.com\\\/es\\\/#\\\/schema\\\/person\\\/0e9e2a935ba5449ab0f804a7b413a7ca\"},\"breadcrumb\":{\"@id\":\"https:\\\/\\\/radiociutat.com\\\/es\\\/ultimas-noticias\\\/el-tour-a-casa-la-previa-para-calentar-motores-hasta-el-5-de-julio\\\/#breadcrumb\"},\"inLanguage\":\"es\",\"potentialAction\":[{\"@type\":\"ReadAction\",\"target\":[\"https:\\\/\\\/radiociutat.com\\\/es\\\/ultimas-noticias\\\/el-tour-a-casa-la-previa-para-calentar-motores-hasta-el-5-de-julio\\\/\"]}]},{\"@type\":\"ImageObject\",\"inLanguage\":\"es\",\"@id\":\"https:\\\/\\\/radiociutat.com\\\/es\\\/ultimas-noticias\\\/el-tour-a-casa-la-previa-para-calentar-motores-hasta-el-5-de-julio\\\/#primaryimage\",\"url\":\"https:\\\/\\\/files.radiociutat.com\\\/rctgn\\\/wp-content\\\/uploads\\\/2026\\\/03\\\/Tour-a-Casa-e1773659021764.jpeg\",\"contentUrl\":\"https:\\\/\\\/files.radiociutat.com\\\/rctgn\\\/wp-content\\\/uploads\\\/2026\\\/03\\\/Tour-a-Casa-e1773659021764.jpeg\",\"width\":2048,\"height\":1536},{\"@type\":\"BreadcrumbList\",\"@id\":\"https:\\\/\\\/radiociutat.com\\\/es\\\/ultimas-noticias\\\/el-tour-a-casa-la-previa-para-calentar-motores-hasta-el-5-de-julio\\\/#breadcrumb\",\"itemListElement\":[{\"@type\":\"ListItem\",\"position\":1,\"name\":\"Inici\",\"item\":\"https:\\\/\\\/radiociutat.com\\\/es\\\/\"},{\"@type\":\"ListItem\",\"position\":2,\"name\":\"&#8220;El Tour a casa&#8221;, la previa para calentar motores hasta el 5 de julio\"}]},{\"@type\":\"WebSite\",\"@id\":\"https:\\\/\\\/radiociutat.com\\\/es\\\/#website\",\"url\":\"https:\\\/\\\/radiociutat.com\\\/es\\\/\",\"name\":\"R\u00e0dio Ciutat de Tarragona\",\"description\":\"R\u00e0dio Ciutat de Tarragona - RCTgn.cat R\u00e0dio Online\",\"potentialAction\":[{\"@type\":\"SearchAction\",\"target\":{\"@type\":\"EntryPoint\",\"urlTemplate\":\"https:\\\/\\\/radiociutat.com\\\/es\\\/?s={search_term_string}\"},\"query-input\":{\"@type\":\"PropertyValueSpecification\",\"valueRequired\":true,\"valueName\":\"search_term_string\"}}],\"inLanguage\":\"es\"},{\"@type\":\"Person\",\"@id\":\"https:\\\/\\\/radiociutat.com\\\/es\\\/#\\\/schema\\\/person\\\/0e9e2a935ba5449ab0f804a7b413a7ca\",\"name\":\"Eduard Par\u00eds\",\"url\":\"https:\\\/\\\/radiociutat.com\\\/es\\\/author\\\/eparis\\\/\"}]}<\/script>\n<!-- \/ Yoast SEO Premium plugin. -->","yoast_head_json":{"title":"\"El Tour a casa\", la previa para calentar motores hasta el 5 de julio - R\u00e0dio Ciutat de Tarragona","robots":{"index":"index","follow":"follow","max-snippet":"max-snippet:-1","max-image-preview":"max-image-preview:large","max-video-preview":"max-video-preview:-1"},"canonical":"https:\/\/radiociutat.com\/es\/ultimas-noticias\/el-tour-a-casa-la-previa-para-calentar-motores-hasta-el-5-de-julio\/","og_locale":"es_ES","og_type":"article","og_title":"\"El Tour a casa\", la previa para calentar motores hasta el 5 de julio","og_description":"Este lunes se ha presentado \u00abEl Tour a casa\u00bb, el conjunto de actividades que se convertir\u00e1n en el pre\u00e1mbulo de la llegada del Tour de Francia 2026 a Tarragona. Hasta el 5 de julio, la ciudad disfrutar\u00e1 de todo tipo de eventos deportivos, pero tambi\u00e9n divulgativos y culturales, para promocionar el paso por Tarragona de [&hellip;]","og_url":"https:\/\/radiociutat.com\/es\/ultimas-noticias\/el-tour-a-casa-la-previa-para-calentar-motores-hasta-el-5-de-julio\/","og_site_name":"R\u00e0dio Ciutat de Tarragona","article_publisher":"https:\/\/www.facebook.com\/rctgn","article_published_time":"2026-03-16T11:26:59+00:00","og_image":[{"width":2048,"height":1536,"url":"https:\/\/files.radiociutat.com\/rctgn\/wp-content\/uploads\/2026\/03\/Tour-a-Casa-e1773659021764.jpeg","type":"image\/jpeg"}],"author":"Eduard Par\u00eds","twitter_card":"summary_large_image","twitter_creator":"@RCTgn","twitter_site":"@RCTgn","twitter_misc":{"Escrito por":"Eduard Par\u00eds","Tiempo de lectura":"2 minutos"},"schema":{"@context":"https:\/\/schema.org","@graph":[{"@type":"Article","@id":"https:\/\/radiociutat.com\/es\/ultimas-noticias\/el-tour-a-casa-la-previa-para-calentar-motores-hasta-el-5-de-julio\/#article","isPartOf":{"@id":"https:\/\/radiociutat.com\/es\/ultimas-noticias\/el-tour-a-casa-la-previa-para-calentar-motores-hasta-el-5-de-julio\/"},"author":{"name":"Eduard Par\u00eds","@id":"https:\/\/radiociutat.com\/es\/#\/schema\/person\/0e9e2a935ba5449ab0f804a7b413a7ca"},"headline":"\u00abEl Tour a casa\u00bb, la previa para calentar motores hasta el 5 de julio","datePublished":"2026-03-16T11:26:59+00:00","mainEntityOfPage":{"@id":"https:\/\/radiociutat.com\/es\/ultimas-noticias\/el-tour-a-casa-la-previa-para-calentar-motores-hasta-el-5-de-julio\/"},"wordCount":334,"image":{"@id":"https:\/\/radiociutat.com\/es\/ultimas-noticias\/el-tour-a-casa-la-previa-para-calentar-motores-hasta-el-5-de-julio\/#primaryimage"},"thumbnailUrl":"https:\/\/files.radiociutat.com\/rctgn\/wp-content\/uploads\/2026\/03\/Tour-a-Casa-e1773659021764.jpeg","keywords":["El Tour a casa","Tarragona","Tour de Fran\u00e7a 2026"],"articleSection":["Cr\u00f3nicas","\u00daltimas noticias"],"inLanguage":"es"},{"@type":"WebPage","@id":"https:\/\/radiociutat.com\/es\/ultimas-noticias\/el-tour-a-casa-la-previa-para-calentar-motores-hasta-el-5-de-julio\/","url":"https:\/\/radiociutat.com\/es\/ultimas-noticias\/el-tour-a-casa-la-previa-para-calentar-motores-hasta-el-5-de-julio\/","name":"\"El Tour a casa\", la previa para calentar motores hasta el 5 de julio - R\u00e0dio Ciutat de Tarragona","isPartOf":{"@id":"https:\/\/radiociutat.com\/es\/#website"},"primaryImageOfPage":{"@id":"https:\/\/radiociutat.com\/es\/ultimas-noticias\/el-tour-a-casa-la-previa-para-calentar-motores-hasta-el-5-de-julio\/#primaryimage"},"image":{"@id":"https:\/\/radiociutat.com\/es\/ultimas-noticias\/el-tour-a-casa-la-previa-para-calentar-motores-hasta-el-5-de-julio\/#primaryimage"},"thumbnailUrl":"https:\/\/files.radiociutat.com\/rctgn\/wp-content\/uploads\/2026\/03\/Tour-a-Casa-e1773659021764.jpeg","datePublished":"2026-03-16T11:26:59+00:00","author":{"@id":"https:\/\/radiociutat.com\/es\/#\/schema\/person\/0e9e2a935ba5449ab0f804a7b413a7ca"},"breadcrumb":{"@id":"https:\/\/radiociutat.com\/es\/ultimas-noticias\/el-tour-a-casa-la-previa-para-calentar-motores-hasta-el-5-de-julio\/#breadcrumb"},"inLanguage":"es","potentialAction":[{"@type":"ReadAction","target":["https:\/\/radiociutat.com\/es\/ultimas-noticias\/el-tour-a-casa-la-previa-para-calentar-motores-hasta-el-5-de-julio\/"]}]},{"@type":"ImageObject","inLanguage":"es","@id":"https:\/\/radiociutat.com\/es\/ultimas-noticias\/el-tour-a-casa-la-previa-para-calentar-motores-hasta-el-5-de-julio\/#primaryimage","url":"https:\/\/files.radiociutat.com\/rctgn\/wp-content\/uploads\/2026\/03\/Tour-a-Casa-e1773659021764.jpeg","contentUrl":"https:\/\/files.radiociutat.com\/rctgn\/wp-content\/uploads\/2026\/03\/Tour-a-Casa-e1773659021764.jpeg","width":2048,"height":1536},{"@type":"BreadcrumbList","@id":"https:\/\/radiociutat.com\/es\/ultimas-noticias\/el-tour-a-casa-la-previa-para-calentar-motores-hasta-el-5-de-julio\/#breadcrumb","itemListElement":[{"@type":"ListItem","position":1,"name":"Inici","item":"https:\/\/radiociutat.com\/es\/"},{"@type":"ListItem","position":2,"name":"&#8220;El Tour a casa&#8221;, la previa para calentar motores hasta el 5 de julio"}]},{"@type":"WebSite","@id":"https:\/\/radiociutat.com\/es\/#website","url":"https:\/\/radiociutat.com\/es\/","name":"R\u00e0dio Ciutat de Tarragona","description":"R\u00e0dio Ciutat de Tarragona - RCTgn.cat R\u00e0dio Online","potentialAction":[{"@type":"SearchAction","target":{"@type":"EntryPoint","urlTemplate":"https:\/\/radiociutat.com\/es\/?s={search_term_string}"},"query-input":{"@type":"PropertyValueSpecification","valueRequired":true,"valueName":"search_term_string"}}],"inLanguage":"es"},{"@type":"Person","@id":"https:\/\/radiociutat.com\/es\/#\/schema\/person\/0e9e2a935ba5449ab0f804a7b413a7ca","name":"Eduard Par\u00eds","url":"https:\/\/radiociutat.com\/es\/author\/eparis\/"}]}},"_links":{"self":[{"href":"https:\/\/radiociutat.com\/es\/wp-json\/wp\/v2\/posts\/370152","targetHints":{"allow":["GET"]}}],"collection":[{"href":"https:\/\/radiociutat.com\/es\/wp-json\/wp\/v2\/posts"}],"about":[{"href":"https:\/\/radiociutat.com\/es\/wp-json\/wp\/v2\/types\/post"}],"author":[{"embeddable":true,"href":"https:\/\/radiociutat.com\/es\/wp-json\/wp\/v2\/users\/104"}],"replies":[{"embeddable":true,"href":"https:\/\/radiociutat.com\/es\/wp-json\/wp\/v2\/comments?post=370152"}],"version-history":[{"count":0,"href":"https:\/\/radiociutat.com\/es\/wp-json\/wp\/v2\/posts\/370152\/revisions"}],"wp:featuredmedia":[{"embeddable":true,"href":"https:\/\/radiociutat.com\/es\/wp-json\/wp\/v2\/media\/370118"}],"wp:attachment":[{"href":"https:\/\/radiociutat.com\/es\/wp-json\/wp\/v2\/media?parent=370152"}],"wp:term":[{"taxonomy":"category","embeddable":true,"href":"https:\/\/radiociutat.com\/es\/wp-json\/wp\/v2\/categories?post=370152"},{"taxonomy":"post_tag","embeddable":true,"href":"https:\/\/radiociutat.com\/es\/wp-json\/wp\/v2\/tags?post=370152"}],"curies":[{"name":"wp","href":"https:\/\/api.w.org\/{rel}","templated":true}]}}