{"id":370067,"date":"2026-03-16T10:48:33","date_gmt":"2026-03-16T09:48:33","guid":{"rendered":"https:\/\/radiociutat.com\/programes-podcast\/pablo-lopez-viaja-desde-el-espacio-para-enamorar-al-publico-tarraconense\/"},"modified":"2026-03-16T10:48:33","modified_gmt":"2026-03-16T09:48:33","slug":"pablo-lopez-viaja-desde-el-espacio-para-enamorar-al-publico-tarraconense","status":"publish","type":"post","link":"https:\/\/radiociutat.com\/es\/ultimas-noticias\/cronicas\/pablo-lopez-viaja-desde-el-espacio-para-enamorar-al-publico-tarraconense\/","title":{"rendered":"Pablo L\u00f3pez viaja desde el espacio para enamorar al p\u00fablico tarraconense"},"content":{"rendered":"\n<p>\u00c9l solo con su piano dejaba sonar las primeras notas de una noche que, sin duda, auguraba ser especial y \u00fanica. Pablo L\u00f3pez no deja indiferente a nadie, y adem\u00e1s de su talento, su voz y sus manos tocando el piano de cola, sabe ganarse al p\u00fablico de cualquier lugar con la gran simpat\u00eda, espontaneidad y carisma que siempre lo caracterizan.<\/p>\n\n\n\n<p>Pablo L\u00f3pez habl\u00f3 mucho con el p\u00fablico, pidiendo que participara, que cantara, que hiciera peticiones de canciones y as\u00ed fue. El primer espont\u00e1neo de la noche grit\u00f3 que cantara una de Antonio Orozco y el malague\u00f1o regal\u00f3 el tema \u00abDevu\u00e9lveme la vida\u00bb.<\/p>\n\n\n\n<p>L\u00f3pez sali\u00f3 solo con su piano y su sonrisa de ni\u00f1o feliz con lo que iba a pasar, pero enseguida le acompa\u00f1\u00f3 la banda con una puesta en escena espectacular. Guitarras, percusi\u00f3n, bater\u00eda, vientos y piano convirtieron cada canci\u00f3n en una aut\u00e9ntica fiesta de emociones. No faltaron los grandes temas de su carrera y de los 5 discos de estudio como \u00abVi\u00bb, \u00abLo saben mis zapatos\u00bb, \u00abTe espero aqu\u00ed\u00bb e \u00abEl ni\u00f1o del espacio\u00bb que da nombre a la actual gira de teatros.<\/p>\n\n\n\n<p>El p\u00fablico se levant\u00f3 de la butaca cuando interpret\u00f3 canciones como \u00abMi enemigo\u00bb, \u00abLibertad\u00bb y \u00abEl mundo\u00bb y el \u00e9xtasis lleg\u00f3 con las primeras notas de \u00abEl patio\u00bb.<\/p>\n\n\n\n<p>Un Pablo L\u00f3pez que, de vez en cuando, se dirig\u00eda al p\u00fablico que llenaba el Palacio Ferial y de Congresos de Tarragona en catal\u00e1n e, incluso, se atrevi\u00f3 a cantarlo en alguna estrofa.<\/p>\n\n\n\n<p>Un concierto para el recuerdo, cargado de magia y con la voz de uno de los mejores cantantes del panorama nacional. Pablo L\u00f3pez, el ni\u00f1o del espacio, vino a la tierra para enamorarnos una vez m\u00e1s.<\/p>\n","protected":false},"excerpt":{"rendered":"<p>\u00c9l solo con su piano dejaba sonar las primeras notas de una noche que, sin duda, auguraba ser especial y \u00fanica. Pablo L\u00f3pez no deja indiferente a nadie, y adem\u00e1s de su talento, su voz y sus manos tocando el piano de cola, sabe ganarse al p\u00fablico de cualquier lugar con la gran simpat\u00eda, espontaneidad [&hellip;]<\/p>\n","protected":false},"author":1,"featured_media":370062,"comment_status":"closed","ping_status":"closed","sticky":false,"template":"","format":"standard","meta":{"footnotes":""},"categories":[13688],"tags":[128,88,14053,260,14052,129,19,218],"class_list":["post-370067","post","type-post","status-publish","format-standard","has-post-thumbnail","hentry","category-cronicas","tag-actualitat","tag-info","tag-musica","tag-noticies","tag-pablo-lopez","tag-societat","tag-tarragona","tag-tgn"],"yoast_head":"<!-- This site is optimized with the Yoast SEO Premium plugin v27.4 (Yoast SEO v27.5) - https:\/\/yoast.com\/product\/yoast-seo-premium-wordpress\/ -->\n<title>Pablo L\u00f3pez viaja desde el espacio para enamorar al p\u00fablico tarraconense - R\u00e0dio Ciutat de Tarragona<\/title>\n<meta name=\"robots\" content=\"index, follow, max-snippet:-1, max-image-preview:large, max-video-preview:-1\" \/>\n<link rel=\"canonical\" href=\"https:\/\/radiociutat.com\/es\/ultimas-noticias\/cronicas\/pablo-lopez-viaja-desde-el-espacio-para-enamorar-al-publico-tarraconense\/\" \/>\n<meta property=\"og:locale\" content=\"es_ES\" \/>\n<meta property=\"og:type\" content=\"article\" \/>\n<meta property=\"og:title\" content=\"Pablo L\u00f3pez viaja desde el espacio para enamorar al p\u00fablico tarraconense\" \/>\n<meta property=\"og:description\" content=\"\u00c9l solo con su piano dejaba sonar las primeras notas de una noche que, sin duda, auguraba ser especial y \u00fanica. Pablo L\u00f3pez no deja indiferente a nadie, y adem\u00e1s de su talento, su voz y sus manos tocando el piano de cola, sabe ganarse al p\u00fablico de cualquier lugar con la gran simpat\u00eda, espontaneidad [&hellip;]\" \/>\n<meta property=\"og:url\" content=\"https:\/\/radiociutat.com\/es\/ultimas-noticias\/cronicas\/pablo-lopez-viaja-desde-el-espacio-para-enamorar-al-publico-tarraconense\/\" \/>\n<meta property=\"og:site_name\" content=\"R\u00e0dio Ciutat de Tarragona\" \/>\n<meta property=\"article:publisher\" content=\"https:\/\/www.facebook.com\/rctgn\" \/>\n<meta property=\"article:published_time\" content=\"2026-03-16T09:48:33+00:00\" \/>\n<meta property=\"og:image\" content=\"https:\/\/files.radiociutat.com\/rctgn\/wp-content\/uploads\/2026\/03\/1000123264-e1773654468621.jpg\" \/>\n\t<meta property=\"og:image:width\" content=\"1220\" \/>\n\t<meta property=\"og:image:height\" content=\"853\" \/>\n\t<meta property=\"og:image:type\" content=\"image\/jpeg\" \/>\n<meta name=\"author\" content=\"Redacci\u00f3\" \/>\n<meta name=\"twitter:card\" content=\"summary_large_image\" \/>\n<meta name=\"twitter:creator\" content=\"@RCTgn\" \/>\n<meta name=\"twitter:site\" content=\"@RCTgn\" \/>\n<meta name=\"twitter:label1\" content=\"Escrito por\" \/>\n\t<meta name=\"twitter:data1\" content=\"Redacci\u00f3\" \/>\n\t<meta name=\"twitter:label2\" content=\"Tiempo de lectura\" \/>\n\t<meta name=\"twitter:data2\" content=\"2 minutos\" \/>\n<script type=\"application\/ld+json\" class=\"yoast-schema-graph\">{\"@context\":\"https:\\\/\\\/schema.org\",\"@graph\":[{\"@type\":\"Article\",\"@id\":\"https:\\\/\\\/radiociutat.com\\\/es\\\/ultimas-noticias\\\/cronicas\\\/pablo-lopez-viaja-desde-el-espacio-para-enamorar-al-publico-tarraconense\\\/#article\",\"isPartOf\":{\"@id\":\"https:\\\/\\\/radiociutat.com\\\/es\\\/ultimas-noticias\\\/cronicas\\\/pablo-lopez-viaja-desde-el-espacio-para-enamorar-al-publico-tarraconense\\\/\"},\"author\":{\"name\":\"Redacci\u00f3\",\"@id\":\"https:\\\/\\\/radiociutat.com\\\/es\\\/#\\\/schema\\\/person\\\/04b6638f9d2a9ea77408db76c5d8f0b5\"},\"headline\":\"Pablo L\u00f3pez viaja desde el espacio para enamorar al p\u00fablico tarraconense\",\"datePublished\":\"2026-03-16T09:48:33+00:00\",\"mainEntityOfPage\":{\"@id\":\"https:\\\/\\\/radiociutat.com\\\/es\\\/ultimas-noticias\\\/cronicas\\\/pablo-lopez-viaja-desde-el-espacio-para-enamorar-al-publico-tarraconense\\\/\"},\"wordCount\":319,\"image\":{\"@id\":\"https:\\\/\\\/radiociutat.com\\\/es\\\/ultimas-noticias\\\/cronicas\\\/pablo-lopez-viaja-desde-el-espacio-para-enamorar-al-publico-tarraconense\\\/#primaryimage\"},\"thumbnailUrl\":\"https:\\\/\\\/files.radiociutat.com\\\/rctgn\\\/wp-content\\\/uploads\\\/2026\\\/03\\\/1000123264-e1773654468621.jpg\",\"keywords\":[\"Actualitat\",\"Info\",\"M\u00fasica\",\"not\u00edcies\",\"Pablo L\u00f3pez\",\"Societat\",\"Tarragona\",\"TGN\"],\"articleSection\":[\"Cr\u00f3nicas\"],\"inLanguage\":\"es\"},{\"@type\":\"WebPage\",\"@id\":\"https:\\\/\\\/radiociutat.com\\\/es\\\/ultimas-noticias\\\/cronicas\\\/pablo-lopez-viaja-desde-el-espacio-para-enamorar-al-publico-tarraconense\\\/\",\"url\":\"https:\\\/\\\/radiociutat.com\\\/es\\\/ultimas-noticias\\\/cronicas\\\/pablo-lopez-viaja-desde-el-espacio-para-enamorar-al-publico-tarraconense\\\/\",\"name\":\"Pablo L\u00f3pez viaja desde el espacio para enamorar al p\u00fablico tarraconense - R\u00e0dio Ciutat de Tarragona\",\"isPartOf\":{\"@id\":\"https:\\\/\\\/radiociutat.com\\\/es\\\/#website\"},\"primaryImageOfPage\":{\"@id\":\"https:\\\/\\\/radiociutat.com\\\/es\\\/ultimas-noticias\\\/cronicas\\\/pablo-lopez-viaja-desde-el-espacio-para-enamorar-al-publico-tarraconense\\\/#primaryimage\"},\"image\":{\"@id\":\"https:\\\/\\\/radiociutat.com\\\/es\\\/ultimas-noticias\\\/cronicas\\\/pablo-lopez-viaja-desde-el-espacio-para-enamorar-al-publico-tarraconense\\\/#primaryimage\"},\"thumbnailUrl\":\"https:\\\/\\\/files.radiociutat.com\\\/rctgn\\\/wp-content\\\/uploads\\\/2026\\\/03\\\/1000123264-e1773654468621.jpg\",\"datePublished\":\"2026-03-16T09:48:33+00:00\",\"author\":{\"@id\":\"https:\\\/\\\/radiociutat.com\\\/es\\\/#\\\/schema\\\/person\\\/04b6638f9d2a9ea77408db76c5d8f0b5\"},\"breadcrumb\":{\"@id\":\"https:\\\/\\\/radiociutat.com\\\/es\\\/ultimas-noticias\\\/cronicas\\\/pablo-lopez-viaja-desde-el-espacio-para-enamorar-al-publico-tarraconense\\\/#breadcrumb\"},\"inLanguage\":\"es\",\"potentialAction\":[{\"@type\":\"ReadAction\",\"target\":[\"https:\\\/\\\/radiociutat.com\\\/es\\\/ultimas-noticias\\\/cronicas\\\/pablo-lopez-viaja-desde-el-espacio-para-enamorar-al-publico-tarraconense\\\/\"]}]},{\"@type\":\"ImageObject\",\"inLanguage\":\"es\",\"@id\":\"https:\\\/\\\/radiociutat.com\\\/es\\\/ultimas-noticias\\\/cronicas\\\/pablo-lopez-viaja-desde-el-espacio-para-enamorar-al-publico-tarraconense\\\/#primaryimage\",\"url\":\"https:\\\/\\\/files.radiociutat.com\\\/rctgn\\\/wp-content\\\/uploads\\\/2026\\\/03\\\/1000123264-e1773654468621.jpg\",\"contentUrl\":\"https:\\\/\\\/files.radiociutat.com\\\/rctgn\\\/wp-content\\\/uploads\\\/2026\\\/03\\\/1000123264-e1773654468621.jpg\",\"width\":1220,\"height\":853},{\"@type\":\"BreadcrumbList\",\"@id\":\"https:\\\/\\\/radiociutat.com\\\/es\\\/ultimas-noticias\\\/cronicas\\\/pablo-lopez-viaja-desde-el-espacio-para-enamorar-al-publico-tarraconense\\\/#breadcrumb\",\"itemListElement\":[{\"@type\":\"ListItem\",\"position\":1,\"name\":\"Inici\",\"item\":\"https:\\\/\\\/radiociutat.com\\\/es\\\/\"},{\"@type\":\"ListItem\",\"position\":2,\"name\":\"Pablo L\u00f3pez viaja desde el espacio para enamorar al p\u00fablico tarraconense\"}]},{\"@type\":\"WebSite\",\"@id\":\"https:\\\/\\\/radiociutat.com\\\/es\\\/#website\",\"url\":\"https:\\\/\\\/radiociutat.com\\\/es\\\/\",\"name\":\"R\u00e0dio Ciutat de Tarragona\",\"description\":\"R\u00e0dio Ciutat de Tarragona - RCTgn.cat R\u00e0dio Online\",\"potentialAction\":[{\"@type\":\"SearchAction\",\"target\":{\"@type\":\"EntryPoint\",\"urlTemplate\":\"https:\\\/\\\/radiociutat.com\\\/es\\\/?s={search_term_string}\"},\"query-input\":{\"@type\":\"PropertyValueSpecification\",\"valueRequired\":true,\"valueName\":\"search_term_string\"}}],\"inLanguage\":\"es\"},{\"@type\":\"Person\",\"@id\":\"https:\\\/\\\/radiociutat.com\\\/es\\\/#\\\/schema\\\/person\\\/04b6638f9d2a9ea77408db76c5d8f0b5\",\"name\":\"Redacci\u00f3\",\"sameAs\":[\"https:\\\/\\\/radiociutat.com\\\/wp-content\\\/uploads\\\/2023\\\/09\\\/LOGO-RCTGN-CUADRAT.png\"],\"url\":\"https:\\\/\\\/radiociutat.com\\\/es\\\/author\\\/jespinosa\\\/\"}]}<\/script>\n<!-- \/ Yoast SEO Premium plugin. -->","yoast_head_json":{"title":"Pablo L\u00f3pez viaja desde el espacio para enamorar al p\u00fablico tarraconense - R\u00e0dio Ciutat de Tarragona","robots":{"index":"index","follow":"follow","max-snippet":"max-snippet:-1","max-image-preview":"max-image-preview:large","max-video-preview":"max-video-preview:-1"},"canonical":"https:\/\/radiociutat.com\/es\/ultimas-noticias\/cronicas\/pablo-lopez-viaja-desde-el-espacio-para-enamorar-al-publico-tarraconense\/","og_locale":"es_ES","og_type":"article","og_title":"Pablo L\u00f3pez viaja desde el espacio para enamorar al p\u00fablico tarraconense","og_description":"\u00c9l solo con su piano dejaba sonar las primeras notas de una noche que, sin duda, auguraba ser especial y \u00fanica. Pablo L\u00f3pez no deja indiferente a nadie, y adem\u00e1s de su talento, su voz y sus manos tocando el piano de cola, sabe ganarse al p\u00fablico de cualquier lugar con la gran simpat\u00eda, espontaneidad [&hellip;]","og_url":"https:\/\/radiociutat.com\/es\/ultimas-noticias\/cronicas\/pablo-lopez-viaja-desde-el-espacio-para-enamorar-al-publico-tarraconense\/","og_site_name":"R\u00e0dio Ciutat de Tarragona","article_publisher":"https:\/\/www.facebook.com\/rctgn","article_published_time":"2026-03-16T09:48:33+00:00","og_image":[{"width":1220,"height":853,"url":"https:\/\/files.radiociutat.com\/rctgn\/wp-content\/uploads\/2026\/03\/1000123264-e1773654468621.jpg","type":"image\/jpeg"}],"author":"Redacci\u00f3","twitter_card":"summary_large_image","twitter_creator":"@RCTgn","twitter_site":"@RCTgn","twitter_misc":{"Escrito por":"Redacci\u00f3","Tiempo de lectura":"2 minutos"},"schema":{"@context":"https:\/\/schema.org","@graph":[{"@type":"Article","@id":"https:\/\/radiociutat.com\/es\/ultimas-noticias\/cronicas\/pablo-lopez-viaja-desde-el-espacio-para-enamorar-al-publico-tarraconense\/#article","isPartOf":{"@id":"https:\/\/radiociutat.com\/es\/ultimas-noticias\/cronicas\/pablo-lopez-viaja-desde-el-espacio-para-enamorar-al-publico-tarraconense\/"},"author":{"name":"Redacci\u00f3","@id":"https:\/\/radiociutat.com\/es\/#\/schema\/person\/04b6638f9d2a9ea77408db76c5d8f0b5"},"headline":"Pablo L\u00f3pez viaja desde el espacio para enamorar al p\u00fablico tarraconense","datePublished":"2026-03-16T09:48:33+00:00","mainEntityOfPage":{"@id":"https:\/\/radiociutat.com\/es\/ultimas-noticias\/cronicas\/pablo-lopez-viaja-desde-el-espacio-para-enamorar-al-publico-tarraconense\/"},"wordCount":319,"image":{"@id":"https:\/\/radiociutat.com\/es\/ultimas-noticias\/cronicas\/pablo-lopez-viaja-desde-el-espacio-para-enamorar-al-publico-tarraconense\/#primaryimage"},"thumbnailUrl":"https:\/\/files.radiociutat.com\/rctgn\/wp-content\/uploads\/2026\/03\/1000123264-e1773654468621.jpg","keywords":["Actualitat","Info","M\u00fasica","not\u00edcies","Pablo L\u00f3pez","Societat","Tarragona","TGN"],"articleSection":["Cr\u00f3nicas"],"inLanguage":"es"},{"@type":"WebPage","@id":"https:\/\/radiociutat.com\/es\/ultimas-noticias\/cronicas\/pablo-lopez-viaja-desde-el-espacio-para-enamorar-al-publico-tarraconense\/","url":"https:\/\/radiociutat.com\/es\/ultimas-noticias\/cronicas\/pablo-lopez-viaja-desde-el-espacio-para-enamorar-al-publico-tarraconense\/","name":"Pablo L\u00f3pez viaja desde el espacio para enamorar al p\u00fablico tarraconense - R\u00e0dio Ciutat de Tarragona","isPartOf":{"@id":"https:\/\/radiociutat.com\/es\/#website"},"primaryImageOfPage":{"@id":"https:\/\/radiociutat.com\/es\/ultimas-noticias\/cronicas\/pablo-lopez-viaja-desde-el-espacio-para-enamorar-al-publico-tarraconense\/#primaryimage"},"image":{"@id":"https:\/\/radiociutat.com\/es\/ultimas-noticias\/cronicas\/pablo-lopez-viaja-desde-el-espacio-para-enamorar-al-publico-tarraconense\/#primaryimage"},"thumbnailUrl":"https:\/\/files.radiociutat.com\/rctgn\/wp-content\/uploads\/2026\/03\/1000123264-e1773654468621.jpg","datePublished":"2026-03-16T09:48:33+00:00","author":{"@id":"https:\/\/radiociutat.com\/es\/#\/schema\/person\/04b6638f9d2a9ea77408db76c5d8f0b5"},"breadcrumb":{"@id":"https:\/\/radiociutat.com\/es\/ultimas-noticias\/cronicas\/pablo-lopez-viaja-desde-el-espacio-para-enamorar-al-publico-tarraconense\/#breadcrumb"},"inLanguage":"es","potentialAction":[{"@type":"ReadAction","target":["https:\/\/radiociutat.com\/es\/ultimas-noticias\/cronicas\/pablo-lopez-viaja-desde-el-espacio-para-enamorar-al-publico-tarraconense\/"]}]},{"@type":"ImageObject","inLanguage":"es","@id":"https:\/\/radiociutat.com\/es\/ultimas-noticias\/cronicas\/pablo-lopez-viaja-desde-el-espacio-para-enamorar-al-publico-tarraconense\/#primaryimage","url":"https:\/\/files.radiociutat.com\/rctgn\/wp-content\/uploads\/2026\/03\/1000123264-e1773654468621.jpg","contentUrl":"https:\/\/files.radiociutat.com\/rctgn\/wp-content\/uploads\/2026\/03\/1000123264-e1773654468621.jpg","width":1220,"height":853},{"@type":"BreadcrumbList","@id":"https:\/\/radiociutat.com\/es\/ultimas-noticias\/cronicas\/pablo-lopez-viaja-desde-el-espacio-para-enamorar-al-publico-tarraconense\/#breadcrumb","itemListElement":[{"@type":"ListItem","position":1,"name":"Inici","item":"https:\/\/radiociutat.com\/es\/"},{"@type":"ListItem","position":2,"name":"Pablo L\u00f3pez viaja desde el espacio para enamorar al p\u00fablico tarraconense"}]},{"@type":"WebSite","@id":"https:\/\/radiociutat.com\/es\/#website","url":"https:\/\/radiociutat.com\/es\/","name":"R\u00e0dio Ciutat de Tarragona","description":"R\u00e0dio Ciutat de Tarragona - RCTgn.cat R\u00e0dio Online","potentialAction":[{"@type":"SearchAction","target":{"@type":"EntryPoint","urlTemplate":"https:\/\/radiociutat.com\/es\/?s={search_term_string}"},"query-input":{"@type":"PropertyValueSpecification","valueRequired":true,"valueName":"search_term_string"}}],"inLanguage":"es"},{"@type":"Person","@id":"https:\/\/radiociutat.com\/es\/#\/schema\/person\/04b6638f9d2a9ea77408db76c5d8f0b5","name":"Redacci\u00f3","sameAs":["https:\/\/radiociutat.com\/wp-content\/uploads\/2023\/09\/LOGO-RCTGN-CUADRAT.png"],"url":"https:\/\/radiociutat.com\/es\/author\/jespinosa\/"}]}},"_links":{"self":[{"href":"https:\/\/radiociutat.com\/es\/wp-json\/wp\/v2\/posts\/370067","targetHints":{"allow":["GET"]}}],"collection":[{"href":"https:\/\/radiociutat.com\/es\/wp-json\/wp\/v2\/posts"}],"about":[{"href":"https:\/\/radiociutat.com\/es\/wp-json\/wp\/v2\/types\/post"}],"author":[{"embeddable":true,"href":"https:\/\/radiociutat.com\/es\/wp-json\/wp\/v2\/users\/1"}],"replies":[{"embeddable":true,"href":"https:\/\/radiociutat.com\/es\/wp-json\/wp\/v2\/comments?post=370067"}],"version-history":[{"count":0,"href":"https:\/\/radiociutat.com\/es\/wp-json\/wp\/v2\/posts\/370067\/revisions"}],"wp:featuredmedia":[{"embeddable":true,"href":"https:\/\/radiociutat.com\/es\/wp-json\/wp\/v2\/media\/370062"}],"wp:attachment":[{"href":"https:\/\/radiociutat.com\/es\/wp-json\/wp\/v2\/media?parent=370067"}],"wp:term":[{"taxonomy":"category","embeddable":true,"href":"https:\/\/radiociutat.com\/es\/wp-json\/wp\/v2\/categories?post=370067"},{"taxonomy":"post_tag","embeddable":true,"href":"https:\/\/radiociutat.com\/es\/wp-json\/wp\/v2\/tags?post=370067"}],"curies":[{"name":"wp","href":"https:\/\/api.w.org\/{rel}","templated":true}]}}