{"id":370032,"date":"2026-03-16T10:13:34","date_gmt":"2026-03-16T09:13:34","guid":{"rendered":"https:\/\/radiociutat.com\/programes-podcast\/las-obras-en-el-tunel-del-garraf-alteran-la-movilidad-ferroviaria-de-los-usuarios-de-tarragona\/"},"modified":"2026-03-16T10:13:34","modified_gmt":"2026-03-16T09:13:34","slug":"las-obras-en-el-tunel-del-garraf-alteran-la-movilidad-ferroviaria-de-los-usuarios-de-tarragona","status":"publish","type":"post","link":"https:\/\/radiociutat.com\/es\/ultimas-noticias\/cronicas\/las-obras-en-el-tunel-del-garraf-alteran-la-movilidad-ferroviaria-de-los-usuarios-de-tarragona\/","title":{"rendered":"Las obras en el t\u00fanel del Garraf alteran la movilidad ferroviaria de los usuarios de Tarragona"},"content":{"rendered":"\n<p>Los <strong>usuarios de tren<\/strong> de Tarragona y del Camp de Tarragona han empezado este lunes a adaptarse a las modificaciones del servicio ferroviario provocadas por las obras en el t\u00fanel del Garraf. Los trabajos obligan a circular por<strong> v\u00eda \u00fanica entre las estaciones de Sitges y Garraf <\/strong>durante tres o cuatro meses, lo que conllev<strong>a ajustes en las frecuencias de la l\u00ednea R2 Sur <\/strong>y en algunos servicios regionales que conectan con Barcelona.<\/p>\n\n\n\n<p>Para garantizar la movilidad de los pasajeros, se ha activado un<strong> plan alternativo de transporte <\/strong>con trenes y autobuses. Entre las principales medidas destaca la puesta en marcha de autobuses directos entre Barcelona y Sant Vicen\u00e7 de Calders, estaci\u00f3n de referencia para los viajeros que se desplazan desde el Baix Pened\u00e8s y el Camp de Tarragona.<\/p>\n\n\n\n<p>Seg\u00fan diversos usuarios, <strong>el sistema de transbordo y la se\u00f1alizaci\u00f3n han funcionado con normalidad <\/strong>en este primer d\u00eda, aunque algunos pasajeros han tenido que esperar entre servicios o han encontrado tr\u00e1fico en los trayectos por carretera. En declaraciones a la ACN, Jaume, que viajaba de Barcelona a Tarragona, ha reconocido que no sab\u00eda que las obras empezaban este lunes:<strong> \u00abTengo que espabilar\u00bb.<\/strong> Por otro lado, ha explicado que ha tenido que esperar unos quince minutos entre la llegada del tren y la salida del autob\u00fas.<\/p>\n\n\n\n<figure class=\"wp-block-audio\"><audio controls src=\"https:\/\/files.radiociutat.com\/rctgn\/wp-content\/uploads\/2026\/03\/Testimoni-trens-Garraf.mp3\"><\/audio><\/figure>\n\n\n\n<p>El dispositivo tambi\u00e9n incluye el<strong> refuerzo de varias l\u00edneas de autob\u00fas<\/strong> interurbanas del corredor sur, con unas 14.400 plazas adicionales mientras duren las obras.<\/p>\n","protected":false},"excerpt":{"rendered":"<p>Los usuarios de tren de Tarragona y del Camp de Tarragona han empezado este lunes a adaptarse a las modificaciones del servicio ferroviario provocadas por las obras en el t\u00fanel del Garraf. Los trabajos obligan a circular por v\u00eda \u00fanica entre las estaciones de Sitges y Garraf durante tres o cuatro meses, lo que conlleva [&hellip;]<\/p>\n","protected":false},"author":57,"featured_media":370030,"comment_status":"closed","ping_status":"closed","sticky":false,"template":"","format":"standard","meta":{"footnotes":""},"categories":[13688],"tags":[83,19],"class_list":["post-370032","post","type-post","status-publish","format-standard","has-post-thumbnail","hentry","category-cronicas","tag-renfe","tag-tarragona"],"yoast_head":"<!-- This site is optimized with the Yoast SEO Premium plugin v27.4 (Yoast SEO v27.5) - https:\/\/yoast.com\/product\/yoast-seo-premium-wordpress\/ -->\n<title>Las obras en el t\u00fanel del Garraf alteran la movilidad ferroviaria de los usuarios de Tarragona - R\u00e0dio Ciutat de Tarragona<\/title>\n<meta name=\"robots\" content=\"index, follow, max-snippet:-1, max-image-preview:large, max-video-preview:-1\" \/>\n<link rel=\"canonical\" href=\"https:\/\/radiociutat.com\/es\/ultimas-noticias\/cronicas\/las-obras-en-el-tunel-del-garraf-alteran-la-movilidad-ferroviaria-de-los-usuarios-de-tarragona\/\" \/>\n<meta property=\"og:locale\" content=\"es_ES\" \/>\n<meta property=\"og:type\" content=\"article\" \/>\n<meta property=\"og:title\" content=\"Las obras en el t\u00fanel del Garraf alteran la movilidad ferroviaria de los usuarios de Tarragona\" \/>\n<meta property=\"og:description\" content=\"Los usuarios de tren de Tarragona y del Camp de Tarragona han empezado este lunes a adaptarse a las modificaciones del servicio ferroviario provocadas por las obras en el t\u00fanel del Garraf. Los trabajos obligan a circular por v\u00eda \u00fanica entre las estaciones de Sitges y Garraf durante tres o cuatro meses, lo que conlleva [&hellip;]\" \/>\n<meta property=\"og:url\" content=\"https:\/\/radiociutat.com\/es\/ultimas-noticias\/cronicas\/las-obras-en-el-tunel-del-garraf-alteran-la-movilidad-ferroviaria-de-los-usuarios-de-tarragona\/\" \/>\n<meta property=\"og:site_name\" content=\"R\u00e0dio Ciutat de Tarragona\" \/>\n<meta property=\"article:publisher\" content=\"https:\/\/www.facebook.com\/rctgn\" \/>\n<meta property=\"article:published_time\" content=\"2026-03-16T09:13:34+00:00\" \/>\n<meta property=\"og:image\" content=\"https:\/\/files.radiociutat.com\/rctgn\/wp-content\/uploads\/2021\/03\/LOGO-RCTGN-RADIO-CIUTAT-DE-TARRAGONA-TRANSPARENTE-TARRAGONA-2020-3000X3000-Redes1-copia.png\" \/>\n\t<meta property=\"og:image:width\" content=\"3000\" \/>\n\t<meta property=\"og:image:height\" content=\"3000\" \/>\n\t<meta property=\"og:image:type\" content=\"image\/png\" \/>\n<meta name=\"author\" content=\"ACN\" \/>\n<meta name=\"twitter:card\" content=\"summary_large_image\" \/>\n<meta name=\"twitter:creator\" content=\"@RCTgn\" \/>\n<meta name=\"twitter:site\" content=\"@RCTgn\" \/>\n<meta name=\"twitter:label1\" content=\"Escrito por\" \/>\n\t<meta name=\"twitter:data1\" content=\"ACN\" \/>\n\t<meta name=\"twitter:label2\" content=\"Tiempo de lectura\" \/>\n\t<meta name=\"twitter:data2\" content=\"1 minuto\" \/>\n<script type=\"application\/ld+json\" class=\"yoast-schema-graph\">{\"@context\":\"https:\\\/\\\/schema.org\",\"@graph\":[{\"@type\":\"Article\",\"@id\":\"https:\\\/\\\/radiociutat.com\\\/es\\\/ultimas-noticias\\\/cronicas\\\/las-obras-en-el-tunel-del-garraf-alteran-la-movilidad-ferroviaria-de-los-usuarios-de-tarragona\\\/#article\",\"isPartOf\":{\"@id\":\"https:\\\/\\\/radiociutat.com\\\/es\\\/ultimas-noticias\\\/cronicas\\\/las-obras-en-el-tunel-del-garraf-alteran-la-movilidad-ferroviaria-de-los-usuarios-de-tarragona\\\/\"},\"author\":{\"name\":\"ACN\",\"@id\":\"https:\\\/\\\/radiociutat.com\\\/es\\\/#\\\/schema\\\/person\\\/ea8722499f2255e1477bd2975629dc71\"},\"headline\":\"Las obras en el t\u00fanel del Garraf alteran la movilidad ferroviaria de los usuarios de Tarragona\",\"datePublished\":\"2026-03-16T09:13:34+00:00\",\"mainEntityOfPage\":{\"@id\":\"https:\\\/\\\/radiociutat.com\\\/es\\\/ultimas-noticias\\\/cronicas\\\/las-obras-en-el-tunel-del-garraf-alteran-la-movilidad-ferroviaria-de-los-usuarios-de-tarragona\\\/\"},\"wordCount\":269,\"image\":{\"@id\":\"https:\\\/\\\/radiociutat.com\\\/es\\\/ultimas-noticias\\\/cronicas\\\/las-obras-en-el-tunel-del-garraf-alteran-la-movilidad-ferroviaria-de-los-usuarios-de-tarragona\\\/#primaryimage\"},\"thumbnailUrl\":\"https:\\\/\\\/files.radiociutat.com\\\/rctgn\\\/wp-content\\\/uploads\\\/2026\\\/03\\\/Autobus-ALTRENATIU-rENFE-scaled.jpg\",\"keywords\":[\"RENFE\",\"Tarragona\"],\"articleSection\":[\"Cr\u00f3nicas\"],\"inLanguage\":\"es\"},{\"@type\":\"WebPage\",\"@id\":\"https:\\\/\\\/radiociutat.com\\\/es\\\/ultimas-noticias\\\/cronicas\\\/las-obras-en-el-tunel-del-garraf-alteran-la-movilidad-ferroviaria-de-los-usuarios-de-tarragona\\\/\",\"url\":\"https:\\\/\\\/radiociutat.com\\\/es\\\/ultimas-noticias\\\/cronicas\\\/las-obras-en-el-tunel-del-garraf-alteran-la-movilidad-ferroviaria-de-los-usuarios-de-tarragona\\\/\",\"name\":\"Las obras en el t\u00fanel del Garraf alteran la movilidad ferroviaria de los usuarios de Tarragona - R\u00e0dio Ciutat de Tarragona\",\"isPartOf\":{\"@id\":\"https:\\\/\\\/radiociutat.com\\\/es\\\/#website\"},\"primaryImageOfPage\":{\"@id\":\"https:\\\/\\\/radiociutat.com\\\/es\\\/ultimas-noticias\\\/cronicas\\\/las-obras-en-el-tunel-del-garraf-alteran-la-movilidad-ferroviaria-de-los-usuarios-de-tarragona\\\/#primaryimage\"},\"image\":{\"@id\":\"https:\\\/\\\/radiociutat.com\\\/es\\\/ultimas-noticias\\\/cronicas\\\/las-obras-en-el-tunel-del-garraf-alteran-la-movilidad-ferroviaria-de-los-usuarios-de-tarragona\\\/#primaryimage\"},\"thumbnailUrl\":\"https:\\\/\\\/files.radiociutat.com\\\/rctgn\\\/wp-content\\\/uploads\\\/2026\\\/03\\\/Autobus-ALTRENATIU-rENFE-scaled.jpg\",\"datePublished\":\"2026-03-16T09:13:34+00:00\",\"author\":{\"@id\":\"https:\\\/\\\/radiociutat.com\\\/es\\\/#\\\/schema\\\/person\\\/ea8722499f2255e1477bd2975629dc71\"},\"breadcrumb\":{\"@id\":\"https:\\\/\\\/radiociutat.com\\\/es\\\/ultimas-noticias\\\/cronicas\\\/las-obras-en-el-tunel-del-garraf-alteran-la-movilidad-ferroviaria-de-los-usuarios-de-tarragona\\\/#breadcrumb\"},\"inLanguage\":\"es\",\"potentialAction\":[{\"@type\":\"ReadAction\",\"target\":[\"https:\\\/\\\/radiociutat.com\\\/es\\\/ultimas-noticias\\\/cronicas\\\/las-obras-en-el-tunel-del-garraf-alteran-la-movilidad-ferroviaria-de-los-usuarios-de-tarragona\\\/\"]}]},{\"@type\":\"ImageObject\",\"inLanguage\":\"es\",\"@id\":\"https:\\\/\\\/radiociutat.com\\\/es\\\/ultimas-noticias\\\/cronicas\\\/las-obras-en-el-tunel-del-garraf-alteran-la-movilidad-ferroviaria-de-los-usuarios-de-tarragona\\\/#primaryimage\",\"url\":\"https:\\\/\\\/files.radiociutat.com\\\/rctgn\\\/wp-content\\\/uploads\\\/2026\\\/03\\\/Autobus-ALTRENATIU-rENFE-scaled.jpg\",\"contentUrl\":\"https:\\\/\\\/files.radiociutat.com\\\/rctgn\\\/wp-content\\\/uploads\\\/2026\\\/03\\\/Autobus-ALTRENATIU-rENFE-scaled.jpg\",\"width\":2560,\"height\":1707},{\"@type\":\"BreadcrumbList\",\"@id\":\"https:\\\/\\\/radiociutat.com\\\/es\\\/ultimas-noticias\\\/cronicas\\\/las-obras-en-el-tunel-del-garraf-alteran-la-movilidad-ferroviaria-de-los-usuarios-de-tarragona\\\/#breadcrumb\",\"itemListElement\":[{\"@type\":\"ListItem\",\"position\":1,\"name\":\"Inici\",\"item\":\"https:\\\/\\\/radiociutat.com\\\/es\\\/\"},{\"@type\":\"ListItem\",\"position\":2,\"name\":\"Las obras en el t\u00fanel del Garraf alteran la movilidad ferroviaria de los usuarios de Tarragona\"}]},{\"@type\":\"WebSite\",\"@id\":\"https:\\\/\\\/radiociutat.com\\\/es\\\/#website\",\"url\":\"https:\\\/\\\/radiociutat.com\\\/es\\\/\",\"name\":\"R\u00e0dio Ciutat de Tarragona\",\"description\":\"R\u00e0dio Ciutat de Tarragona - RCTgn.cat R\u00e0dio Online\",\"potentialAction\":[{\"@type\":\"SearchAction\",\"target\":{\"@type\":\"EntryPoint\",\"urlTemplate\":\"https:\\\/\\\/radiociutat.com\\\/es\\\/?s={search_term_string}\"},\"query-input\":{\"@type\":\"PropertyValueSpecification\",\"valueRequired\":true,\"valueName\":\"search_term_string\"}}],\"inLanguage\":\"es\"},{\"@type\":\"Person\",\"@id\":\"https:\\\/\\\/radiociutat.com\\\/es\\\/#\\\/schema\\\/person\\\/ea8722499f2255e1477bd2975629dc71\",\"name\":\"ACN\",\"sameAs\":[\"https:\\\/\\\/radiociutat.com\\\/wp-content\\\/uploads\\\/2023\\\/09\\\/acn-e1694789176650.png\"],\"url\":\"https:\\\/\\\/radiociutat.com\\\/es\\\/author\\\/acn\\\/\"}]}<\/script>\n<!-- \/ Yoast SEO Premium plugin. -->","yoast_head_json":{"title":"Las obras en el t\u00fanel del Garraf alteran la movilidad ferroviaria de los usuarios de Tarragona - R\u00e0dio Ciutat de Tarragona","robots":{"index":"index","follow":"follow","max-snippet":"max-snippet:-1","max-image-preview":"max-image-preview:large","max-video-preview":"max-video-preview:-1"},"canonical":"https:\/\/radiociutat.com\/es\/ultimas-noticias\/cronicas\/las-obras-en-el-tunel-del-garraf-alteran-la-movilidad-ferroviaria-de-los-usuarios-de-tarragona\/","og_locale":"es_ES","og_type":"article","og_title":"Las obras en el t\u00fanel del Garraf alteran la movilidad ferroviaria de los usuarios de Tarragona","og_description":"Los usuarios de tren de Tarragona y del Camp de Tarragona han empezado este lunes a adaptarse a las modificaciones del servicio ferroviario provocadas por las obras en el t\u00fanel del Garraf. Los trabajos obligan a circular por v\u00eda \u00fanica entre las estaciones de Sitges y Garraf durante tres o cuatro meses, lo que conlleva [&hellip;]","og_url":"https:\/\/radiociutat.com\/es\/ultimas-noticias\/cronicas\/las-obras-en-el-tunel-del-garraf-alteran-la-movilidad-ferroviaria-de-los-usuarios-de-tarragona\/","og_site_name":"R\u00e0dio Ciutat de Tarragona","article_publisher":"https:\/\/www.facebook.com\/rctgn","article_published_time":"2026-03-16T09:13:34+00:00","og_image":[{"width":3000,"height":3000,"url":"https:\/\/files.radiociutat.com\/rctgn\/wp-content\/uploads\/2021\/03\/LOGO-RCTGN-RADIO-CIUTAT-DE-TARRAGONA-TRANSPARENTE-TARRAGONA-2020-3000X3000-Redes1-copia.png","type":"image\/png"}],"author":"ACN","twitter_card":"summary_large_image","twitter_creator":"@RCTgn","twitter_site":"@RCTgn","twitter_misc":{"Escrito por":"ACN","Tiempo de lectura":"1 minuto"},"schema":{"@context":"https:\/\/schema.org","@graph":[{"@type":"Article","@id":"https:\/\/radiociutat.com\/es\/ultimas-noticias\/cronicas\/las-obras-en-el-tunel-del-garraf-alteran-la-movilidad-ferroviaria-de-los-usuarios-de-tarragona\/#article","isPartOf":{"@id":"https:\/\/radiociutat.com\/es\/ultimas-noticias\/cronicas\/las-obras-en-el-tunel-del-garraf-alteran-la-movilidad-ferroviaria-de-los-usuarios-de-tarragona\/"},"author":{"name":"ACN","@id":"https:\/\/radiociutat.com\/es\/#\/schema\/person\/ea8722499f2255e1477bd2975629dc71"},"headline":"Las obras en el t\u00fanel del Garraf alteran la movilidad ferroviaria de los usuarios de Tarragona","datePublished":"2026-03-16T09:13:34+00:00","mainEntityOfPage":{"@id":"https:\/\/radiociutat.com\/es\/ultimas-noticias\/cronicas\/las-obras-en-el-tunel-del-garraf-alteran-la-movilidad-ferroviaria-de-los-usuarios-de-tarragona\/"},"wordCount":269,"image":{"@id":"https:\/\/radiociutat.com\/es\/ultimas-noticias\/cronicas\/las-obras-en-el-tunel-del-garraf-alteran-la-movilidad-ferroviaria-de-los-usuarios-de-tarragona\/#primaryimage"},"thumbnailUrl":"https:\/\/files.radiociutat.com\/rctgn\/wp-content\/uploads\/2026\/03\/Autobus-ALTRENATIU-rENFE-scaled.jpg","keywords":["RENFE","Tarragona"],"articleSection":["Cr\u00f3nicas"],"inLanguage":"es"},{"@type":"WebPage","@id":"https:\/\/radiociutat.com\/es\/ultimas-noticias\/cronicas\/las-obras-en-el-tunel-del-garraf-alteran-la-movilidad-ferroviaria-de-los-usuarios-de-tarragona\/","url":"https:\/\/radiociutat.com\/es\/ultimas-noticias\/cronicas\/las-obras-en-el-tunel-del-garraf-alteran-la-movilidad-ferroviaria-de-los-usuarios-de-tarragona\/","name":"Las obras en el t\u00fanel del Garraf alteran la movilidad ferroviaria de los usuarios de Tarragona - R\u00e0dio Ciutat de Tarragona","isPartOf":{"@id":"https:\/\/radiociutat.com\/es\/#website"},"primaryImageOfPage":{"@id":"https:\/\/radiociutat.com\/es\/ultimas-noticias\/cronicas\/las-obras-en-el-tunel-del-garraf-alteran-la-movilidad-ferroviaria-de-los-usuarios-de-tarragona\/#primaryimage"},"image":{"@id":"https:\/\/radiociutat.com\/es\/ultimas-noticias\/cronicas\/las-obras-en-el-tunel-del-garraf-alteran-la-movilidad-ferroviaria-de-los-usuarios-de-tarragona\/#primaryimage"},"thumbnailUrl":"https:\/\/files.radiociutat.com\/rctgn\/wp-content\/uploads\/2026\/03\/Autobus-ALTRENATIU-rENFE-scaled.jpg","datePublished":"2026-03-16T09:13:34+00:00","author":{"@id":"https:\/\/radiociutat.com\/es\/#\/schema\/person\/ea8722499f2255e1477bd2975629dc71"},"breadcrumb":{"@id":"https:\/\/radiociutat.com\/es\/ultimas-noticias\/cronicas\/las-obras-en-el-tunel-del-garraf-alteran-la-movilidad-ferroviaria-de-los-usuarios-de-tarragona\/#breadcrumb"},"inLanguage":"es","potentialAction":[{"@type":"ReadAction","target":["https:\/\/radiociutat.com\/es\/ultimas-noticias\/cronicas\/las-obras-en-el-tunel-del-garraf-alteran-la-movilidad-ferroviaria-de-los-usuarios-de-tarragona\/"]}]},{"@type":"ImageObject","inLanguage":"es","@id":"https:\/\/radiociutat.com\/es\/ultimas-noticias\/cronicas\/las-obras-en-el-tunel-del-garraf-alteran-la-movilidad-ferroviaria-de-los-usuarios-de-tarragona\/#primaryimage","url":"https:\/\/files.radiociutat.com\/rctgn\/wp-content\/uploads\/2026\/03\/Autobus-ALTRENATIU-rENFE-scaled.jpg","contentUrl":"https:\/\/files.radiociutat.com\/rctgn\/wp-content\/uploads\/2026\/03\/Autobus-ALTRENATIU-rENFE-scaled.jpg","width":2560,"height":1707},{"@type":"BreadcrumbList","@id":"https:\/\/radiociutat.com\/es\/ultimas-noticias\/cronicas\/las-obras-en-el-tunel-del-garraf-alteran-la-movilidad-ferroviaria-de-los-usuarios-de-tarragona\/#breadcrumb","itemListElement":[{"@type":"ListItem","position":1,"name":"Inici","item":"https:\/\/radiociutat.com\/es\/"},{"@type":"ListItem","position":2,"name":"Las obras en el t\u00fanel del Garraf alteran la movilidad ferroviaria de los usuarios de Tarragona"}]},{"@type":"WebSite","@id":"https:\/\/radiociutat.com\/es\/#website","url":"https:\/\/radiociutat.com\/es\/","name":"R\u00e0dio Ciutat de Tarragona","description":"R\u00e0dio Ciutat de Tarragona - RCTgn.cat R\u00e0dio Online","potentialAction":[{"@type":"SearchAction","target":{"@type":"EntryPoint","urlTemplate":"https:\/\/radiociutat.com\/es\/?s={search_term_string}"},"query-input":{"@type":"PropertyValueSpecification","valueRequired":true,"valueName":"search_term_string"}}],"inLanguage":"es"},{"@type":"Person","@id":"https:\/\/radiociutat.com\/es\/#\/schema\/person\/ea8722499f2255e1477bd2975629dc71","name":"ACN","sameAs":["https:\/\/radiociutat.com\/wp-content\/uploads\/2023\/09\/acn-e1694789176650.png"],"url":"https:\/\/radiociutat.com\/es\/author\/acn\/"}]}},"_links":{"self":[{"href":"https:\/\/radiociutat.com\/es\/wp-json\/wp\/v2\/posts\/370032","targetHints":{"allow":["GET"]}}],"collection":[{"href":"https:\/\/radiociutat.com\/es\/wp-json\/wp\/v2\/posts"}],"about":[{"href":"https:\/\/radiociutat.com\/es\/wp-json\/wp\/v2\/types\/post"}],"author":[{"embeddable":true,"href":"https:\/\/radiociutat.com\/es\/wp-json\/wp\/v2\/users\/57"}],"replies":[{"embeddable":true,"href":"https:\/\/radiociutat.com\/es\/wp-json\/wp\/v2\/comments?post=370032"}],"version-history":[{"count":0,"href":"https:\/\/radiociutat.com\/es\/wp-json\/wp\/v2\/posts\/370032\/revisions"}],"wp:featuredmedia":[{"embeddable":true,"href":"https:\/\/radiociutat.com\/es\/wp-json\/wp\/v2\/media\/370030"}],"wp:attachment":[{"href":"https:\/\/radiociutat.com\/es\/wp-json\/wp\/v2\/media?parent=370032"}],"wp:term":[{"taxonomy":"category","embeddable":true,"href":"https:\/\/radiociutat.com\/es\/wp-json\/wp\/v2\/categories?post=370032"},{"taxonomy":"post_tag","embeddable":true,"href":"https:\/\/radiociutat.com\/es\/wp-json\/wp\/v2\/tags?post=370032"}],"curies":[{"name":"wp","href":"https:\/\/api.w.org\/{rel}","templated":true}]}}