{"id":369994,"date":"2026-03-15T11:23:00","date_gmt":"2026-03-15T10:23:00","guid":{"rendered":"https:\/\/radiociutat.com\/programes-podcast\/salou-acogera-los-premios-catalejo-del-observatorio-de-los-derechos-humanos-de-espana\/"},"modified":"2026-03-15T11:23:00","modified_gmt":"2026-03-15T10:23:00","slug":"salou-acogera-los-premios-catalejo-del-observatorio-de-los-derechos-humanos-de-espana","status":"publish","type":"post","link":"https:\/\/radiociutat.com\/es\/provincia-de-tarragona\/salou-acogera-los-premios-catalejo-del-observatorio-de-los-derechos-humanos-de-espana\/","title":{"rendered":"Salou acoger\u00e1 los premios Catalejo del Observatorio de los Derechos Humanos de Espa\u00f1a"},"content":{"rendered":"<p>Salou ha sido elegida como la sede para la pr\u00f3xima edici\u00f3n de los premios Catalejo, unos galardones de prestigio que otorga anualmente el Observatorio de los Derechos Humanos de Espa\u00f1a (ODHE). El evento, que cuenta con la colaboraci\u00f3n directa del Ayuntamiento de Salou, servir\u00e1 para reconocer el compromiso y la labor de personas e instituciones en la defensa, promoci\u00f3n y protecci\u00f3n de los derechos fundamentales a escala nacional.<br \/>\nEl anuncio de este certamen destaca la voluntad del municipio de convertirse en un punto de encuentro referente para la sensibilizaci\u00f3n social y el debate sobre las libertades civiles. Los premios Catalejo tienen como misi\u00f3n principal poner el foco sobre aquellas iniciativas y trayectorias que ejemplifican los valores de la solidaridad, la igualdad y la justicia social, especialmente en un context global donde la defensa de estos principios es cada vez m\u00e1s necesaria.<br \/>\nDesde la corporaci\u00f3n municipal se ha puesto de relieve la importancia de que la ciudad se convierta en el escenario de estos reconocimientos. La celebraci\u00f3n de esta gala pretende proyectar el municipio como un espacio comprometido con la cultura de la paz y la dignidad humana, buscando involucrar tanto a la sociedad civil como a las instituciones en un esfuerzo compartido por mejorar la convivencia y el respeto mutuo.<\/p>\n","protected":false},"excerpt":{"rendered":"<p>Salou ha sido elegida como la sede para la pr\u00f3xima edici\u00f3n de los premios Catalejo, unos galardones de prestigio que otorga anualmente el Observatorio de los Derechos Humanos de Espa\u00f1a (ODHE). El evento, que cuenta con la colaboraci\u00f3n directa del Ayuntamiento de Salou, servir\u00e1 para reconocer el compromiso y la labor de personas e instituciones [&hellip;]<\/p>\n","protected":false},"author":106,"featured_media":369988,"comment_status":"closed","ping_status":"closed","sticky":false,"template":"","format":"standard","meta":{"footnotes":""},"categories":[13688,14039,14026,12404,14040,14028,14041,13716],"tags":[],"class_list":["post-369994","post","type-post","status-publish","format-standard","has-post-thumbnail","hentry","category-cronicas","category-cultura","category-nota-automatica","category-provincia-de-tarragona","category-salou","category-sociedad","category-tarragones","category-ultimas-noticias"],"yoast_head":"<!-- This site is optimized with the Yoast SEO Premium plugin v27.4 (Yoast SEO v27.5) - https:\/\/yoast.com\/product\/yoast-seo-premium-wordpress\/ -->\n<title>Salou acoger\u00e1 los premios Catalejo del Observatorio de los Derechos Humanos de Espa\u00f1a - R\u00e0dio Ciutat de Tarragona<\/title>\n<meta name=\"robots\" content=\"index, follow, max-snippet:-1, max-image-preview:large, max-video-preview:-1\" \/>\n<link rel=\"canonical\" href=\"https:\/\/radiociutat.com\/es\/provincia-de-tarragona\/salou-acogera-los-premios-catalejo-del-observatorio-de-los-derechos-humanos-de-espana\/\" \/>\n<meta property=\"og:locale\" content=\"es_ES\" \/>\n<meta property=\"og:type\" content=\"article\" \/>\n<meta property=\"og:title\" content=\"Salou acoger\u00e1 los premios Catalejo del Observatorio de los Derechos Humanos de Espa\u00f1a\" \/>\n<meta property=\"og:description\" content=\"Salou ha sido elegida como la sede para la pr\u00f3xima edici\u00f3n de los premios Catalejo, unos galardones de prestigio que otorga anualmente el Observatorio de los Derechos Humanos de Espa\u00f1a (ODHE). El evento, que cuenta con la colaboraci\u00f3n directa del Ayuntamiento de Salou, servir\u00e1 para reconocer el compromiso y la labor de personas e instituciones [&hellip;]\" \/>\n<meta property=\"og:url\" content=\"https:\/\/radiociutat.com\/es\/provincia-de-tarragona\/salou-acogera-los-premios-catalejo-del-observatorio-de-los-derechos-humanos-de-espana\/\" \/>\n<meta property=\"og:site_name\" content=\"R\u00e0dio Ciutat de Tarragona\" \/>\n<meta property=\"article:publisher\" content=\"https:\/\/www.facebook.com\/rctgn\" \/>\n<meta property=\"article:published_time\" content=\"2026-03-15T10:23:00+00:00\" \/>\n<meta property=\"og:image\" content=\"https:\/\/files.radiociutat.com\/rctgn\/wp-content\/uploads\/2021\/03\/LOGO-RCTGN-RADIO-CIUTAT-DE-TARRAGONA-TRANSPARENTE-TARRAGONA-2020-3000X3000-Redes1-copia.png\" \/>\n\t<meta property=\"og:image:width\" content=\"3000\" \/>\n\t<meta property=\"og:image:height\" content=\"3000\" \/>\n\t<meta property=\"og:image:type\" content=\"image\/png\" \/>\n<meta name=\"author\" content=\"AutoNota\" \/>\n<meta name=\"twitter:card\" content=\"summary_large_image\" \/>\n<meta name=\"twitter:creator\" content=\"@RCTgn\" \/>\n<meta name=\"twitter:site\" content=\"@RCTgn\" \/>\n<meta name=\"twitter:label1\" content=\"Escrito por\" \/>\n\t<meta name=\"twitter:data1\" content=\"AutoNota\" \/>\n\t<meta name=\"twitter:label2\" content=\"Tiempo de lectura\" \/>\n\t<meta name=\"twitter:data2\" content=\"1 minuto\" \/>\n<script type=\"application\/ld+json\" class=\"yoast-schema-graph\">{\"@context\":\"https:\\\/\\\/schema.org\",\"@graph\":[{\"@type\":\"Article\",\"@id\":\"https:\\\/\\\/radiociutat.com\\\/es\\\/provincia-de-tarragona\\\/salou-acogera-los-premios-catalejo-del-observatorio-de-los-derechos-humanos-de-espana\\\/#article\",\"isPartOf\":{\"@id\":\"https:\\\/\\\/radiociutat.com\\\/es\\\/provincia-de-tarragona\\\/salou-acogera-los-premios-catalejo-del-observatorio-de-los-derechos-humanos-de-espana\\\/\"},\"author\":{\"name\":\"AutoNota\",\"@id\":\"https:\\\/\\\/radiociutat.com\\\/es\\\/#\\\/schema\\\/person\\\/fd401dfbfd2adfe3f166b553b083e78d\"},\"headline\":\"Salou acoger\u00e1 los premios Catalejo del Observatorio de los Derechos Humanos de Espa\u00f1a\",\"datePublished\":\"2026-03-15T10:23:00+00:00\",\"mainEntityOfPage\":{\"@id\":\"https:\\\/\\\/radiociutat.com\\\/es\\\/provincia-de-tarragona\\\/salou-acogera-los-premios-catalejo-del-observatorio-de-los-derechos-humanos-de-espana\\\/\"},\"wordCount\":235,\"image\":{\"@id\":\"https:\\\/\\\/radiociutat.com\\\/es\\\/provincia-de-tarragona\\\/salou-acogera-los-premios-catalejo-del-observatorio-de-los-derechos-humanos-de-espana\\\/#primaryimage\"},\"thumbnailUrl\":\"https:\\\/\\\/files.radiociutat.com\\\/rctgn\\\/wp-content\\\/uploads\\\/2026\\\/03\\\/premis-catalejo.jpg\",\"articleSection\":[\"Cr\u00f3nicas\",\"Cultura\",\"Nota autom\u00e1tica\",\"Prov\u00edncia de Tarragona\",\"Salou\",\"Sociedad\",\"Tarragon\u00e9s\",\"\u00daltimas noticias\"],\"inLanguage\":\"es\"},{\"@type\":\"WebPage\",\"@id\":\"https:\\\/\\\/radiociutat.com\\\/es\\\/provincia-de-tarragona\\\/salou-acogera-los-premios-catalejo-del-observatorio-de-los-derechos-humanos-de-espana\\\/\",\"url\":\"https:\\\/\\\/radiociutat.com\\\/es\\\/provincia-de-tarragona\\\/salou-acogera-los-premios-catalejo-del-observatorio-de-los-derechos-humanos-de-espana\\\/\",\"name\":\"Salou acoger\u00e1 los premios Catalejo del Observatorio de los Derechos Humanos de Espa\u00f1a - R\u00e0dio Ciutat de Tarragona\",\"isPartOf\":{\"@id\":\"https:\\\/\\\/radiociutat.com\\\/es\\\/#website\"},\"primaryImageOfPage\":{\"@id\":\"https:\\\/\\\/radiociutat.com\\\/es\\\/provincia-de-tarragona\\\/salou-acogera-los-premios-catalejo-del-observatorio-de-los-derechos-humanos-de-espana\\\/#primaryimage\"},\"image\":{\"@id\":\"https:\\\/\\\/radiociutat.com\\\/es\\\/provincia-de-tarragona\\\/salou-acogera-los-premios-catalejo-del-observatorio-de-los-derechos-humanos-de-espana\\\/#primaryimage\"},\"thumbnailUrl\":\"https:\\\/\\\/files.radiociutat.com\\\/rctgn\\\/wp-content\\\/uploads\\\/2026\\\/03\\\/premis-catalejo.jpg\",\"datePublished\":\"2026-03-15T10:23:00+00:00\",\"author\":{\"@id\":\"https:\\\/\\\/radiociutat.com\\\/es\\\/#\\\/schema\\\/person\\\/fd401dfbfd2adfe3f166b553b083e78d\"},\"breadcrumb\":{\"@id\":\"https:\\\/\\\/radiociutat.com\\\/es\\\/provincia-de-tarragona\\\/salou-acogera-los-premios-catalejo-del-observatorio-de-los-derechos-humanos-de-espana\\\/#breadcrumb\"},\"inLanguage\":\"es\",\"potentialAction\":[{\"@type\":\"ReadAction\",\"target\":[\"https:\\\/\\\/radiociutat.com\\\/es\\\/provincia-de-tarragona\\\/salou-acogera-los-premios-catalejo-del-observatorio-de-los-derechos-humanos-de-espana\\\/\"]}]},{\"@type\":\"ImageObject\",\"inLanguage\":\"es\",\"@id\":\"https:\\\/\\\/radiociutat.com\\\/es\\\/provincia-de-tarragona\\\/salou-acogera-los-premios-catalejo-del-observatorio-de-los-derechos-humanos-de-espana\\\/#primaryimage\",\"url\":\"https:\\\/\\\/files.radiociutat.com\\\/rctgn\\\/wp-content\\\/uploads\\\/2026\\\/03\\\/premis-catalejo.jpg\",\"contentUrl\":\"https:\\\/\\\/files.radiociutat.com\\\/rctgn\\\/wp-content\\\/uploads\\\/2026\\\/03\\\/premis-catalejo.jpg\",\"width\":1908,\"height\":1431,\"caption\":\"premis catalejo\"},{\"@type\":\"BreadcrumbList\",\"@id\":\"https:\\\/\\\/radiociutat.com\\\/es\\\/provincia-de-tarragona\\\/salou-acogera-los-premios-catalejo-del-observatorio-de-los-derechos-humanos-de-espana\\\/#breadcrumb\",\"itemListElement\":[{\"@type\":\"ListItem\",\"position\":1,\"name\":\"Inici\",\"item\":\"https:\\\/\\\/radiociutat.com\\\/es\\\/\"},{\"@type\":\"ListItem\",\"position\":2,\"name\":\"Salou acoger\u00e1 los premios Catalejo del Observatorio de los Derechos Humanos de Espa\u00f1a\"}]},{\"@type\":\"WebSite\",\"@id\":\"https:\\\/\\\/radiociutat.com\\\/es\\\/#website\",\"url\":\"https:\\\/\\\/radiociutat.com\\\/es\\\/\",\"name\":\"R\u00e0dio Ciutat de Tarragona\",\"description\":\"R\u00e0dio Ciutat de Tarragona - RCTgn.cat R\u00e0dio Online\",\"potentialAction\":[{\"@type\":\"SearchAction\",\"target\":{\"@type\":\"EntryPoint\",\"urlTemplate\":\"https:\\\/\\\/radiociutat.com\\\/es\\\/?s={search_term_string}\"},\"query-input\":{\"@type\":\"PropertyValueSpecification\",\"valueRequired\":true,\"valueName\":\"search_term_string\"}}],\"inLanguage\":\"es\"},{\"@type\":\"Person\",\"@id\":\"https:\\\/\\\/radiociutat.com\\\/es\\\/#\\\/schema\\\/person\\\/fd401dfbfd2adfe3f166b553b083e78d\",\"name\":\"AutoNota\",\"description\":\"AutoNota, el suport intel\u00b7ligent per a la redacci\u00f3 AutoNota \u00e9s un servei propi de R\u00e0dio Ciutat que utilitza la intel\u00b7lig\u00e8ncia artificial per donar suport al treball period\u00edstic. La seva funci\u00f3 principal \u00e9s etiquetar, categoritzar i contextualitzar les informacions que arriben a la redacci\u00f3, sobretot procedents d\u2019empreses i institucions. Tot i que la IA ajuda a ordenar i donar forma als continguts, \u00e9s sempre l\u2019equip de redacci\u00f3 qui els revisa, edita i publica. D\u2019aquesta manera, garantim que totes les publicacions d\u2019AutoNota comptin amb la curaci\u00f3 i l\u2019aval professional d\u2019una persona periodista de R\u00e0dio Ciutat.\",\"url\":\"https:\\\/\\\/radiociutat.com\\\/es\\\/author\\\/autonota\\\/\"}]}<\/script>\n<!-- \/ Yoast SEO Premium plugin. -->","yoast_head_json":{"title":"Salou acoger\u00e1 los premios Catalejo del Observatorio de los Derechos Humanos de Espa\u00f1a - R\u00e0dio Ciutat de Tarragona","robots":{"index":"index","follow":"follow","max-snippet":"max-snippet:-1","max-image-preview":"max-image-preview:large","max-video-preview":"max-video-preview:-1"},"canonical":"https:\/\/radiociutat.com\/es\/provincia-de-tarragona\/salou-acogera-los-premios-catalejo-del-observatorio-de-los-derechos-humanos-de-espana\/","og_locale":"es_ES","og_type":"article","og_title":"Salou acoger\u00e1 los premios Catalejo del Observatorio de los Derechos Humanos de Espa\u00f1a","og_description":"Salou ha sido elegida como la sede para la pr\u00f3xima edici\u00f3n de los premios Catalejo, unos galardones de prestigio que otorga anualmente el Observatorio de los Derechos Humanos de Espa\u00f1a (ODHE). El evento, que cuenta con la colaboraci\u00f3n directa del Ayuntamiento de Salou, servir\u00e1 para reconocer el compromiso y la labor de personas e instituciones [&hellip;]","og_url":"https:\/\/radiociutat.com\/es\/provincia-de-tarragona\/salou-acogera-los-premios-catalejo-del-observatorio-de-los-derechos-humanos-de-espana\/","og_site_name":"R\u00e0dio Ciutat de Tarragona","article_publisher":"https:\/\/www.facebook.com\/rctgn","article_published_time":"2026-03-15T10:23:00+00:00","og_image":[{"width":3000,"height":3000,"url":"https:\/\/files.radiociutat.com\/rctgn\/wp-content\/uploads\/2021\/03\/LOGO-RCTGN-RADIO-CIUTAT-DE-TARRAGONA-TRANSPARENTE-TARRAGONA-2020-3000X3000-Redes1-copia.png","type":"image\/png"}],"author":"AutoNota","twitter_card":"summary_large_image","twitter_creator":"@RCTgn","twitter_site":"@RCTgn","twitter_misc":{"Escrito por":"AutoNota","Tiempo de lectura":"1 minuto"},"schema":{"@context":"https:\/\/schema.org","@graph":[{"@type":"Article","@id":"https:\/\/radiociutat.com\/es\/provincia-de-tarragona\/salou-acogera-los-premios-catalejo-del-observatorio-de-los-derechos-humanos-de-espana\/#article","isPartOf":{"@id":"https:\/\/radiociutat.com\/es\/provincia-de-tarragona\/salou-acogera-los-premios-catalejo-del-observatorio-de-los-derechos-humanos-de-espana\/"},"author":{"name":"AutoNota","@id":"https:\/\/radiociutat.com\/es\/#\/schema\/person\/fd401dfbfd2adfe3f166b553b083e78d"},"headline":"Salou acoger\u00e1 los premios Catalejo del Observatorio de los Derechos Humanos de Espa\u00f1a","datePublished":"2026-03-15T10:23:00+00:00","mainEntityOfPage":{"@id":"https:\/\/radiociutat.com\/es\/provincia-de-tarragona\/salou-acogera-los-premios-catalejo-del-observatorio-de-los-derechos-humanos-de-espana\/"},"wordCount":235,"image":{"@id":"https:\/\/radiociutat.com\/es\/provincia-de-tarragona\/salou-acogera-los-premios-catalejo-del-observatorio-de-los-derechos-humanos-de-espana\/#primaryimage"},"thumbnailUrl":"https:\/\/files.radiociutat.com\/rctgn\/wp-content\/uploads\/2026\/03\/premis-catalejo.jpg","articleSection":["Cr\u00f3nicas","Cultura","Nota autom\u00e1tica","Prov\u00edncia de Tarragona","Salou","Sociedad","Tarragon\u00e9s","\u00daltimas noticias"],"inLanguage":"es"},{"@type":"WebPage","@id":"https:\/\/radiociutat.com\/es\/provincia-de-tarragona\/salou-acogera-los-premios-catalejo-del-observatorio-de-los-derechos-humanos-de-espana\/","url":"https:\/\/radiociutat.com\/es\/provincia-de-tarragona\/salou-acogera-los-premios-catalejo-del-observatorio-de-los-derechos-humanos-de-espana\/","name":"Salou acoger\u00e1 los premios Catalejo del Observatorio de los Derechos Humanos de Espa\u00f1a - R\u00e0dio Ciutat de Tarragona","isPartOf":{"@id":"https:\/\/radiociutat.com\/es\/#website"},"primaryImageOfPage":{"@id":"https:\/\/radiociutat.com\/es\/provincia-de-tarragona\/salou-acogera-los-premios-catalejo-del-observatorio-de-los-derechos-humanos-de-espana\/#primaryimage"},"image":{"@id":"https:\/\/radiociutat.com\/es\/provincia-de-tarragona\/salou-acogera-los-premios-catalejo-del-observatorio-de-los-derechos-humanos-de-espana\/#primaryimage"},"thumbnailUrl":"https:\/\/files.radiociutat.com\/rctgn\/wp-content\/uploads\/2026\/03\/premis-catalejo.jpg","datePublished":"2026-03-15T10:23:00+00:00","author":{"@id":"https:\/\/radiociutat.com\/es\/#\/schema\/person\/fd401dfbfd2adfe3f166b553b083e78d"},"breadcrumb":{"@id":"https:\/\/radiociutat.com\/es\/provincia-de-tarragona\/salou-acogera-los-premios-catalejo-del-observatorio-de-los-derechos-humanos-de-espana\/#breadcrumb"},"inLanguage":"es","potentialAction":[{"@type":"ReadAction","target":["https:\/\/radiociutat.com\/es\/provincia-de-tarragona\/salou-acogera-los-premios-catalejo-del-observatorio-de-los-derechos-humanos-de-espana\/"]}]},{"@type":"ImageObject","inLanguage":"es","@id":"https:\/\/radiociutat.com\/es\/provincia-de-tarragona\/salou-acogera-los-premios-catalejo-del-observatorio-de-los-derechos-humanos-de-espana\/#primaryimage","url":"https:\/\/files.radiociutat.com\/rctgn\/wp-content\/uploads\/2026\/03\/premis-catalejo.jpg","contentUrl":"https:\/\/files.radiociutat.com\/rctgn\/wp-content\/uploads\/2026\/03\/premis-catalejo.jpg","width":1908,"height":1431,"caption":"premis catalejo"},{"@type":"BreadcrumbList","@id":"https:\/\/radiociutat.com\/es\/provincia-de-tarragona\/salou-acogera-los-premios-catalejo-del-observatorio-de-los-derechos-humanos-de-espana\/#breadcrumb","itemListElement":[{"@type":"ListItem","position":1,"name":"Inici","item":"https:\/\/radiociutat.com\/es\/"},{"@type":"ListItem","position":2,"name":"Salou acoger\u00e1 los premios Catalejo del Observatorio de los Derechos Humanos de Espa\u00f1a"}]},{"@type":"WebSite","@id":"https:\/\/radiociutat.com\/es\/#website","url":"https:\/\/radiociutat.com\/es\/","name":"R\u00e0dio Ciutat de Tarragona","description":"R\u00e0dio Ciutat de Tarragona - RCTgn.cat R\u00e0dio Online","potentialAction":[{"@type":"SearchAction","target":{"@type":"EntryPoint","urlTemplate":"https:\/\/radiociutat.com\/es\/?s={search_term_string}"},"query-input":{"@type":"PropertyValueSpecification","valueRequired":true,"valueName":"search_term_string"}}],"inLanguage":"es"},{"@type":"Person","@id":"https:\/\/radiociutat.com\/es\/#\/schema\/person\/fd401dfbfd2adfe3f166b553b083e78d","name":"AutoNota","description":"AutoNota, el suport intel\u00b7ligent per a la redacci\u00f3 AutoNota \u00e9s un servei propi de R\u00e0dio Ciutat que utilitza la intel\u00b7lig\u00e8ncia artificial per donar suport al treball period\u00edstic. La seva funci\u00f3 principal \u00e9s etiquetar, categoritzar i contextualitzar les informacions que arriben a la redacci\u00f3, sobretot procedents d\u2019empreses i institucions. Tot i que la IA ajuda a ordenar i donar forma als continguts, \u00e9s sempre l\u2019equip de redacci\u00f3 qui els revisa, edita i publica. D\u2019aquesta manera, garantim que totes les publicacions d\u2019AutoNota comptin amb la curaci\u00f3 i l\u2019aval professional d\u2019una persona periodista de R\u00e0dio Ciutat.","url":"https:\/\/radiociutat.com\/es\/author\/autonota\/"}]}},"_links":{"self":[{"href":"https:\/\/radiociutat.com\/es\/wp-json\/wp\/v2\/posts\/369994","targetHints":{"allow":["GET"]}}],"collection":[{"href":"https:\/\/radiociutat.com\/es\/wp-json\/wp\/v2\/posts"}],"about":[{"href":"https:\/\/radiociutat.com\/es\/wp-json\/wp\/v2\/types\/post"}],"author":[{"embeddable":true,"href":"https:\/\/radiociutat.com\/es\/wp-json\/wp\/v2\/users\/106"}],"replies":[{"embeddable":true,"href":"https:\/\/radiociutat.com\/es\/wp-json\/wp\/v2\/comments?post=369994"}],"version-history":[{"count":0,"href":"https:\/\/radiociutat.com\/es\/wp-json\/wp\/v2\/posts\/369994\/revisions"}],"wp:featuredmedia":[{"embeddable":true,"href":"https:\/\/radiociutat.com\/es\/wp-json\/wp\/v2\/media\/369988"}],"wp:attachment":[{"href":"https:\/\/radiociutat.com\/es\/wp-json\/wp\/v2\/media?parent=369994"}],"wp:term":[{"taxonomy":"category","embeddable":true,"href":"https:\/\/radiociutat.com\/es\/wp-json\/wp\/v2\/categories?post=369994"},{"taxonomy":"post_tag","embeddable":true,"href":"https:\/\/radiociutat.com\/es\/wp-json\/wp\/v2\/tags?post=369994"}],"curies":[{"name":"wp","href":"https:\/\/api.w.org\/{rel}","templated":true}]}}