{"id":369942,"date":"2026-03-13T13:50:17","date_gmt":"2026-03-13T12:50:17","guid":{"rendered":"https:\/\/radiociutat.com\/programes-podcast\/tarragona-daily-el-museo-de-las-matematicas-estrena-una-nueva-sala-en-tarragona\/"},"modified":"2026-03-13T13:50:17","modified_gmt":"2026-03-13T12:50:17","slug":"tarragona-daily-el-museo-de-las-matematicas-estrena-una-nueva-sala-en-tarragona","status":"publish","type":"post","link":"https:\/\/radiociutat.com\/es\/tarragona-daily-radio-ciutat-de-tarragona\/tarragona-daily-el-museo-de-las-matematicas-estrena-una-nueva-sala-en-tarragona\/","title":{"rendered":"Tarragona Daily | El Museo de las Matem\u00e1ticas estrena una nueva sala en Tarragona"},"content":{"rendered":"\n<p>El Museo de Matem\u00e1ticas de Catalu\u00f1a (MMACA) en Tarragona ha celebrado su primer aniversario coincidiendo con el D\u00eda Internacional de las Matem\u00e1ticas, tambi\u00e9n conocido como el D\u00eda Pi. La conmemoraci\u00f3n ha servido para hacer balance de un primer a\u00f1o muy positivo y para inaugurar una nueva sala en la primera planta del Instituto Municipal de Educaci\u00f3n de Tarragona (IMET).<\/p>\n\n\n\n<h3 class=\"wp-block-heading\" id=\"h-adjudicades-per-135-meur-les-obres-de-les-fases-1-i-2-del-tramvia-del-camp-de-tarragona\"><a href=\"https:\/\/radiociutat.com\/ultimes-noticies-tarragona\/croniques-actualitat\/adjudicades-per-135-meur-les-obres-de-les-fases-1-i-2-del-tramvia-del-camp-de-tarragona\/\"><strong><em>Adjudicadas por 135 MEUR las obras de las fases 1 y 2 del tranv\u00eda del Camp de Tarragona<\/em><\/strong><\/a><\/h3>\n\n\n\n<p id=\"h-adjudicades-per-135-meur-les-obres-de-les-fases-1-i-2-del-tramvia-del-camp-de-tarragona\">Infraestructures.cat ha adjudicado por 135,8 millones de euros las obras de las fases 1 y 2 del tranv\u00eda del Camp de Tarragona, que deben permitir cubrir el trazado entre Cambrils Centre y Vila-seca Estaci\u00f3. La ganadora ha sido la Uni\u00f3n Temporal de Empresas. Los trabajos tienen una previsi\u00f3n de ejecuci\u00f3n de 25 meses.<\/p>\n\n\n\n<h3 class=\"wp-block-heading\" id=\"h-el-nastic-vol-sorprendre-al-lider-per-sortir-del-descens-en-el-debut-de-pablo-alfaro\"><strong><em>El N\u00e0stic quiere sorprender al l\u00edder para salir del descenso en el debut de Pablo Alfaro<\/em><\/strong><\/h3>\n\n\n\n<p>Pablo Alfaro debuta este viernes como nuevo entrenador del N\u00e0stic. Tiene ante s\u00ed un reto extremadamente exigente: sorprender al l\u00edder, el Sabadell. La categor\u00eda est\u00e1 muy igualada, pero las im\u00e1genes recientes de tarraconenses y vallesanos han estado a una distancia muy grande. Alfaro quiere que el equipo reaccione y el duelo contra los arlequinados es la primera oportunidad. El partido se disputa a las 20:30h en el Nou Estadi.<\/p>\n\n\n\n<h3 class=\"wp-block-heading\" id=\"h-el-cbt-busca-revenja-a-la-pista-del-calvia\"><a href=\"https:\/\/radiociutat.com\/ultimes-noticies-tarragona\/croniques-actualitat\/el-cbt-busca-revenja-a-la-pista-del-calvia\/\"><strong><em>El CBT busca revancha en la pista del Calvi\u00e0<\/em><\/strong><\/a><\/h3>\n\n\n\n<p>Castelldefels, Calvi\u00e0 y Hospitalet. Estos son los tres \u00fanicos equipos que han sido capaces de derrotar al Club B\u00e0squet Tarragona esta temporada. El Calvi\u00e0, adem\u00e1s, es el \u00fanico que lo ha logrado en el Serrallo. Este domingo (12.30 h), los azules visitan su pista con ganas de revancha deportiva y con el objetivo de mantenerse en la lucha por el liderazgo cuando faltan cinco jornadas para el final de la fase regular de la Tercera FEB.<\/p>\n\n\n\n<h3 class=\"wp-block-heading\" id=\"h-21-municipis-de-tarragona-programen-funcions-per-omplir-teatres-el-21-de-marc\"><a href=\"https:\/\/radiociutat.com\/ultimes-noticies-tarragona\/croniques-actualitat\/21-municipis-de-tarragona-programen-22-funcions-per-omplir-els-teatres-el-21-de-marc\/\"><strong><em>21 municipios de Tarragona programan funciones para llenar teatros el 21 de marzo<\/em><\/strong><\/a><\/h3>\n\n\n\n<p>El Camp de Tarragona y las Terres de l\u2019Ebre vivir\u00e1n el pr\u00f3ximo 21 de marzo una jornada especial con motivo de Cap Butaca Buida \u2013 Diada del Teatre, una iniciativa que invita al p\u00fablico a llenar los teatros coincidiendo con la Semana Mundial del Teatro. En esta tercera edici\u00f3n se han programado 22 funciones en 22 teatros de 21 municipios del territorio.<\/p>\n","protected":false},"excerpt":{"rendered":"<p>El Museo de Matem\u00e1ticas de Catalu\u00f1a (MMACA) en Tarragona ha celebrado su primer aniversario coincidiendo con el D\u00eda Internacional de las Matem\u00e1ticas, tambi\u00e9n conocido como el D\u00eda Pi. La conmemoraci\u00f3n ha servido para hacer balance de un primer a\u00f1o muy positivo y para inaugurar una nueva sala en la primera planta del Instituto Municipal de [&hellip;]<\/p>\n","protected":false},"author":33,"featured_media":369416,"comment_status":"closed","ping_status":"closed","sticky":false,"template":"","format":"standard","meta":{"footnotes":""},"categories":[13686],"tags":[128,13687,88,13669,5237,260,129,19],"class_list":["post-369942","post","type-post","status-publish","format-standard","has-post-thumbnail","hentry","category-tarragona-daily-radio-ciutat-de-tarragona","tag-actualitat","tag-daily-2","tag-info","tag-m","tag-matematiques","tag-noticies","tag-societat","tag-tarragona"],"yoast_head":"<!-- This site is optimized with the Yoast SEO Premium plugin v27.4 (Yoast SEO v27.5) - https:\/\/yoast.com\/product\/yoast-seo-premium-wordpress\/ -->\n<title>Tarragona Daily | El Museo de las Matem\u00e1ticas estrena una nueva sala en Tarragona - R\u00e0dio Ciutat de Tarragona<\/title>\n<meta name=\"robots\" content=\"index, follow, max-snippet:-1, max-image-preview:large, max-video-preview:-1\" \/>\n<link rel=\"canonical\" href=\"https:\/\/radiociutat.com\/es\/tarragona-daily-radio-ciutat-de-tarragona\/tarragona-daily-el-museo-de-las-matematicas-estrena-una-nueva-sala-en-tarragona\/\" \/>\n<meta property=\"og:locale\" content=\"es_ES\" \/>\n<meta property=\"og:type\" content=\"article\" \/>\n<meta property=\"og:title\" content=\"Tarragona Daily | El Museo de las Matem\u00e1ticas estrena una nueva sala en Tarragona\" \/>\n<meta property=\"og:description\" content=\"El Museo de Matem\u00e1ticas de Catalu\u00f1a (MMACA) en Tarragona ha celebrado su primer aniversario coincidiendo con el D\u00eda Internacional de las Matem\u00e1ticas, tambi\u00e9n conocido como el D\u00eda Pi. La conmemoraci\u00f3n ha servido para hacer balance de un primer a\u00f1o muy positivo y para inaugurar una nueva sala en la primera planta del Instituto Municipal de [&hellip;]\" \/>\n<meta property=\"og:url\" content=\"https:\/\/radiociutat.com\/es\/tarragona-daily-radio-ciutat-de-tarragona\/tarragona-daily-el-museo-de-las-matematicas-estrena-una-nueva-sala-en-tarragona\/\" \/>\n<meta property=\"og:site_name\" content=\"R\u00e0dio Ciutat de Tarragona\" \/>\n<meta property=\"article:publisher\" content=\"https:\/\/www.facebook.com\/rctgn\" \/>\n<meta property=\"article:published_time\" content=\"2026-03-13T12:50:17+00:00\" \/>\n<meta property=\"og:image\" content=\"https:\/\/files.radiociutat.com\/rctgn\/wp-content\/uploads\/2021\/03\/LOGO-RCTGN-RADIO-CIUTAT-DE-TARRAGONA-TRANSPARENTE-TARRAGONA-2020-3000X3000-Redes1-copia.png\" \/>\n\t<meta property=\"og:image:width\" content=\"3000\" \/>\n\t<meta property=\"og:image:height\" content=\"3000\" \/>\n\t<meta property=\"og:image:type\" content=\"image\/png\" \/>\n<meta name=\"author\" content=\"Adri\u00e0 Tella\" \/>\n<meta name=\"twitter:card\" content=\"summary_large_image\" \/>\n<meta name=\"twitter:creator\" content=\"@RCTgn\" \/>\n<meta name=\"twitter:site\" content=\"@RCTgn\" \/>\n<meta name=\"twitter:label1\" content=\"Escrito por\" \/>\n\t<meta name=\"twitter:data1\" content=\"Adri\u00e0 Tella\" \/>\n\t<meta name=\"twitter:label2\" content=\"Tiempo de lectura\" \/>\n\t<meta name=\"twitter:data2\" content=\"2 minutos\" \/>\n<script type=\"application\/ld+json\" class=\"yoast-schema-graph\">{\"@context\":\"https:\\\/\\\/schema.org\",\"@graph\":[{\"@type\":\"Article\",\"@id\":\"https:\\\/\\\/radiociutat.com\\\/es\\\/tarragona-daily-radio-ciutat-de-tarragona\\\/tarragona-daily-el-museo-de-las-matematicas-estrena-una-nueva-sala-en-tarragona\\\/#article\",\"isPartOf\":{\"@id\":\"https:\\\/\\\/radiociutat.com\\\/es\\\/tarragona-daily-radio-ciutat-de-tarragona\\\/tarragona-daily-el-museo-de-las-matematicas-estrena-una-nueva-sala-en-tarragona\\\/\"},\"author\":{\"name\":\"Adri\u00e0 Tella\",\"@id\":\"https:\\\/\\\/radiociutat.com\\\/es\\\/#\\\/schema\\\/person\\\/3086c6cfd718c2c9cb3329ff2a2ed197\"},\"headline\":\"Tarragona Daily | El Museo de las Matem\u00e1ticas estrena una nueva sala en Tarragona\",\"datePublished\":\"2026-03-13T12:50:17+00:00\",\"mainEntityOfPage\":{\"@id\":\"https:\\\/\\\/radiociutat.com\\\/es\\\/tarragona-daily-radio-ciutat-de-tarragona\\\/tarragona-daily-el-museo-de-las-matematicas-estrena-una-nueva-sala-en-tarragona\\\/\"},\"wordCount\":402,\"image\":{\"@id\":\"https:\\\/\\\/radiociutat.com\\\/es\\\/tarragona-daily-radio-ciutat-de-tarragona\\\/tarragona-daily-el-museo-de-las-matematicas-estrena-una-nueva-sala-en-tarragona\\\/#primaryimage\"},\"thumbnailUrl\":\"https:\\\/\\\/files.radiociutat.com\\\/rctgn\\\/wp-content\\\/uploads\\\/2026\\\/03\\\/Visita-MMACA-Tarragona-e1773405930243.jpg\",\"keywords\":[\"Actualitat\",\"Daily\",\"Info\",\"M\",\"Matem\u00e0tiques\",\"not\u00edcies\",\"Societat\",\"Tarragona\"],\"articleSection\":[\"Tarragona Daily - R\u00e0dio Ciutat de Tarragona\"],\"inLanguage\":\"es\"},{\"@type\":\"WebPage\",\"@id\":\"https:\\\/\\\/radiociutat.com\\\/es\\\/tarragona-daily-radio-ciutat-de-tarragona\\\/tarragona-daily-el-museo-de-las-matematicas-estrena-una-nueva-sala-en-tarragona\\\/\",\"url\":\"https:\\\/\\\/radiociutat.com\\\/es\\\/tarragona-daily-radio-ciutat-de-tarragona\\\/tarragona-daily-el-museo-de-las-matematicas-estrena-una-nueva-sala-en-tarragona\\\/\",\"name\":\"Tarragona Daily | El Museo de las Matem\u00e1ticas estrena una nueva sala en Tarragona - R\u00e0dio Ciutat de Tarragona\",\"isPartOf\":{\"@id\":\"https:\\\/\\\/radiociutat.com\\\/es\\\/#website\"},\"primaryImageOfPage\":{\"@id\":\"https:\\\/\\\/radiociutat.com\\\/es\\\/tarragona-daily-radio-ciutat-de-tarragona\\\/tarragona-daily-el-museo-de-las-matematicas-estrena-una-nueva-sala-en-tarragona\\\/#primaryimage\"},\"image\":{\"@id\":\"https:\\\/\\\/radiociutat.com\\\/es\\\/tarragona-daily-radio-ciutat-de-tarragona\\\/tarragona-daily-el-museo-de-las-matematicas-estrena-una-nueva-sala-en-tarragona\\\/#primaryimage\"},\"thumbnailUrl\":\"https:\\\/\\\/files.radiociutat.com\\\/rctgn\\\/wp-content\\\/uploads\\\/2026\\\/03\\\/Visita-MMACA-Tarragona-e1773405930243.jpg\",\"datePublished\":\"2026-03-13T12:50:17+00:00\",\"author\":{\"@id\":\"https:\\\/\\\/radiociutat.com\\\/es\\\/#\\\/schema\\\/person\\\/3086c6cfd718c2c9cb3329ff2a2ed197\"},\"breadcrumb\":{\"@id\":\"https:\\\/\\\/radiociutat.com\\\/es\\\/tarragona-daily-radio-ciutat-de-tarragona\\\/tarragona-daily-el-museo-de-las-matematicas-estrena-una-nueva-sala-en-tarragona\\\/#breadcrumb\"},\"inLanguage\":\"es\",\"potentialAction\":[{\"@type\":\"ReadAction\",\"target\":[\"https:\\\/\\\/radiociutat.com\\\/es\\\/tarragona-daily-radio-ciutat-de-tarragona\\\/tarragona-daily-el-museo-de-las-matematicas-estrena-una-nueva-sala-en-tarragona\\\/\"]}]},{\"@type\":\"ImageObject\",\"inLanguage\":\"es\",\"@id\":\"https:\\\/\\\/radiociutat.com\\\/es\\\/tarragona-daily-radio-ciutat-de-tarragona\\\/tarragona-daily-el-museo-de-las-matematicas-estrena-una-nueva-sala-en-tarragona\\\/#primaryimage\",\"url\":\"https:\\\/\\\/files.radiociutat.com\\\/rctgn\\\/wp-content\\\/uploads\\\/2026\\\/03\\\/Visita-MMACA-Tarragona-e1773405930243.jpg\",\"contentUrl\":\"https:\\\/\\\/files.radiociutat.com\\\/rctgn\\\/wp-content\\\/uploads\\\/2026\\\/03\\\/Visita-MMACA-Tarragona-e1773405930243.jpg\",\"width\":1333,\"height\":2000},{\"@type\":\"BreadcrumbList\",\"@id\":\"https:\\\/\\\/radiociutat.com\\\/es\\\/tarragona-daily-radio-ciutat-de-tarragona\\\/tarragona-daily-el-museo-de-las-matematicas-estrena-una-nueva-sala-en-tarragona\\\/#breadcrumb\",\"itemListElement\":[{\"@type\":\"ListItem\",\"position\":1,\"name\":\"Inici\",\"item\":\"https:\\\/\\\/radiociutat.com\\\/es\\\/\"},{\"@type\":\"ListItem\",\"position\":2,\"name\":\"Tarragona Daily | El Museo de las Matem\u00e1ticas estrena una nueva sala en Tarragona\"}]},{\"@type\":\"WebSite\",\"@id\":\"https:\\\/\\\/radiociutat.com\\\/es\\\/#website\",\"url\":\"https:\\\/\\\/radiociutat.com\\\/es\\\/\",\"name\":\"R\u00e0dio Ciutat de Tarragona\",\"description\":\"R\u00e0dio Ciutat de Tarragona - RCTgn.cat R\u00e0dio Online\",\"potentialAction\":[{\"@type\":\"SearchAction\",\"target\":{\"@type\":\"EntryPoint\",\"urlTemplate\":\"https:\\\/\\\/radiociutat.com\\\/es\\\/?s={search_term_string}\"},\"query-input\":{\"@type\":\"PropertyValueSpecification\",\"valueRequired\":true,\"valueName\":\"search_term_string\"}}],\"inLanguage\":\"es\"},{\"@type\":\"Person\",\"@id\":\"https:\\\/\\\/radiociutat.com\\\/es\\\/#\\\/schema\\\/person\\\/3086c6cfd718c2c9cb3329ff2a2ed197\",\"name\":\"Adri\u00e0 Tella\",\"sameAs\":[\"https:\\\/\\\/radiociutat.com\\\/wp-content\\\/uploads\\\/2023\\\/09\\\/adri-tella-1-1-e1694013359760.png\"],\"url\":\"https:\\\/\\\/radiociutat.com\\\/es\\\/author\\\/atella\\\/\"}]}<\/script>\n<!-- \/ Yoast SEO Premium plugin. -->","yoast_head_json":{"title":"Tarragona Daily | El Museo de las Matem\u00e1ticas estrena una nueva sala en Tarragona - R\u00e0dio Ciutat de Tarragona","robots":{"index":"index","follow":"follow","max-snippet":"max-snippet:-1","max-image-preview":"max-image-preview:large","max-video-preview":"max-video-preview:-1"},"canonical":"https:\/\/radiociutat.com\/es\/tarragona-daily-radio-ciutat-de-tarragona\/tarragona-daily-el-museo-de-las-matematicas-estrena-una-nueva-sala-en-tarragona\/","og_locale":"es_ES","og_type":"article","og_title":"Tarragona Daily | El Museo de las Matem\u00e1ticas estrena una nueva sala en Tarragona","og_description":"El Museo de Matem\u00e1ticas de Catalu\u00f1a (MMACA) en Tarragona ha celebrado su primer aniversario coincidiendo con el D\u00eda Internacional de las Matem\u00e1ticas, tambi\u00e9n conocido como el D\u00eda Pi. La conmemoraci\u00f3n ha servido para hacer balance de un primer a\u00f1o muy positivo y para inaugurar una nueva sala en la primera planta del Instituto Municipal de [&hellip;]","og_url":"https:\/\/radiociutat.com\/es\/tarragona-daily-radio-ciutat-de-tarragona\/tarragona-daily-el-museo-de-las-matematicas-estrena-una-nueva-sala-en-tarragona\/","og_site_name":"R\u00e0dio Ciutat de Tarragona","article_publisher":"https:\/\/www.facebook.com\/rctgn","article_published_time":"2026-03-13T12:50:17+00:00","og_image":[{"width":3000,"height":3000,"url":"https:\/\/files.radiociutat.com\/rctgn\/wp-content\/uploads\/2021\/03\/LOGO-RCTGN-RADIO-CIUTAT-DE-TARRAGONA-TRANSPARENTE-TARRAGONA-2020-3000X3000-Redes1-copia.png","type":"image\/png"}],"author":"Adri\u00e0 Tella","twitter_card":"summary_large_image","twitter_creator":"@RCTgn","twitter_site":"@RCTgn","twitter_misc":{"Escrito por":"Adri\u00e0 Tella","Tiempo de lectura":"2 minutos"},"schema":{"@context":"https:\/\/schema.org","@graph":[{"@type":"Article","@id":"https:\/\/radiociutat.com\/es\/tarragona-daily-radio-ciutat-de-tarragona\/tarragona-daily-el-museo-de-las-matematicas-estrena-una-nueva-sala-en-tarragona\/#article","isPartOf":{"@id":"https:\/\/radiociutat.com\/es\/tarragona-daily-radio-ciutat-de-tarragona\/tarragona-daily-el-museo-de-las-matematicas-estrena-una-nueva-sala-en-tarragona\/"},"author":{"name":"Adri\u00e0 Tella","@id":"https:\/\/radiociutat.com\/es\/#\/schema\/person\/3086c6cfd718c2c9cb3329ff2a2ed197"},"headline":"Tarragona Daily | El Museo de las Matem\u00e1ticas estrena una nueva sala en Tarragona","datePublished":"2026-03-13T12:50:17+00:00","mainEntityOfPage":{"@id":"https:\/\/radiociutat.com\/es\/tarragona-daily-radio-ciutat-de-tarragona\/tarragona-daily-el-museo-de-las-matematicas-estrena-una-nueva-sala-en-tarragona\/"},"wordCount":402,"image":{"@id":"https:\/\/radiociutat.com\/es\/tarragona-daily-radio-ciutat-de-tarragona\/tarragona-daily-el-museo-de-las-matematicas-estrena-una-nueva-sala-en-tarragona\/#primaryimage"},"thumbnailUrl":"https:\/\/files.radiociutat.com\/rctgn\/wp-content\/uploads\/2026\/03\/Visita-MMACA-Tarragona-e1773405930243.jpg","keywords":["Actualitat","Daily","Info","M","Matem\u00e0tiques","not\u00edcies","Societat","Tarragona"],"articleSection":["Tarragona Daily - R\u00e0dio Ciutat de Tarragona"],"inLanguage":"es"},{"@type":"WebPage","@id":"https:\/\/radiociutat.com\/es\/tarragona-daily-radio-ciutat-de-tarragona\/tarragona-daily-el-museo-de-las-matematicas-estrena-una-nueva-sala-en-tarragona\/","url":"https:\/\/radiociutat.com\/es\/tarragona-daily-radio-ciutat-de-tarragona\/tarragona-daily-el-museo-de-las-matematicas-estrena-una-nueva-sala-en-tarragona\/","name":"Tarragona Daily | El Museo de las Matem\u00e1ticas estrena una nueva sala en Tarragona - R\u00e0dio Ciutat de Tarragona","isPartOf":{"@id":"https:\/\/radiociutat.com\/es\/#website"},"primaryImageOfPage":{"@id":"https:\/\/radiociutat.com\/es\/tarragona-daily-radio-ciutat-de-tarragona\/tarragona-daily-el-museo-de-las-matematicas-estrena-una-nueva-sala-en-tarragona\/#primaryimage"},"image":{"@id":"https:\/\/radiociutat.com\/es\/tarragona-daily-radio-ciutat-de-tarragona\/tarragona-daily-el-museo-de-las-matematicas-estrena-una-nueva-sala-en-tarragona\/#primaryimage"},"thumbnailUrl":"https:\/\/files.radiociutat.com\/rctgn\/wp-content\/uploads\/2026\/03\/Visita-MMACA-Tarragona-e1773405930243.jpg","datePublished":"2026-03-13T12:50:17+00:00","author":{"@id":"https:\/\/radiociutat.com\/es\/#\/schema\/person\/3086c6cfd718c2c9cb3329ff2a2ed197"},"breadcrumb":{"@id":"https:\/\/radiociutat.com\/es\/tarragona-daily-radio-ciutat-de-tarragona\/tarragona-daily-el-museo-de-las-matematicas-estrena-una-nueva-sala-en-tarragona\/#breadcrumb"},"inLanguage":"es","potentialAction":[{"@type":"ReadAction","target":["https:\/\/radiociutat.com\/es\/tarragona-daily-radio-ciutat-de-tarragona\/tarragona-daily-el-museo-de-las-matematicas-estrena-una-nueva-sala-en-tarragona\/"]}]},{"@type":"ImageObject","inLanguage":"es","@id":"https:\/\/radiociutat.com\/es\/tarragona-daily-radio-ciutat-de-tarragona\/tarragona-daily-el-museo-de-las-matematicas-estrena-una-nueva-sala-en-tarragona\/#primaryimage","url":"https:\/\/files.radiociutat.com\/rctgn\/wp-content\/uploads\/2026\/03\/Visita-MMACA-Tarragona-e1773405930243.jpg","contentUrl":"https:\/\/files.radiociutat.com\/rctgn\/wp-content\/uploads\/2026\/03\/Visita-MMACA-Tarragona-e1773405930243.jpg","width":1333,"height":2000},{"@type":"BreadcrumbList","@id":"https:\/\/radiociutat.com\/es\/tarragona-daily-radio-ciutat-de-tarragona\/tarragona-daily-el-museo-de-las-matematicas-estrena-una-nueva-sala-en-tarragona\/#breadcrumb","itemListElement":[{"@type":"ListItem","position":1,"name":"Inici","item":"https:\/\/radiociutat.com\/es\/"},{"@type":"ListItem","position":2,"name":"Tarragona Daily | El Museo de las Matem\u00e1ticas estrena una nueva sala en Tarragona"}]},{"@type":"WebSite","@id":"https:\/\/radiociutat.com\/es\/#website","url":"https:\/\/radiociutat.com\/es\/","name":"R\u00e0dio Ciutat de Tarragona","description":"R\u00e0dio Ciutat de Tarragona - RCTgn.cat R\u00e0dio Online","potentialAction":[{"@type":"SearchAction","target":{"@type":"EntryPoint","urlTemplate":"https:\/\/radiociutat.com\/es\/?s={search_term_string}"},"query-input":{"@type":"PropertyValueSpecification","valueRequired":true,"valueName":"search_term_string"}}],"inLanguage":"es"},{"@type":"Person","@id":"https:\/\/radiociutat.com\/es\/#\/schema\/person\/3086c6cfd718c2c9cb3329ff2a2ed197","name":"Adri\u00e0 Tella","sameAs":["https:\/\/radiociutat.com\/wp-content\/uploads\/2023\/09\/adri-tella-1-1-e1694013359760.png"],"url":"https:\/\/radiociutat.com\/es\/author\/atella\/"}]}},"_links":{"self":[{"href":"https:\/\/radiociutat.com\/es\/wp-json\/wp\/v2\/posts\/369942","targetHints":{"allow":["GET"]}}],"collection":[{"href":"https:\/\/radiociutat.com\/es\/wp-json\/wp\/v2\/posts"}],"about":[{"href":"https:\/\/radiociutat.com\/es\/wp-json\/wp\/v2\/types\/post"}],"author":[{"embeddable":true,"href":"https:\/\/radiociutat.com\/es\/wp-json\/wp\/v2\/users\/33"}],"replies":[{"embeddable":true,"href":"https:\/\/radiociutat.com\/es\/wp-json\/wp\/v2\/comments?post=369942"}],"version-history":[{"count":0,"href":"https:\/\/radiociutat.com\/es\/wp-json\/wp\/v2\/posts\/369942\/revisions"}],"wp:featuredmedia":[{"embeddable":true,"href":"https:\/\/radiociutat.com\/es\/wp-json\/wp\/v2\/media\/369416"}],"wp:attachment":[{"href":"https:\/\/radiociutat.com\/es\/wp-json\/wp\/v2\/media?parent=369942"}],"wp:term":[{"taxonomy":"category","embeddable":true,"href":"https:\/\/radiociutat.com\/es\/wp-json\/wp\/v2\/categories?post=369942"},{"taxonomy":"post_tag","embeddable":true,"href":"https:\/\/radiociutat.com\/es\/wp-json\/wp\/v2\/tags?post=369942"}],"curies":[{"name":"wp","href":"https:\/\/api.w.org\/{rel}","templated":true}]}}