{"id":369928,"date":"2026-03-13T17:11:17","date_gmt":"2026-03-13T16:11:17","guid":{"rendered":"https:\/\/radiociutat.com\/programes-podcast\/carrer-major-tarragona-radio-celebra-40-anos-como-medio-publico-en-la-ciudad\/"},"modified":"2026-03-13T17:11:17","modified_gmt":"2026-03-13T16:11:17","slug":"carrer-major-tarragona-radio-celebra-40-anos-como-medio-publico-en-la-ciudad","status":"publish","type":"post","link":"https:\/\/radiociutat.com\/es\/carrer-major-tarragona-secciones\/carrer-major-tarragona-radio-celebra-40-anos-como-medio-publico-en-la-ciudad\/","title":{"rendered":"Carrer Major | Tarragona R\u00e0dio celebra 40 a\u00f1os como medio p\u00fablico en la ciudad"},"content":{"rendered":"\n<p>Tarragona R\u00e0dio ha celebrado este a\u00f1o su 40\u00ba aniversario, un hito que pone en valor cuatro d\u00e9cadas de servicio p\u00fablico y de comunicaci\u00f3n de proximidad. El gerente de la emisora municipal, <strong>Xavier Gispert<\/strong>, ha destacado ante los micr\u00f3fonos de R\u00e0dio Ciutat de Tarragona que la radio municipal es fruto de la iniciativa de un grupo de vecinos y vecinas de Tarragona que, hace cuarenta a\u00f1os, impulsaron la creaci\u00f3n de un medio propio para la ciudad.<\/p>\n\n\n\n<p>Seg\u00fan Gispert, el nacimiento de la radio se remonta a iniciativas vecinales que comenzaron como <strong>radios de barrio y radiof\u00f3rums<\/strong>, hasta que el Ayuntamiento de Tarragona apost\u00f3 por consolidar el proyecto como <strong>radio p\u00fablica municipal<\/strong>. Desde entonces, el consistorio ha mantenido su apoyo a\u00f1o tras a\u00f1o, garantizando la existencia de un medio de comunicaci\u00f3n al servicio de la ciudadan\u00eda.<\/p>\n\n\n\n<p>El gerente ha remarcado que Tarragona cuenta con uno de los <strong>medios p\u00fablicos municipales m\u00e1s potentes de proximidad de Catalu\u00f1a<\/strong>, en un panorama medi\u00e1tico donde los medios locales tienen una presencia especialmente destacada. En este sentido, ha se\u00f1alado que tener una radio p\u00fablica permite que la ciudad <strong>se explique a s\u00ed misma y refuerce su conciencia colectiva<\/strong>.<\/p>\n\n\n\n<p>De cara al futuro, Gispert ha afirmado que el objetivo es seguir evolucionando y adaptarse a los cambios tecnol\u00f3gicos y a los nuevos h\u00e1bitos de consumo informativo. La aparici\u00f3n de internet, las redes sociales y el consumo de contenidos a trav\u00e9s del m\u00f3vil o del podcast han transformado la manera en que la ciudadan\u00eda accede a la informaci\u00f3n, lo que obliga a los medios tradicionales a reinventarse.<\/p>\n\n\n\n<p>Uno de los grandes retos es llegar a los <strong>p\u00fablicos j\u00f3venes sin perder a la audiencia m\u00e1s veterana<\/strong>. Seg\u00fan el gerente, la clave es encontrar un equilibrio entre formatos y canales para responder a los diferentes h\u00e1bitos de consumo. En este proceso, Gispert ha reconocido tambi\u00e9n el papel de medios digitales locales como <strong>R\u00e0dio Ciutat de Tarragona<\/strong>, que con su apuesta por las redes sociales y los podcasts han contribuido a impulsar la transformaci\u00f3n del sector.<\/p>\n\n\n\n<p>En cuanto al papel de los medios p\u00fablicos, Gispert ha subrayado que tienen la responsabilidad de ofrecer un servicio informativo <strong>basado en criterios de servicio p\u00fablico y no en l\u00f3gicas mercantiles<\/strong>, garantizando pluralidad y representatividad. En el caso de Tarragona R\u00e0dio, esta pluralidad tambi\u00e9n se refleja en espacios como la <strong>tertulia pol\u00edtica semanal<\/strong>, donde se da voz a los diferentes grupos municipales.<\/p>\n\n\n\n<p>El aniversario de la emisora se ha conmemorado con una <strong>gala en el Teatre Tarragona<\/strong> que reuni\u00f3 a colaboradores, extrabajadores y diversas entidades de la ciudad vinculadas al proyecto. El acto combin\u00f3 momentos emotivos, humor y espect\u00e1culo, y sirvi\u00f3 para recordar la trayectoria de una radio que forma parte del d\u00eda a d\u00eda de Tarragona.<\/p>\n","protected":false},"excerpt":{"rendered":"<p>Tarragona R\u00e0dio ha celebrado este a\u00f1o su 40\u00ba aniversario, un hito que pone en valor cuatro d\u00e9cadas de servicio p\u00fablico y de comunicaci\u00f3n de proximidad. El gerente de la emisora municipal, Xavier Gispert, ha destacado ante los micr\u00f3fonos de R\u00e0dio Ciutat de Tarragona que la radio municipal es fruto de la iniciativa de un grupo [&hellip;]<\/p>\n","protected":false},"author":1,"featured_media":369371,"comment_status":"closed","ping_status":"closed","sticky":false,"template":"","format":"standard","meta":{"footnotes":""},"categories":[13680],"tags":[12215,128,13667,260,19,13666,218],"class_list":["post-369928","post","type-post","status-publish","format-standard","has-post-thumbnail","hentry","category-carrer-major-tarragona-secciones","tag-40-anys","tag-actualitat","tag-mitjans","tag-noticies","tag-tarragona","tag-tarragona-radio","tag-tgn"],"yoast_head":"<!-- This site is optimized with the Yoast SEO Premium plugin v27.4 (Yoast SEO v27.5) - https:\/\/yoast.com\/product\/yoast-seo-premium-wordpress\/ -->\n<title>Carrer Major | Tarragona R\u00e0dio celebra 40 a\u00f1os como medio p\u00fablico en la ciudad - R\u00e0dio Ciutat de Tarragona<\/title>\n<meta name=\"robots\" content=\"index, follow, max-snippet:-1, max-image-preview:large, max-video-preview:-1\" \/>\n<link rel=\"canonical\" href=\"https:\/\/radiociutat.com\/es\/carrer-major-tarragona-secciones\/carrer-major-tarragona-radio-celebra-40-anos-como-medio-publico-en-la-ciudad\/\" \/>\n<meta property=\"og:locale\" content=\"es_ES\" \/>\n<meta property=\"og:type\" content=\"article\" \/>\n<meta property=\"og:title\" content=\"Carrer Major | Tarragona R\u00e0dio celebra 40 a\u00f1os como medio p\u00fablico en la ciudad\" \/>\n<meta property=\"og:description\" content=\"Tarragona R\u00e0dio ha celebrado este a\u00f1o su 40\u00ba aniversario, un hito que pone en valor cuatro d\u00e9cadas de servicio p\u00fablico y de comunicaci\u00f3n de proximidad. El gerente de la emisora municipal, Xavier Gispert, ha destacado ante los micr\u00f3fonos de R\u00e0dio Ciutat de Tarragona que la radio municipal es fruto de la iniciativa de un grupo [&hellip;]\" \/>\n<meta property=\"og:url\" content=\"https:\/\/radiociutat.com\/es\/carrer-major-tarragona-secciones\/carrer-major-tarragona-radio-celebra-40-anos-como-medio-publico-en-la-ciudad\/\" \/>\n<meta property=\"og:site_name\" content=\"R\u00e0dio Ciutat de Tarragona\" \/>\n<meta property=\"article:publisher\" content=\"https:\/\/www.facebook.com\/rctgn\" \/>\n<meta property=\"article:published_time\" content=\"2026-03-13T16:11:17+00:00\" \/>\n<meta property=\"og:image\" content=\"https:\/\/files.radiociutat.com\/rctgn\/wp-content\/uploads\/2021\/03\/LOGO-RCTGN-RADIO-CIUTAT-DE-TARRAGONA-TRANSPARENTE-TARRAGONA-2020-3000X3000-Redes1-copia.png\" \/>\n\t<meta property=\"og:image:width\" content=\"3000\" \/>\n\t<meta property=\"og:image:height\" content=\"3000\" \/>\n\t<meta property=\"og:image:type\" content=\"image\/png\" \/>\n<meta name=\"author\" content=\"Redacci\u00f3\" \/>\n<meta name=\"twitter:card\" content=\"summary_large_image\" \/>\n<meta name=\"twitter:creator\" content=\"@RCTgn\" \/>\n<meta name=\"twitter:site\" content=\"@RCTgn\" \/>\n<meta name=\"twitter:label1\" content=\"Escrito por\" \/>\n\t<meta name=\"twitter:data1\" content=\"Redacci\u00f3\" \/>\n\t<meta name=\"twitter:label2\" content=\"Tiempo de lectura\" \/>\n\t<meta name=\"twitter:data2\" content=\"2 minutos\" \/>\n<script type=\"application\/ld+json\" class=\"yoast-schema-graph\">{\"@context\":\"https:\\\/\\\/schema.org\",\"@graph\":[{\"@type\":\"Article\",\"@id\":\"https:\\\/\\\/radiociutat.com\\\/es\\\/carrer-major-tarragona-secciones\\\/carrer-major-tarragona-radio-celebra-40-anos-como-medio-publico-en-la-ciudad\\\/#article\",\"isPartOf\":{\"@id\":\"https:\\\/\\\/radiociutat.com\\\/es\\\/carrer-major-tarragona-secciones\\\/carrer-major-tarragona-radio-celebra-40-anos-como-medio-publico-en-la-ciudad\\\/\"},\"author\":{\"name\":\"Redacci\u00f3\",\"@id\":\"https:\\\/\\\/radiociutat.com\\\/es\\\/#\\\/schema\\\/person\\\/04b6638f9d2a9ea77408db76c5d8f0b5\"},\"headline\":\"Carrer Major | Tarragona R\u00e0dio celebra 40 a\u00f1os como medio p\u00fablico en la ciudad\",\"datePublished\":\"2026-03-13T16:11:17+00:00\",\"mainEntityOfPage\":{\"@id\":\"https:\\\/\\\/radiociutat.com\\\/es\\\/carrer-major-tarragona-secciones\\\/carrer-major-tarragona-radio-celebra-40-anos-como-medio-publico-en-la-ciudad\\\/\"},\"wordCount\":511,\"image\":{\"@id\":\"https:\\\/\\\/radiociutat.com\\\/es\\\/carrer-major-tarragona-secciones\\\/carrer-major-tarragona-radio-celebra-40-anos-como-medio-publico-en-la-ciudad\\\/#primaryimage\"},\"thumbnailUrl\":\"https:\\\/\\\/files.radiociutat.com\\\/rctgn\\\/wp-content\\\/uploads\\\/2026\\\/03\\\/Xavier-Gispert-Tarragona-Radio-CM-e1773398719202.png\",\"keywords\":[\"40 anys\",\"Actualitat\",\"Mitjans\",\"not\u00edcies\",\"Tarragona\",\"Tarragona R\u00e0dio\",\"TGN\"],\"articleSection\":[\"Carrer Major Tarragona | Secciones\"],\"inLanguage\":\"es\"},{\"@type\":\"WebPage\",\"@id\":\"https:\\\/\\\/radiociutat.com\\\/es\\\/carrer-major-tarragona-secciones\\\/carrer-major-tarragona-radio-celebra-40-anos-como-medio-publico-en-la-ciudad\\\/\",\"url\":\"https:\\\/\\\/radiociutat.com\\\/es\\\/carrer-major-tarragona-secciones\\\/carrer-major-tarragona-radio-celebra-40-anos-como-medio-publico-en-la-ciudad\\\/\",\"name\":\"Carrer Major | Tarragona R\u00e0dio celebra 40 a\u00f1os como medio p\u00fablico en la ciudad - R\u00e0dio Ciutat de Tarragona\",\"isPartOf\":{\"@id\":\"https:\\\/\\\/radiociutat.com\\\/es\\\/#website\"},\"primaryImageOfPage\":{\"@id\":\"https:\\\/\\\/radiociutat.com\\\/es\\\/carrer-major-tarragona-secciones\\\/carrer-major-tarragona-radio-celebra-40-anos-como-medio-publico-en-la-ciudad\\\/#primaryimage\"},\"image\":{\"@id\":\"https:\\\/\\\/radiociutat.com\\\/es\\\/carrer-major-tarragona-secciones\\\/carrer-major-tarragona-radio-celebra-40-anos-como-medio-publico-en-la-ciudad\\\/#primaryimage\"},\"thumbnailUrl\":\"https:\\\/\\\/files.radiociutat.com\\\/rctgn\\\/wp-content\\\/uploads\\\/2026\\\/03\\\/Xavier-Gispert-Tarragona-Radio-CM-e1773398719202.png\",\"datePublished\":\"2026-03-13T16:11:17+00:00\",\"author\":{\"@id\":\"https:\\\/\\\/radiociutat.com\\\/es\\\/#\\\/schema\\\/person\\\/04b6638f9d2a9ea77408db76c5d8f0b5\"},\"breadcrumb\":{\"@id\":\"https:\\\/\\\/radiociutat.com\\\/es\\\/carrer-major-tarragona-secciones\\\/carrer-major-tarragona-radio-celebra-40-anos-como-medio-publico-en-la-ciudad\\\/#breadcrumb\"},\"inLanguage\":\"es\",\"potentialAction\":[{\"@type\":\"ReadAction\",\"target\":[\"https:\\\/\\\/radiociutat.com\\\/es\\\/carrer-major-tarragona-secciones\\\/carrer-major-tarragona-radio-celebra-40-anos-como-medio-publico-en-la-ciudad\\\/\"]}]},{\"@type\":\"ImageObject\",\"inLanguage\":\"es\",\"@id\":\"https:\\\/\\\/radiociutat.com\\\/es\\\/carrer-major-tarragona-secciones\\\/carrer-major-tarragona-radio-celebra-40-anos-como-medio-publico-en-la-ciudad\\\/#primaryimage\",\"url\":\"https:\\\/\\\/files.radiociutat.com\\\/rctgn\\\/wp-content\\\/uploads\\\/2026\\\/03\\\/Xavier-Gispert-Tarragona-Radio-CM-e1773398719202.png\",\"contentUrl\":\"https:\\\/\\\/files.radiociutat.com\\\/rctgn\\\/wp-content\\\/uploads\\\/2026\\\/03\\\/Xavier-Gispert-Tarragona-Radio-CM-e1773398719202.png\",\"width\":1418,\"height\":799},{\"@type\":\"BreadcrumbList\",\"@id\":\"https:\\\/\\\/radiociutat.com\\\/es\\\/carrer-major-tarragona-secciones\\\/carrer-major-tarragona-radio-celebra-40-anos-como-medio-publico-en-la-ciudad\\\/#breadcrumb\",\"itemListElement\":[{\"@type\":\"ListItem\",\"position\":1,\"name\":\"Inici\",\"item\":\"https:\\\/\\\/radiociutat.com\\\/es\\\/\"},{\"@type\":\"ListItem\",\"position\":2,\"name\":\"Carrer Major | Tarragona R\u00e0dio celebra 40 a\u00f1os como medio p\u00fablico en la ciudad\"}]},{\"@type\":\"WebSite\",\"@id\":\"https:\\\/\\\/radiociutat.com\\\/es\\\/#website\",\"url\":\"https:\\\/\\\/radiociutat.com\\\/es\\\/\",\"name\":\"R\u00e0dio Ciutat de Tarragona\",\"description\":\"R\u00e0dio Ciutat de Tarragona - RCTgn.cat R\u00e0dio Online\",\"potentialAction\":[{\"@type\":\"SearchAction\",\"target\":{\"@type\":\"EntryPoint\",\"urlTemplate\":\"https:\\\/\\\/radiociutat.com\\\/es\\\/?s={search_term_string}\"},\"query-input\":{\"@type\":\"PropertyValueSpecification\",\"valueRequired\":true,\"valueName\":\"search_term_string\"}}],\"inLanguage\":\"es\"},{\"@type\":\"Person\",\"@id\":\"https:\\\/\\\/radiociutat.com\\\/es\\\/#\\\/schema\\\/person\\\/04b6638f9d2a9ea77408db76c5d8f0b5\",\"name\":\"Redacci\u00f3\",\"sameAs\":[\"https:\\\/\\\/radiociutat.com\\\/wp-content\\\/uploads\\\/2023\\\/09\\\/LOGO-RCTGN-CUADRAT.png\"],\"url\":\"https:\\\/\\\/radiociutat.com\\\/es\\\/author\\\/jespinosa\\\/\"}]}<\/script>\n<!-- \/ Yoast SEO Premium plugin. -->","yoast_head_json":{"title":"Carrer Major | Tarragona R\u00e0dio celebra 40 a\u00f1os como medio p\u00fablico en la ciudad - R\u00e0dio Ciutat de Tarragona","robots":{"index":"index","follow":"follow","max-snippet":"max-snippet:-1","max-image-preview":"max-image-preview:large","max-video-preview":"max-video-preview:-1"},"canonical":"https:\/\/radiociutat.com\/es\/carrer-major-tarragona-secciones\/carrer-major-tarragona-radio-celebra-40-anos-como-medio-publico-en-la-ciudad\/","og_locale":"es_ES","og_type":"article","og_title":"Carrer Major | Tarragona R\u00e0dio celebra 40 a\u00f1os como medio p\u00fablico en la ciudad","og_description":"Tarragona R\u00e0dio ha celebrado este a\u00f1o su 40\u00ba aniversario, un hito que pone en valor cuatro d\u00e9cadas de servicio p\u00fablico y de comunicaci\u00f3n de proximidad. El gerente de la emisora municipal, Xavier Gispert, ha destacado ante los micr\u00f3fonos de R\u00e0dio Ciutat de Tarragona que la radio municipal es fruto de la iniciativa de un grupo [&hellip;]","og_url":"https:\/\/radiociutat.com\/es\/carrer-major-tarragona-secciones\/carrer-major-tarragona-radio-celebra-40-anos-como-medio-publico-en-la-ciudad\/","og_site_name":"R\u00e0dio Ciutat de Tarragona","article_publisher":"https:\/\/www.facebook.com\/rctgn","article_published_time":"2026-03-13T16:11:17+00:00","og_image":[{"width":3000,"height":3000,"url":"https:\/\/files.radiociutat.com\/rctgn\/wp-content\/uploads\/2021\/03\/LOGO-RCTGN-RADIO-CIUTAT-DE-TARRAGONA-TRANSPARENTE-TARRAGONA-2020-3000X3000-Redes1-copia.png","type":"image\/png"}],"author":"Redacci\u00f3","twitter_card":"summary_large_image","twitter_creator":"@RCTgn","twitter_site":"@RCTgn","twitter_misc":{"Escrito por":"Redacci\u00f3","Tiempo de lectura":"2 minutos"},"schema":{"@context":"https:\/\/schema.org","@graph":[{"@type":"Article","@id":"https:\/\/radiociutat.com\/es\/carrer-major-tarragona-secciones\/carrer-major-tarragona-radio-celebra-40-anos-como-medio-publico-en-la-ciudad\/#article","isPartOf":{"@id":"https:\/\/radiociutat.com\/es\/carrer-major-tarragona-secciones\/carrer-major-tarragona-radio-celebra-40-anos-como-medio-publico-en-la-ciudad\/"},"author":{"name":"Redacci\u00f3","@id":"https:\/\/radiociutat.com\/es\/#\/schema\/person\/04b6638f9d2a9ea77408db76c5d8f0b5"},"headline":"Carrer Major | Tarragona R\u00e0dio celebra 40 a\u00f1os como medio p\u00fablico en la ciudad","datePublished":"2026-03-13T16:11:17+00:00","mainEntityOfPage":{"@id":"https:\/\/radiociutat.com\/es\/carrer-major-tarragona-secciones\/carrer-major-tarragona-radio-celebra-40-anos-como-medio-publico-en-la-ciudad\/"},"wordCount":511,"image":{"@id":"https:\/\/radiociutat.com\/es\/carrer-major-tarragona-secciones\/carrer-major-tarragona-radio-celebra-40-anos-como-medio-publico-en-la-ciudad\/#primaryimage"},"thumbnailUrl":"https:\/\/files.radiociutat.com\/rctgn\/wp-content\/uploads\/2026\/03\/Xavier-Gispert-Tarragona-Radio-CM-e1773398719202.png","keywords":["40 anys","Actualitat","Mitjans","not\u00edcies","Tarragona","Tarragona R\u00e0dio","TGN"],"articleSection":["Carrer Major Tarragona | Secciones"],"inLanguage":"es"},{"@type":"WebPage","@id":"https:\/\/radiociutat.com\/es\/carrer-major-tarragona-secciones\/carrer-major-tarragona-radio-celebra-40-anos-como-medio-publico-en-la-ciudad\/","url":"https:\/\/radiociutat.com\/es\/carrer-major-tarragona-secciones\/carrer-major-tarragona-radio-celebra-40-anos-como-medio-publico-en-la-ciudad\/","name":"Carrer Major | Tarragona R\u00e0dio celebra 40 a\u00f1os como medio p\u00fablico en la ciudad - R\u00e0dio Ciutat de Tarragona","isPartOf":{"@id":"https:\/\/radiociutat.com\/es\/#website"},"primaryImageOfPage":{"@id":"https:\/\/radiociutat.com\/es\/carrer-major-tarragona-secciones\/carrer-major-tarragona-radio-celebra-40-anos-como-medio-publico-en-la-ciudad\/#primaryimage"},"image":{"@id":"https:\/\/radiociutat.com\/es\/carrer-major-tarragona-secciones\/carrer-major-tarragona-radio-celebra-40-anos-como-medio-publico-en-la-ciudad\/#primaryimage"},"thumbnailUrl":"https:\/\/files.radiociutat.com\/rctgn\/wp-content\/uploads\/2026\/03\/Xavier-Gispert-Tarragona-Radio-CM-e1773398719202.png","datePublished":"2026-03-13T16:11:17+00:00","author":{"@id":"https:\/\/radiociutat.com\/es\/#\/schema\/person\/04b6638f9d2a9ea77408db76c5d8f0b5"},"breadcrumb":{"@id":"https:\/\/radiociutat.com\/es\/carrer-major-tarragona-secciones\/carrer-major-tarragona-radio-celebra-40-anos-como-medio-publico-en-la-ciudad\/#breadcrumb"},"inLanguage":"es","potentialAction":[{"@type":"ReadAction","target":["https:\/\/radiociutat.com\/es\/carrer-major-tarragona-secciones\/carrer-major-tarragona-radio-celebra-40-anos-como-medio-publico-en-la-ciudad\/"]}]},{"@type":"ImageObject","inLanguage":"es","@id":"https:\/\/radiociutat.com\/es\/carrer-major-tarragona-secciones\/carrer-major-tarragona-radio-celebra-40-anos-como-medio-publico-en-la-ciudad\/#primaryimage","url":"https:\/\/files.radiociutat.com\/rctgn\/wp-content\/uploads\/2026\/03\/Xavier-Gispert-Tarragona-Radio-CM-e1773398719202.png","contentUrl":"https:\/\/files.radiociutat.com\/rctgn\/wp-content\/uploads\/2026\/03\/Xavier-Gispert-Tarragona-Radio-CM-e1773398719202.png","width":1418,"height":799},{"@type":"BreadcrumbList","@id":"https:\/\/radiociutat.com\/es\/carrer-major-tarragona-secciones\/carrer-major-tarragona-radio-celebra-40-anos-como-medio-publico-en-la-ciudad\/#breadcrumb","itemListElement":[{"@type":"ListItem","position":1,"name":"Inici","item":"https:\/\/radiociutat.com\/es\/"},{"@type":"ListItem","position":2,"name":"Carrer Major | Tarragona R\u00e0dio celebra 40 a\u00f1os como medio p\u00fablico en la ciudad"}]},{"@type":"WebSite","@id":"https:\/\/radiociutat.com\/es\/#website","url":"https:\/\/radiociutat.com\/es\/","name":"R\u00e0dio Ciutat de Tarragona","description":"R\u00e0dio Ciutat de Tarragona - RCTgn.cat R\u00e0dio Online","potentialAction":[{"@type":"SearchAction","target":{"@type":"EntryPoint","urlTemplate":"https:\/\/radiociutat.com\/es\/?s={search_term_string}"},"query-input":{"@type":"PropertyValueSpecification","valueRequired":true,"valueName":"search_term_string"}}],"inLanguage":"es"},{"@type":"Person","@id":"https:\/\/radiociutat.com\/es\/#\/schema\/person\/04b6638f9d2a9ea77408db76c5d8f0b5","name":"Redacci\u00f3","sameAs":["https:\/\/radiociutat.com\/wp-content\/uploads\/2023\/09\/LOGO-RCTGN-CUADRAT.png"],"url":"https:\/\/radiociutat.com\/es\/author\/jespinosa\/"}]}},"_links":{"self":[{"href":"https:\/\/radiociutat.com\/es\/wp-json\/wp\/v2\/posts\/369928","targetHints":{"allow":["GET"]}}],"collection":[{"href":"https:\/\/radiociutat.com\/es\/wp-json\/wp\/v2\/posts"}],"about":[{"href":"https:\/\/radiociutat.com\/es\/wp-json\/wp\/v2\/types\/post"}],"author":[{"embeddable":true,"href":"https:\/\/radiociutat.com\/es\/wp-json\/wp\/v2\/users\/1"}],"replies":[{"embeddable":true,"href":"https:\/\/radiociutat.com\/es\/wp-json\/wp\/v2\/comments?post=369928"}],"version-history":[{"count":0,"href":"https:\/\/radiociutat.com\/es\/wp-json\/wp\/v2\/posts\/369928\/revisions"}],"wp:featuredmedia":[{"embeddable":true,"href":"https:\/\/radiociutat.com\/es\/wp-json\/wp\/v2\/media\/369371"}],"wp:attachment":[{"href":"https:\/\/radiociutat.com\/es\/wp-json\/wp\/v2\/media?parent=369928"}],"wp:term":[{"taxonomy":"category","embeddable":true,"href":"https:\/\/radiociutat.com\/es\/wp-json\/wp\/v2\/categories?post=369928"},{"taxonomy":"post_tag","embeddable":true,"href":"https:\/\/radiociutat.com\/es\/wp-json\/wp\/v2\/tags?post=369928"}],"curies":[{"name":"wp","href":"https:\/\/api.w.org\/{rel}","templated":true}]}}