{"id":369920,"date":"2026-03-12T17:58:09","date_gmt":"2026-03-12T16:58:09","guid":{"rendered":"https:\/\/radiociutat.com\/programes-podcast\/carrer-major-el-mago-hugo-quiere-que-tarragona-imagine\/"},"modified":"2026-03-12T17:58:09","modified_gmt":"2026-03-12T16:58:09","slug":"carrer-major-el-mago-hugo-quiere-que-tarragona-imagine","status":"publish","type":"post","link":"https:\/\/radiociutat.com\/es\/carrer-major-tarragona-secciones\/carrer-major-el-mago-hugo-quiere-que-tarragona-imagine\/","title":{"rendered":"Carrer Major | El Mago Hugo quiere que Tarragona \u00abimagine\u00bb"},"content":{"rendered":"\n<p>Este viernes, a las 19h, el Palacio de Congresos de Tarragona acoger\u00e1 el espect\u00e1culo \u00abImagina\u00bb del artista Hugo Aracil, conocido art\u00edsticamente como el Mago Hugo. Con solo 26 a\u00f1os, Hugo se ha consolidado como una de las promesas m\u00e1s destacadas del ilusionismo en Espa\u00f1a, combinando magia, teatro, humor y narrativa para crear espect\u00e1culos que emocionan y sorprenden al p\u00fablico.<\/p>\n\n\n\n<p>Tras su participaci\u00f3n en proyectos televisivos, ganar diversos premios e incluso realizar una charla TED, el Mago Hugo llega a Tarragona con un espect\u00e1culo familiar que invita a los espectadores a un viaje \u00fanico lleno de momentos imposibles. \u00abImagina\u00bb promete una combinaci\u00f3n de grandes ilusiones, mentalismo y un humor contagioso, donde los espectadores ser\u00e1n los protagonistas de la magia.<\/p>\n\n\n\n<p>En una entrevista en el programa &#8216;Carrer Major&#8217;, Hugo explica que su pasi\u00f3n por la magia surgi\u00f3 gracias al Mag Lari, quien lo cautiv\u00f3 cuando era peque\u00f1o. \u00abMe qued\u00e9 fascinado y desde aquel momento, supe que quer\u00eda dedicarme a este mundo\u00bb, comenta. Adem\u00e1s de magia, Hugo incorpora teatro f\u00edsico y coreograf\u00edas gestuales para crear una experiencia completa, un reto constante para el espectador.<\/p>\n\n\n\n<p>El espect\u00e1culo no solo es un reto t\u00e9cnico, sino tambi\u00e9n emocional. Hugo destaca que lo m\u00e1s importante para \u00e9l es transmitir emoci\u00f3n al p\u00fablico, m\u00e1s all\u00e1 de la t\u00e9cnica m\u00e1gica. \u00abLa magia debe ser una experiencia, una emoci\u00f3n que el espectador pueda sentir y vivir\u00bb, asegura.<\/p>\n\n\n\n<p><\/p>\n","protected":false},"excerpt":{"rendered":"<p>Este viernes, a las 19h, el Palacio de Congresos de Tarragona acoger\u00e1 el espect\u00e1culo \u00abImagina\u00bb del artista Hugo Aracil, conocido art\u00edsticamente como el Mago Hugo. Con solo 26 a\u00f1os, Hugo se ha consolidado como una de las promesas m\u00e1s destacadas del ilusionismo en Espa\u00f1a, combinando magia, teatro, humor y narrativa para crear espect\u00e1culos que emocionan [&hellip;]<\/p>\n","protected":false},"author":1,"featured_media":369309,"comment_status":"closed","ping_status":"closed","sticky":false,"template":"","format":"standard","meta":{"footnotes":""},"categories":[13680],"tags":[128,4797,13665,260,129,19,218],"class_list":["post-369920","post","type-post","status-publish","format-standard","has-post-thumbnail","hentry","category-carrer-major-tarragona-secciones","tag-actualitat","tag-magia-2","tag-mago-hugo","tag-noticies","tag-societat","tag-tarragona","tag-tgn"],"yoast_head":"<!-- This site is optimized with the Yoast SEO Premium plugin v27.4 (Yoast SEO v27.5) - https:\/\/yoast.com\/product\/yoast-seo-premium-wordpress\/ -->\n<title>Carrer Major | El Mago Hugo quiere que Tarragona &quot;imagine&quot; - R\u00e0dio Ciutat de Tarragona<\/title>\n<meta name=\"robots\" content=\"index, follow, max-snippet:-1, max-image-preview:large, max-video-preview:-1\" \/>\n<link rel=\"canonical\" href=\"https:\/\/radiociutat.com\/es\/carrer-major-tarragona-secciones\/carrer-major-el-mago-hugo-quiere-que-tarragona-imagine\/\" \/>\n<meta property=\"og:locale\" content=\"es_ES\" \/>\n<meta property=\"og:type\" content=\"article\" \/>\n<meta property=\"og:title\" content=\"Carrer Major | El Mago Hugo quiere que Tarragona &quot;imagine&quot;\" \/>\n<meta property=\"og:description\" content=\"Este viernes, a las 19h, el Palacio de Congresos de Tarragona acoger\u00e1 el espect\u00e1culo \u00abImagina\u00bb del artista Hugo Aracil, conocido art\u00edsticamente como el Mago Hugo. Con solo 26 a\u00f1os, Hugo se ha consolidado como una de las promesas m\u00e1s destacadas del ilusionismo en Espa\u00f1a, combinando magia, teatro, humor y narrativa para crear espect\u00e1culos que emocionan [&hellip;]\" \/>\n<meta property=\"og:url\" content=\"https:\/\/radiociutat.com\/es\/carrer-major-tarragona-secciones\/carrer-major-el-mago-hugo-quiere-que-tarragona-imagine\/\" \/>\n<meta property=\"og:site_name\" content=\"R\u00e0dio Ciutat de Tarragona\" \/>\n<meta property=\"article:publisher\" content=\"https:\/\/www.facebook.com\/rctgn\" \/>\n<meta property=\"article:published_time\" content=\"2026-03-12T16:58:09+00:00\" \/>\n<meta property=\"og:image\" content=\"https:\/\/files.radiociutat.com\/rctgn\/wp-content\/uploads\/2021\/03\/LOGO-RCTGN-RADIO-CIUTAT-DE-TARRAGONA-TRANSPARENTE-TARRAGONA-2020-3000X3000-Redes1-copia.png\" \/>\n\t<meta property=\"og:image:width\" content=\"3000\" \/>\n\t<meta property=\"og:image:height\" content=\"3000\" \/>\n\t<meta property=\"og:image:type\" content=\"image\/png\" \/>\n<meta name=\"author\" content=\"Redacci\u00f3\" \/>\n<meta name=\"twitter:card\" content=\"summary_large_image\" \/>\n<meta name=\"twitter:creator\" content=\"@RCTgn\" \/>\n<meta name=\"twitter:site\" content=\"@RCTgn\" \/>\n<meta name=\"twitter:label1\" content=\"Escrito por\" \/>\n\t<meta name=\"twitter:data1\" content=\"Redacci\u00f3\" \/>\n\t<meta name=\"twitter:label2\" content=\"Tiempo de lectura\" \/>\n\t<meta name=\"twitter:data2\" content=\"1 minuto\" \/>\n<script type=\"application\/ld+json\" class=\"yoast-schema-graph\">{\"@context\":\"https:\\\/\\\/schema.org\",\"@graph\":[{\"@type\":\"Article\",\"@id\":\"https:\\\/\\\/radiociutat.com\\\/es\\\/carrer-major-tarragona-secciones\\\/carrer-major-el-mago-hugo-quiere-que-tarragona-imagine\\\/#article\",\"isPartOf\":{\"@id\":\"https:\\\/\\\/radiociutat.com\\\/es\\\/carrer-major-tarragona-secciones\\\/carrer-major-el-mago-hugo-quiere-que-tarragona-imagine\\\/\"},\"author\":{\"name\":\"Redacci\u00f3\",\"@id\":\"https:\\\/\\\/radiociutat.com\\\/es\\\/#\\\/schema\\\/person\\\/04b6638f9d2a9ea77408db76c5d8f0b5\"},\"headline\":\"Carrer Major | El Mago Hugo quiere que Tarragona \u00abimagine\u00bb\",\"datePublished\":\"2026-03-12T16:58:09+00:00\",\"mainEntityOfPage\":{\"@id\":\"https:\\\/\\\/radiociutat.com\\\/es\\\/carrer-major-tarragona-secciones\\\/carrer-major-el-mago-hugo-quiere-que-tarragona-imagine\\\/\"},\"wordCount\":262,\"image\":{\"@id\":\"https:\\\/\\\/radiociutat.com\\\/es\\\/carrer-major-tarragona-secciones\\\/carrer-major-el-mago-hugo-quiere-que-tarragona-imagine\\\/#primaryimage\"},\"thumbnailUrl\":\"https:\\\/\\\/files.radiociutat.com\\\/rctgn\\\/wp-content\\\/uploads\\\/2026\\\/03\\\/Mago-Hugo-e1773334507662.jpg\",\"keywords\":[\"Actualitat\",\"M\u00e0gia\",\"Mago Hugo\",\"not\u00edcies\",\"Societat\",\"Tarragona\",\"TGN\"],\"articleSection\":[\"Carrer Major Tarragona | Secciones\"],\"inLanguage\":\"es\"},{\"@type\":\"WebPage\",\"@id\":\"https:\\\/\\\/radiociutat.com\\\/es\\\/carrer-major-tarragona-secciones\\\/carrer-major-el-mago-hugo-quiere-que-tarragona-imagine\\\/\",\"url\":\"https:\\\/\\\/radiociutat.com\\\/es\\\/carrer-major-tarragona-secciones\\\/carrer-major-el-mago-hugo-quiere-que-tarragona-imagine\\\/\",\"name\":\"Carrer Major | El Mago Hugo quiere que Tarragona \\\"imagine\\\" - R\u00e0dio Ciutat de Tarragona\",\"isPartOf\":{\"@id\":\"https:\\\/\\\/radiociutat.com\\\/es\\\/#website\"},\"primaryImageOfPage\":{\"@id\":\"https:\\\/\\\/radiociutat.com\\\/es\\\/carrer-major-tarragona-secciones\\\/carrer-major-el-mago-hugo-quiere-que-tarragona-imagine\\\/#primaryimage\"},\"image\":{\"@id\":\"https:\\\/\\\/radiociutat.com\\\/es\\\/carrer-major-tarragona-secciones\\\/carrer-major-el-mago-hugo-quiere-que-tarragona-imagine\\\/#primaryimage\"},\"thumbnailUrl\":\"https:\\\/\\\/files.radiociutat.com\\\/rctgn\\\/wp-content\\\/uploads\\\/2026\\\/03\\\/Mago-Hugo-e1773334507662.jpg\",\"datePublished\":\"2026-03-12T16:58:09+00:00\",\"author\":{\"@id\":\"https:\\\/\\\/radiociutat.com\\\/es\\\/#\\\/schema\\\/person\\\/04b6638f9d2a9ea77408db76c5d8f0b5\"},\"breadcrumb\":{\"@id\":\"https:\\\/\\\/radiociutat.com\\\/es\\\/carrer-major-tarragona-secciones\\\/carrer-major-el-mago-hugo-quiere-que-tarragona-imagine\\\/#breadcrumb\"},\"inLanguage\":\"es\",\"potentialAction\":[{\"@type\":\"ReadAction\",\"target\":[\"https:\\\/\\\/radiociutat.com\\\/es\\\/carrer-major-tarragona-secciones\\\/carrer-major-el-mago-hugo-quiere-que-tarragona-imagine\\\/\"]}]},{\"@type\":\"ImageObject\",\"inLanguage\":\"es\",\"@id\":\"https:\\\/\\\/radiociutat.com\\\/es\\\/carrer-major-tarragona-secciones\\\/carrer-major-el-mago-hugo-quiere-que-tarragona-imagine\\\/#primaryimage\",\"url\":\"https:\\\/\\\/files.radiociutat.com\\\/rctgn\\\/wp-content\\\/uploads\\\/2026\\\/03\\\/Mago-Hugo-e1773334507662.jpg\",\"contentUrl\":\"https:\\\/\\\/files.radiociutat.com\\\/rctgn\\\/wp-content\\\/uploads\\\/2026\\\/03\\\/Mago-Hugo-e1773334507662.jpg\",\"width\":1600,\"height\":1066},{\"@type\":\"BreadcrumbList\",\"@id\":\"https:\\\/\\\/radiociutat.com\\\/es\\\/carrer-major-tarragona-secciones\\\/carrer-major-el-mago-hugo-quiere-que-tarragona-imagine\\\/#breadcrumb\",\"itemListElement\":[{\"@type\":\"ListItem\",\"position\":1,\"name\":\"Inici\",\"item\":\"https:\\\/\\\/radiociutat.com\\\/es\\\/\"},{\"@type\":\"ListItem\",\"position\":2,\"name\":\"Carrer Major | El Mago Hugo quiere que Tarragona &#8220;imagine&#8221;\"}]},{\"@type\":\"WebSite\",\"@id\":\"https:\\\/\\\/radiociutat.com\\\/es\\\/#website\",\"url\":\"https:\\\/\\\/radiociutat.com\\\/es\\\/\",\"name\":\"R\u00e0dio Ciutat de Tarragona\",\"description\":\"R\u00e0dio Ciutat de Tarragona - RCTgn.cat R\u00e0dio Online\",\"potentialAction\":[{\"@type\":\"SearchAction\",\"target\":{\"@type\":\"EntryPoint\",\"urlTemplate\":\"https:\\\/\\\/radiociutat.com\\\/es\\\/?s={search_term_string}\"},\"query-input\":{\"@type\":\"PropertyValueSpecification\",\"valueRequired\":true,\"valueName\":\"search_term_string\"}}],\"inLanguage\":\"es\"},{\"@type\":\"Person\",\"@id\":\"https:\\\/\\\/radiociutat.com\\\/es\\\/#\\\/schema\\\/person\\\/04b6638f9d2a9ea77408db76c5d8f0b5\",\"name\":\"Redacci\u00f3\",\"sameAs\":[\"https:\\\/\\\/radiociutat.com\\\/wp-content\\\/uploads\\\/2023\\\/09\\\/LOGO-RCTGN-CUADRAT.png\"],\"url\":\"https:\\\/\\\/radiociutat.com\\\/es\\\/author\\\/jespinosa\\\/\"}]}<\/script>\n<!-- \/ Yoast SEO Premium plugin. -->","yoast_head_json":{"title":"Carrer Major | El Mago Hugo quiere que Tarragona \"imagine\" - R\u00e0dio Ciutat de Tarragona","robots":{"index":"index","follow":"follow","max-snippet":"max-snippet:-1","max-image-preview":"max-image-preview:large","max-video-preview":"max-video-preview:-1"},"canonical":"https:\/\/radiociutat.com\/es\/carrer-major-tarragona-secciones\/carrer-major-el-mago-hugo-quiere-que-tarragona-imagine\/","og_locale":"es_ES","og_type":"article","og_title":"Carrer Major | El Mago Hugo quiere que Tarragona \"imagine\"","og_description":"Este viernes, a las 19h, el Palacio de Congresos de Tarragona acoger\u00e1 el espect\u00e1culo \u00abImagina\u00bb del artista Hugo Aracil, conocido art\u00edsticamente como el Mago Hugo. Con solo 26 a\u00f1os, Hugo se ha consolidado como una de las promesas m\u00e1s destacadas del ilusionismo en Espa\u00f1a, combinando magia, teatro, humor y narrativa para crear espect\u00e1culos que emocionan [&hellip;]","og_url":"https:\/\/radiociutat.com\/es\/carrer-major-tarragona-secciones\/carrer-major-el-mago-hugo-quiere-que-tarragona-imagine\/","og_site_name":"R\u00e0dio Ciutat de Tarragona","article_publisher":"https:\/\/www.facebook.com\/rctgn","article_published_time":"2026-03-12T16:58:09+00:00","og_image":[{"width":3000,"height":3000,"url":"https:\/\/files.radiociutat.com\/rctgn\/wp-content\/uploads\/2021\/03\/LOGO-RCTGN-RADIO-CIUTAT-DE-TARRAGONA-TRANSPARENTE-TARRAGONA-2020-3000X3000-Redes1-copia.png","type":"image\/png"}],"author":"Redacci\u00f3","twitter_card":"summary_large_image","twitter_creator":"@RCTgn","twitter_site":"@RCTgn","twitter_misc":{"Escrito por":"Redacci\u00f3","Tiempo de lectura":"1 minuto"},"schema":{"@context":"https:\/\/schema.org","@graph":[{"@type":"Article","@id":"https:\/\/radiociutat.com\/es\/carrer-major-tarragona-secciones\/carrer-major-el-mago-hugo-quiere-que-tarragona-imagine\/#article","isPartOf":{"@id":"https:\/\/radiociutat.com\/es\/carrer-major-tarragona-secciones\/carrer-major-el-mago-hugo-quiere-que-tarragona-imagine\/"},"author":{"name":"Redacci\u00f3","@id":"https:\/\/radiociutat.com\/es\/#\/schema\/person\/04b6638f9d2a9ea77408db76c5d8f0b5"},"headline":"Carrer Major | El Mago Hugo quiere que Tarragona \u00abimagine\u00bb","datePublished":"2026-03-12T16:58:09+00:00","mainEntityOfPage":{"@id":"https:\/\/radiociutat.com\/es\/carrer-major-tarragona-secciones\/carrer-major-el-mago-hugo-quiere-que-tarragona-imagine\/"},"wordCount":262,"image":{"@id":"https:\/\/radiociutat.com\/es\/carrer-major-tarragona-secciones\/carrer-major-el-mago-hugo-quiere-que-tarragona-imagine\/#primaryimage"},"thumbnailUrl":"https:\/\/files.radiociutat.com\/rctgn\/wp-content\/uploads\/2026\/03\/Mago-Hugo-e1773334507662.jpg","keywords":["Actualitat","M\u00e0gia","Mago Hugo","not\u00edcies","Societat","Tarragona","TGN"],"articleSection":["Carrer Major Tarragona | Secciones"],"inLanguage":"es"},{"@type":"WebPage","@id":"https:\/\/radiociutat.com\/es\/carrer-major-tarragona-secciones\/carrer-major-el-mago-hugo-quiere-que-tarragona-imagine\/","url":"https:\/\/radiociutat.com\/es\/carrer-major-tarragona-secciones\/carrer-major-el-mago-hugo-quiere-que-tarragona-imagine\/","name":"Carrer Major | El Mago Hugo quiere que Tarragona \"imagine\" - R\u00e0dio Ciutat de Tarragona","isPartOf":{"@id":"https:\/\/radiociutat.com\/es\/#website"},"primaryImageOfPage":{"@id":"https:\/\/radiociutat.com\/es\/carrer-major-tarragona-secciones\/carrer-major-el-mago-hugo-quiere-que-tarragona-imagine\/#primaryimage"},"image":{"@id":"https:\/\/radiociutat.com\/es\/carrer-major-tarragona-secciones\/carrer-major-el-mago-hugo-quiere-que-tarragona-imagine\/#primaryimage"},"thumbnailUrl":"https:\/\/files.radiociutat.com\/rctgn\/wp-content\/uploads\/2026\/03\/Mago-Hugo-e1773334507662.jpg","datePublished":"2026-03-12T16:58:09+00:00","author":{"@id":"https:\/\/radiociutat.com\/es\/#\/schema\/person\/04b6638f9d2a9ea77408db76c5d8f0b5"},"breadcrumb":{"@id":"https:\/\/radiociutat.com\/es\/carrer-major-tarragona-secciones\/carrer-major-el-mago-hugo-quiere-que-tarragona-imagine\/#breadcrumb"},"inLanguage":"es","potentialAction":[{"@type":"ReadAction","target":["https:\/\/radiociutat.com\/es\/carrer-major-tarragona-secciones\/carrer-major-el-mago-hugo-quiere-que-tarragona-imagine\/"]}]},{"@type":"ImageObject","inLanguage":"es","@id":"https:\/\/radiociutat.com\/es\/carrer-major-tarragona-secciones\/carrer-major-el-mago-hugo-quiere-que-tarragona-imagine\/#primaryimage","url":"https:\/\/files.radiociutat.com\/rctgn\/wp-content\/uploads\/2026\/03\/Mago-Hugo-e1773334507662.jpg","contentUrl":"https:\/\/files.radiociutat.com\/rctgn\/wp-content\/uploads\/2026\/03\/Mago-Hugo-e1773334507662.jpg","width":1600,"height":1066},{"@type":"BreadcrumbList","@id":"https:\/\/radiociutat.com\/es\/carrer-major-tarragona-secciones\/carrer-major-el-mago-hugo-quiere-que-tarragona-imagine\/#breadcrumb","itemListElement":[{"@type":"ListItem","position":1,"name":"Inici","item":"https:\/\/radiociutat.com\/es\/"},{"@type":"ListItem","position":2,"name":"Carrer Major | El Mago Hugo quiere que Tarragona &#8220;imagine&#8221;"}]},{"@type":"WebSite","@id":"https:\/\/radiociutat.com\/es\/#website","url":"https:\/\/radiociutat.com\/es\/","name":"R\u00e0dio Ciutat de Tarragona","description":"R\u00e0dio Ciutat de Tarragona - RCTgn.cat R\u00e0dio Online","potentialAction":[{"@type":"SearchAction","target":{"@type":"EntryPoint","urlTemplate":"https:\/\/radiociutat.com\/es\/?s={search_term_string}"},"query-input":{"@type":"PropertyValueSpecification","valueRequired":true,"valueName":"search_term_string"}}],"inLanguage":"es"},{"@type":"Person","@id":"https:\/\/radiociutat.com\/es\/#\/schema\/person\/04b6638f9d2a9ea77408db76c5d8f0b5","name":"Redacci\u00f3","sameAs":["https:\/\/radiociutat.com\/wp-content\/uploads\/2023\/09\/LOGO-RCTGN-CUADRAT.png"],"url":"https:\/\/radiociutat.com\/es\/author\/jespinosa\/"}]}},"_links":{"self":[{"href":"https:\/\/radiociutat.com\/es\/wp-json\/wp\/v2\/posts\/369920","targetHints":{"allow":["GET"]}}],"collection":[{"href":"https:\/\/radiociutat.com\/es\/wp-json\/wp\/v2\/posts"}],"about":[{"href":"https:\/\/radiociutat.com\/es\/wp-json\/wp\/v2\/types\/post"}],"author":[{"embeddable":true,"href":"https:\/\/radiociutat.com\/es\/wp-json\/wp\/v2\/users\/1"}],"replies":[{"embeddable":true,"href":"https:\/\/radiociutat.com\/es\/wp-json\/wp\/v2\/comments?post=369920"}],"version-history":[{"count":0,"href":"https:\/\/radiociutat.com\/es\/wp-json\/wp\/v2\/posts\/369920\/revisions"}],"wp:featuredmedia":[{"embeddable":true,"href":"https:\/\/radiociutat.com\/es\/wp-json\/wp\/v2\/media\/369309"}],"wp:attachment":[{"href":"https:\/\/radiociutat.com\/es\/wp-json\/wp\/v2\/media?parent=369920"}],"wp:term":[{"taxonomy":"category","embeddable":true,"href":"https:\/\/radiociutat.com\/es\/wp-json\/wp\/v2\/categories?post=369920"},{"taxonomy":"post_tag","embeddable":true,"href":"https:\/\/radiociutat.com\/es\/wp-json\/wp\/v2\/tags?post=369920"}],"curies":[{"name":"wp","href":"https:\/\/api.w.org\/{rel}","templated":true}]}}