{"id":369918,"date":"2026-03-12T17:46:43","date_gmt":"2026-03-12T16:46:43","guid":{"rendered":"https:\/\/radiociutat.com\/programes-podcast\/carrer-major-domenec-puig-se-presentara-como-candidato-a-rector-de-la-urv\/"},"modified":"2026-03-12T17:46:43","modified_gmt":"2026-03-12T16:46:43","slug":"carrer-major-domenec-puig-se-presentara-como-candidato-a-rector-de-la-urv","status":"publish","type":"post","link":"https:\/\/radiociutat.com\/es\/carrer-major-tarragona-secciones\/carrer-major-domenec-puig-se-presentara-como-candidato-a-rector-de-la-urv\/","title":{"rendered":"Carrer Major | Dom\u00e8nec Puig se presentar\u00e1 como candidato a rector de la URV"},"content":{"rendered":"\n<p>El catedr\u00e1tico de ingenier\u00eda inform\u00e1tica Dom\u00e8nec Puig ha anunciado su candidatura a rector de la Universidad Rovira i Virgili en las elecciones previstas para el pr\u00f3ximo mes de mayo. Despu\u00e9s de m\u00e1s de tres d\u00e9cadas vinculado a la instituci\u00f3n, Puig asegura que da el paso con la voluntad de impulsar una nueva etapa que refuerce la excelencia acad\u00e9mica y el papel de la universidad en el territorio.<\/p>\n\n\n\n<p>Investigador principal del laboratorio de rob\u00f3tica y visi\u00f3n inteligente del grupo ITAKA y con experiencia en gesti\u00f3n universitaria \u2014ha sido director de la Escuela de Ingenier\u00eda y vicerrector\u2014, Puig considera que la URV se encuentra en un momento clave para redefinir su modelo.<\/p>\n\n\n\n<p>En una entrevista en el programa <em>Carrer Major<\/em>, el candidato ha explicado que su trayectoria de 34 a\u00f1os en la universidad, con experiencia en docencia, investigaci\u00f3n y transferencia, le ha motivado a presentarse para contribuir a mejorar el futuro de la instituci\u00f3n.<\/p>\n\n\n\n<p>Entre sus principales prioridades, Puig propone reforzar la estructura del profesorado, reducir la burocracia interna, mejorar las infraestructuras e incrementar la proyecci\u00f3n de la URV tanto a escala nacional como internacional.<\/p>\n\n\n\n<p>Seg\u00fan el candidato, la universidad necesita revisar sus estructuras y procesos para avanzar hacia un modelo m\u00e1s competitivo. En este sentido, defiende abrir una nueva etapa de di\u00e1logo con toda la comunidad universitaria para redise\u00f1ar la organizaci\u00f3n de la instituci\u00f3n e impulsar una apuesta decidida por la excelencia acad\u00e9mica.<\/p>\n\n\n\n<p>Uno de los retos que se\u00f1ala es la situaci\u00f3n del profesorado. Puig advierte que la URV parte de una clara infradotaci\u00f3n estructural y de un porcentaje elevado de profesorado asociado, una situaci\u00f3n que considera necesario abordar con nuevos planes y con el soporte de las administraciones.<\/p>\n\n\n\n<p>El candidato tambi\u00e9n ha hecho hincapi\u00e9 en la necesidad de reducir la carga burocr\u00e1tica que afecta especialmente a la investigaci\u00f3n. Seg\u00fan afirma, muchos investigadores dedican demasiado tiempo a tr\u00e1mites administrativos y esto resta eficiencia a la generaci\u00f3n y transmisi\u00f3n de conocimiento.<\/p>\n\n\n\n<p>En cuanto al papel de la universidad en el territorio, Puig defiende que la URV debe ser un motor de innovaci\u00f3n para el tejido econ\u00f3mico y social del Camp de Tarragona y de las Terres de l&#8217;Ebre. Recuerda que la universidad es una de las instituciones m\u00e1s importantes de la regi\u00f3n y que puede contribuir a la creaci\u00f3n de empresas, start-ups y nuevas oportunidades econ\u00f3micas a partir del conocimiento.<\/p>\n\n\n\n<p>Finalmente, el candidato tambi\u00e9n ha apostado por superar lo que considera un cierto \u201ccomplejo de provincianismo\u201d de la instituci\u00f3n respecto a universidades de Barcelona. Seg\u00fan Puig, la URV tiene los cimientos para competir al mismo nivel y consolidarse como una universidad de referencia.<\/p>\n\n\n\n<p>Las elecciones al rectorado de la Universidad Rovira i Virgili est\u00e1n previstas para el pr\u00f3ximo mes de mayo. Puig aspira a liderar una nueva etapa con el objetivo de reforzar la universidad y su proyecci\u00f3n.<\/p>\n","protected":false},"excerpt":{"rendered":"<p>El catedr\u00e1tico de ingenier\u00eda inform\u00e1tica Dom\u00e8nec Puig ha anunciado su candidatura a rector de la Universidad Rovira i Virgili en las elecciones previstas para el pr\u00f3ximo mes de mayo. Despu\u00e9s de m\u00e1s de tres d\u00e9cadas vinculado a la instituci\u00f3n, Puig asegura que da el paso con la voluntad de impulsar una nueva etapa que refuerce [&hellip;]<\/p>\n","protected":false},"author":1,"featured_media":369303,"comment_status":"closed","ping_status":"closed","sticky":false,"template":"","format":"standard","meta":{"footnotes":""},"categories":[13680],"tags":[128,13664,250,88,76,260,11280,129,19,218,429],"class_list":["post-369918","post","type-post","status-publish","format-standard","has-post-thumbnail","hentry","category-carrer-major-tarragona-secciones","tag-actualitat","tag-domenec-puig","tag-eleccions","tag-info","tag-informatiu","tag-noticies","tag-rector","tag-societat","tag-tarragona","tag-tgn","tag-urv"],"yoast_head":"<!-- This site is optimized with the Yoast SEO Premium plugin v27.4 (Yoast SEO v27.5) - https:\/\/yoast.com\/product\/yoast-seo-premium-wordpress\/ -->\n<title>Carrer Major | Dom\u00e8nec Puig se presentar\u00e1 como candidato a rector de la URV - R\u00e0dio Ciutat de Tarragona<\/title>\n<meta name=\"robots\" content=\"index, follow, max-snippet:-1, max-image-preview:large, max-video-preview:-1\" \/>\n<link rel=\"canonical\" href=\"https:\/\/radiociutat.com\/es\/carrer-major-tarragona-secciones\/carrer-major-domenec-puig-se-presentara-como-candidato-a-rector-de-la-urv\/\" \/>\n<meta property=\"og:locale\" content=\"es_ES\" \/>\n<meta property=\"og:type\" content=\"article\" \/>\n<meta property=\"og:title\" content=\"Carrer Major | Dom\u00e8nec Puig se presentar\u00e1 como candidato a rector de la URV\" \/>\n<meta property=\"og:description\" content=\"El catedr\u00e1tico de ingenier\u00eda inform\u00e1tica Dom\u00e8nec Puig ha anunciado su candidatura a rector de la Universidad Rovira i Virgili en las elecciones previstas para el pr\u00f3ximo mes de mayo. Despu\u00e9s de m\u00e1s de tres d\u00e9cadas vinculado a la instituci\u00f3n, Puig asegura que da el paso con la voluntad de impulsar una nueva etapa que refuerce [&hellip;]\" \/>\n<meta property=\"og:url\" content=\"https:\/\/radiociutat.com\/es\/carrer-major-tarragona-secciones\/carrer-major-domenec-puig-se-presentara-como-candidato-a-rector-de-la-urv\/\" \/>\n<meta property=\"og:site_name\" content=\"R\u00e0dio Ciutat de Tarragona\" \/>\n<meta property=\"article:publisher\" content=\"https:\/\/www.facebook.com\/rctgn\" \/>\n<meta property=\"article:published_time\" content=\"2026-03-12T16:46:43+00:00\" \/>\n<meta property=\"og:image\" content=\"https:\/\/files.radiociutat.com\/rctgn\/wp-content\/uploads\/2021\/03\/LOGO-RCTGN-RADIO-CIUTAT-DE-TARRAGONA-TRANSPARENTE-TARRAGONA-2020-3000X3000-Redes1-copia.png\" \/>\n\t<meta property=\"og:image:width\" content=\"3000\" \/>\n\t<meta property=\"og:image:height\" content=\"3000\" \/>\n\t<meta property=\"og:image:type\" content=\"image\/png\" \/>\n<meta name=\"author\" content=\"Redacci\u00f3\" \/>\n<meta name=\"twitter:card\" content=\"summary_large_image\" \/>\n<meta name=\"twitter:creator\" content=\"@RCTgn\" \/>\n<meta name=\"twitter:site\" content=\"@RCTgn\" \/>\n<meta name=\"twitter:label1\" content=\"Escrito por\" \/>\n\t<meta name=\"twitter:data1\" content=\"Redacci\u00f3\" \/>\n\t<meta name=\"twitter:label2\" content=\"Tiempo de lectura\" \/>\n\t<meta name=\"twitter:data2\" content=\"3 minutos\" \/>\n<script type=\"application\/ld+json\" class=\"yoast-schema-graph\">{\"@context\":\"https:\\\/\\\/schema.org\",\"@graph\":[{\"@type\":\"Article\",\"@id\":\"https:\\\/\\\/radiociutat.com\\\/es\\\/carrer-major-tarragona-secciones\\\/carrer-major-domenec-puig-se-presentara-como-candidato-a-rector-de-la-urv\\\/#article\",\"isPartOf\":{\"@id\":\"https:\\\/\\\/radiociutat.com\\\/es\\\/carrer-major-tarragona-secciones\\\/carrer-major-domenec-puig-se-presentara-como-candidato-a-rector-de-la-urv\\\/\"},\"author\":{\"name\":\"Redacci\u00f3\",\"@id\":\"https:\\\/\\\/radiociutat.com\\\/es\\\/#\\\/schema\\\/person\\\/04b6638f9d2a9ea77408db76c5d8f0b5\"},\"headline\":\"Carrer Major | Dom\u00e8nec Puig se presentar\u00e1 como candidato a rector de la URV\",\"datePublished\":\"2026-03-12T16:46:43+00:00\",\"mainEntityOfPage\":{\"@id\":\"https:\\\/\\\/radiociutat.com\\\/es\\\/carrer-major-tarragona-secciones\\\/carrer-major-domenec-puig-se-presentara-como-candidato-a-rector-de-la-urv\\\/\"},\"wordCount\":528,\"image\":{\"@id\":\"https:\\\/\\\/radiociutat.com\\\/es\\\/carrer-major-tarragona-secciones\\\/carrer-major-domenec-puig-se-presentara-como-candidato-a-rector-de-la-urv\\\/#primaryimage\"},\"thumbnailUrl\":\"https:\\\/\\\/files.radiociutat.com\\\/rctgn\\\/wp-content\\\/uploads\\\/2026\\\/03\\\/WhatsApp-Image-2026-03-12-at-17.42.20-e1773333852346.jpeg\",\"keywords\":[\"Actualitat\",\"Dom\u00e8nec Puig\",\"Eleccions\",\"Info\",\"Informatiu\",\"not\u00edcies\",\"rector\",\"Societat\",\"Tarragona\",\"TGN\",\"URV\"],\"articleSection\":[\"Carrer Major Tarragona | Secciones\"],\"inLanguage\":\"es\"},{\"@type\":\"WebPage\",\"@id\":\"https:\\\/\\\/radiociutat.com\\\/es\\\/carrer-major-tarragona-secciones\\\/carrer-major-domenec-puig-se-presentara-como-candidato-a-rector-de-la-urv\\\/\",\"url\":\"https:\\\/\\\/radiociutat.com\\\/es\\\/carrer-major-tarragona-secciones\\\/carrer-major-domenec-puig-se-presentara-como-candidato-a-rector-de-la-urv\\\/\",\"name\":\"Carrer Major | Dom\u00e8nec Puig se presentar\u00e1 como candidato a rector de la URV - R\u00e0dio Ciutat de Tarragona\",\"isPartOf\":{\"@id\":\"https:\\\/\\\/radiociutat.com\\\/es\\\/#website\"},\"primaryImageOfPage\":{\"@id\":\"https:\\\/\\\/radiociutat.com\\\/es\\\/carrer-major-tarragona-secciones\\\/carrer-major-domenec-puig-se-presentara-como-candidato-a-rector-de-la-urv\\\/#primaryimage\"},\"image\":{\"@id\":\"https:\\\/\\\/radiociutat.com\\\/es\\\/carrer-major-tarragona-secciones\\\/carrer-major-domenec-puig-se-presentara-como-candidato-a-rector-de-la-urv\\\/#primaryimage\"},\"thumbnailUrl\":\"https:\\\/\\\/files.radiociutat.com\\\/rctgn\\\/wp-content\\\/uploads\\\/2026\\\/03\\\/WhatsApp-Image-2026-03-12-at-17.42.20-e1773333852346.jpeg\",\"datePublished\":\"2026-03-12T16:46:43+00:00\",\"author\":{\"@id\":\"https:\\\/\\\/radiociutat.com\\\/es\\\/#\\\/schema\\\/person\\\/04b6638f9d2a9ea77408db76c5d8f0b5\"},\"breadcrumb\":{\"@id\":\"https:\\\/\\\/radiociutat.com\\\/es\\\/carrer-major-tarragona-secciones\\\/carrer-major-domenec-puig-se-presentara-como-candidato-a-rector-de-la-urv\\\/#breadcrumb\"},\"inLanguage\":\"es\",\"potentialAction\":[{\"@type\":\"ReadAction\",\"target\":[\"https:\\\/\\\/radiociutat.com\\\/es\\\/carrer-major-tarragona-secciones\\\/carrer-major-domenec-puig-se-presentara-como-candidato-a-rector-de-la-urv\\\/\"]}]},{\"@type\":\"ImageObject\",\"inLanguage\":\"es\",\"@id\":\"https:\\\/\\\/radiociutat.com\\\/es\\\/carrer-major-tarragona-secciones\\\/carrer-major-domenec-puig-se-presentara-como-candidato-a-rector-de-la-urv\\\/#primaryimage\",\"url\":\"https:\\\/\\\/files.radiociutat.com\\\/rctgn\\\/wp-content\\\/uploads\\\/2026\\\/03\\\/WhatsApp-Image-2026-03-12-at-17.42.20-e1773333852346.jpeg\",\"contentUrl\":\"https:\\\/\\\/files.radiociutat.com\\\/rctgn\\\/wp-content\\\/uploads\\\/2026\\\/03\\\/WhatsApp-Image-2026-03-12-at-17.42.20-e1773333852346.jpeg\",\"width\":1600,\"height\":1200},{\"@type\":\"BreadcrumbList\",\"@id\":\"https:\\\/\\\/radiociutat.com\\\/es\\\/carrer-major-tarragona-secciones\\\/carrer-major-domenec-puig-se-presentara-como-candidato-a-rector-de-la-urv\\\/#breadcrumb\",\"itemListElement\":[{\"@type\":\"ListItem\",\"position\":1,\"name\":\"Inici\",\"item\":\"https:\\\/\\\/radiociutat.com\\\/es\\\/\"},{\"@type\":\"ListItem\",\"position\":2,\"name\":\"Carrer Major | Dom\u00e8nec Puig se presentar\u00e1 como candidato a rector de la URV\"}]},{\"@type\":\"WebSite\",\"@id\":\"https:\\\/\\\/radiociutat.com\\\/es\\\/#website\",\"url\":\"https:\\\/\\\/radiociutat.com\\\/es\\\/\",\"name\":\"R\u00e0dio Ciutat de Tarragona\",\"description\":\"R\u00e0dio Ciutat de Tarragona - RCTgn.cat R\u00e0dio Online\",\"potentialAction\":[{\"@type\":\"SearchAction\",\"target\":{\"@type\":\"EntryPoint\",\"urlTemplate\":\"https:\\\/\\\/radiociutat.com\\\/es\\\/?s={search_term_string}\"},\"query-input\":{\"@type\":\"PropertyValueSpecification\",\"valueRequired\":true,\"valueName\":\"search_term_string\"}}],\"inLanguage\":\"es\"},{\"@type\":\"Person\",\"@id\":\"https:\\\/\\\/radiociutat.com\\\/es\\\/#\\\/schema\\\/person\\\/04b6638f9d2a9ea77408db76c5d8f0b5\",\"name\":\"Redacci\u00f3\",\"sameAs\":[\"https:\\\/\\\/radiociutat.com\\\/wp-content\\\/uploads\\\/2023\\\/09\\\/LOGO-RCTGN-CUADRAT.png\"],\"url\":\"https:\\\/\\\/radiociutat.com\\\/es\\\/author\\\/jespinosa\\\/\"}]}<\/script>\n<!-- \/ Yoast SEO Premium plugin. -->","yoast_head_json":{"title":"Carrer Major | Dom\u00e8nec Puig se presentar\u00e1 como candidato a rector de la URV - R\u00e0dio Ciutat de Tarragona","robots":{"index":"index","follow":"follow","max-snippet":"max-snippet:-1","max-image-preview":"max-image-preview:large","max-video-preview":"max-video-preview:-1"},"canonical":"https:\/\/radiociutat.com\/es\/carrer-major-tarragona-secciones\/carrer-major-domenec-puig-se-presentara-como-candidato-a-rector-de-la-urv\/","og_locale":"es_ES","og_type":"article","og_title":"Carrer Major | Dom\u00e8nec Puig se presentar\u00e1 como candidato a rector de la URV","og_description":"El catedr\u00e1tico de ingenier\u00eda inform\u00e1tica Dom\u00e8nec Puig ha anunciado su candidatura a rector de la Universidad Rovira i Virgili en las elecciones previstas para el pr\u00f3ximo mes de mayo. Despu\u00e9s de m\u00e1s de tres d\u00e9cadas vinculado a la instituci\u00f3n, Puig asegura que da el paso con la voluntad de impulsar una nueva etapa que refuerce [&hellip;]","og_url":"https:\/\/radiociutat.com\/es\/carrer-major-tarragona-secciones\/carrer-major-domenec-puig-se-presentara-como-candidato-a-rector-de-la-urv\/","og_site_name":"R\u00e0dio Ciutat de Tarragona","article_publisher":"https:\/\/www.facebook.com\/rctgn","article_published_time":"2026-03-12T16:46:43+00:00","og_image":[{"width":3000,"height":3000,"url":"https:\/\/files.radiociutat.com\/rctgn\/wp-content\/uploads\/2021\/03\/LOGO-RCTGN-RADIO-CIUTAT-DE-TARRAGONA-TRANSPARENTE-TARRAGONA-2020-3000X3000-Redes1-copia.png","type":"image\/png"}],"author":"Redacci\u00f3","twitter_card":"summary_large_image","twitter_creator":"@RCTgn","twitter_site":"@RCTgn","twitter_misc":{"Escrito por":"Redacci\u00f3","Tiempo de lectura":"3 minutos"},"schema":{"@context":"https:\/\/schema.org","@graph":[{"@type":"Article","@id":"https:\/\/radiociutat.com\/es\/carrer-major-tarragona-secciones\/carrer-major-domenec-puig-se-presentara-como-candidato-a-rector-de-la-urv\/#article","isPartOf":{"@id":"https:\/\/radiociutat.com\/es\/carrer-major-tarragona-secciones\/carrer-major-domenec-puig-se-presentara-como-candidato-a-rector-de-la-urv\/"},"author":{"name":"Redacci\u00f3","@id":"https:\/\/radiociutat.com\/es\/#\/schema\/person\/04b6638f9d2a9ea77408db76c5d8f0b5"},"headline":"Carrer Major | Dom\u00e8nec Puig se presentar\u00e1 como candidato a rector de la URV","datePublished":"2026-03-12T16:46:43+00:00","mainEntityOfPage":{"@id":"https:\/\/radiociutat.com\/es\/carrer-major-tarragona-secciones\/carrer-major-domenec-puig-se-presentara-como-candidato-a-rector-de-la-urv\/"},"wordCount":528,"image":{"@id":"https:\/\/radiociutat.com\/es\/carrer-major-tarragona-secciones\/carrer-major-domenec-puig-se-presentara-como-candidato-a-rector-de-la-urv\/#primaryimage"},"thumbnailUrl":"https:\/\/files.radiociutat.com\/rctgn\/wp-content\/uploads\/2026\/03\/WhatsApp-Image-2026-03-12-at-17.42.20-e1773333852346.jpeg","keywords":["Actualitat","Dom\u00e8nec Puig","Eleccions","Info","Informatiu","not\u00edcies","rector","Societat","Tarragona","TGN","URV"],"articleSection":["Carrer Major Tarragona | Secciones"],"inLanguage":"es"},{"@type":"WebPage","@id":"https:\/\/radiociutat.com\/es\/carrer-major-tarragona-secciones\/carrer-major-domenec-puig-se-presentara-como-candidato-a-rector-de-la-urv\/","url":"https:\/\/radiociutat.com\/es\/carrer-major-tarragona-secciones\/carrer-major-domenec-puig-se-presentara-como-candidato-a-rector-de-la-urv\/","name":"Carrer Major | Dom\u00e8nec Puig se presentar\u00e1 como candidato a rector de la URV - R\u00e0dio Ciutat de Tarragona","isPartOf":{"@id":"https:\/\/radiociutat.com\/es\/#website"},"primaryImageOfPage":{"@id":"https:\/\/radiociutat.com\/es\/carrer-major-tarragona-secciones\/carrer-major-domenec-puig-se-presentara-como-candidato-a-rector-de-la-urv\/#primaryimage"},"image":{"@id":"https:\/\/radiociutat.com\/es\/carrer-major-tarragona-secciones\/carrer-major-domenec-puig-se-presentara-como-candidato-a-rector-de-la-urv\/#primaryimage"},"thumbnailUrl":"https:\/\/files.radiociutat.com\/rctgn\/wp-content\/uploads\/2026\/03\/WhatsApp-Image-2026-03-12-at-17.42.20-e1773333852346.jpeg","datePublished":"2026-03-12T16:46:43+00:00","author":{"@id":"https:\/\/radiociutat.com\/es\/#\/schema\/person\/04b6638f9d2a9ea77408db76c5d8f0b5"},"breadcrumb":{"@id":"https:\/\/radiociutat.com\/es\/carrer-major-tarragona-secciones\/carrer-major-domenec-puig-se-presentara-como-candidato-a-rector-de-la-urv\/#breadcrumb"},"inLanguage":"es","potentialAction":[{"@type":"ReadAction","target":["https:\/\/radiociutat.com\/es\/carrer-major-tarragona-secciones\/carrer-major-domenec-puig-se-presentara-como-candidato-a-rector-de-la-urv\/"]}]},{"@type":"ImageObject","inLanguage":"es","@id":"https:\/\/radiociutat.com\/es\/carrer-major-tarragona-secciones\/carrer-major-domenec-puig-se-presentara-como-candidato-a-rector-de-la-urv\/#primaryimage","url":"https:\/\/files.radiociutat.com\/rctgn\/wp-content\/uploads\/2026\/03\/WhatsApp-Image-2026-03-12-at-17.42.20-e1773333852346.jpeg","contentUrl":"https:\/\/files.radiociutat.com\/rctgn\/wp-content\/uploads\/2026\/03\/WhatsApp-Image-2026-03-12-at-17.42.20-e1773333852346.jpeg","width":1600,"height":1200},{"@type":"BreadcrumbList","@id":"https:\/\/radiociutat.com\/es\/carrer-major-tarragona-secciones\/carrer-major-domenec-puig-se-presentara-como-candidato-a-rector-de-la-urv\/#breadcrumb","itemListElement":[{"@type":"ListItem","position":1,"name":"Inici","item":"https:\/\/radiociutat.com\/es\/"},{"@type":"ListItem","position":2,"name":"Carrer Major | Dom\u00e8nec Puig se presentar\u00e1 como candidato a rector de la URV"}]},{"@type":"WebSite","@id":"https:\/\/radiociutat.com\/es\/#website","url":"https:\/\/radiociutat.com\/es\/","name":"R\u00e0dio Ciutat de Tarragona","description":"R\u00e0dio Ciutat de Tarragona - RCTgn.cat R\u00e0dio Online","potentialAction":[{"@type":"SearchAction","target":{"@type":"EntryPoint","urlTemplate":"https:\/\/radiociutat.com\/es\/?s={search_term_string}"},"query-input":{"@type":"PropertyValueSpecification","valueRequired":true,"valueName":"search_term_string"}}],"inLanguage":"es"},{"@type":"Person","@id":"https:\/\/radiociutat.com\/es\/#\/schema\/person\/04b6638f9d2a9ea77408db76c5d8f0b5","name":"Redacci\u00f3","sameAs":["https:\/\/radiociutat.com\/wp-content\/uploads\/2023\/09\/LOGO-RCTGN-CUADRAT.png"],"url":"https:\/\/radiociutat.com\/es\/author\/jespinosa\/"}]}},"_links":{"self":[{"href":"https:\/\/radiociutat.com\/es\/wp-json\/wp\/v2\/posts\/369918","targetHints":{"allow":["GET"]}}],"collection":[{"href":"https:\/\/radiociutat.com\/es\/wp-json\/wp\/v2\/posts"}],"about":[{"href":"https:\/\/radiociutat.com\/es\/wp-json\/wp\/v2\/types\/post"}],"author":[{"embeddable":true,"href":"https:\/\/radiociutat.com\/es\/wp-json\/wp\/v2\/users\/1"}],"replies":[{"embeddable":true,"href":"https:\/\/radiociutat.com\/es\/wp-json\/wp\/v2\/comments?post=369918"}],"version-history":[{"count":0,"href":"https:\/\/radiociutat.com\/es\/wp-json\/wp\/v2\/posts\/369918\/revisions"}],"wp:featuredmedia":[{"embeddable":true,"href":"https:\/\/radiociutat.com\/es\/wp-json\/wp\/v2\/media\/369303"}],"wp:attachment":[{"href":"https:\/\/radiociutat.com\/es\/wp-json\/wp\/v2\/media?parent=369918"}],"wp:term":[{"taxonomy":"category","embeddable":true,"href":"https:\/\/radiociutat.com\/es\/wp-json\/wp\/v2\/categories?post=369918"},{"taxonomy":"post_tag","embeddable":true,"href":"https:\/\/radiociutat.com\/es\/wp-json\/wp\/v2\/tags?post=369918"}],"curies":[{"name":"wp","href":"https:\/\/api.w.org\/{rel}","templated":true}]}}