{"id":369866,"date":"2026-03-11T18:19:23","date_gmt":"2026-03-11T17:19:23","guid":{"rendered":"https:\/\/radiociutat.com\/programes-podcast\/carrer-major-tarragona-quiere-impulsar-su-parque-de-vivienda-publica\/"},"modified":"2026-03-11T18:19:23","modified_gmt":"2026-03-11T17:19:23","slug":"carrer-major-tarragona-quiere-impulsar-su-parque-de-vivienda-publica","status":"publish","type":"post","link":"https:\/\/radiociutat.com\/es\/carrer-major-tarragona-secciones\/carrer-major-tarragona-quiere-impulsar-su-parque-de-vivienda-publica\/","title":{"rendered":"Carrer Major | Tarragona quiere impulsar su parque de vivienda p\u00fablica"},"content":{"rendered":"\n<p>La vivienda y el patrimonio son dos pilares sobre los que no quiere dejar de trabajar el Ayuntamiento de Tarragona. El concejal de Urbanismo y Patrimonio, Nacho Garc\u00eda, ha destacado en &#8216;Carrer Major&#8217; que la ciudad est\u00e1 trabajando intensamente para ampliar el parque p\u00fablico. Uno de los proyectos m\u00e1s destacados es el de las Oliveres, una promoci\u00f3n de 192 viviendas de alquiler asequible situadas frente a las Gavarres, cerca del nuevo hospital Viamed. Con precios que van desde los 400 hasta los 600 euros mensuales, estos pisos est\u00e1n destinados a diversos colectivos, como j\u00f3venes, personas mayores y con discapacidad. La primera fase de la construcci\u00f3n se espera que est\u00e9 terminada entre los meses de septiembre y octubre de 2026.<\/p>\n\n\n\n<p>El concejal tambi\u00e9n afirma que Tarragona tiene la intenci\u00f3n de llegar al 15% del parque de vivienda destinado a pol\u00edticas sociales en los pr\u00f3ximos cinco a\u00f1os, un objetivo claro y necesario para atender la gran demanda que hay actualmente. En este sentido, el Ayuntamiento est\u00e1 trabajando en otras l\u00edneas, como la compra por tanteo y retracto y colaborando con la Generalitat en la construcci\u00f3n de nuevas viviendas en solares municipales. Tambi\u00e9n se prev\u00e9 una l\u00ednea de subvenciones para el acondicionamiento de inmuebles y fachadas en diversas zonas de la ciudad.<\/p>\n\n\n\n<p>En relaci\u00f3n con la gran demanda de vivienda p\u00fablica, con m\u00e1s de 2.000 personas inscritas para acceder a ella, Garc\u00eda pide paciencia a la ciudadan\u00eda y asegura que, aunque es un reto de gran envergadura, el Ayuntamiento est\u00e1 trabajando con todos los recursos para garantizar oportunidades de vivienda digna a las personas que m\u00e1s lo necesitan.<\/p>\n\n\n\n<p>Por otro lado, Tarragona tambi\u00e9n sigue apostando por la protecci\u00f3n de su patrimonio, una tarea que se ha visto reforzada con la conmemoraci\u00f3n de T\u00e0rraco XXV. Uno de los grandes \u00e9xitos de esta conmemoraci\u00f3n ha sido la creaci\u00f3n del Consorcio por el Patrimonio Romano de T\u00e0rraco, aprobado por todas las administraciones implicadas. Este consorcio ser\u00e1 fundamental, seg\u00fan Garc\u00eda, para gestionar de manera conjunta y eficaz el patrimonio de la ciudad, considerado Patrimonio de la Humanidad.<\/p>\n\n\n\n<p>En este sentido, Garc\u00eda destaca el crecimiento de visitas a los monumentos, con m\u00e1s de 700.000 visitantes, y subraya la importancia de acercar el patrimonio a los barrios de Tarragona, con actividades y recreaciones hist\u00f3ricas que han permitido a la ciudadan\u00eda redescubrir su patrimonio. Adem\u00e1s, el objetivo es que el a\u00f1o 2026 sea el a\u00f1o en que la ciudadan\u00eda redescubra los monumentos y, con iniciativas como el Passi Tarragon\u00ed, que permite el acceso a todos los monumentos durante todo el a\u00f1o por solo 5 euros, se fomente la participaci\u00f3n de la poblaci\u00f3n en la conservaci\u00f3n y el aprovechamiento del patrimonio.<\/p>\n\n\n\n<p>En cuanto a futuros proyectos, el Ayuntamiento de Tarragona destaca obras importantes como la intervenci\u00f3n en el anfiteatro y el Foro de la Colonia, con el objetivo de transformar estas zonas en espacios abiertos a la ciudadan\u00eda y mejorar la calidad de vida de los vecinos. El anfiteatro, uno de los monumentos m\u00e1s emblem\u00e1ticos de la ciudad, tendr\u00e1 una nueva entrada adaptada, un proyecto que se prev\u00e9 licitar en breve.<\/p>\n","protected":false},"excerpt":{"rendered":"<p>La vivienda y el patrimonio son dos pilares sobre los que no quiere dejar de trabajar el Ayuntamiento de Tarragona. El concejal de Urbanismo y Patrimonio, Nacho Garc\u00eda, ha destacado en &#8216;Carrer Major&#8217; que la ciudad est\u00e1 trabajando intensamente para ampliar el parque p\u00fablico. Uno de los proyectos m\u00e1s destacados es el de las Oliveres, [&hellip;]<\/p>\n","protected":false},"author":1,"featured_media":369001,"comment_status":"closed","ping_status":"closed","sticky":false,"template":"","format":"standard","meta":{"footnotes":""},"categories":[13680],"tags":[128,13683,88,260,129,19,218],"class_list":["post-369866","post","type-post","status-publish","format-standard","has-post-thumbnail","hentry","category-carrer-major-tarragona-secciones","tag-actualitat","tag-calle-mayor","tag-info","tag-noticies","tag-societat","tag-tarragona","tag-tgn"],"yoast_head":"<!-- This site is optimized with the Yoast SEO Premium plugin v27.4 (Yoast SEO v27.5) - https:\/\/yoast.com\/product\/yoast-seo-premium-wordpress\/ -->\n<title>Carrer Major | Tarragona quiere impulsar su parque de vivienda p\u00fablica - R\u00e0dio Ciutat de Tarragona<\/title>\n<meta name=\"robots\" content=\"index, follow, max-snippet:-1, max-image-preview:large, max-video-preview:-1\" \/>\n<link rel=\"canonical\" href=\"https:\/\/radiociutat.com\/es\/carrer-major-tarragona-secciones\/carrer-major-tarragona-quiere-impulsar-su-parque-de-vivienda-publica\/\" \/>\n<meta property=\"og:locale\" content=\"es_ES\" \/>\n<meta property=\"og:type\" content=\"article\" \/>\n<meta property=\"og:title\" content=\"Carrer Major | Tarragona quiere impulsar su parque de vivienda p\u00fablica\" \/>\n<meta property=\"og:description\" content=\"La vivienda y el patrimonio son dos pilares sobre los que no quiere dejar de trabajar el Ayuntamiento de Tarragona. El concejal de Urbanismo y Patrimonio, Nacho Garc\u00eda, ha destacado en &#8216;Carrer Major&#8217; que la ciudad est\u00e1 trabajando intensamente para ampliar el parque p\u00fablico. Uno de los proyectos m\u00e1s destacados es el de las Oliveres, [&hellip;]\" \/>\n<meta property=\"og:url\" content=\"https:\/\/radiociutat.com\/es\/carrer-major-tarragona-secciones\/carrer-major-tarragona-quiere-impulsar-su-parque-de-vivienda-publica\/\" \/>\n<meta property=\"og:site_name\" content=\"R\u00e0dio Ciutat de Tarragona\" \/>\n<meta property=\"article:publisher\" content=\"https:\/\/www.facebook.com\/rctgn\" \/>\n<meta property=\"article:published_time\" content=\"2026-03-11T17:19:23+00:00\" \/>\n<meta property=\"og:image\" content=\"https:\/\/files.radiociutat.com\/rctgn\/wp-content\/uploads\/2021\/03\/LOGO-RCTGN-RADIO-CIUTAT-DE-TARRAGONA-TRANSPARENTE-TARRAGONA-2020-3000X3000-Redes1-copia.png\" \/>\n\t<meta property=\"og:image:width\" content=\"3000\" \/>\n\t<meta property=\"og:image:height\" content=\"3000\" \/>\n\t<meta property=\"og:image:type\" content=\"image\/png\" \/>\n<meta name=\"author\" content=\"Redacci\u00f3\" \/>\n<meta name=\"twitter:card\" content=\"summary_large_image\" \/>\n<meta name=\"twitter:creator\" content=\"@RCTgn\" \/>\n<meta name=\"twitter:site\" content=\"@RCTgn\" \/>\n<meta name=\"twitter:label1\" content=\"Escrito por\" \/>\n\t<meta name=\"twitter:data1\" content=\"Redacci\u00f3\" \/>\n\t<meta name=\"twitter:label2\" content=\"Tiempo de lectura\" \/>\n\t<meta name=\"twitter:data2\" content=\"3 minutos\" \/>\n<script type=\"application\/ld+json\" class=\"yoast-schema-graph\">{\"@context\":\"https:\\\/\\\/schema.org\",\"@graph\":[{\"@type\":\"Article\",\"@id\":\"https:\\\/\\\/radiociutat.com\\\/es\\\/carrer-major-tarragona-secciones\\\/carrer-major-tarragona-quiere-impulsar-su-parque-de-vivienda-publica\\\/#article\",\"isPartOf\":{\"@id\":\"https:\\\/\\\/radiociutat.com\\\/es\\\/carrer-major-tarragona-secciones\\\/carrer-major-tarragona-quiere-impulsar-su-parque-de-vivienda-publica\\\/\"},\"author\":{\"name\":\"Redacci\u00f3\",\"@id\":\"https:\\\/\\\/radiociutat.com\\\/es\\\/#\\\/schema\\\/person\\\/04b6638f9d2a9ea77408db76c5d8f0b5\"},\"headline\":\"Carrer Major | Tarragona quiere impulsar su parque de vivienda p\u00fablica\",\"datePublished\":\"2026-03-11T17:19:23+00:00\",\"mainEntityOfPage\":{\"@id\":\"https:\\\/\\\/radiociutat.com\\\/es\\\/carrer-major-tarragona-secciones\\\/carrer-major-tarragona-quiere-impulsar-su-parque-de-vivienda-publica\\\/\"},\"wordCount\":559,\"image\":{\"@id\":\"https:\\\/\\\/radiociutat.com\\\/es\\\/carrer-major-tarragona-secciones\\\/carrer-major-tarragona-quiere-impulsar-su-parque-de-vivienda-publica\\\/#primaryimage\"},\"thumbnailUrl\":\"https:\\\/\\\/files.radiociutat.com\\\/rctgn\\\/wp-content\\\/uploads\\\/2026\\\/03\\\/WhatsApp-Image-2026-03-11-at-16.32.37-e1773243541440.jpeg\",\"keywords\":[\"Actualitat\",\"calle mayor\",\"Info\",\"not\u00edcies\",\"Societat\",\"Tarragona\",\"TGN\"],\"articleSection\":[\"Carrer Major Tarragona | Secciones\"],\"inLanguage\":\"es\"},{\"@type\":\"WebPage\",\"@id\":\"https:\\\/\\\/radiociutat.com\\\/es\\\/carrer-major-tarragona-secciones\\\/carrer-major-tarragona-quiere-impulsar-su-parque-de-vivienda-publica\\\/\",\"url\":\"https:\\\/\\\/radiociutat.com\\\/es\\\/carrer-major-tarragona-secciones\\\/carrer-major-tarragona-quiere-impulsar-su-parque-de-vivienda-publica\\\/\",\"name\":\"Carrer Major | Tarragona quiere impulsar su parque de vivienda p\u00fablica - R\u00e0dio Ciutat de Tarragona\",\"isPartOf\":{\"@id\":\"https:\\\/\\\/radiociutat.com\\\/es\\\/#website\"},\"primaryImageOfPage\":{\"@id\":\"https:\\\/\\\/radiociutat.com\\\/es\\\/carrer-major-tarragona-secciones\\\/carrer-major-tarragona-quiere-impulsar-su-parque-de-vivienda-publica\\\/#primaryimage\"},\"image\":{\"@id\":\"https:\\\/\\\/radiociutat.com\\\/es\\\/carrer-major-tarragona-secciones\\\/carrer-major-tarragona-quiere-impulsar-su-parque-de-vivienda-publica\\\/#primaryimage\"},\"thumbnailUrl\":\"https:\\\/\\\/files.radiociutat.com\\\/rctgn\\\/wp-content\\\/uploads\\\/2026\\\/03\\\/WhatsApp-Image-2026-03-11-at-16.32.37-e1773243541440.jpeg\",\"datePublished\":\"2026-03-11T17:19:23+00:00\",\"author\":{\"@id\":\"https:\\\/\\\/radiociutat.com\\\/es\\\/#\\\/schema\\\/person\\\/04b6638f9d2a9ea77408db76c5d8f0b5\"},\"breadcrumb\":{\"@id\":\"https:\\\/\\\/radiociutat.com\\\/es\\\/carrer-major-tarragona-secciones\\\/carrer-major-tarragona-quiere-impulsar-su-parque-de-vivienda-publica\\\/#breadcrumb\"},\"inLanguage\":\"es\",\"potentialAction\":[{\"@type\":\"ReadAction\",\"target\":[\"https:\\\/\\\/radiociutat.com\\\/es\\\/carrer-major-tarragona-secciones\\\/carrer-major-tarragona-quiere-impulsar-su-parque-de-vivienda-publica\\\/\"]}]},{\"@type\":\"ImageObject\",\"inLanguage\":\"es\",\"@id\":\"https:\\\/\\\/radiociutat.com\\\/es\\\/carrer-major-tarragona-secciones\\\/carrer-major-tarragona-quiere-impulsar-su-parque-de-vivienda-publica\\\/#primaryimage\",\"url\":\"https:\\\/\\\/files.radiociutat.com\\\/rctgn\\\/wp-content\\\/uploads\\\/2026\\\/03\\\/WhatsApp-Image-2026-03-11-at-16.32.37-e1773243541440.jpeg\",\"contentUrl\":\"https:\\\/\\\/files.radiociutat.com\\\/rctgn\\\/wp-content\\\/uploads\\\/2026\\\/03\\\/WhatsApp-Image-2026-03-11-at-16.32.37-e1773243541440.jpeg\",\"width\":1600,\"height\":900},{\"@type\":\"BreadcrumbList\",\"@id\":\"https:\\\/\\\/radiociutat.com\\\/es\\\/carrer-major-tarragona-secciones\\\/carrer-major-tarragona-quiere-impulsar-su-parque-de-vivienda-publica\\\/#breadcrumb\",\"itemListElement\":[{\"@type\":\"ListItem\",\"position\":1,\"name\":\"Inici\",\"item\":\"https:\\\/\\\/radiociutat.com\\\/es\\\/\"},{\"@type\":\"ListItem\",\"position\":2,\"name\":\"Carrer Major | Tarragona quiere impulsar su parque de vivienda p\u00fablica\"}]},{\"@type\":\"WebSite\",\"@id\":\"https:\\\/\\\/radiociutat.com\\\/es\\\/#website\",\"url\":\"https:\\\/\\\/radiociutat.com\\\/es\\\/\",\"name\":\"R\u00e0dio Ciutat de Tarragona\",\"description\":\"R\u00e0dio Ciutat de Tarragona - RCTgn.cat R\u00e0dio Online\",\"potentialAction\":[{\"@type\":\"SearchAction\",\"target\":{\"@type\":\"EntryPoint\",\"urlTemplate\":\"https:\\\/\\\/radiociutat.com\\\/es\\\/?s={search_term_string}\"},\"query-input\":{\"@type\":\"PropertyValueSpecification\",\"valueRequired\":true,\"valueName\":\"search_term_string\"}}],\"inLanguage\":\"es\"},{\"@type\":\"Person\",\"@id\":\"https:\\\/\\\/radiociutat.com\\\/es\\\/#\\\/schema\\\/person\\\/04b6638f9d2a9ea77408db76c5d8f0b5\",\"name\":\"Redacci\u00f3\",\"sameAs\":[\"https:\\\/\\\/radiociutat.com\\\/wp-content\\\/uploads\\\/2023\\\/09\\\/LOGO-RCTGN-CUADRAT.png\"],\"url\":\"https:\\\/\\\/radiociutat.com\\\/es\\\/author\\\/jespinosa\\\/\"}]}<\/script>\n<!-- \/ Yoast SEO Premium plugin. -->","yoast_head_json":{"title":"Carrer Major | Tarragona quiere impulsar su parque de vivienda p\u00fablica - R\u00e0dio Ciutat de Tarragona","robots":{"index":"index","follow":"follow","max-snippet":"max-snippet:-1","max-image-preview":"max-image-preview:large","max-video-preview":"max-video-preview:-1"},"canonical":"https:\/\/radiociutat.com\/es\/carrer-major-tarragona-secciones\/carrer-major-tarragona-quiere-impulsar-su-parque-de-vivienda-publica\/","og_locale":"es_ES","og_type":"article","og_title":"Carrer Major | Tarragona quiere impulsar su parque de vivienda p\u00fablica","og_description":"La vivienda y el patrimonio son dos pilares sobre los que no quiere dejar de trabajar el Ayuntamiento de Tarragona. El concejal de Urbanismo y Patrimonio, Nacho Garc\u00eda, ha destacado en &#8216;Carrer Major&#8217; que la ciudad est\u00e1 trabajando intensamente para ampliar el parque p\u00fablico. Uno de los proyectos m\u00e1s destacados es el de las Oliveres, [&hellip;]","og_url":"https:\/\/radiociutat.com\/es\/carrer-major-tarragona-secciones\/carrer-major-tarragona-quiere-impulsar-su-parque-de-vivienda-publica\/","og_site_name":"R\u00e0dio Ciutat de Tarragona","article_publisher":"https:\/\/www.facebook.com\/rctgn","article_published_time":"2026-03-11T17:19:23+00:00","og_image":[{"width":3000,"height":3000,"url":"https:\/\/files.radiociutat.com\/rctgn\/wp-content\/uploads\/2021\/03\/LOGO-RCTGN-RADIO-CIUTAT-DE-TARRAGONA-TRANSPARENTE-TARRAGONA-2020-3000X3000-Redes1-copia.png","type":"image\/png"}],"author":"Redacci\u00f3","twitter_card":"summary_large_image","twitter_creator":"@RCTgn","twitter_site":"@RCTgn","twitter_misc":{"Escrito por":"Redacci\u00f3","Tiempo de lectura":"3 minutos"},"schema":{"@context":"https:\/\/schema.org","@graph":[{"@type":"Article","@id":"https:\/\/radiociutat.com\/es\/carrer-major-tarragona-secciones\/carrer-major-tarragona-quiere-impulsar-su-parque-de-vivienda-publica\/#article","isPartOf":{"@id":"https:\/\/radiociutat.com\/es\/carrer-major-tarragona-secciones\/carrer-major-tarragona-quiere-impulsar-su-parque-de-vivienda-publica\/"},"author":{"name":"Redacci\u00f3","@id":"https:\/\/radiociutat.com\/es\/#\/schema\/person\/04b6638f9d2a9ea77408db76c5d8f0b5"},"headline":"Carrer Major | Tarragona quiere impulsar su parque de vivienda p\u00fablica","datePublished":"2026-03-11T17:19:23+00:00","mainEntityOfPage":{"@id":"https:\/\/radiociutat.com\/es\/carrer-major-tarragona-secciones\/carrer-major-tarragona-quiere-impulsar-su-parque-de-vivienda-publica\/"},"wordCount":559,"image":{"@id":"https:\/\/radiociutat.com\/es\/carrer-major-tarragona-secciones\/carrer-major-tarragona-quiere-impulsar-su-parque-de-vivienda-publica\/#primaryimage"},"thumbnailUrl":"https:\/\/files.radiociutat.com\/rctgn\/wp-content\/uploads\/2026\/03\/WhatsApp-Image-2026-03-11-at-16.32.37-e1773243541440.jpeg","keywords":["Actualitat","calle mayor","Info","not\u00edcies","Societat","Tarragona","TGN"],"articleSection":["Carrer Major Tarragona | Secciones"],"inLanguage":"es"},{"@type":"WebPage","@id":"https:\/\/radiociutat.com\/es\/carrer-major-tarragona-secciones\/carrer-major-tarragona-quiere-impulsar-su-parque-de-vivienda-publica\/","url":"https:\/\/radiociutat.com\/es\/carrer-major-tarragona-secciones\/carrer-major-tarragona-quiere-impulsar-su-parque-de-vivienda-publica\/","name":"Carrer Major | Tarragona quiere impulsar su parque de vivienda p\u00fablica - R\u00e0dio Ciutat de Tarragona","isPartOf":{"@id":"https:\/\/radiociutat.com\/es\/#website"},"primaryImageOfPage":{"@id":"https:\/\/radiociutat.com\/es\/carrer-major-tarragona-secciones\/carrer-major-tarragona-quiere-impulsar-su-parque-de-vivienda-publica\/#primaryimage"},"image":{"@id":"https:\/\/radiociutat.com\/es\/carrer-major-tarragona-secciones\/carrer-major-tarragona-quiere-impulsar-su-parque-de-vivienda-publica\/#primaryimage"},"thumbnailUrl":"https:\/\/files.radiociutat.com\/rctgn\/wp-content\/uploads\/2026\/03\/WhatsApp-Image-2026-03-11-at-16.32.37-e1773243541440.jpeg","datePublished":"2026-03-11T17:19:23+00:00","author":{"@id":"https:\/\/radiociutat.com\/es\/#\/schema\/person\/04b6638f9d2a9ea77408db76c5d8f0b5"},"breadcrumb":{"@id":"https:\/\/radiociutat.com\/es\/carrer-major-tarragona-secciones\/carrer-major-tarragona-quiere-impulsar-su-parque-de-vivienda-publica\/#breadcrumb"},"inLanguage":"es","potentialAction":[{"@type":"ReadAction","target":["https:\/\/radiociutat.com\/es\/carrer-major-tarragona-secciones\/carrer-major-tarragona-quiere-impulsar-su-parque-de-vivienda-publica\/"]}]},{"@type":"ImageObject","inLanguage":"es","@id":"https:\/\/radiociutat.com\/es\/carrer-major-tarragona-secciones\/carrer-major-tarragona-quiere-impulsar-su-parque-de-vivienda-publica\/#primaryimage","url":"https:\/\/files.radiociutat.com\/rctgn\/wp-content\/uploads\/2026\/03\/WhatsApp-Image-2026-03-11-at-16.32.37-e1773243541440.jpeg","contentUrl":"https:\/\/files.radiociutat.com\/rctgn\/wp-content\/uploads\/2026\/03\/WhatsApp-Image-2026-03-11-at-16.32.37-e1773243541440.jpeg","width":1600,"height":900},{"@type":"BreadcrumbList","@id":"https:\/\/radiociutat.com\/es\/carrer-major-tarragona-secciones\/carrer-major-tarragona-quiere-impulsar-su-parque-de-vivienda-publica\/#breadcrumb","itemListElement":[{"@type":"ListItem","position":1,"name":"Inici","item":"https:\/\/radiociutat.com\/es\/"},{"@type":"ListItem","position":2,"name":"Carrer Major | Tarragona quiere impulsar su parque de vivienda p\u00fablica"}]},{"@type":"WebSite","@id":"https:\/\/radiociutat.com\/es\/#website","url":"https:\/\/radiociutat.com\/es\/","name":"R\u00e0dio Ciutat de Tarragona","description":"R\u00e0dio Ciutat de Tarragona - RCTgn.cat R\u00e0dio Online","potentialAction":[{"@type":"SearchAction","target":{"@type":"EntryPoint","urlTemplate":"https:\/\/radiociutat.com\/es\/?s={search_term_string}"},"query-input":{"@type":"PropertyValueSpecification","valueRequired":true,"valueName":"search_term_string"}}],"inLanguage":"es"},{"@type":"Person","@id":"https:\/\/radiociutat.com\/es\/#\/schema\/person\/04b6638f9d2a9ea77408db76c5d8f0b5","name":"Redacci\u00f3","sameAs":["https:\/\/radiociutat.com\/wp-content\/uploads\/2023\/09\/LOGO-RCTGN-CUADRAT.png"],"url":"https:\/\/radiociutat.com\/es\/author\/jespinosa\/"}]}},"_links":{"self":[{"href":"https:\/\/radiociutat.com\/es\/wp-json\/wp\/v2\/posts\/369866","targetHints":{"allow":["GET"]}}],"collection":[{"href":"https:\/\/radiociutat.com\/es\/wp-json\/wp\/v2\/posts"}],"about":[{"href":"https:\/\/radiociutat.com\/es\/wp-json\/wp\/v2\/types\/post"}],"author":[{"embeddable":true,"href":"https:\/\/radiociutat.com\/es\/wp-json\/wp\/v2\/users\/1"}],"replies":[{"embeddable":true,"href":"https:\/\/radiociutat.com\/es\/wp-json\/wp\/v2\/comments?post=369866"}],"version-history":[{"count":0,"href":"https:\/\/radiociutat.com\/es\/wp-json\/wp\/v2\/posts\/369866\/revisions"}],"wp:featuredmedia":[{"embeddable":true,"href":"https:\/\/radiociutat.com\/es\/wp-json\/wp\/v2\/media\/369001"}],"wp:attachment":[{"href":"https:\/\/radiociutat.com\/es\/wp-json\/wp\/v2\/media?parent=369866"}],"wp:term":[{"taxonomy":"category","embeddable":true,"href":"https:\/\/radiociutat.com\/es\/wp-json\/wp\/v2\/categories?post=369866"},{"taxonomy":"post_tag","embeddable":true,"href":"https:\/\/radiociutat.com\/es\/wp-json\/wp\/v2\/tags?post=369866"}],"curies":[{"name":"wp","href":"https:\/\/api.w.org\/{rel}","templated":true}]}}