{"id":369846,"date":"2026-03-11T11:55:51","date_gmt":"2026-03-11T10:55:51","guid":{"rendered":"https:\/\/radiociutat.com\/programes-podcast\/paneque-ve-indispensable-la-mat-entre-aragon-y-tarragona\/"},"modified":"2026-03-11T11:55:51","modified_gmt":"2026-03-11T10:55:51","slug":"paneque-ve-indispensable-la-mat-entre-aragon-y-tarragona","status":"publish","type":"post","link":"https:\/\/radiociutat.com\/es\/ultimas-noticias\/cronicas\/paneque-ve-indispensable-la-mat-entre-aragon-y-tarragona\/","title":{"rendered":"Paneque ve \u00abindispensable\u00bb la MAT entre Arag\u00f3n y Tarragona"},"content":{"rendered":"\n<p>La consejera de Territorio y Sostenibilidad, S\u00edlvia Paneque, ha calificado de \u00abindispensable\u00bb la l\u00ednea de muy alta tensi\u00f3n entre Arag\u00f3n y Tarragona. Aun as\u00ed, ha a\u00f1adido que las m\u00e1s de 14.400 alegaciones presentadas por entidades, plataformas, ayuntamientos y particulares afectados \u00abpueden mejorar el proyecto\u00bb. <\/p>\n\n\n\n<p>En el marco de la sesi\u00f3n de control en el pleno del Parlament y en respuesta a la diputada Montse Verg\u00e9s de ERC, la consejera ha reivindicado que su gobierno ha evitado tres l\u00edneas de muy alta tensi\u00f3n que \u00abhabr\u00edan sido devastadoras para el territorio\u00bb. Asimismo, ha remarcado que la nueva l\u00ednea sustituye a una ya existente que quedar\u00e1 desmantelada. Y ha concluido que el Govern defiende el inter\u00e9s general con \u00abm\u00e1ximo respeto al territorio\u00bb.<\/p>\n\n\n\n<p>Red El\u00e9ctrica pretende desmantelar la actual l\u00ednea entre Arag\u00f3n y la Secuita y construir una nueva triplicando su potencia. La infraestructura tendr\u00e1 180 kil\u00f3metros con torres que pasar\u00e1n de los 20-25 metros de altura a los 55 metros, afectando a 28 municipios de la Terra Alta, Ribera d&#8217;Ebre, Priorat, Baix Camp y Tarragon\u00e8s.<\/p>\n","protected":false},"excerpt":{"rendered":"<p>La consejera de Territorio y Sostenibilidad, S\u00edlvia Paneque, ha calificado de \u00abindispensable\u00bb la l\u00ednea de muy alta tensi\u00f3n entre Arag\u00f3n y Tarragona. Aun as\u00ed, ha a\u00f1adido que las m\u00e1s de 14.400 alegaciones presentadas por entidades, plataformas, ayuntamientos y particulares afectados \u00abpueden mejorar el proyecto\u00bb. En el marco de la sesi\u00f3n de control en el pleno [&hellip;]<\/p>\n","protected":false},"author":57,"featured_media":368810,"comment_status":"closed","ping_status":"closed","sticky":false,"template":"","format":"standard","meta":{"footnotes":""},"categories":[13688],"tags":[128,88,76,13720,260,12240,129,19,218],"class_list":["post-369846","post","type-post","status-publish","format-standard","has-post-thumbnail","hentry","category-cronicas","tag-actualitat","tag-info","tag-informatiu","tag-mat-2","tag-noticies","tag-paneque","tag-societat","tag-tarragona","tag-tgn"],"yoast_head":"<!-- This site is optimized with the Yoast SEO Premium plugin v27.4 (Yoast SEO v27.5) - https:\/\/yoast.com\/product\/yoast-seo-premium-wordpress\/ -->\n<title>Paneque ve &quot;indispensable&quot; la MAT entre Arag\u00f3n y Tarragona - R\u00e0dio Ciutat de Tarragona<\/title>\n<meta name=\"robots\" content=\"index, follow, max-snippet:-1, max-image-preview:large, max-video-preview:-1\" \/>\n<link rel=\"canonical\" href=\"https:\/\/radiociutat.com\/es\/ultimas-noticias\/cronicas\/paneque-ve-indispensable-la-mat-entre-aragon-y-tarragona\/\" \/>\n<meta property=\"og:locale\" content=\"es_ES\" \/>\n<meta property=\"og:type\" content=\"article\" \/>\n<meta property=\"og:title\" content=\"Paneque ve &quot;indispensable&quot; la MAT entre Arag\u00f3n y Tarragona\" \/>\n<meta property=\"og:description\" content=\"La consejera de Territorio y Sostenibilidad, S\u00edlvia Paneque, ha calificado de \u00abindispensable\u00bb la l\u00ednea de muy alta tensi\u00f3n entre Arag\u00f3n y Tarragona. Aun as\u00ed, ha a\u00f1adido que las m\u00e1s de 14.400 alegaciones presentadas por entidades, plataformas, ayuntamientos y particulares afectados \u00abpueden mejorar el proyecto\u00bb. En el marco de la sesi\u00f3n de control en el pleno [&hellip;]\" \/>\n<meta property=\"og:url\" content=\"https:\/\/radiociutat.com\/es\/ultimas-noticias\/cronicas\/paneque-ve-indispensable-la-mat-entre-aragon-y-tarragona\/\" \/>\n<meta property=\"og:site_name\" content=\"R\u00e0dio Ciutat de Tarragona\" \/>\n<meta property=\"article:publisher\" content=\"https:\/\/www.facebook.com\/rctgn\" \/>\n<meta property=\"article:published_time\" content=\"2026-03-11T10:55:51+00:00\" \/>\n<meta property=\"og:image\" content=\"https:\/\/files.radiociutat.com\/rctgn\/wp-content\/uploads\/2021\/03\/LOGO-RCTGN-RADIO-CIUTAT-DE-TARRAGONA-TRANSPARENTE-TARRAGONA-2020-3000X3000-Redes1-copia.png\" \/>\n\t<meta property=\"og:image:width\" content=\"3000\" \/>\n\t<meta property=\"og:image:height\" content=\"3000\" \/>\n\t<meta property=\"og:image:type\" content=\"image\/png\" \/>\n<meta name=\"author\" content=\"ACN\" \/>\n<meta name=\"twitter:card\" content=\"summary_large_image\" \/>\n<meta name=\"twitter:creator\" content=\"@RCTgn\" \/>\n<meta name=\"twitter:site\" content=\"@RCTgn\" \/>\n<meta name=\"twitter:label1\" content=\"Escrito por\" \/>\n\t<meta name=\"twitter:data1\" content=\"ACN\" \/>\n\t<meta name=\"twitter:label2\" content=\"Tiempo de lectura\" \/>\n\t<meta name=\"twitter:data2\" content=\"1 minuto\" \/>\n<script type=\"application\/ld+json\" class=\"yoast-schema-graph\">{\"@context\":\"https:\\\/\\\/schema.org\",\"@graph\":[{\"@type\":\"Article\",\"@id\":\"https:\\\/\\\/radiociutat.com\\\/es\\\/ultimas-noticias\\\/cronicas\\\/paneque-ve-indispensable-la-mat-entre-aragon-y-tarragona\\\/#article\",\"isPartOf\":{\"@id\":\"https:\\\/\\\/radiociutat.com\\\/es\\\/ultimas-noticias\\\/cronicas\\\/paneque-ve-indispensable-la-mat-entre-aragon-y-tarragona\\\/\"},\"author\":{\"name\":\"ACN\",\"@id\":\"https:\\\/\\\/radiociutat.com\\\/es\\\/#\\\/schema\\\/person\\\/ea8722499f2255e1477bd2975629dc71\"},\"headline\":\"Paneque ve \u00abindispensable\u00bb la MAT entre Arag\u00f3n y Tarragona\",\"datePublished\":\"2026-03-11T10:55:51+00:00\",\"mainEntityOfPage\":{\"@id\":\"https:\\\/\\\/radiociutat.com\\\/es\\\/ultimas-noticias\\\/cronicas\\\/paneque-ve-indispensable-la-mat-entre-aragon-y-tarragona\\\/\"},\"wordCount\":199,\"image\":{\"@id\":\"https:\\\/\\\/radiociutat.com\\\/es\\\/ultimas-noticias\\\/cronicas\\\/paneque-ve-indispensable-la-mat-entre-aragon-y-tarragona\\\/#primaryimage\"},\"thumbnailUrl\":\"https:\\\/\\\/files.radiociutat.com\\\/rctgn\\\/wp-content\\\/uploads\\\/2026\\\/03\\\/Silvia-Paneque-Parlament-scaled-e1773226490932.jpg\",\"keywords\":[\"Actualitat\",\"Info\",\"Informatiu\",\"MAT\",\"not\u00edcies\",\"Paneque\",\"Societat\",\"Tarragona\",\"TGN\"],\"articleSection\":[\"Cr\u00f3nicas\"],\"inLanguage\":\"es\"},{\"@type\":\"WebPage\",\"@id\":\"https:\\\/\\\/radiociutat.com\\\/es\\\/ultimas-noticias\\\/cronicas\\\/paneque-ve-indispensable-la-mat-entre-aragon-y-tarragona\\\/\",\"url\":\"https:\\\/\\\/radiociutat.com\\\/es\\\/ultimas-noticias\\\/cronicas\\\/paneque-ve-indispensable-la-mat-entre-aragon-y-tarragona\\\/\",\"name\":\"Paneque ve \\\"indispensable\\\" la MAT entre Arag\u00f3n y Tarragona - R\u00e0dio Ciutat de Tarragona\",\"isPartOf\":{\"@id\":\"https:\\\/\\\/radiociutat.com\\\/es\\\/#website\"},\"primaryImageOfPage\":{\"@id\":\"https:\\\/\\\/radiociutat.com\\\/es\\\/ultimas-noticias\\\/cronicas\\\/paneque-ve-indispensable-la-mat-entre-aragon-y-tarragona\\\/#primaryimage\"},\"image\":{\"@id\":\"https:\\\/\\\/radiociutat.com\\\/es\\\/ultimas-noticias\\\/cronicas\\\/paneque-ve-indispensable-la-mat-entre-aragon-y-tarragona\\\/#primaryimage\"},\"thumbnailUrl\":\"https:\\\/\\\/files.radiociutat.com\\\/rctgn\\\/wp-content\\\/uploads\\\/2026\\\/03\\\/Silvia-Paneque-Parlament-scaled-e1773226490932.jpg\",\"datePublished\":\"2026-03-11T10:55:51+00:00\",\"author\":{\"@id\":\"https:\\\/\\\/radiociutat.com\\\/es\\\/#\\\/schema\\\/person\\\/ea8722499f2255e1477bd2975629dc71\"},\"breadcrumb\":{\"@id\":\"https:\\\/\\\/radiociutat.com\\\/es\\\/ultimas-noticias\\\/cronicas\\\/paneque-ve-indispensable-la-mat-entre-aragon-y-tarragona\\\/#breadcrumb\"},\"inLanguage\":\"es\",\"potentialAction\":[{\"@type\":\"ReadAction\",\"target\":[\"https:\\\/\\\/radiociutat.com\\\/es\\\/ultimas-noticias\\\/cronicas\\\/paneque-ve-indispensable-la-mat-entre-aragon-y-tarragona\\\/\"]}]},{\"@type\":\"ImageObject\",\"inLanguage\":\"es\",\"@id\":\"https:\\\/\\\/radiociutat.com\\\/es\\\/ultimas-noticias\\\/cronicas\\\/paneque-ve-indispensable-la-mat-entre-aragon-y-tarragona\\\/#primaryimage\",\"url\":\"https:\\\/\\\/files.radiociutat.com\\\/rctgn\\\/wp-content\\\/uploads\\\/2026\\\/03\\\/Silvia-Paneque-Parlament-scaled-e1773226490932.jpg\",\"contentUrl\":\"https:\\\/\\\/files.radiociutat.com\\\/rctgn\\\/wp-content\\\/uploads\\\/2026\\\/03\\\/Silvia-Paneque-Parlament-scaled-e1773226490932.jpg\",\"width\":2560,\"height\":1707},{\"@type\":\"BreadcrumbList\",\"@id\":\"https:\\\/\\\/radiociutat.com\\\/es\\\/ultimas-noticias\\\/cronicas\\\/paneque-ve-indispensable-la-mat-entre-aragon-y-tarragona\\\/#breadcrumb\",\"itemListElement\":[{\"@type\":\"ListItem\",\"position\":1,\"name\":\"Inici\",\"item\":\"https:\\\/\\\/radiociutat.com\\\/es\\\/\"},{\"@type\":\"ListItem\",\"position\":2,\"name\":\"Paneque ve &#8220;indispensable&#8221; la MAT entre Arag\u00f3n y Tarragona\"}]},{\"@type\":\"WebSite\",\"@id\":\"https:\\\/\\\/radiociutat.com\\\/es\\\/#website\",\"url\":\"https:\\\/\\\/radiociutat.com\\\/es\\\/\",\"name\":\"R\u00e0dio Ciutat de Tarragona\",\"description\":\"R\u00e0dio Ciutat de Tarragona - RCTgn.cat R\u00e0dio Online\",\"potentialAction\":[{\"@type\":\"SearchAction\",\"target\":{\"@type\":\"EntryPoint\",\"urlTemplate\":\"https:\\\/\\\/radiociutat.com\\\/es\\\/?s={search_term_string}\"},\"query-input\":{\"@type\":\"PropertyValueSpecification\",\"valueRequired\":true,\"valueName\":\"search_term_string\"}}],\"inLanguage\":\"es\"},{\"@type\":\"Person\",\"@id\":\"https:\\\/\\\/radiociutat.com\\\/es\\\/#\\\/schema\\\/person\\\/ea8722499f2255e1477bd2975629dc71\",\"name\":\"ACN\",\"sameAs\":[\"https:\\\/\\\/radiociutat.com\\\/wp-content\\\/uploads\\\/2023\\\/09\\\/acn-e1694789176650.png\"],\"url\":\"https:\\\/\\\/radiociutat.com\\\/es\\\/author\\\/acn\\\/\"}]}<\/script>\n<!-- \/ Yoast SEO Premium plugin. -->","yoast_head_json":{"title":"Paneque ve \"indispensable\" la MAT entre Arag\u00f3n y Tarragona - R\u00e0dio Ciutat de Tarragona","robots":{"index":"index","follow":"follow","max-snippet":"max-snippet:-1","max-image-preview":"max-image-preview:large","max-video-preview":"max-video-preview:-1"},"canonical":"https:\/\/radiociutat.com\/es\/ultimas-noticias\/cronicas\/paneque-ve-indispensable-la-mat-entre-aragon-y-tarragona\/","og_locale":"es_ES","og_type":"article","og_title":"Paneque ve \"indispensable\" la MAT entre Arag\u00f3n y Tarragona","og_description":"La consejera de Territorio y Sostenibilidad, S\u00edlvia Paneque, ha calificado de \u00abindispensable\u00bb la l\u00ednea de muy alta tensi\u00f3n entre Arag\u00f3n y Tarragona. Aun as\u00ed, ha a\u00f1adido que las m\u00e1s de 14.400 alegaciones presentadas por entidades, plataformas, ayuntamientos y particulares afectados \u00abpueden mejorar el proyecto\u00bb. En el marco de la sesi\u00f3n de control en el pleno [&hellip;]","og_url":"https:\/\/radiociutat.com\/es\/ultimas-noticias\/cronicas\/paneque-ve-indispensable-la-mat-entre-aragon-y-tarragona\/","og_site_name":"R\u00e0dio Ciutat de Tarragona","article_publisher":"https:\/\/www.facebook.com\/rctgn","article_published_time":"2026-03-11T10:55:51+00:00","og_image":[{"width":3000,"height":3000,"url":"https:\/\/files.radiociutat.com\/rctgn\/wp-content\/uploads\/2021\/03\/LOGO-RCTGN-RADIO-CIUTAT-DE-TARRAGONA-TRANSPARENTE-TARRAGONA-2020-3000X3000-Redes1-copia.png","type":"image\/png"}],"author":"ACN","twitter_card":"summary_large_image","twitter_creator":"@RCTgn","twitter_site":"@RCTgn","twitter_misc":{"Escrito por":"ACN","Tiempo de lectura":"1 minuto"},"schema":{"@context":"https:\/\/schema.org","@graph":[{"@type":"Article","@id":"https:\/\/radiociutat.com\/es\/ultimas-noticias\/cronicas\/paneque-ve-indispensable-la-mat-entre-aragon-y-tarragona\/#article","isPartOf":{"@id":"https:\/\/radiociutat.com\/es\/ultimas-noticias\/cronicas\/paneque-ve-indispensable-la-mat-entre-aragon-y-tarragona\/"},"author":{"name":"ACN","@id":"https:\/\/radiociutat.com\/es\/#\/schema\/person\/ea8722499f2255e1477bd2975629dc71"},"headline":"Paneque ve \u00abindispensable\u00bb la MAT entre Arag\u00f3n y Tarragona","datePublished":"2026-03-11T10:55:51+00:00","mainEntityOfPage":{"@id":"https:\/\/radiociutat.com\/es\/ultimas-noticias\/cronicas\/paneque-ve-indispensable-la-mat-entre-aragon-y-tarragona\/"},"wordCount":199,"image":{"@id":"https:\/\/radiociutat.com\/es\/ultimas-noticias\/cronicas\/paneque-ve-indispensable-la-mat-entre-aragon-y-tarragona\/#primaryimage"},"thumbnailUrl":"https:\/\/files.radiociutat.com\/rctgn\/wp-content\/uploads\/2026\/03\/Silvia-Paneque-Parlament-scaled-e1773226490932.jpg","keywords":["Actualitat","Info","Informatiu","MAT","not\u00edcies","Paneque","Societat","Tarragona","TGN"],"articleSection":["Cr\u00f3nicas"],"inLanguage":"es"},{"@type":"WebPage","@id":"https:\/\/radiociutat.com\/es\/ultimas-noticias\/cronicas\/paneque-ve-indispensable-la-mat-entre-aragon-y-tarragona\/","url":"https:\/\/radiociutat.com\/es\/ultimas-noticias\/cronicas\/paneque-ve-indispensable-la-mat-entre-aragon-y-tarragona\/","name":"Paneque ve \"indispensable\" la MAT entre Arag\u00f3n y Tarragona - R\u00e0dio Ciutat de Tarragona","isPartOf":{"@id":"https:\/\/radiociutat.com\/es\/#website"},"primaryImageOfPage":{"@id":"https:\/\/radiociutat.com\/es\/ultimas-noticias\/cronicas\/paneque-ve-indispensable-la-mat-entre-aragon-y-tarragona\/#primaryimage"},"image":{"@id":"https:\/\/radiociutat.com\/es\/ultimas-noticias\/cronicas\/paneque-ve-indispensable-la-mat-entre-aragon-y-tarragona\/#primaryimage"},"thumbnailUrl":"https:\/\/files.radiociutat.com\/rctgn\/wp-content\/uploads\/2026\/03\/Silvia-Paneque-Parlament-scaled-e1773226490932.jpg","datePublished":"2026-03-11T10:55:51+00:00","author":{"@id":"https:\/\/radiociutat.com\/es\/#\/schema\/person\/ea8722499f2255e1477bd2975629dc71"},"breadcrumb":{"@id":"https:\/\/radiociutat.com\/es\/ultimas-noticias\/cronicas\/paneque-ve-indispensable-la-mat-entre-aragon-y-tarragona\/#breadcrumb"},"inLanguage":"es","potentialAction":[{"@type":"ReadAction","target":["https:\/\/radiociutat.com\/es\/ultimas-noticias\/cronicas\/paneque-ve-indispensable-la-mat-entre-aragon-y-tarragona\/"]}]},{"@type":"ImageObject","inLanguage":"es","@id":"https:\/\/radiociutat.com\/es\/ultimas-noticias\/cronicas\/paneque-ve-indispensable-la-mat-entre-aragon-y-tarragona\/#primaryimage","url":"https:\/\/files.radiociutat.com\/rctgn\/wp-content\/uploads\/2026\/03\/Silvia-Paneque-Parlament-scaled-e1773226490932.jpg","contentUrl":"https:\/\/files.radiociutat.com\/rctgn\/wp-content\/uploads\/2026\/03\/Silvia-Paneque-Parlament-scaled-e1773226490932.jpg","width":2560,"height":1707},{"@type":"BreadcrumbList","@id":"https:\/\/radiociutat.com\/es\/ultimas-noticias\/cronicas\/paneque-ve-indispensable-la-mat-entre-aragon-y-tarragona\/#breadcrumb","itemListElement":[{"@type":"ListItem","position":1,"name":"Inici","item":"https:\/\/radiociutat.com\/es\/"},{"@type":"ListItem","position":2,"name":"Paneque ve &#8220;indispensable&#8221; la MAT entre Arag\u00f3n y Tarragona"}]},{"@type":"WebSite","@id":"https:\/\/radiociutat.com\/es\/#website","url":"https:\/\/radiociutat.com\/es\/","name":"R\u00e0dio Ciutat de Tarragona","description":"R\u00e0dio Ciutat de Tarragona - RCTgn.cat R\u00e0dio Online","potentialAction":[{"@type":"SearchAction","target":{"@type":"EntryPoint","urlTemplate":"https:\/\/radiociutat.com\/es\/?s={search_term_string}"},"query-input":{"@type":"PropertyValueSpecification","valueRequired":true,"valueName":"search_term_string"}}],"inLanguage":"es"},{"@type":"Person","@id":"https:\/\/radiociutat.com\/es\/#\/schema\/person\/ea8722499f2255e1477bd2975629dc71","name":"ACN","sameAs":["https:\/\/radiociutat.com\/wp-content\/uploads\/2023\/09\/acn-e1694789176650.png"],"url":"https:\/\/radiociutat.com\/es\/author\/acn\/"}]}},"_links":{"self":[{"href":"https:\/\/radiociutat.com\/es\/wp-json\/wp\/v2\/posts\/369846","targetHints":{"allow":["GET"]}}],"collection":[{"href":"https:\/\/radiociutat.com\/es\/wp-json\/wp\/v2\/posts"}],"about":[{"href":"https:\/\/radiociutat.com\/es\/wp-json\/wp\/v2\/types\/post"}],"author":[{"embeddable":true,"href":"https:\/\/radiociutat.com\/es\/wp-json\/wp\/v2\/users\/57"}],"replies":[{"embeddable":true,"href":"https:\/\/radiociutat.com\/es\/wp-json\/wp\/v2\/comments?post=369846"}],"version-history":[{"count":0,"href":"https:\/\/radiociutat.com\/es\/wp-json\/wp\/v2\/posts\/369846\/revisions"}],"wp:featuredmedia":[{"embeddable":true,"href":"https:\/\/radiociutat.com\/es\/wp-json\/wp\/v2\/media\/368810"}],"wp:attachment":[{"href":"https:\/\/radiociutat.com\/es\/wp-json\/wp\/v2\/media?parent=369846"}],"wp:term":[{"taxonomy":"category","embeddable":true,"href":"https:\/\/radiociutat.com\/es\/wp-json\/wp\/v2\/categories?post=369846"},{"taxonomy":"post_tag","embeddable":true,"href":"https:\/\/radiociutat.com\/es\/wp-json\/wp\/v2\/tags?post=369846"}],"curies":[{"name":"wp","href":"https:\/\/api.w.org\/{rel}","templated":true}]}}