{"id":369834,"date":"2026-03-11T09:15:40","date_gmt":"2026-03-11T08:15:40","guid":{"rendered":"https:\/\/radiociutat.com\/programes-podcast\/carrer-major-ods-el-camino-de-ronda-de-la-savinosa-finalmente-tendra-una-anchura-de-44-metros\/"},"modified":"2026-03-11T09:15:40","modified_gmt":"2026-03-11T08:15:40","slug":"carrer-major-ods-el-camino-de-ronda-de-la-savinosa-finalmente-tendra-una-anchura-de-44-metros","status":"publish","type":"post","link":"https:\/\/radiociutat.com\/es\/carrer-major-tarragona-secciones\/carrer-major-ods-el-camino-de-ronda-de-la-savinosa-finalmente-tendra-una-anchura-de-44-metros\/","title":{"rendered":"Carrer Major | ODS: El camino de ronda de la Savinosa finalmente tendr\u00e1 una anchura de 4,4 metros"},"content":{"rendered":"\n<p>Este martes en la secci\u00f3n de los ODS (Objetivos de Desarrollo Sostenible) de #CarrerMajor hemos prestado atenci\u00f3n a una iniciativa acorde con el ODS 15 sobre la vida de ecosistemas terrestres con las acciones ecologistas que est\u00e1n impulsando desde la asociaci\u00f3n del Grupo de Amigos de Toni Ach\u00f3n (GATA). Hablamos con Llu\u00eds Mar\u00e7al, uno de sus representantes.<\/p>\n\n\n\n<p>Finalmente el camino de ronda de la Savinosa tendr\u00e1 una anchura de 4,4 metros y no de 5, como estaba previsto inicialmente. Esta y otras modificaciones que se han pactado dentro del proyecto han dejado suficientemente satisfechas a las entidades ecologistas, aunque desde GATA contin\u00faan reclamando una reuni\u00f3n con los agentes pol\u00edticos para poder abrir un debate sobre el tema.<\/p>\n\n\n\n<p>Adem\u00e1s, hace unos d\u00edas se produjo una reuni\u00f3n del Consejo de Medio Ambiente del Ayuntamiento de Tarragona para impulsar la renaturalizaci\u00f3n de la Playa del Milagro, en otra acci\u00f3n que desde el \u00e1mbito ecologista han valorado positivamente.<\/p>\n","protected":false},"excerpt":{"rendered":"<p>Este martes en la secci\u00f3n de los ODS (Objetivos de Desarrollo Sostenible) de #CarrerMajor hemos prestado atenci\u00f3n a una iniciativa acorde con el ODS 15 sobre la vida de ecosistemas terrestres con las acciones ecologistas que est\u00e1n impulsando desde la asociaci\u00f3n del Grupo de Amigos de Toni Ach\u00f3n (GATA). Hablamos con Llu\u00eds Mar\u00e7al, uno de [&hellip;]<\/p>\n","protected":false},"author":104,"featured_media":368725,"comment_status":"closed","ping_status":"closed","sticky":false,"template":"","format":"standard","meta":{"footnotes":""},"categories":[13680,13938],"tags":[13704,13064,10748,13770],"class_list":["post-369834","post","type-post","status-publish","format-standard","has-post-thumbnail","hentry","category-carrer-major-tarragona-secciones","category-ods-tarragona","tag-callemayor","tag-gata","tag-ods","tag-savinosa-2"],"yoast_head":"<!-- This site is optimized with the Yoast SEO Premium plugin v27.4 (Yoast SEO v27.5) - https:\/\/yoast.com\/product\/yoast-seo-premium-wordpress\/ -->\n<title>Carrer Major | ODS: El camino de ronda de la Savinosa finalmente tendr\u00e1 una anchura de 4,4 metros - R\u00e0dio Ciutat de Tarragona<\/title>\n<meta name=\"robots\" content=\"index, follow, max-snippet:-1, max-image-preview:large, max-video-preview:-1\" \/>\n<link rel=\"canonical\" href=\"https:\/\/radiociutat.com\/es\/carrer-major-tarragona-secciones\/carrer-major-ods-el-camino-de-ronda-de-la-savinosa-finalmente-tendra-una-anchura-de-44-metros\/\" \/>\n<meta property=\"og:locale\" content=\"es_ES\" \/>\n<meta property=\"og:type\" content=\"article\" \/>\n<meta property=\"og:title\" content=\"Carrer Major | ODS: El camino de ronda de la Savinosa finalmente tendr\u00e1 una anchura de 4,4 metros\" \/>\n<meta property=\"og:description\" content=\"Este martes en la secci\u00f3n de los ODS (Objetivos de Desarrollo Sostenible) de #CarrerMajor hemos prestado atenci\u00f3n a una iniciativa acorde con el ODS 15 sobre la vida de ecosistemas terrestres con las acciones ecologistas que est\u00e1n impulsando desde la asociaci\u00f3n del Grupo de Amigos de Toni Ach\u00f3n (GATA). Hablamos con Llu\u00eds Mar\u00e7al, uno de [&hellip;]\" \/>\n<meta property=\"og:url\" content=\"https:\/\/radiociutat.com\/es\/carrer-major-tarragona-secciones\/carrer-major-ods-el-camino-de-ronda-de-la-savinosa-finalmente-tendra-una-anchura-de-44-metros\/\" \/>\n<meta property=\"og:site_name\" content=\"R\u00e0dio Ciutat de Tarragona\" \/>\n<meta property=\"article:publisher\" content=\"https:\/\/www.facebook.com\/rctgn\" \/>\n<meta property=\"article:published_time\" content=\"2026-03-11T08:15:40+00:00\" \/>\n<meta property=\"og:image\" content=\"https:\/\/files.radiociutat.com\/rctgn\/wp-content\/uploads\/2021\/03\/LOGO-RCTGN-RADIO-CIUTAT-DE-TARRAGONA-TRANSPARENTE-TARRAGONA-2020-3000X3000-Redes1-copia.png\" \/>\n\t<meta property=\"og:image:width\" content=\"3000\" \/>\n\t<meta property=\"og:image:height\" content=\"3000\" \/>\n\t<meta property=\"og:image:type\" content=\"image\/png\" \/>\n<meta name=\"author\" content=\"Eduard Par\u00eds\" \/>\n<meta name=\"twitter:card\" content=\"summary_large_image\" \/>\n<meta name=\"twitter:creator\" content=\"@RCTgn\" \/>\n<meta name=\"twitter:site\" content=\"@RCTgn\" \/>\n<meta name=\"twitter:label1\" content=\"Escrito por\" \/>\n\t<meta name=\"twitter:data1\" content=\"Eduard Par\u00eds\" \/>\n\t<meta name=\"twitter:label2\" content=\"Tiempo de lectura\" \/>\n\t<meta name=\"twitter:data2\" content=\"1 minuto\" \/>\n<script type=\"application\/ld+json\" class=\"yoast-schema-graph\">{\"@context\":\"https:\\\/\\\/schema.org\",\"@graph\":[{\"@type\":\"Article\",\"@id\":\"https:\\\/\\\/radiociutat.com\\\/es\\\/carrer-major-tarragona-secciones\\\/carrer-major-ods-el-camino-de-ronda-de-la-savinosa-finalmente-tendra-una-anchura-de-44-metros\\\/#article\",\"isPartOf\":{\"@id\":\"https:\\\/\\\/radiociutat.com\\\/es\\\/carrer-major-tarragona-secciones\\\/carrer-major-ods-el-camino-de-ronda-de-la-savinosa-finalmente-tendra-una-anchura-de-44-metros\\\/\"},\"author\":{\"name\":\"Eduard Par\u00eds\",\"@id\":\"https:\\\/\\\/radiociutat.com\\\/es\\\/#\\\/schema\\\/person\\\/0e9e2a935ba5449ab0f804a7b413a7ca\"},\"headline\":\"Carrer Major | ODS: El camino de ronda de la Savinosa finalmente tendr\u00e1 una anchura de 4,4 metros\",\"datePublished\":\"2026-03-11T08:15:40+00:00\",\"mainEntityOfPage\":{\"@id\":\"https:\\\/\\\/radiociutat.com\\\/es\\\/carrer-major-tarragona-secciones\\\/carrer-major-ods-el-camino-de-ronda-de-la-savinosa-finalmente-tendra-una-anchura-de-44-metros\\\/\"},\"wordCount\":182,\"image\":{\"@id\":\"https:\\\/\\\/radiociutat.com\\\/es\\\/carrer-major-tarragona-secciones\\\/carrer-major-ods-el-camino-de-ronda-de-la-savinosa-finalmente-tendra-una-anchura-de-44-metros\\\/#primaryimage\"},\"thumbnailUrl\":\"https:\\\/\\\/files.radiociutat.com\\\/rctgn\\\/wp-content\\\/uploads\\\/2026\\\/03\\\/ODS-10-03-e1773154706200.jpeg\",\"keywords\":[\"#CalleMayor\",\"GATA\",\"ODS\",\"Savinosa\"],\"articleSection\":[\"Carrer Major Tarragona | Secciones\",\"ODS Tarragona\"],\"inLanguage\":\"es\"},{\"@type\":\"WebPage\",\"@id\":\"https:\\\/\\\/radiociutat.com\\\/es\\\/carrer-major-tarragona-secciones\\\/carrer-major-ods-el-camino-de-ronda-de-la-savinosa-finalmente-tendra-una-anchura-de-44-metros\\\/\",\"url\":\"https:\\\/\\\/radiociutat.com\\\/es\\\/carrer-major-tarragona-secciones\\\/carrer-major-ods-el-camino-de-ronda-de-la-savinosa-finalmente-tendra-una-anchura-de-44-metros\\\/\",\"name\":\"Carrer Major | ODS: El camino de ronda de la Savinosa finalmente tendr\u00e1 una anchura de 4,4 metros - R\u00e0dio Ciutat de Tarragona\",\"isPartOf\":{\"@id\":\"https:\\\/\\\/radiociutat.com\\\/es\\\/#website\"},\"primaryImageOfPage\":{\"@id\":\"https:\\\/\\\/radiociutat.com\\\/es\\\/carrer-major-tarragona-secciones\\\/carrer-major-ods-el-camino-de-ronda-de-la-savinosa-finalmente-tendra-una-anchura-de-44-metros\\\/#primaryimage\"},\"image\":{\"@id\":\"https:\\\/\\\/radiociutat.com\\\/es\\\/carrer-major-tarragona-secciones\\\/carrer-major-ods-el-camino-de-ronda-de-la-savinosa-finalmente-tendra-una-anchura-de-44-metros\\\/#primaryimage\"},\"thumbnailUrl\":\"https:\\\/\\\/files.radiociutat.com\\\/rctgn\\\/wp-content\\\/uploads\\\/2026\\\/03\\\/ODS-10-03-e1773154706200.jpeg\",\"datePublished\":\"2026-03-11T08:15:40+00:00\",\"author\":{\"@id\":\"https:\\\/\\\/radiociutat.com\\\/es\\\/#\\\/schema\\\/person\\\/0e9e2a935ba5449ab0f804a7b413a7ca\"},\"breadcrumb\":{\"@id\":\"https:\\\/\\\/radiociutat.com\\\/es\\\/carrer-major-tarragona-secciones\\\/carrer-major-ods-el-camino-de-ronda-de-la-savinosa-finalmente-tendra-una-anchura-de-44-metros\\\/#breadcrumb\"},\"inLanguage\":\"es\",\"potentialAction\":[{\"@type\":\"ReadAction\",\"target\":[\"https:\\\/\\\/radiociutat.com\\\/es\\\/carrer-major-tarragona-secciones\\\/carrer-major-ods-el-camino-de-ronda-de-la-savinosa-finalmente-tendra-una-anchura-de-44-metros\\\/\"]}]},{\"@type\":\"ImageObject\",\"inLanguage\":\"es\",\"@id\":\"https:\\\/\\\/radiociutat.com\\\/es\\\/carrer-major-tarragona-secciones\\\/carrer-major-ods-el-camino-de-ronda-de-la-savinosa-finalmente-tendra-una-anchura-de-44-metros\\\/#primaryimage\",\"url\":\"https:\\\/\\\/files.radiociutat.com\\\/rctgn\\\/wp-content\\\/uploads\\\/2026\\\/03\\\/ODS-10-03-e1773154706200.jpeg\",\"contentUrl\":\"https:\\\/\\\/files.radiociutat.com\\\/rctgn\\\/wp-content\\\/uploads\\\/2026\\\/03\\\/ODS-10-03-e1773154706200.jpeg\",\"width\":2048,\"height\":1536},{\"@type\":\"BreadcrumbList\",\"@id\":\"https:\\\/\\\/radiociutat.com\\\/es\\\/carrer-major-tarragona-secciones\\\/carrer-major-ods-el-camino-de-ronda-de-la-savinosa-finalmente-tendra-una-anchura-de-44-metros\\\/#breadcrumb\",\"itemListElement\":[{\"@type\":\"ListItem\",\"position\":1,\"name\":\"Inici\",\"item\":\"https:\\\/\\\/radiociutat.com\\\/es\\\/\"},{\"@type\":\"ListItem\",\"position\":2,\"name\":\"Carrer Major | ODS: El camino de ronda de la Savinosa finalmente tendr\u00e1 una anchura de 4,4 metros\"}]},{\"@type\":\"WebSite\",\"@id\":\"https:\\\/\\\/radiociutat.com\\\/es\\\/#website\",\"url\":\"https:\\\/\\\/radiociutat.com\\\/es\\\/\",\"name\":\"R\u00e0dio Ciutat de Tarragona\",\"description\":\"R\u00e0dio Ciutat de Tarragona - RCTgn.cat R\u00e0dio Online\",\"potentialAction\":[{\"@type\":\"SearchAction\",\"target\":{\"@type\":\"EntryPoint\",\"urlTemplate\":\"https:\\\/\\\/radiociutat.com\\\/es\\\/?s={search_term_string}\"},\"query-input\":{\"@type\":\"PropertyValueSpecification\",\"valueRequired\":true,\"valueName\":\"search_term_string\"}}],\"inLanguage\":\"es\"},{\"@type\":\"Person\",\"@id\":\"https:\\\/\\\/radiociutat.com\\\/es\\\/#\\\/schema\\\/person\\\/0e9e2a935ba5449ab0f804a7b413a7ca\",\"name\":\"Eduard Par\u00eds\",\"url\":\"https:\\\/\\\/radiociutat.com\\\/es\\\/author\\\/eparis\\\/\"}]}<\/script>\n<!-- \/ Yoast SEO Premium plugin. -->","yoast_head_json":{"title":"Carrer Major | ODS: El camino de ronda de la Savinosa finalmente tendr\u00e1 una anchura de 4,4 metros - R\u00e0dio Ciutat de Tarragona","robots":{"index":"index","follow":"follow","max-snippet":"max-snippet:-1","max-image-preview":"max-image-preview:large","max-video-preview":"max-video-preview:-1"},"canonical":"https:\/\/radiociutat.com\/es\/carrer-major-tarragona-secciones\/carrer-major-ods-el-camino-de-ronda-de-la-savinosa-finalmente-tendra-una-anchura-de-44-metros\/","og_locale":"es_ES","og_type":"article","og_title":"Carrer Major | ODS: El camino de ronda de la Savinosa finalmente tendr\u00e1 una anchura de 4,4 metros","og_description":"Este martes en la secci\u00f3n de los ODS (Objetivos de Desarrollo Sostenible) de #CarrerMajor hemos prestado atenci\u00f3n a una iniciativa acorde con el ODS 15 sobre la vida de ecosistemas terrestres con las acciones ecologistas que est\u00e1n impulsando desde la asociaci\u00f3n del Grupo de Amigos de Toni Ach\u00f3n (GATA). Hablamos con Llu\u00eds Mar\u00e7al, uno de [&hellip;]","og_url":"https:\/\/radiociutat.com\/es\/carrer-major-tarragona-secciones\/carrer-major-ods-el-camino-de-ronda-de-la-savinosa-finalmente-tendra-una-anchura-de-44-metros\/","og_site_name":"R\u00e0dio Ciutat de Tarragona","article_publisher":"https:\/\/www.facebook.com\/rctgn","article_published_time":"2026-03-11T08:15:40+00:00","og_image":[{"width":3000,"height":3000,"url":"https:\/\/files.radiociutat.com\/rctgn\/wp-content\/uploads\/2021\/03\/LOGO-RCTGN-RADIO-CIUTAT-DE-TARRAGONA-TRANSPARENTE-TARRAGONA-2020-3000X3000-Redes1-copia.png","type":"image\/png"}],"author":"Eduard Par\u00eds","twitter_card":"summary_large_image","twitter_creator":"@RCTgn","twitter_site":"@RCTgn","twitter_misc":{"Escrito por":"Eduard Par\u00eds","Tiempo de lectura":"1 minuto"},"schema":{"@context":"https:\/\/schema.org","@graph":[{"@type":"Article","@id":"https:\/\/radiociutat.com\/es\/carrer-major-tarragona-secciones\/carrer-major-ods-el-camino-de-ronda-de-la-savinosa-finalmente-tendra-una-anchura-de-44-metros\/#article","isPartOf":{"@id":"https:\/\/radiociutat.com\/es\/carrer-major-tarragona-secciones\/carrer-major-ods-el-camino-de-ronda-de-la-savinosa-finalmente-tendra-una-anchura-de-44-metros\/"},"author":{"name":"Eduard Par\u00eds","@id":"https:\/\/radiociutat.com\/es\/#\/schema\/person\/0e9e2a935ba5449ab0f804a7b413a7ca"},"headline":"Carrer Major | ODS: El camino de ronda de la Savinosa finalmente tendr\u00e1 una anchura de 4,4 metros","datePublished":"2026-03-11T08:15:40+00:00","mainEntityOfPage":{"@id":"https:\/\/radiociutat.com\/es\/carrer-major-tarragona-secciones\/carrer-major-ods-el-camino-de-ronda-de-la-savinosa-finalmente-tendra-una-anchura-de-44-metros\/"},"wordCount":182,"image":{"@id":"https:\/\/radiociutat.com\/es\/carrer-major-tarragona-secciones\/carrer-major-ods-el-camino-de-ronda-de-la-savinosa-finalmente-tendra-una-anchura-de-44-metros\/#primaryimage"},"thumbnailUrl":"https:\/\/files.radiociutat.com\/rctgn\/wp-content\/uploads\/2026\/03\/ODS-10-03-e1773154706200.jpeg","keywords":["#CalleMayor","GATA","ODS","Savinosa"],"articleSection":["Carrer Major Tarragona | Secciones","ODS Tarragona"],"inLanguage":"es"},{"@type":"WebPage","@id":"https:\/\/radiociutat.com\/es\/carrer-major-tarragona-secciones\/carrer-major-ods-el-camino-de-ronda-de-la-savinosa-finalmente-tendra-una-anchura-de-44-metros\/","url":"https:\/\/radiociutat.com\/es\/carrer-major-tarragona-secciones\/carrer-major-ods-el-camino-de-ronda-de-la-savinosa-finalmente-tendra-una-anchura-de-44-metros\/","name":"Carrer Major | ODS: El camino de ronda de la Savinosa finalmente tendr\u00e1 una anchura de 4,4 metros - R\u00e0dio Ciutat de Tarragona","isPartOf":{"@id":"https:\/\/radiociutat.com\/es\/#website"},"primaryImageOfPage":{"@id":"https:\/\/radiociutat.com\/es\/carrer-major-tarragona-secciones\/carrer-major-ods-el-camino-de-ronda-de-la-savinosa-finalmente-tendra-una-anchura-de-44-metros\/#primaryimage"},"image":{"@id":"https:\/\/radiociutat.com\/es\/carrer-major-tarragona-secciones\/carrer-major-ods-el-camino-de-ronda-de-la-savinosa-finalmente-tendra-una-anchura-de-44-metros\/#primaryimage"},"thumbnailUrl":"https:\/\/files.radiociutat.com\/rctgn\/wp-content\/uploads\/2026\/03\/ODS-10-03-e1773154706200.jpeg","datePublished":"2026-03-11T08:15:40+00:00","author":{"@id":"https:\/\/radiociutat.com\/es\/#\/schema\/person\/0e9e2a935ba5449ab0f804a7b413a7ca"},"breadcrumb":{"@id":"https:\/\/radiociutat.com\/es\/carrer-major-tarragona-secciones\/carrer-major-ods-el-camino-de-ronda-de-la-savinosa-finalmente-tendra-una-anchura-de-44-metros\/#breadcrumb"},"inLanguage":"es","potentialAction":[{"@type":"ReadAction","target":["https:\/\/radiociutat.com\/es\/carrer-major-tarragona-secciones\/carrer-major-ods-el-camino-de-ronda-de-la-savinosa-finalmente-tendra-una-anchura-de-44-metros\/"]}]},{"@type":"ImageObject","inLanguage":"es","@id":"https:\/\/radiociutat.com\/es\/carrer-major-tarragona-secciones\/carrer-major-ods-el-camino-de-ronda-de-la-savinosa-finalmente-tendra-una-anchura-de-44-metros\/#primaryimage","url":"https:\/\/files.radiociutat.com\/rctgn\/wp-content\/uploads\/2026\/03\/ODS-10-03-e1773154706200.jpeg","contentUrl":"https:\/\/files.radiociutat.com\/rctgn\/wp-content\/uploads\/2026\/03\/ODS-10-03-e1773154706200.jpeg","width":2048,"height":1536},{"@type":"BreadcrumbList","@id":"https:\/\/radiociutat.com\/es\/carrer-major-tarragona-secciones\/carrer-major-ods-el-camino-de-ronda-de-la-savinosa-finalmente-tendra-una-anchura-de-44-metros\/#breadcrumb","itemListElement":[{"@type":"ListItem","position":1,"name":"Inici","item":"https:\/\/radiociutat.com\/es\/"},{"@type":"ListItem","position":2,"name":"Carrer Major | ODS: El camino de ronda de la Savinosa finalmente tendr\u00e1 una anchura de 4,4 metros"}]},{"@type":"WebSite","@id":"https:\/\/radiociutat.com\/es\/#website","url":"https:\/\/radiociutat.com\/es\/","name":"R\u00e0dio Ciutat de Tarragona","description":"R\u00e0dio Ciutat de Tarragona - RCTgn.cat R\u00e0dio Online","potentialAction":[{"@type":"SearchAction","target":{"@type":"EntryPoint","urlTemplate":"https:\/\/radiociutat.com\/es\/?s={search_term_string}"},"query-input":{"@type":"PropertyValueSpecification","valueRequired":true,"valueName":"search_term_string"}}],"inLanguage":"es"},{"@type":"Person","@id":"https:\/\/radiociutat.com\/es\/#\/schema\/person\/0e9e2a935ba5449ab0f804a7b413a7ca","name":"Eduard Par\u00eds","url":"https:\/\/radiociutat.com\/es\/author\/eparis\/"}]}},"_links":{"self":[{"href":"https:\/\/radiociutat.com\/es\/wp-json\/wp\/v2\/posts\/369834","targetHints":{"allow":["GET"]}}],"collection":[{"href":"https:\/\/radiociutat.com\/es\/wp-json\/wp\/v2\/posts"}],"about":[{"href":"https:\/\/radiociutat.com\/es\/wp-json\/wp\/v2\/types\/post"}],"author":[{"embeddable":true,"href":"https:\/\/radiociutat.com\/es\/wp-json\/wp\/v2\/users\/104"}],"replies":[{"embeddable":true,"href":"https:\/\/radiociutat.com\/es\/wp-json\/wp\/v2\/comments?post=369834"}],"version-history":[{"count":0,"href":"https:\/\/radiociutat.com\/es\/wp-json\/wp\/v2\/posts\/369834\/revisions"}],"wp:featuredmedia":[{"embeddable":true,"href":"https:\/\/radiociutat.com\/es\/wp-json\/wp\/v2\/media\/368725"}],"wp:attachment":[{"href":"https:\/\/radiociutat.com\/es\/wp-json\/wp\/v2\/media?parent=369834"}],"wp:term":[{"taxonomy":"category","embeddable":true,"href":"https:\/\/radiociutat.com\/es\/wp-json\/wp\/v2\/categories?post=369834"},{"taxonomy":"post_tag","embeddable":true,"href":"https:\/\/radiociutat.com\/es\/wp-json\/wp\/v2\/tags?post=369834"}],"curies":[{"name":"wp","href":"https:\/\/api.w.org\/{rel}","templated":true}]}}